{"id":16391,"date":"2025-03-04T00:35:10","date_gmt":"2025-03-03T23:35:10","guid":{"rendered":"https:\/\/lemotdujour.fr\/?p=16391"},"modified":"2025-05-26T17:19:39","modified_gmt":"2025-05-26T15:19:39","slug":"mardi-4-mars-2025","status":"publish","type":"post","link":"https:\/\/lemotdujour.fr\/?p=16391","title":{"rendered":"Mardi 4 mars 2025"},"content":{"rendered":"<div class=\"mdjTexte\">\u00ab L&rsquo;atmosph\u00e8re qui r\u00e9gnait dans le bureau ovale lors de cette conversation nous a rappel\u00e9 les interrogatoires que nous avons subis aux mains des services de s\u00e9curit\u00e9 et les d\u00e9bats dans les tribunaux communistes. \u00bb<\/div>\n<div class=\"mdjAuteur\">Lech Walesa, lettre \u00e0 Donald Trump<\/div>\n<p><span style=\"color: #777777; font-family: arial;\">Nous avons donc assist\u00e9 le vendredi 28 f\u00e9vrier 2025 \u00e0 un \u00ab bon moment de t\u00e9l\u00e9vision \u00bb selon Donald Trump, alors qu&rsquo;avec son vice pr\u00e9sident, J. D. Vance, ils venaient de harceler, devant les cam\u00e9ras, le pr\u00e9sident ukrainien <strong>Volodymyr Zelensky<\/strong> qui demandait juste un peu de consid\u00e9ration et un appui pour garantir un futur cessez le feu avec la Russie de Poutine. <\/span><\/p>\n<p><span style=\"color: #777777; font-family: arial;\"><img loading=\"lazy\" decoding=\"async\" class=\"wp-image-16393 alignleft\" src=\"https:\/\/lemotdujour.fr\/wp-content\/uploads\/2025\/04\/Salon-Ovale.jpg\" alt=\"\" width=\"530\" height=\"298\" srcset=\"https:\/\/lemotdujour.fr\/wp-content\/uploads\/2025\/04\/Salon-Ovale.jpg 980w, https:\/\/lemotdujour.fr\/wp-content\/uploads\/2025\/04\/Salon-Ovale-300x169.jpg 300w, https:\/\/lemotdujour.fr\/wp-content\/uploads\/2025\/04\/Salon-Ovale-768x432.jpg 768w\" sizes=\"auto, (max-width: 530px) 100vw, 530px\" \/>Souvent le mot \u00ab <strong>humiliation<\/strong> \u00bb a \u00e9t\u00e9 utilis\u00e9 pour d\u00e9crire cette sc\u00e8ne. Je crois que ce mot est inappropri\u00e9. <\/span><\/p>\n<p><span style=\"color: #777777; font-family: arial;\">En effet, le dictionnaire Larousse donne comme d\u00e9finition de \u00ab humilier \u00bb : <\/span><\/p>\n<p style=\"margin-left: 28pt;\"><span style=\"color: #c00000; font-family: arial;\">\u00ab Atteindre quelqu&rsquo;un dans son amour-propre, sa fiert\u00e9, sa dignit\u00e9, en cherchant \u00e0 le d\u00e9pr\u00e9cier dans l&rsquo;esprit d&rsquo;autrui ou \u00e0 ses propres yeux \u00bb <\/span><\/p>\n<p><span style=\"color: #777777; font-family: arial;\">Et compl\u00e8te cette description dans la version pronominale du verbe, \u00e0 savoir, \u00ab s&rsquo;humilier \u00bb :<\/span><\/p>\n<p style=\"margin-left: 28pt;\"><span style=\"color: #c00000; font-family: arial;\">\u00ab S&rsquo;abaisser, avoir une attitude servile devant quelqu&rsquo;un, quelque chose, par faiblesse, l\u00e2chet\u00e9, int\u00e9r\u00eat \u00bb<\/span><\/p>\n<p><span style=\"color: #777777; font-family: arial;\">Le dictionnaire du CNRS donne la d\u00e9finition suivante pour \u00ab humilier \u00bb :<\/span><\/p>\n<p style=\"margin-left: 28pt;\"><span style=\"color: #c00000; font-family: arial;\">\u00ab Faire appara\u00eetre quelqu&rsquo;un (dans tel ou tel de ses aspects) comme inf\u00e9rieur, m\u00e9prisable, par des paroles ou des actes qui sont interpr\u00e9t\u00e9s comme abaissant sa dignit\u00e9. \u00bb<\/span><\/p>\n<p><span style=\"color: #777777; font-family: arial;\">A aucun moment, je n&rsquo;ai trouv\u00e9 que le pr\u00e9sident ukrainien avait manqu\u00e9 de dignit\u00e9. Il a fait front face \u00e0 ces deux hommes qui le harcelaient de questions du type : \u00ab avez vous dit suffisamment merci ? \u00bb ou \u00ab vous voulez la troisi\u00e8me guerre mondiale ? \u00bb. Il a r\u00e9sist\u00e9 \u00e0 Trump, alors que beaucoup d&rsquo;autres se couchent devant cet homme sans honneur. <\/span><\/p>\n<p><span style=\"color: #777777; font-family: arial;\">Pour ma part, cette sc\u00e8ne m&rsquo;a fait plut\u00f4t penser \u00e0 des films de mafieux, o\u00f9 Trump aurait jou\u00e9 le r\u00f4le du parrain et Vance son homme des basses \u0153uvres : Il fallait se soumettre, dire merci au parrain et le payer pour obtenir sa protection. <\/span><\/p>\n<p><span style=\"color: #777777; font-family: arial;\"><img loading=\"lazy\" decoding=\"async\" class=\"wp-image-16394 alignright\" src=\"https:\/\/lemotdujour.fr\/wp-content\/uploads\/2025\/04\/walesa.jpg\" alt=\"\" width=\"276\" height=\"283\" srcset=\"https:\/\/lemotdujour.fr\/wp-content\/uploads\/2025\/04\/walesa.jpg 780w, https:\/\/lemotdujour.fr\/wp-content\/uploads\/2025\/04\/walesa-293x300.jpg 293w, https:\/\/lemotdujour.fr\/wp-content\/uploads\/2025\/04\/walesa-768x788.jpg 768w\" sizes=\"auto, (max-width: 276px) 100vw, 276px\" \/>Mais <strong>Lech Walesa,<\/strong> le fondateur du mouvement <strong>Solidarno\u015b\u0107<\/strong>, pr\u00e9sident de la r\u00e9publique de Pologne de 1990 \u00e0 1995, du haut de ses 81 ans, a \u00e9crit hier une lettre au pr\u00e9sident Trump dans laquelle il fait une autre comparaison. Il compare cette s\u00e9quence \u00e0 un interrogatoire des services secrets communistes. Lui les a subi par les services polonais et rappelons que Poutine fut officier du KGB. Mais Lech Walesa exprime d&rsquo;abord son d\u00e9gout : <\/span><\/p>\n<p style=\"margin-left: 28pt;\"><span style=\"color: #c00000; font-family: arial;\">\u00ab Nous avons regard\u00e9 le compte rendu de votre conversation avec le pr\u00e9sident de l&rsquo;Ukraine, Volodymyr Zelensky, avec crainte et d\u00e9go\u00fbt.<br \/>\nNous trouvons insultant que vous attendiez de l&rsquo;Ukraine qu&rsquo;elle fasse preuve de respect et de gratitude pour l&rsquo;aide mat\u00e9rielle fournie par les \u00c9tats-Unis dans sa lutte contre la Russie.<br \/>\nLa gratitude est due aux h\u00e9ro\u00efques soldats ukrainiens qui ont vers\u00e9 leur sang pour d\u00e9fendre les valeurs du monde libre. Ils meurent sur le front depuis plus de 11 ans au nom de ces valeurs et de l&rsquo;ind\u00e9pendance de leur patrie, attaqu\u00e9e par la Russie de Poutine.<\/span><\/p>\n<p>Nous ne comprenons pas comment le dirigeant d&rsquo;un pays qui symbolise le monde libre ne peut pas le reconna\u00eetre. \u00bb<\/p>\n<p><span style=\"color: #777777; font-family: arial;\">L&rsquo;ancien syndicaliste polonais qui avait pu compter sur l&rsquo;aide des USA de <strong>Ronald Reagan<\/strong> pour affronter les communistes polonais et leur tuteur sovi\u00e9tique russe, ne peut pas comprendre ce que l&rsquo;Am\u00e9rique est devenue sous la pr\u00e9sidence du magnat de l&rsquo;immobilier. <\/span><\/p>\n<p><span style=\"color: #777777; font-family: arial;\">Il fait donc sa comparaison avec les services secrets communistes : <\/span><\/p>\n<p style=\"margin-left: 28pt;\"><span style=\"color: #c00000; font-family: arial;\">\u00ab Notre inqui\u00e9tude a \u00e9galement \u00e9t\u00e9 renforc\u00e9e par l&rsquo;atmosph\u00e8re qui r\u00e9gnait dans le bureau ovale lors de cette conversation, qui nous a rappel\u00e9 les interrogatoires que nous avons subis aux mains des services de s\u00e9curit\u00e9 et les d\u00e9bats dans les tribunaux communistes. Les procureurs et les juges, agissant au nom de la toute puissante police politique communiste, nous expliquaient qu&rsquo;ils d\u00e9tenaient tous les pouvoirs et que nous n&rsquo;en avions aucun. Ils exigeaient que nous cessions nos activit\u00e9s, arguant que des milliers d&rsquo;innocents souffraient \u00e0 cause de nous. Ils nous ont priv\u00e9s de nos libert\u00e9s et de nos droits civiques parce que nous refusions de coop\u00e9rer avec le gouvernement ou d&rsquo;exprimer notre gratitude pour notre oppression.<br \/>\nNous sommes choqu\u00e9s que le pr\u00e9sident Volodymyr Zelensky ait \u00e9t\u00e9 trait\u00e9 de la m\u00eame mani\u00e8re. \u00bb <\/span><\/p>\n<p><span style=\"color: #777777; font-family: arial;\"> Par la suite, il explique sa vision historique du r\u00f4le des Etats-Unis. Vous pourrez lire cette lettre et sa traduction derri\u00e8re ce \u00ab <a href=\"https:\/\/lemotdujour.fr\/wp-content\/uploads\/2025\/04\/Lettre-de-Walesa-a-Trump.pdf\"><span style=\"color: #0000ff;\">lien<\/span><\/a> \u00bb. Je trouve son analyse tr\u00e8s pertinente. <\/span><span style=\"color: #777777; font-family: arial;\">Vous trouverez la vid\u00e9o de ce triste \u00e9pisode de l&rsquo;histoire am\u00e9ricaine \u00ab <a href=\"https:\/\/www.youtube.com\/watch?v=VGb4tjnqpdE\"><span style=\"color: #0000ff;\">ici<\/span><\/a> \u00bb. Et je finirai par le jugement sans appel du journaliste franco-suisse, <strong>Richard Werly<\/strong>, dans une \u00e9mission de France T\u00e9l\u00e9vision :<\/span><\/p>\n<p style=\"margin-left: 28pt;\"><span style=\"color: #c00000; font-family: arial;\">\u00ab Ce Donald Trump est vraiment un sale type !\u00bb <\/span><\/p>\n","protected":false},"excerpt":{"rendered":"<p>\u00ab L&rsquo;atmosph\u00e8re qui r\u00e9gnait dans le bureau ovale lors de cette conversation nous a rappel\u00e9 les interrogatoires que nous avons subis aux mains des services de s\u00e9curit\u00e9 et les d\u00e9bats dans les tribunaux communistes. \u00bb Lech Walesa, lettre \u00e0 Donald<\/p>\n","protected":false},"author":1,"featured_media":0,"comment_status":"open","ping_status":"closed","sticky":false,"template":"","format":"standard","meta":{"footnotes":""},"categories":[1],"tags":[65,109,120,218],"class_list":["post-16391","post","type-post","status-publish","format-standard","hentry","category-motdujour","tag-etats-unis","tag-geopolitique","tag-pologne","tag-ukraine"],"_links":{"self":[{"href":"https:\/\/lemotdujour.fr\/index.php?rest_route=\/wp\/v2\/posts\/16391","targetHints":{"allow":["GET"]}}],"collection":[{"href":"https:\/\/lemotdujour.fr\/index.php?rest_route=\/wp\/v2\/posts"}],"about":[{"href":"https:\/\/lemotdujour.fr\/index.php?rest_route=\/wp\/v2\/types\/post"}],"author":[{"embeddable":true,"href":"https:\/\/lemotdujour.fr\/index.php?rest_route=\/wp\/v2\/users\/1"}],"replies":[{"embeddable":true,"href":"https:\/\/lemotdujour.fr\/index.php?rest_route=%2Fwp%2Fv2%2Fcomments&post=16391"}],"version-history":[{"count":5,"href":"https:\/\/lemotdujour.fr\/index.php?rest_route=\/wp\/v2\/posts\/16391\/revisions"}],"predecessor-version":[{"id":16461,"href":"https:\/\/lemotdujour.fr\/index.php?rest_route=\/wp\/v2\/posts\/16391\/revisions\/16461"}],"wp:attachment":[{"href":"https:\/\/lemotdujour.fr\/index.php?rest_route=%2Fwp%2Fv2%2Fmedia&parent=16391"}],"wp:term":[{"taxonomy":"category","embeddable":true,"href":"https:\/\/lemotdujour.fr\/index.php?rest_route=%2Fwp%2Fv2%2Fcategories&post=16391"},{"taxonomy":"post_tag","embeddable":true,"href":"https:\/\/lemotdujour.fr\/index.php?rest_route=%2Fwp%2Fv2%2Ftags&post=16391"}],"curies":[{"name":"wp","href":"https:\/\/api.w.org\/{rel}","templated":true}]}}