{"id":16342,"date":"2024-07-29T22:23:00","date_gmt":"2024-07-29T20:23:00","guid":{"rendered":"https:\/\/lemotdujour.fr\/?p=16342"},"modified":"2025-04-18T02:04:28","modified_gmt":"2025-04-18T00:04:28","slug":"lundi-29-juillet-2024","status":"publish","type":"post","link":"https:\/\/lemotdujour.fr\/?p=16342","title":{"rendered":"Lundi 29 juillet 2024"},"content":{"rendered":"<div class=\"mdjTexte\">\u00ab L\u2019incroyable cadeau fran\u00e7ais au monde : la c\u00e9r\u00e9monie d\u2019ouverture la plus originale et dynamique de l\u2019histoire des Jeux Olympiques \u00bb<\/div>\n<div class=\"mdjAuteur\">Gaston Saiz dans le journal argentin \u00ab La Nacion \u00bb<\/div>\n<p><span style=\"color: #777777; font-family: arial;\">Je n&rsquo;avais pas pr\u00e9vu de regarder la c\u00e9r\u00e9monie d&rsquo;ouverture des jeux olympiques de Paris du vendredi 26 juillet 2024.. <\/span><\/p>\n<p><span style=\"color: #777777; font-family: arial;\">J&rsquo;\u00e9tais seul. Annie \u00e9tait aller rendre visite \u00e0 son amie d&rsquo;enfance, Rosemarie, \u00e0 Barcelone. Alors, j&rsquo;ai d&rsquo;abord jet\u00e9 un \u0153il, puis j&rsquo;ai regard\u00e9 plus attentivement, pour \u00eatre finalement captiv\u00e9 par ce spectacle plein de fantaisie et qui a su montrer combien la ville de Paris \u00e9tait belle, le long de la Seine. <\/span><\/p>\n<figure id=\"attachment_16345\" aria-describedby=\"caption-attachment-16345\" style=\"width: 1250px\" class=\"wp-caption alignnone\"><img loading=\"lazy\" decoding=\"async\" class=\"size-full wp-image-16345\" src=\"https:\/\/lemotdujour.fr\/wp-content\/uploads\/2025\/04\/Le-drapeau-francais-sur-le-pont-dAusterlitz.jpg\" alt=\"\" width=\"1250\" height=\"833\" srcset=\"https:\/\/lemotdujour.fr\/wp-content\/uploads\/2025\/04\/Le-drapeau-francais-sur-le-pont-dAusterlitz.jpg 1250w, https:\/\/lemotdujour.fr\/wp-content\/uploads\/2025\/04\/Le-drapeau-francais-sur-le-pont-dAusterlitz-300x200.jpg 300w, https:\/\/lemotdujour.fr\/wp-content\/uploads\/2025\/04\/Le-drapeau-francais-sur-le-pont-dAusterlitz-1024x682.jpg 1024w, https:\/\/lemotdujour.fr\/wp-content\/uploads\/2025\/04\/Le-drapeau-francais-sur-le-pont-dAusterlitz-768x512.jpg 768w\" sizes=\"auto, (max-width: 1250px) 100vw, 1250px\" \/><figcaption id=\"caption-attachment-16345\" class=\"wp-caption-text\">Le drapeau fran\u00e7ais sur le Pont d\u2019Austerlitz<\/figcaption><\/figure>\n<p><span style=\"color: #777777; font-family: arial;\"><span style=\"color: #777777; font-family: arial;\">Plus de de 23 millions de t\u00e9l\u00e9spectateurs fran\u00e7ais soit 83,1 % de part de march\u00e9 entre 19 h 26 et 23 h 30, ont regard\u00e9 cette c\u00e9r\u00e9monie. Il s\u2019agit de la deuxi\u00e8me meilleure audience de l\u2019histoire de la t\u00e9l\u00e9vision fran\u00e7aise, apr\u00e8s la finale de la Coupe du monde France \u2013 Argentine de 2022, que pour ma part j&rsquo;ai boycott\u00e9.<br \/>\nDans le monde, ils furent plusieurs milliards \u00e0 regarder selon le CIO. Les r\u00e9actions furent plut\u00f4t tr\u00e8s positives.<\/span><\/span><\/p>\n<p><span style=\"color: #777777; font-family: arial;\"><span style=\"color: #777777; font-family: arial;\">Le journal sportif espagnol MARCA a \u00e9crit : <\/span><\/span><span style=\"color: #c00000; font-family: arial;\">\u00ab Paris livre la meilleure c\u00e9r\u00e9monie de l\u2019histoire des Jeux ! \u00bb <\/span><\/p>\n<figure id=\"attachment_16344\" aria-describedby=\"caption-attachment-16344\" style=\"width: 458px\" class=\"wp-caption alignleft\"><img loading=\"lazy\" decoding=\"async\" class=\" wp-image-16344\" src=\"https:\/\/lemotdujour.fr\/wp-content\/uploads\/2025\/04\/La-Une-de-la-Nacion.jpg\" alt=\"\" width=\"458\" height=\"382\" srcset=\"https:\/\/lemotdujour.fr\/wp-content\/uploads\/2025\/04\/La-Une-de-la-Nacion.jpg 637w, https:\/\/lemotdujour.fr\/wp-content\/uploads\/2025\/04\/La-Une-de-la-Nacion-300x250.jpg 300w\" sizes=\"auto, (max-width: 458px) 100vw, 458px\" \/><figcaption id=\"caption-attachment-16344\" class=\"wp-caption-text\">La Une de la Nacion<\/figcaption><\/figure>\n<p><span style=\"color: #777777; font-family: arial;\">Il y eut d&rsquo;autres titres dithyrambique dans la presse internationale. Mais celui que j&rsquo;ai pr\u00e9f\u00e9r\u00e9 et mis en exergue a \u00e9t\u00e9 publi\u00e9 par un journal argentin : \u00ab <a href=\"https:\/\/www.lanacion.com.ar\/deportes\/el-increible-regalo-frances-al-mundo-la-fiesta-de-apertura-mas-original-y-dinamica-de-la-historia-de-nid26072024\/\"><span style=\"color: #0000ff;\">La Nacion<\/span><\/a> \u00bb<\/span><\/p>\n<p style=\"margin-left: 28pt;\"><span style=\"color: #c00000; font-family: arial;\">\u00ab L\u2019incroyable cadeau fran\u00e7ais au monde : la c\u00e9r\u00e9monie d\u2019ouverture la plus originale et dynamique de l\u2019histoire des Jeux Olympiques \u00bb<\/span><\/p>\n<p><span style=\"color: #777777; font-family: arial;\">La pluie a cependant g\u00e2ch\u00e9 la f\u00eate des 300 000 spectateurs sur place. Ils ont \u00e9t\u00e9 priv\u00e9s de certains spectacles en directs, ainsi Lady Gaga avait enregistr\u00e9 son num\u00e9ro de french cancan alors qu&rsquo;il ne pleuvait pas. <\/span><\/p>\n<p><span style=\"color: #777777; font-family: arial;\">D\u00e8s lors, les personnes qui s&rsquo;\u00e9taient d\u00e9plac\u00e9s et avaient pay\u00e9s cher leur place n&rsquo;ont rien vu, sinon ce que tous les t\u00e9l\u00e9spectateurs du monde entier ont vu : un spectacle enregistr\u00e9. <\/span><\/p>\n<p><span style=\"color: #777777; font-family: arial;\">Quand <strong>Thomas Jolly<\/strong> avait imagin\u00e9 son spectacle, il avait pu constater qu&rsquo;il ne pleuvait quasi jamais un 26 juillet \u00e0 Paris. <\/span><\/p>\n<figure id=\"attachment_16350\" aria-describedby=\"caption-attachment-16350\" style=\"width: 475px\" class=\"wp-caption alignright\"><img loading=\"lazy\" decoding=\"async\" class=\" wp-image-16350\" src=\"https:\/\/lemotdujour.fr\/wp-content\/uploads\/2025\/04\/Kantorow-sous-la-pluie.jpg\" alt=\"\" width=\"475\" height=\"267\" srcset=\"https:\/\/lemotdujour.fr\/wp-content\/uploads\/2025\/04\/Kantorow-sous-la-pluie.jpg 770w, https:\/\/lemotdujour.fr\/wp-content\/uploads\/2025\/04\/Kantorow-sous-la-pluie-300x169.jpg 300w, https:\/\/lemotdujour.fr\/wp-content\/uploads\/2025\/04\/Kantorow-sous-la-pluie-768x432.jpg 768w\" sizes=\"auto, (max-width: 475px) 100vw, 475px\" \/><figcaption id=\"caption-attachment-16350\" class=\"wp-caption-text\">Kantorow sous la pluie<\/figcaption><\/figure>\n<p><span style=\"color: #777777; font-family: arial;\"><strong>Alexandre Kantorow,<\/strong> quant \u00e0 lui, a brav\u00e9 la pluie pour \u00eatre pr\u00e9sent sur le parcours de la c\u00e9r\u00e9monie. Le son qu&rsquo;on entendait \u00e9t\u00e9 enregistr\u00e9 aussi, mais lui \u00e9tait l\u00e0, avec un piano trouv\u00e9 dans la journ\u00e9e, piano m\u00e9diocre qui pouvait \u00eatre sacrifi\u00e9 sous l&rsquo;eau. <\/span><\/p>\n<p><span style=\"color: #777777; font-family: arial;\">\u00ab Le Parisien \u00bb rapporte qu&rsquo;il est tomb\u00e9, pr\u00e9cis\u00e9ment, 16 mm d\u2019eau (soit 16 litres par m\u00e8tre carr\u00e9) \u00e0 la station Paris Montsouris, situ\u00e9e dans le sud de la capitale &#8211; \u00e0 noter que le compteur va de 8 heures du matin le 26 \u00e0 la m\u00eame heure le lendemain. Cela en fait le quatri\u00e8me 26 juillet le plus pluvieux depuis pr\u00e8s de 150 ans, cette station \u00e9tant l\u2019une des plus anciennes en France. <\/span><\/p>\n<p><span style=\"color: #777777; font-family: arial;\">En outre, manque de chance, la majorit\u00e9 de la pluie sur la seule journ\u00e9e de vendredi est tomb\u00e9e&#8230; dans la soir\u00e9e, apr\u00e8s 20 heures, soit en plein pendant la c\u00e9r\u00e9monie d\u2019ouverture.<\/span><\/p>\n<p><span style=\"color: #777777; font-family: arial;\">En regardant le spectacle j&rsquo;\u00e9tais \u00e9merveill\u00e9. Mais en approfondissant un peu et par la r\u00e9v\u00e9lation de l&rsquo;absence de Lady Gaga, il faut bien comprendre que cette c\u00e9r\u00e9monie d&rsquo;ouverture a \u00e9t\u00e9 imagin\u00e9e et cr\u00e9\u00e9e pour la t\u00e9l\u00e9vision et non pour les spectateurs mass\u00e9s au bord de la Seine. Eux, \u00e9taient les b\u00e9n\u00e9voles n\u00e9cessaires pour faire passer l&rsquo;id\u00e9e d&rsquo;un spectacle en live retransmis \u00e0 la t\u00e9l\u00e9vision. <\/span><\/p>\n<figure id=\"attachment_16355\" aria-describedby=\"caption-attachment-16355\" style=\"width: 436px\" class=\"wp-caption alignleft\"><img loading=\"lazy\" decoding=\"async\" class=\" wp-image-16355\" src=\"https:\/\/lemotdujour.fr\/wp-content\/uploads\/2025\/04\/Bateau-France.jpg\" alt=\"\" width=\"436\" height=\"246\" srcset=\"https:\/\/lemotdujour.fr\/wp-content\/uploads\/2025\/04\/Bateau-France.jpg 885w, https:\/\/lemotdujour.fr\/wp-content\/uploads\/2025\/04\/Bateau-France-300x169.jpg 300w, https:\/\/lemotdujour.fr\/wp-content\/uploads\/2025\/04\/Bateau-France-768x434.jpg 768w\" sizes=\"auto, (max-width: 436px) 100vw, 436px\" \/><figcaption id=\"caption-attachment-16355\" class=\"wp-caption-text\">Le bateau portant les athl\u00e8tes fran\u00e7ais au niveau de la place du ch\u00e2telet.<\/figcaption><\/figure>\n<p><span style=\"color: #777777; font-family: arial;\">Mais c&rsquo;est la premi\u00e8re fois qu&rsquo;on trouve des b\u00e9n\u00e9voles qui paient tr\u00e8s chers leur b\u00e9n\u00e9volat en pr\u00e9tendant qu&rsquo;ils ont achet\u00e9 une \u00ab place de spectacle. \u00bb. Les financiers osent tout, c&rsquo;est \u00e0 cela qu&rsquo;on les reconnait\u2026<\/span><\/p>\n<p><span style=\"color: #777777; font-family: arial;\">Peu de journaux ont soulign\u00e9 ce point : des spectateurs l\u00e9s\u00e9s au profit de la t\u00e9l\u00e9vision. Certains journaux anglais comme \u00ab Le Daily Mail \u00bb. ont insist\u00e9 sur la pluie qui a g\u00e2ch\u00e9 la f\u00eate :<\/span><\/p>\n<p style=\"margin-left: 28pt;\"><span style=\"color: #c00000; font-family: arial;\">\u00ab Quelle catastrophe, la c\u00e9r\u00e9monie d\u2019ouverture vire au chaos : la pluie couvre la musique, les athl\u00e8tes et les invit\u00e9s du Royaume sont oblig\u00e9s de porter des protections et les spectateurs de se mettre \u00e0 l\u2019abri. \u00bb.<\/span><\/p>\n<p><span style=\"color: #777777; font-family: arial;\">Des Anglais qui narguent les Fran\u00e7ais \u00e0 cause de la pluie, c\u2019est cocasse.<\/span><\/p>\n<p><span style=\"color: #777777; font-family: arial;\">C\u2019est un m\u00e9dia br\u00e9silien \u00ab UOL \u00bb qui a regrett\u00e9 l\u2019ambiance d\u2019un stade et d\u00e9sign\u00e9 l\u2019objectif des organisateurs : un spectacle de t\u00e9l\u00e9vision : <\/span><\/p>\n<p style=\"margin-left: 28pt;\"><span style=\"color: #c00000; font-family: arial;\">\u00ab Un spectacle d\u00e9routant fait pour la t\u00e9l\u00e9vision [\u2026] Sans public rassembl\u00e9, cela manque de dynamisme. [\u2026] La pluie n\u2019a pas aid\u00e9. [\u2026] La c\u00e9r\u00e9monie qui se voulait d\u00e9mocratique a vraiment mal tourn\u00e9 et a frustr\u00e9 des milliers de personnes qui ont r\u00eav\u00e9 de ce moment et ont parcouru un Paris pluvieux pour tenter de voir quelque chose. Dommage. \u00bb<\/span><\/p>\n<p><span style=\"color: #777777; font-family: arial;\">Mais d&rsquo;autres pol\u00e9miques ont surgi, montrant des tensions au sein de la soci\u00e9t\u00e9 fran\u00e7aise. <\/span><\/p>\n<p><span style=\"color: rgb(119, 119, 119); font-family: arial;\">\u00ab <a href=\"https:\/\/www.lemonde.fr\/politique\/article\/2024\/07\/27\/la-ceremonie-d-ouverture-des-jo-de-paris-enthousiasme-la-gauche-mais-indigne-une-partie-de-la-droite-et-de-l-extreme-droite_6259390_823448.html\"><font color=\"#0000ff\">Le Monde<\/font><\/a> \u00bb a publi\u00e9 un article dans lequel il oppose la gauche et l\u2019extr\u00eame droite rejoint par une partie de la droite. <\/span><\/p>\n<p><span style=\"color: #777777; font-family: arial;\"><img loading=\"lazy\" decoding=\"async\" class=\" wp-image-16363 alignright\" src=\"https:\/\/lemotdujour.fr\/wp-content\/uploads\/2025\/04\/Aya-Nakamura-26-juillet-2024.jpg\" alt=\"\" width=\"458\" height=\"257\" srcset=\"https:\/\/lemotdujour.fr\/wp-content\/uploads\/2025\/04\/Aya-Nakamura-26-juillet-2024.jpg 634w, https:\/\/lemotdujour.fr\/wp-content\/uploads\/2025\/04\/Aya-Nakamura-26-juillet-2024-300x168.jpg 300w\" sizes=\"auto, (max-width: 458px) 100vw, 458px\" \/>Le premier tableau d\u00e9clenchant les hostilit\u00e9s fut la prestation d\u2019Aya Nakamura. La chanteuse francophone la plus \u00e9cout\u00e9e dans le monde s\u2019est produite, portant une robe \u00e0 plumes dor\u00e9es, aux c\u00f4t\u00e9s de la garde r\u00e9publicaine, en uniforme, devant l\u2019Acad\u00e9mie fran\u00e7aise. <\/span><\/p>\n<p><span style=\"color: #777777; font-family: arial;\">\u00ab Le Monde \u00bb cite de nombreuses personnalit\u00e9s de gauche qui ont applaudit \u00e0 ce m\u00e9lange audacieux. En revanche, Marine Le Pen avait estim\u00e9 avant la c\u00e9r\u00e9monie que la pr\u00e9sence d\u2019Aya Nakamura \u00e9tait une tentative d\u2019Emmanuel Macron pour \u00ab humilier le peuple fran\u00e7ais \u00bb. <\/span><\/p>\n<p><span style=\"color: #777777; font-family: arial;\">Le soir su spectacle, elle a laiss\u00e9 le porte-parole du Rassemblement national, Julien Odoul, porter l&rsquo;attaque : <\/span><\/p>\n<p style=\"margin-left: 28pt;\"><span style=\"color: #c00000; font-family: arial;\">\u00ab Quelle honte ! Aya Nakamura y a pas moyen ! L\u2019ouverture des Jeux olympiques est un saccage pour la culture fran\u00e7aise. \u00bb<\/span><\/p>\n<p><span style=\"color: #777777; font-family: arial;\">Pour ma modeste part, je n&rsquo;ai a priori aucun go\u00fbt \u00e0 la musique d&rsquo;Aya Nakamura. Je conc\u00e8de cependant que ce partenariat baroque entre une institution militaire fran\u00e7aise et une chanteuse portant un visage moderne et color\u00e9 de la France m&rsquo;a beaucoup s\u00e9duit. Tant que l&rsquo;esprit r\u00e9publicain est respect\u00e9, ce qui fut le cas devant l&rsquo;Acad\u00e9mie fran\u00e7aise, la diversit\u00e9 enrichit et renforce la France, surtout quand celles et ceux qui sont diff\u00e9rents savent s&rsquo;associer pour r\u00e9aliser des choses ensembles. <\/span><\/p>\n<p><span style=\"color: #777777; font-family: arial;\">Il y eut ensuite la pol\u00e9mique sur le tableau \u00ab Festivit\u00e9 \u00bb dans lequel des drag-queens se retrouvent autour une table, sc\u00e8ne dans laquelle certains esprits orient\u00e9s ont reconnu la C\u00e8ne, avec peu apr\u00e8s l\u2019apparition du chanteur Philippe Katerine (presque) nu. <\/span><\/p>\n<p><span style=\"color: #777777; font-family: arial;\">Patrick Boucheron qui fut un des inspirateurs de la c\u00e9r\u00e9monie <a href=\"https:\/\/legrandcontinent.eu\/fr\/2024\/07\/30\/oui-ca-ira-une-conversation-fleuve-avec-patrick-boucheron-co-auteur-de-la-ceremonie-douverture-des-jo-de-paris-2024\/\"><span style=\"color: #0000ff;\">explique<\/span><\/a> : <\/span><\/p>\n<p style=\"margin-left: 28pt;\"><span style=\"color: #c00000; font-family: arial;\">\u00ab Rien, dans le sc\u00e9nario initial, n\u2019\u00e9voque explicitement [la C\u00e8ne]. Nos r\u00e9f\u00e9rences \u00e9taient plut\u00f4t de jouer des connotations dionysiennes \u2014 et du fil qui se tisse entre la Gr\u00e8ce olympique et Paris car Dionysos, ou plut\u00f4t Denis, est le p\u00e8re de Sequana [la Seine]. Ainsi, cette grande table est un festin des Dieux, qui devient le podium d\u2019un d\u00e9fil\u00e9 de mode d\u00e9jant\u00e9. \u00bb.<\/span><\/p>\n<p><span style=\"color: #777777; font-family: arial;\"><img loading=\"lazy\" decoding=\"async\" class=\"alignnone size-full wp-image-16364\" src=\"https:\/\/lemotdujour.fr\/wp-content\/uploads\/2025\/04\/Drag-Queen-et-Katherine.jpg\" alt=\"\" width=\"1296\" height=\"450\" srcset=\"https:\/\/lemotdujour.fr\/wp-content\/uploads\/2025\/04\/Drag-Queen-et-Katherine.jpg 1296w, https:\/\/lemotdujour.fr\/wp-content\/uploads\/2025\/04\/Drag-Queen-et-Katherine-300x104.jpg 300w, https:\/\/lemotdujour.fr\/wp-content\/uploads\/2025\/04\/Drag-Queen-et-Katherine-1024x356.jpg 1024w, https:\/\/lemotdujour.fr\/wp-content\/uploads\/2025\/04\/Drag-Queen-et-Katherine-768x267.jpg 768w\" sizes=\"auto, (max-width: 1296px) 100vw, 1296px\" \/>Les politiques d&rsquo;extr\u00eame droite qui se sont exprim\u00e9s ont, \u00e0 travers l&rsquo;appel au r\u00e9cit chr\u00e9tien, laiss\u00e9 s&rsquo;exprimer, avant tout, leur homophobie. Marion Mar\u00e9chal a d\u00e9sign\u00e9 les jeux sous le nom de \u00ab J-Woke 2024 \u00bb et a ajout\u00e9 \u00ab A tous les chr\u00e9tiens du monde qui regardent la c\u00e9r\u00e9monie d\u2019ouverture et se sont sentis insult\u00e9s par cette parodie drag-queen de la C\u00e8ne, sachez que ce n\u2019est pas la France qui parle mais une minorit\u00e9 de gauche pr\u00eate \u00e0 toutes les provocations. \u00bb. <\/span><\/p>\n<p><span style=\"color: #777777; font-family: arial;\">Ce rejet a d\u00e9pass\u00e9 les fronti\u00e8res de la France. Dans certains pays comme le Maroc, des images de ce type n&rsquo;ont pas \u00e9t\u00e9 diffus\u00e9es et ont \u00e9t\u00e9 remplac\u00e9es par des plans fixes sur les monuments.<\/span><\/p>\n<p><span style=\"color: #777777; font-family: arial;\">Mais il faut lire Alexandre Douguine qui est all\u00e9 plus loin dans les d\u00e9lires pseudo-mystiques d&rsquo;un christianisme fig\u00e9 et ayant refus\u00e9 d&rsquo;\u00e9voluer avec la modernit\u00e9. Douguine est un intellectuel, id\u00e9ologue d&rsquo;extr\u00eame droite russe connu pour ses positions ultra-nationaliste. Il semble \u00eatre un intellectuel influent dans les cercles nationalistes, et il est parfois consid\u00e9r\u00e9 comme un des inspirateurs de la politique \u00e9trang\u00e8re de Vladimir Poutine. Il a comment\u00e9 ainsi la c\u00e9r\u00e9monie : <\/span><\/p>\n<p style=\"margin-left: 28pt;\"><span style=\"color: #c00000; font-family: arial;\">\u00ab L\u2019ouverture des Jeux olympiques de 2024 \u00e0 Paris est le jugement final de la civilisation occidentale moderne. L\u2019Occident est maudit, c\u2019est une \u00e9vidence. Quiconque ne prend pas imm\u00e9diatement les armes pour d\u00e9truire cette civilisation satanique, sans pr\u00e9c\u00e9dent dans son effronterie, en est complice. Mais un autre aspect est \u00e9galement important. Sur ce p\u00f4le, il y a l\u2019Occident et son satanisme affich\u00e9. Et sur notre p\u00f4le, qu\u2019avons-nous ? Quelque chose d\u2019un peu plus d\u00e9cent [&#8230;] Mais nous y d\u00e9rivons encore par inertie et ne remettons certainement pas en question l\u2019\u00e9tape pr\u00e9c\u00e9dente de notre histoire \u2013 sommes-nous m\u00eame dans le bon train si la derni\u00e8re station du parcours est les Jeux olympiques fran\u00e7ais de 2024 ? L\u2019Occident est le diable. [&#8230;] L\u2019Occident (et donc le diable) a commenc\u00e9 \u00e0 p\u00e9n\u00e9trer syst\u00e9matiquement en Russie au XVIIe si\u00e8cle\u2026\u00bb<br \/>\n<\/span><\/p>\n<p><span style=\"color: #777777; font-family: arial;\">Vous pourrez lire l&rsquo;int\u00e9gralit\u00e9 de son commentaire d\u00e9lirant dans <a href=\"https:\/\/legrandcontinent.eu\/fr\/2024\/07\/28\/paris-2024-86-des-francais-considere-que-la-ceremonie-douverture-a-ete-un-succes\/\"><span style=\"color: #0000ff;\">cet article<\/span><\/a> du \u00ab Grand Continent \u00bb : \u00ab 86 % des Fran\u00e7ais consid\u00e8re que la c\u00e9r\u00e9monie d\u2019ouverture a \u00e9t\u00e9 \u00ab un succ\u00e8s \u00bb \u00bb. J&rsquo;ai l&rsquo;intuition qu&rsquo;un grand nombre d&rsquo;\u00e9vang\u00e9listes qui suivent Trump exprimeraient des condamnations proches de Douguine.<br \/>\n<\/span><\/p>\n<figure id=\"attachment_16369\" aria-describedby=\"caption-attachment-16369\" style=\"width: 380px\" class=\"wp-caption alignright\"><img loading=\"lazy\" decoding=\"async\" class=\" wp-image-16369\" src=\"https:\/\/lemotdujour.fr\/wp-content\/uploads\/2025\/04\/1538259.jpg\" alt=\"\" width=\"380\" height=\"253\" srcset=\"https:\/\/lemotdujour.fr\/wp-content\/uploads\/2025\/04\/1538259.jpg 1400w, https:\/\/lemotdujour.fr\/wp-content\/uploads\/2025\/04\/1538259-300x200.jpg 300w, https:\/\/lemotdujour.fr\/wp-content\/uploads\/2025\/04\/1538259-1024x682.jpg 1024w, https:\/\/lemotdujour.fr\/wp-content\/uploads\/2025\/04\/1538259-768x512.jpg 768w\" sizes=\"auto, (max-width: 380px) 100vw, 380px\" \/><figcaption id=\"caption-attachment-16369\" class=\"wp-caption-text\">La conciergerie<\/figcaption><\/figure>\n<p><span style=\"color: #777777; font-family: Arial;\">Le dernier tableau qui fut l&rsquo;objet des critiques les plus s\u00e9v\u00e8res fut celle de la reine Marie-Antoinette, t\u00eate d\u00e9capit\u00e9e qui chantait \u00ab \u00e7a ira, \u00e7a ira, \u00e7a ira, les aristocrates on les pendra. \u00bb <\/span><\/p>\n<p><span style=\"color: #777777; font-family: Arial;\">C&rsquo;est en passant devant la conciergerie, o\u00f9 fut enferm\u00e9e la reine pour ses derniers jours, que ce tableau qui associe le groupe de metal Gojira et la chanteuse d\u2019art lyrique Marina Viotti est r\u00e9alis\u00e9. <\/span><\/p>\n<p><span style=\"color: #777777; font-family: Arial;\">Certains s&rsquo;insurgent en trouvant que cette image est porteuse de division des fran\u00e7ais. Elle porte aussi le c\u00f4t\u00e9 rebelle et souvent r\u00e9volt\u00e9 de la nation fran\u00e7aise. C&rsquo;est du th\u00e9\u00e2tre et c&rsquo;est un instant de l&rsquo;Histoire fran\u00e7aise et qui est intimement li\u00e9 avec ce monument de Paris. <\/span><\/p>\n<p><span style=\"color: #777777; font-family: Arial;\">Et puis il y eut 4 tableaux de r\u00eave, de po\u00e9sie et de force. <\/span><\/p>\n<p><span style=\"color: #777777; font-family: Arial;\"> <img loading=\"lazy\" decoding=\"async\" class=\"wp-image-16370 alignleft\" src=\"https:\/\/lemotdujour.fr\/wp-content\/uploads\/2025\/04\/Marseillaise_Axelle-Saint-Cyrelle.jpg\" alt=\"\" width=\"394\" height=\"309\" srcset=\"https:\/\/lemotdujour.fr\/wp-content\/uploads\/2025\/04\/Marseillaise_Axelle-Saint-Cyrelle.jpg 1375w, https:\/\/lemotdujour.fr\/wp-content\/uploads\/2025\/04\/Marseillaise_Axelle-Saint-Cyrelle-300x236.jpg 300w, https:\/\/lemotdujour.fr\/wp-content\/uploads\/2025\/04\/Marseillaise_Axelle-Saint-Cyrelle-1024x804.jpg 1024w, https:\/\/lemotdujour.fr\/wp-content\/uploads\/2025\/04\/Marseillaise_Axelle-Saint-Cyrelle-768x603.jpg 768w\" sizes=\"auto, (max-width: 394px) 100vw, 394px\" \/>D&rsquo;abord la jeune et lumineuse chanteuse Axelle Saint-Cirel qui a interpr\u00e9t\u00e9 la Marseillaise. <\/span><\/p>\n<p><span style=\"color: #777777; font-family: Arial;\">Elle ne s&rsquo;est pas retir\u00e9e comme Lady Gaga, mais a choisi dans des conditions de s\u00e9curit\u00e9 compliqu\u00e9es, sous une pluie battante, de monter comme il \u00e9tait pr\u00e9vu sur le toit du Grand Palais et de chanter Une Marseillaise r\u00e9orchestr\u00e9e par Victor le Masne et magnifiquement interpr\u00e9t\u00e9e avec un ch\u0153ur de femmes. <\/span><\/p>\n<p><span style=\"color: #777777; font-family: Arial;\">Patrick Boucheron \u00e9crira dans l&rsquo;article pr\u00e9cit\u00e9 : <\/span><\/p>\n<p style=\"margin-left: 28pt;\"><span style=\"color: #c00000; font-family: Arial;\">\u00ab Pour moi, c\u2019est une des images les plus fortes \u2014 celle du courage, de la jeunesse, du talent. \u00bb <\/span><\/p>\n<p>&nbsp;<\/p>\n<p><span style=\"color: #777777; font-family: Arial;\">Le deuxi\u00e8me tableau qui m&rsquo;a \u00e9bloui fut celui, pr\u00e8s du pont Alexandre III, quand sont apparues, \u00e9mergeant une \u00e0 une de leur socle au son de la Marseillaise, dix grandes statues dor\u00e9es repr\u00e9sentant des femmes ayant marqu\u00e9 l\u2019histoire de France dans les domaines des sciences, des arts, des lettres, de la politique ou du sport.<\/span><\/p>\n<figure id=\"attachment_16371\" aria-describedby=\"caption-attachment-16371\" style=\"width: 445px\" class=\"wp-caption alignright\"><img loading=\"lazy\" decoding=\"async\" class=\" wp-image-16371\" src=\"https:\/\/lemotdujour.fr\/wp-content\/uploads\/2025\/04\/Les-femmes-sur-la-Seine.jpg\" alt=\"\" width=\"445\" height=\"316\" srcset=\"https:\/\/lemotdujour.fr\/wp-content\/uploads\/2025\/04\/Les-femmes-sur-la-Seine.jpg 1085w, https:\/\/lemotdujour.fr\/wp-content\/uploads\/2025\/04\/Les-femmes-sur-la-Seine-300x213.jpg 300w, https:\/\/lemotdujour.fr\/wp-content\/uploads\/2025\/04\/Les-femmes-sur-la-Seine-1024x728.jpg 1024w, https:\/\/lemotdujour.fr\/wp-content\/uploads\/2025\/04\/Les-femmes-sur-la-Seine-768x546.jpg 768w\" sizes=\"auto, (max-width: 445px) 100vw, 445px\" \/><figcaption id=\"caption-attachment-16371\" class=\"wp-caption-text\">Simone Veil et les autres femmes remarquables<\/figcaption><\/figure>\n<p><span style=\"color: #777777; font-family: Arial;\">Il s\u2019agissait de Simone de Beauvoir (1908\u20131986) ; la magistrate et femme politique fran\u00e7aise Simone Veil (1927\u20132017), rescap\u00e9e de la Shoah et qui obtint la l\u00e9galisation de l\u2019avortement en France en 1975 apr\u00e8s une \u00e2pre lutte ; l\u2019\u00e9crivaine et militante anarchiste Louise Michel (1830\u20131905), figure majeure de la Commune de Paris ; l\u2019avocate et femme politique Gis\u00e8le Halimi (1927\u20132020) ; et la dramaturge et activiste Olympe de Gouges (1748\u20131793), qui plaida en faveur du droit des femmes et des esclaves durant la R\u00e9volution fran\u00e7aise. D\u2019autres, moins connues du grand public, ont \u00e9t\u00e9 mises en lumi\u00e8re \u00e0 cette occasion : la philosophe et po\u00e9tesse Christine de Pizan (1364\u20131431) qui fut l\u2019une des premi\u00e8res femmes de lettres en Europe ; l\u2019exploratrice et botaniste Jeanne Barret (1740\u20131807), premi\u00e8re femme \u00e0 avoir fait le tour du monde, d\u00e9guis\u00e9e en homme ; l\u2019athl\u00e8te Alice Milliat (1884\u20131957), qui \u0153uvra pour l\u2019inclusion des femmes dans le sport en organisant les premiers Jeux mondiaux f\u00e9minins en 1922 ; la journaliste et \u00e9crivaine Paulette Nardal (1896\u20131985), figure du mouvement de la n\u00e9gritude et l\u2019une des premi\u00e8res femmes noires \u00e0 avoir \u00e9tudi\u00e9 \u00e0 la Sorbonne ; et la r\u00e9alisatrice, sc\u00e9nariste et productrice Alice Guy (1873\u20131968), pionni\u00e8re du cin\u00e9ma narratif. <\/span><\/p>\n<p><span style=\"color: #777777; font-family: Arial;\"> Le troisi\u00e8me tableau fut le plus po\u00e9tique, le plus cr\u00e9atif, comme un conte : un cheval m\u00e9tallique mont\u00e9 par une cavali\u00e8re qui apporte le drapeau olympique. Je laisse encore la parole \u00e0 Patrick Boucheron : <\/span><\/p>\n<figure id=\"attachment_16372\" aria-describedby=\"caption-attachment-16372\" style=\"width: 485px\" class=\"wp-caption alignleft\"><img loading=\"lazy\" decoding=\"async\" class=\" wp-image-16372\" src=\"https:\/\/lemotdujour.fr\/wp-content\/uploads\/2025\/04\/La-cavaliere-et-Zeus.jpg\" alt=\"\" width=\"485\" height=\"320\" srcset=\"https:\/\/lemotdujour.fr\/wp-content\/uploads\/2025\/04\/La-cavaliere-et-Zeus.jpg 638w, https:\/\/lemotdujour.fr\/wp-content\/uploads\/2025\/04\/La-cavaliere-et-Zeus-300x198.jpg 300w\" sizes=\"auto, (max-width: 485px) 100vw, 485px\" \/><figcaption id=\"caption-attachment-16372\" class=\"wp-caption-text\">Zeus et sa cavali\u00e8re sur la Seine<\/figcaption><\/figure>\n<p style=\"margin-left: 28pt;\"><span style=\"color: #c00000; font-family: Arial;\">\u00ab Ces douze minutes de travers\u00e9e de Paris \u00e0 cheval devaient passer comme un r\u00eave : celui de notre propre rapport \u00e0 l\u2019imaginaire. La cavali\u00e8re est ce vous voulez qu\u2019elle soit : elle peut \u00eatre la d\u00e9esse gauloise Sequana qui donne naissance \u00e0 la Seine, elle peut ressembler \u00e0 Jeanne d\u2019Arc si vous le souhaitez, mais si vous pensez au cheval de Beyonc\u00e9 cela va tr\u00e8s bien aussi. Impossible l\u00e0 encore de discipliner ses connotations : l\u2019essentiel est qu\u2019elle file sur l\u2019eau noire, vite et droit, comme un trait de lame. [\u2026] C\u2019est dans cette superposition de strates imaginaires, sans la d\u00e9notation ou la pr\u00e9cision de la r\u00e9f\u00e9rence sur le plan historique, que se produit une image pour le monde entier. Entre la pop culture, l\u2019histoire de Paris et son \u00ab fluctuat nec mergitur \u00bb, ce symbole parle \u00e0 un Japonais, \u00e0 une Am\u00e9ricaine, \u00e0 un Nig\u00e9rien ou \u00e0 une Norv\u00e9gienne. \u00bb<\/span><\/p>\n<p><span style=\"color: #777777; font-family: Arial;\"> Le quatri\u00e8me tableau fut celui de l&rsquo;\u00e9l\u00e9vation, de la l\u00e9g\u00e8ret\u00e9, celui de la flamme olympique qui s&rsquo;\u00e9lance dans le ciel de Paris. <\/span><\/p>\n<figure id=\"attachment_16373\" aria-describedby=\"caption-attachment-16373\" style=\"width: 496px\" class=\"wp-caption alignright\"><img loading=\"lazy\" decoding=\"async\" class=\" wp-image-16373\" src=\"https:\/\/lemotdujour.fr\/wp-content\/uploads\/2025\/04\/La-flamme-dans-le-ciel-de-Paris.jpg\" alt=\"\" width=\"496\" height=\"331\" srcset=\"https:\/\/lemotdujour.fr\/wp-content\/uploads\/2025\/04\/La-flamme-dans-le-ciel-de-Paris.jpg 650w, https:\/\/lemotdujour.fr\/wp-content\/uploads\/2025\/04\/La-flamme-dans-le-ciel-de-Paris-300x200.jpg 300w\" sizes=\"auto, (max-width: 496px) 100vw, 496px\" \/><figcaption id=\"caption-attachment-16373\" class=\"wp-caption-text\">La Flamme olympique dans le ciel de Paris<\/figcaption><\/figure>\n<p><span style=\"color: #777777; font-family: Arial;\">Cette c\u00e9r\u00e9monie fut pour moi un acte de cr\u00e9ation, avec beaucoup d&rsquo;Histoire, un peu de magie et le plus souvent une immense po\u00e9sie. <\/span><\/p>\n<p><span style=\"color: #777777; font-family: Arial;\">Une France qui regarde vers son pass\u00e9 et qui accepte de se tourner vers la modernit\u00e9 et toute la richesse de ses enfants qui peuvent venir d&rsquo;ailleurs mais qui ont choisi ce pays, cette nation.<\/span><\/p>\n","protected":false},"excerpt":{"rendered":"<p>\u00ab L\u2019incroyable cadeau fran\u00e7ais au monde : la c\u00e9r\u00e9monie d\u2019ouverture la plus originale et dynamique de l\u2019histoire des Jeux Olympiques \u00bb Gaston Saiz dans le journal argentin \u00ab La Nacion \u00bb Je n&rsquo;avais pas pr\u00e9vu de regarder la c\u00e9r\u00e9monie d&rsquo;ouverture<\/p>\n","protected":false},"author":1,"featured_media":0,"comment_status":"open","ping_status":"closed","sticky":false,"template":"","format":"standard","meta":{"footnotes":""},"categories":[1],"tags":[15,249,31],"class_list":["post-16342","post","type-post","status-publish","format-standard","hentry","category-motdujour","tag-france","tag-spectacle","tag-sport"],"_links":{"self":[{"href":"https:\/\/lemotdujour.fr\/index.php?rest_route=\/wp\/v2\/posts\/16342","targetHints":{"allow":["GET"]}}],"collection":[{"href":"https:\/\/lemotdujour.fr\/index.php?rest_route=\/wp\/v2\/posts"}],"about":[{"href":"https:\/\/lemotdujour.fr\/index.php?rest_route=\/wp\/v2\/types\/post"}],"author":[{"embeddable":true,"href":"https:\/\/lemotdujour.fr\/index.php?rest_route=\/wp\/v2\/users\/1"}],"replies":[{"embeddable":true,"href":"https:\/\/lemotdujour.fr\/index.php?rest_route=%2Fwp%2Fv2%2Fcomments&post=16342"}],"version-history":[{"count":15,"href":"https:\/\/lemotdujour.fr\/index.php?rest_route=\/wp\/v2\/posts\/16342\/revisions"}],"predecessor-version":[{"id":16380,"href":"https:\/\/lemotdujour.fr\/index.php?rest_route=\/wp\/v2\/posts\/16342\/revisions\/16380"}],"wp:attachment":[{"href":"https:\/\/lemotdujour.fr\/index.php?rest_route=%2Fwp%2Fv2%2Fmedia&parent=16342"}],"wp:term":[{"taxonomy":"category","embeddable":true,"href":"https:\/\/lemotdujour.fr\/index.php?rest_route=%2Fwp%2Fv2%2Fcategories&post=16342"},{"taxonomy":"post_tag","embeddable":true,"href":"https:\/\/lemotdujour.fr\/index.php?rest_route=%2Fwp%2Fv2%2Ftags&post=16342"}],"curies":[{"name":"wp","href":"https:\/\/api.w.org\/{rel}","templated":true}]}}