{"id":16312,"date":"2025-03-17T00:39:00","date_gmt":"2025-03-16T23:39:00","guid":{"rendered":"https:\/\/lemotdujour.fr\/?p=16312"},"modified":"2025-03-17T00:32:49","modified_gmt":"2025-03-16T23:32:49","slug":"lundi-17-mars-2025","status":"publish","type":"post","link":"https:\/\/lemotdujour.fr\/?p=16312","title":{"rendered":"Lundi 17 mars 2025"},"content":{"rendered":"<div class=\"mdjTexte\">\u00ab La raison d\u2019\u00eatre de l\u2019Union europ\u00e9enne, c\u2019est la d\u00e9faite militaire. [\u2026] lors de guerres coloniales. \u00bb<\/div>\n<div class=\"mdjAuteur\">Timothy Snyder<\/div>\n<p><span style=\"color: #777777; font-family: arial;\">Il me semble n\u00e9cessaire d\u2019aborder le chaos actuel du monde avec une compr\u00e9hension de l\u2019Histoire, du long terme et une r\u00e9flexion sur nos valeurs.<\/span><\/p>\n<p><span style=\"color: #777777; font-family: arial;\">Sinon, nous agissons selon les seules impulsions de nos \u00e9motions, de nos peurs et aussi des r\u00e9cits, auxquels nous croyons, sans les interroger.<\/span><\/p>\n<p><span style=\"color: #777777; font-family: arial;\">Pour la peur, j\u2019ai \u00e9t\u00e9 stup\u00e9fait dans l\u2019\u00e9mission \u00ab <strong>C ce soir<\/strong> \u00bb du 10 mars, l\u2019\u00e9crivain et acad\u00e9micien Jean-Marie ROUART expliquer qu\u2019\u00e0 l\u2019heure de la bombe atomique, on ne peut plus vouloir qu\u2019un tel gagne et qu\u2019en cons\u00e9quence <strong>il \u00e9tait pour la paix, n\u2019importe quelle paix !<\/strong><\/span><\/p>\n<p><span style=\"color: #777777; font-family: arial;\">Cet homme est donc pr\u00eat \u00e0 se soumettre \u00e0 la loi du plus fort, du plus injuste, le l\u00e2che soulagement en serait la r\u00e9compense.<\/span><br \/>\n<span style=\"color: #777777; font-family: arial;\">Dans ce mot du jour, je vais encore me r\u00e9f\u00e9rer \u00e0 Timothy Snyder qui a r\u00e9pondu \u00e0 un entretien dans le journal \u00ab <strong>LE UN<\/strong> \u00bb du 19 f\u00e9vrier 2025 : \u00ab <a href=\"https:\/\/le1hebdo.fr\/journal\/comment-finir-une-guerre\/533\/article\/l-ukraine-nous-protege-d-une-troisieme-guerre-mondiale-7037.html\"><span style=\"color: #0000ff;\">Comment finir une guerre ?<\/span><\/a> \u00bb<\/span><\/p>\n<p><span style=\"color: #777777; font-family: arial;\"><span style=\"color: #777777; font-family: arial;\">Snyder remet en question le r\u00e9cit d\u2019une Union europ\u00e9enne qui aurait \u00e9t\u00e9 cr\u00e9\u00e9e, apr\u00e8s la fin de la seconde guerre mondiale, principalement, parce que les Etats europ\u00e9ens voulaient \u00e9tablir d\u00e9finitivement la paix sur leur continent, apr\u00e8s tant de massacres entre europ\u00e9ens.<\/span><\/span><\/p>\n<p><span style=\"color: #777777; font-family: arial;\"><span style=\"color: #777777; font-family: arial;\">Mais \u00e0 la question du journaliste \u00ab Avec la guerre en Ukraine, l\u2019Union europ\u00e9enne a-t-elle \u00e9chou\u00e9 dans sa mission de maintenir la paix sur le continent ? \u00bb, il r\u00e9pond ainsi : <\/span><\/span><\/p>\n<p style=\"margin-left: 28pt;\"><span style=\"color: #c00000; font-family: arial;\">\u00ab Est-ce seulement sa mission ? C\u2019est du moins le mythe que l\u2019on aime se raconter : les pays europ\u00e9ens ont tir\u00e9 les le\u00e7ons de la Seconde Guerre mondiale et se sont organis\u00e9s pour garantir la paix. \u00bb <\/span><\/p>\n<p><span style=\"color: #777777; font-family: arial;\">M\u00eame si l\u2019aspiration \u00e0 la paix \u00e9tait compr\u00e9hensible apr\u00e8s les deux terribles guerres du XX<sup>\u00e8me<\/sup> si\u00e8cle, ce ne fut pas la raison principale, selon lui, de la volont\u00e9 de cr\u00e9er la communaut\u00e9 europ\u00e9enne devenue l\u2019Union europ\u00e9enne : <\/span><\/p>\n<p style=\"margin-left: 28pt;\"><span style=\"color: #c00000; font-family: arial;\">\u00ab Mais je pense qu\u2019il faut commencer par rejeter ces pr\u00e9misses, ce mythe fondateur. Si l\u2019on veut penser l\u2019Europe face \u00e0 la guerre qui fait rage \u00e0 ses portes, il nous faut \u00eatre rigoureux sur la raison d\u2019\u00eatre historique de l\u2019Union europ\u00e9enne.<br \/>\nEt cette raison d\u2019\u00eatre n\u2019est pas la paix \u2013 sinon les pays europ\u00e9ens n\u2019auraient pas men\u00e9 de guerres coloniales pendant les trente ans qui ont suivi l\u2019armistice. Non, la raison d\u2019\u00eatre de l\u2019Union europ\u00e9enne, c\u2019est la d\u00e9faite militaire. Plus particuli\u00e8rement, la d\u00e9faite militaire lors de guerres coloniales : l\u2019Allemagne en 1945, mais aussi les Pays-Bas en 1948, la France en 1962, l\u2019Espagne et le Portugal dans les ann\u00e9es 1970\u2026 \u00bb<\/span><\/p>\n<p><span style=\"color: #777777; font-family: arial;\">En <strong>1948<\/strong>, les Pays-Bas perdent leur colonie les Indes n\u00e9erlandaises. En 1942, ils avaient du les abandonner aux Japonais. Apr\u00e8s la d\u00e9faite du Japon, les Pays-Bas tentent de reconqu\u00e9rir leur ancienne colonie, mais les nationalistes indon\u00e9siens revendiquent l\u2019ind\u00e9pendance de l\u2019archipel. Entre 1947 et 1948, les Pays-Bas lancent deux grandes interventions militaires. Mais les nationalistes tiennent bon et les N\u00e9erlandais, sous la pression des Nations unies et des \u00c9tats-Unis, doivent c\u00e9der. La colonie devient la R\u00e9publique des \u00c9tats-Unis d\u2019Indon\u00e9sie. <\/span><\/p>\n<p><span style=\"color: #777777; font-family: arial;\">En <strong>1962<\/strong>, la France perd l&rsquo;Alg\u00e9rie. <\/span><\/p>\n<p><span style=\"color: #777777; font-family: arial;\">Si on souhaite donner un peu de consistance \u00e0 cette vision du pass\u00e9 colonial, on peut consulter une carte de l&#8217;empire colonial fran\u00e7ais avant la seconde guerre mondiale. La superficie de cet empire en 1939 repr\u00e9sentait 12 800 000 km\u00b2. En comparaison, les USA repr\u00e9sente 9 833 517 km\u00b2, ils ne sont d\u00e9pass\u00e9s que par le Canada gu\u00e8re plus grand et la Russie plus de 17 000 000 km\u00b2. <\/span><\/p>\n<p><span style=\"color: #777777; font-family: arial;\">En 1939, l\u2019empire fran\u00e7ais repr\u00e9sentait 8,61 % des terres \u00e9merg\u00e9es et 5,15% des habitants de la Plan\u00e8te. Aujourd\u2019hui la France repr\u00e9sente 0,45% des terres \u00e9merg\u00e9es et 0,84% de la population mondiale. C\u2019est une autre \u00e9chelle.<\/span><\/p>\n<p><img loading=\"lazy\" decoding=\"async\" class=\"alignnone size-full wp-image-16319\" src=\"https:\/\/lemotdujour.fr\/wp-content\/uploads\/2025\/03\/Empire_francais_1919-1939.png\" alt=\"\" width=\"998\" height=\"524\" srcset=\"https:\/\/lemotdujour.fr\/wp-content\/uploads\/2025\/03\/Empire_francais_1919-1939.png 998w, https:\/\/lemotdujour.fr\/wp-content\/uploads\/2025\/03\/Empire_francais_1919-1939-300x158.png 300w, https:\/\/lemotdujour.fr\/wp-content\/uploads\/2025\/03\/Empire_francais_1919-1939-768x403.png 768w\" sizes=\"auto, (max-width: 998px) 100vw, 998px\" \/><\/p>\n<p><span style=\"color: #777777; font-family: arial;\">Pour compl\u00e9ter le destin des autres pays europ\u00e9ens colonialistes, le Portugal avait conserv\u00e9 de son immense empire colonial, le Mozambique, l\u2019Angola, la Guin\u00e9e-Bissau et encore quelques autres territoires, comme le Cap Vert. Tous ces \u00c9tats deviendront ind\u00e9pendants apr\u00e8s la r\u00e9volution des \u0153illets en <strong>1974<\/strong> et des guerres anti coloniales de lib\u00e9ration.<br \/>\n<\/span><br \/>\n<span style=\"color: #777777; font-family: arial;\">En <strong>1968<\/strong>, l\u2019Espagne perdait ses derni\u00e8res possessions subsahariennes et en <strong>1976<\/strong> le Sahara espagnol. <\/span><\/p>\n<p><span style=\"color: #777777; font-family: arial;\">Pour Snyder la d\u00e9faite des nazis en <strong>1945<\/strong> est aussi une d\u00e9faite coloniale puisque le troisi\u00e8me reich avait eu pour ambition de coloniser quasi toute l&rsquo;Europe. <\/span><\/p>\n<p><span style=\"color: #777777; font-family: arial;\">Il n&rsquo;a pas cit\u00e9 la Belgique qui a perdu le Congo Belge en <strong>1960<\/strong>. <\/span><\/p>\n<p><span style=\"color: #777777; font-family: arial;\">Les nations europ\u00e9ennes avaient domin\u00e9 le monde depuis plusieurs si\u00e8cles. Ils \u00e9taient des empires, ils deviennent des puissances moyennes dans un monde domin\u00e9 par les USA et l&rsquo;URSS. <\/span><\/p>\n<p><span style=\"color: #777777; font-family: arial;\">On peut comprendre que le fait de s&rsquo;unir, au moins \u00e9conomiquement, fut une r\u00e9action pour continuer \u00e0 compter dans le monde. C&rsquo;est au moins la th\u00e8se de Timothy Snyder.<\/span><\/p>\n<p style=\"margin-left: 28pt;\"><span style=\"color: #c00000; font-family: arial;\">\u00ab L\u2019UE est une organisation post-imp\u00e9riale, qui r\u00e9unit ces anciens empires d\u00e9faits. On l\u2019oublie volontiers, car ces d\u00e9faites sont honteuses, tout comme les causes de ces guerres. C\u2019est pourtant le fait d\u2019avoir perdu ces guerres qui est au c\u0153ur du projet europ\u00e9en. Pour devenir des d\u00e9mocraties europ\u00e9ennes contemporaines, des pays \u00ab normaux \u00bb, il a \u00e9t\u00e9 n\u00e9cessaire que ces nations perdent leurs derni\u00e8res guerres imp\u00e9riales. Si l\u2019on garde cette id\u00e9e en t\u00eate, si l\u2019on remplace le concept de paix par celui de d\u00e9faite, on comprend mieux pourquoi il est crucial que la Russie perde cette nouvelle guerre coloniale contre l\u2019Ukraine \u00bb <\/span><\/p>\n<p><span style=\"color: #777777; font-family: arial;\">La r\u00e9cente \u00ab <a href=\"https:\/\/www.liberation.fr\/economie\/medias\/si-je-reviens-je-reconnais-avoir-fait-une-faute-jean-michel-aphatie-quitte-rtl-apres-ses-propos-sur-la-colonisation-en-algerie-20250309_4WQNNDR2CBCCJINO6H4XP2PXOQ\/\"><span style=\"color: #0000ff;\">Affaire Apathie<\/span><\/a> \u00bb montre que la France a toujours du mal \u00e0 comprendre et \u00e0 reconna\u00eetre son pass\u00e9 colonial et tous les crimes qui ont \u00e9t\u00e9 pratiqu\u00e9s en son nom. Or ce que Jean-Michel Aphatie a affirm\u00e9, le 25 f\u00e9vrier 2025, \u00e0 savoir que la France a commis une centaine d\u2019Oradour sur Glane en Alg\u00e9rie est factuellement vrai. Il a pourtant \u00e9t\u00e9 sanctionn\u00e9 par la radio (RTL) dans laquelle il travaillait, pour avoir dit cette cette v\u00e9rit\u00e9. <\/span><br \/>\n<span style=\"color: #777777; font-family: arial;\">Les grandes voix du journalisme ne se sont pas press\u00e9es pour le d\u00e9fendre. \u00ab <strong>Le Monde<\/strong> \u00bb a enfin, le 16 mars, commis un article expliquant que \u00ab <a href=\"https:\/\/www.lemonde.fr\/idees\/article\/2025\/03\/16\/si-l-on-prend-le-point-de-vue-des-historiens-aphatie-a-non-seulement-raison-mais-il-ne-dit-rien-de-bien-revolutionnaire-sur-l-algerie_6581983_3232.html\"><span style=\"color: #0000ff;\">Si l\u2019on prend le point de vue des historiens, Aphatie a non seulement raison, mais il ne dit rien de bien r\u00e9volutionnaire sur l\u2019Alg\u00e9rie<\/span><\/a> \u00bb. <\/span><\/p>\n<p><span style=\"color: #777777; font-family: arial;\">Voil\u00e0 qui est dit sur le pass\u00e9 colonial de la France et les autres pays europ\u00e9ens n\u2019ont pas agi avec moins de violence. Mais certains esprits de gauche, n\u2019ont pas l\u2019air de comprendre que la relation entre l\u2019immense Russie et la petite Ukraine est \u00e9galement bas\u00e9e sur une domination coloniale. Dans ce cas, simplement la colonie ne se trouve pas de l\u2019autre cot\u00e9 de la mer ou de l\u2019oc\u00e9an, mais jouxte la fronti\u00e8re du pr\u00e9dateur. <\/span><br \/>\n<span style=\"color: #777777; font-family: arial;\">Timothy Snyder explique la guerre que m\u00e8ne la Russie \u00e0 l\u2019Ukraine de mani\u00e8re simple :<\/span><\/p>\n<p style=\"margin-left: 28pt;\"><span style=\"color: #c00000; font-family: arial;\">\u00ab Les causes de cette guerre sont elles aussi incroyablement anciennes et traditionnelles : l\u2019appropriation des ressources agricoles et des mati\u00e8res premi\u00e8res d\u2019une part et, d\u2019autre part le refus de consid\u00e9rer ceux qui se trouvent de l\u2019autre c\u00f4t\u00e9 de la fronti\u00e8re comme de v\u00e9ritables personnes et leur Etat comme un v\u00e9ritable Etat. C\u2019est le discours colonialiste basique qu\u2019ont aussi adopt\u00e9 les Europ\u00e9ens en Afrique, en Asie, et partout dans le monde, mais qu\u2019ils ont aujourd\u2019hui bien du mal \u00e0 reconna\u00eetre comme tel. \u00bb <\/span><\/p>\n<p><span style=\"color: #777777; font-family: arial;\">Le titre de l\u2019entretien de Snyder dans \u00ab <strong>LE UN<\/strong> \u00bb est \u00ab Comment l\u2019Ukraine prot\u00e8ge le monde \u00bb. Et, le journaliste Louis H\u00e9liot demande \u00e0 l\u2019Historien de quoi l\u2019Ukraine nous prot\u00e8ge, apr\u00e8s que ce dernier ait utilis\u00e9 cette formule dans une de ses r\u00e9ponse : <\/span><\/p>\n<p style=\"margin-left: 28pt;\"><span style=\"color: #c00000; font-family: arial;\">\u00ab D\u2019une troisi\u00e8me guerre mondiale.<br \/>\nLa Chine, l\u2019Iran, la Cor\u00e9e du Nord sont d\u00e9j\u00e0 dans le conflit. SI la digue ukrainienne sautait les pays europ\u00e9ens se retrouveraient imm\u00e9diatement impliqu\u00e9s. [\u2026]<br \/>\nEn se battant, les Ukrainiens ont non seulement repouss\u00e9 l\u2019agresseur russe, mais ils ont gard\u00e9 ouvert, pour l\u2019Europe, le champ des possibles. [\u2026] D\u2019une certaine fa\u00e7on c\u2019est inconfortable pour nous. Si les Ukrainiens avaient rendu les armes imm\u00e9diatement comme Poutine l\u2019escomptait, cela nous aurait \u00e9t\u00e9 \u00ab plus facile \u00bb ; nous aurions continu\u00e9 \u00e0 fermer les yeux ; nous aurions sans doute m\u00eame \u00e9t\u00e9 tent\u00e9s de faire des concessions \u00e0 Poutine de lui livrer \u2013 si l\u2019on pousse la comparaison avec la Seconde Guerre mondiale- l\u2019\u00e9quivalent de la Tch\u00e9coslovaquie, puis de la Pologne, Mais avec leur r\u00e9sistance, leur d\u00e9termination, les Ukrainiens ont rendu impossible la strat\u00e9gie d\u2019apaisement.<br \/>\nPour r\u00e9sumer, ils nous maintiennent en 1938. A nous maintenant de faire en sorte que l\u2019on ne se pr\u00e9cipite pas, la t\u00eate la premi\u00e8re, vers 1939. \u00bb <\/span><\/p>\n<p><span style=\"color: #777777; font-family: arial;\">En conclusion de l\u2019article, l\u2019auteur de \u00ab <strong>Terres de sang<\/strong> \u00bb pense que la Russie doit aussi sortir de sa pens\u00e9e Coloniale pour pouvoir passer \u00e0 autre chose.<\/span><\/p>\n<p style=\"margin-left: 28pt;\"><span style=\"color: #c00000; font-family: arial;\">\u00ab Il ne nous reste rien d\u2019autre \u00e0 faire, d\u00e9sormais que d\u2019aider \u00e0 b\u00e2tir une Ukraine libre et fonctionnelle. Et sur le long terme, ce sera \u00e9galement b\u00e9n\u00e9fique \u00e0 la Russie. La d\u00e9faite de cette derni\u00e8re sera sa seule chance de passer \u00e0 autre chose. \u00bb <\/span><\/p>\n<p><span style=\"color: #777777; font-family: arial;\">Cette vision de Timothy Snyder me semble particuli\u00e8rement f\u00e9conde, alors que des esprits \u00e9gar\u00e9s continuent \u00e0 tenter d&rsquo;expliquer la situation par la politique agressive de l&rsquo;OTAN. Si tant de pays de l&rsquo;Est comme la Pologne ou les pays baltes ont voulu absolument rejoindre l&rsquo;OTAN, c&rsquo;est parce qu&rsquo;ils avaient peur, \u00e0 juste titre, de la soif coloniale du pr\u00e9dateur russe et non parce que l&rsquo;OTAN avait la strat\u00e9gie de s&rsquo;\u00e9tendre. <\/span><br \/>\n<span style=\"color: #777777; font-family: arial;\">Le probl\u00e8me suppl\u00e9mentaire auquel nous sommes confront\u00e9s aujourd&rsquo;hui, c&rsquo;est que les Etats-Unis de Trump ont manifest\u00e9 officiellement, au moins dans leurs propos, des vell\u00e9it\u00e9s coloniales sur le Groenland, le Canada et Panama. Les USA n\u2019expriment d\u2019ailleurs aucun d\u00e9saccord de fond avec la Russie sur ces points.<\/span><\/p>\n","protected":false},"excerpt":{"rendered":"<p>\u00ab La raison d\u2019\u00eatre de l\u2019Union europ\u00e9enne, c\u2019est la d\u00e9faite militaire. [\u2026] lors de guerres coloniales. \u00bb Timothy Snyder Il me semble n\u00e9cessaire d\u2019aborder le chaos actuel du monde avec une compr\u00e9hension de l\u2019Histoire, du long terme et une r\u00e9flexion<\/p>\n","protected":false},"author":1,"featured_media":0,"comment_status":"open","ping_status":"closed","sticky":false,"template":"","format":"standard","meta":{"footnotes":""},"categories":[1],"tags":[244,65,50,78],"class_list":["post-16312","post","type-post","status-publish","format-standard","hentry","category-motdujour","tag-colonialisme","tag-etats-unis","tag-europe","tag-russie"],"_links":{"self":[{"href":"https:\/\/lemotdujour.fr\/index.php?rest_route=\/wp\/v2\/posts\/16312","targetHints":{"allow":["GET"]}}],"collection":[{"href":"https:\/\/lemotdujour.fr\/index.php?rest_route=\/wp\/v2\/posts"}],"about":[{"href":"https:\/\/lemotdujour.fr\/index.php?rest_route=\/wp\/v2\/types\/post"}],"author":[{"embeddable":true,"href":"https:\/\/lemotdujour.fr\/index.php?rest_route=\/wp\/v2\/users\/1"}],"replies":[{"embeddable":true,"href":"https:\/\/lemotdujour.fr\/index.php?rest_route=%2Fwp%2Fv2%2Fcomments&post=16312"}],"version-history":[{"count":11,"href":"https:\/\/lemotdujour.fr\/index.php?rest_route=\/wp\/v2\/posts\/16312\/revisions"}],"predecessor-version":[{"id":16328,"href":"https:\/\/lemotdujour.fr\/index.php?rest_route=\/wp\/v2\/posts\/16312\/revisions\/16328"}],"wp:attachment":[{"href":"https:\/\/lemotdujour.fr\/index.php?rest_route=%2Fwp%2Fv2%2Fmedia&parent=16312"}],"wp:term":[{"taxonomy":"category","embeddable":true,"href":"https:\/\/lemotdujour.fr\/index.php?rest_route=%2Fwp%2Fv2%2Fcategories&post=16312"},{"taxonomy":"post_tag","embeddable":true,"href":"https:\/\/lemotdujour.fr\/index.php?rest_route=%2Fwp%2Fv2%2Ftags&post=16312"}],"curies":[{"name":"wp","href":"https:\/\/api.w.org\/{rel}","templated":true}]}}