{"id":16301,"date":"2025-03-10T02:09:17","date_gmt":"2025-03-10T01:09:17","guid":{"rendered":"https:\/\/lemotdujour.fr\/?p=16301"},"modified":"2025-03-10T02:29:24","modified_gmt":"2025-03-10T01:29:24","slug":"lundi-10-mars-2025","status":"publish","type":"post","link":"https:\/\/lemotdujour.fr\/?p=16301","title":{"rendered":"Lundi 10 mars 2025"},"content":{"rendered":"<div class=\"mdjTexte\">\u00ab Trump est un h\u00e9ros de la libert\u00e9 n\u00e9gative \u00bb<\/div>\n<div class=\"mdjAuteur\">Timothy Snyder<\/div>\n<p><span style=\"color: #777777; font-family: arial;\">Dans l\u2019\u00e9volution inqui\u00e9tante du monde, nous avons besoin d\u2019esprits calmes, capables d\u2019analyser ce qui se passe et de nous \u00e9clairer un peu la route sinueuse que nous sommes en train d\u2019emprunter.<\/span><\/p>\n<p><span style=\"color: #777777; font-family: arial;\"><strong>Timothy Snyder<\/strong>, historien am\u00e9ricain de renom, n\u00e9 en 1969, sp\u00e9cialiste de l&rsquo;histoire de l&rsquo;Europe centrale et de l&rsquo;Est et de la Shoah fait partie de ce cercle restreint. Il est professeur \u00e0 l&rsquo;universit\u00e9 Yale et membre permanent de l&rsquo;Institut des sciences humaines \u00e0 Vienne.<br \/>\n<\/span><\/p>\n<p><span style=\"color: #777777; font-family: arial;\"><img loading=\"lazy\" decoding=\"async\" class=\" wp-image-16308 alignleft\" src=\"https:\/\/lemotdujour.fr\/wp-content\/uploads\/2025\/03\/Snyder-terredesang.jpg\" alt=\"\" width=\"296\" height=\"477\" srcset=\"https:\/\/lemotdujour.fr\/wp-content\/uploads\/2025\/03\/Snyder-terredesang.jpg 600w, https:\/\/lemotdujour.fr\/wp-content\/uploads\/2025\/03\/Snyder-terredesang-186x300.jpg 186w\" sizes=\"auto, (max-width: 296px) 100vw, 296px\" \/>L\u2019ouvrage qui l\u2019a fait conna\u00eetre en France est \u00ab <strong>Terres de sang<\/strong> \u00bb dans lequel il fait le r\u00e9cit du massacre de masse qui a \u00e9t\u00e9 perp\u00e9tr\u00e9 par l\u2019Allemagne nazie et l\u2019Union sovi\u00e9tique sur un territoire auquel il donne le nom de \u00ab Terres de sang \u00bb\u00a0 et qui s&rsquo;\u00e9tend de la Pologne centrale \u00e0 la Russie occidentale en passant par l&rsquo;Ukraine, la Bi\u00e9lorussie et les pays Baltes. <\/span><\/p>\n<p><span style=\"color: #777777; font-family: arial;\">Entre 1933 et 1945, 14 millions de civils, ont \u00e9t\u00e9 tu\u00e9s. Plus de la moiti\u00e9 d&rsquo;entre eux sont morts de faim. Les famines pr\u00e9m\u00e9dit\u00e9es par Staline, principalement en Ukraine, au d\u00e9but des ann\u00e9es 1930, ont fait plus de 4 millions de morts, et l&rsquo;affamement par Hitler de quelque 3 millions et demi de prisonniers de guerre sovi\u00e9tiques, au d\u00e9but des ann\u00e9es 1940 &#8211; ont \u00e9t\u00e9 perp\u00e9tr\u00e9s ainsi. <\/span><\/p>\n<p><span style=\"color: #777777; font-family: arial;\">Depuis cet ouvrage, il a focalis\u00e9 ses r\u00e9flexions sur les menaces pesant sur les syst\u00e8mes politiques occidentaux.<br \/>\n<\/span><\/p>\n<p><span style=\"color: #777777; font-family: arial;\">Il a publi\u00e9 un premier ouvrage sur ce th\u00e8me : \u00ab <strong>La route pour la servitude<\/strong> \u00bb paru en France en octobre 2023.<\/span><\/p>\n<p><span style=\"color: #777777; font-family: arial;\">Et fin 2024, il a publi\u00e9 un second ouvrage \u00ab <strong>De la libert\u00e9<\/strong> \u00bb <\/span><\/p>\n<p><span style=\"color: #777777; font-family: arial;\">Parmi les grands d\u00e9saccords entre les Etats-Unis de Donald Trump, JR Vance et Elon Musk et la plupart des europ\u00e9ens se trouvent la conception de la libert\u00e9. Le vice-pr\u00e9sident des Etats-Unis s\u2019est autoris\u00e9 lors de la conf\u00e9rence sur la s\u00e9curit\u00e9 de Munich de donner une le\u00e7on sur la libert\u00e9 aux europ\u00e9ens, en les accusant de ne plus respecter la libert\u00e9 d\u2019expression : \u00ab <a href=\"https:\/\/www.lemonde.fr\/international\/article\/2025\/02\/14\/a-munich-la-democratie-selon-j-d-vance-sidere-les-europeens_6547177_3210.html\"><span style=\"color: #0000ff;\">A Munich, la d\u00e9mocratie selon J. D. Vance sid\u00e8re les Europ\u00e9ens<\/span><\/a> \u00bb, si vous souhaitez lire la traduction fran\u00e7aise de l\u2019int\u00e9gralit\u00e9 du discours c\u2019est \u00ab <a href=\"https:\/\/lecourrierdesstrateges.fr\/2025\/02\/15\/lintegrale-du-discours-de-vance-a-munich-en-anglais-et-en-francais\/\"><span style=\"color: #0000ff;\">ici<\/span><\/a> \u00bb<br \/>\n<\/span><\/p>\n<p><span style=\"color: #777777; font-family: arial;\">Lorsqu\u2019on lit ce que l\u2019administration Trump est en train de r\u00e9aliser aux \u00c9tats-Unis, il me semble qu\u2019on peut \u00eatre surpris que ce soit eux qui parlent de libert\u00e9, peut \u00eatre la libert\u00e9 de mentir\u2026<br \/>\n<\/span><\/p>\n<p><span style=\"color: #777777; font-family: arial;\">C\u2019est pourquoi <strong>Thomas Sn\u00e9garoff<\/strong> a invit\u00e9 Timothy Snyder dans son \u00e9mission de France inter, du 8 mars 2025 pour \u00e9voquer ce sujet : \u00ab <a href=\"https:\/\/www.radiofrance.fr\/franceinter\/podcasts\/le-grand-face-a-face\/le-grand-face-a-face-du-samedi-08-mars-2025-8273715\"><span style=\"color: #0000ff;\">La libert\u00e9 est difficile<\/span><\/a>.\u00bb<br \/>\n<\/span><\/p>\n<p><span style=\"color: #777777; font-family: arial;\">Sn\u00e9garoff interroge d\u2019abord Snyder sur son analyse de la libert\u00e9 pr\u00f4n\u00e9e par Trump : <\/span><\/p>\n<p style=\"margin-left: 28pt;\"><span style=\"color: #c00000; font-family: arial;\">\u00ab Pour lui, il n\u2019y a pas de diff\u00e9rence entre la libert\u00e9 du peuple et sa propre libert\u00e9.<br \/>\nLa libert\u00e9 n\u00e9gative c\u2019est quand je ne pense qu\u2019\u00e0 moi. Et ma libert\u00e9 c\u2019est moi contre tous.<br \/>\nEn fait pour \u00eatre libre, il faut avoir une soci\u00e9t\u00e9, au sein de laquelle nous cr\u00e9ons tous les conditions dans lesquelles nous pouvons devenir libre.<br \/>\nDonald Trump est un h\u00e9ros de la libert\u00e9 n\u00e9gative, parce qu\u2019il a h\u00e9rit\u00e9 de sa fortune. Il peut dire que la libert\u00e9 cela ne concerne que des gens comme lui.<br \/>\nEt, son administration est en train de d\u00e9truire le gouvernement. \u00bb<\/span><\/p>\n<p><span style=\"color: #777777; font-family: arial;\">Dans son ouvrage Timothy Snyder oppose la libert\u00e9 positive et la libert\u00e9 n\u00e9gative. <\/span><\/p>\n<p><span style=\"color: #777777; font-family: arial;\">Cette dichotomie a \u00e9t\u00e9 invent\u00e9e par <strong>Isaiah Berlin<\/strong> (1909-1997) un philosophe et historien des id\u00e9es d\u2019origine russe. Apr\u00e8s une enfance pass\u00e9e \u00e0 Saint-P\u00e9tersbourg, il a \u00e9migr\u00e9 avec ses parents en Angleterre, fuyant l\u2019Union sovi\u00e9tique deux ans apr\u00e8s la r\u00e9volution bolchevique.<\/span><\/p>\n<p><span style=\"color: #777777; font-family: arial;\">Sur le site du journal lib\u00e9ral \u00ab <strong>Contrepoints<\/strong> \u00bb vous trouverez une pr\u00e9sentation de cette pens\u00e9e : \u00ab <a href=\"https:\/\/www.contrepoints.org\/2013\/12\/11\/149440-deux-conceptions-de-la-liberte-par-isaiah-berlin\"><span style=\"color: #0000ff;\">Deux conceptions de la libert\u00e9, par Isaiah Berlin<\/span><\/a> \u00bb.<\/span><\/p>\n<p><span style=\"color: #777777; font-family: arial;\"><img loading=\"lazy\" decoding=\"async\" class=\" wp-image-16309 alignright\" src=\"https:\/\/lemotdujour.fr\/wp-content\/uploads\/2025\/03\/Snyder-timothy-photos-2025-editions-gallimard.jpg\" alt=\"\" width=\"400\" height=\"279\" srcset=\"https:\/\/lemotdujour.fr\/wp-content\/uploads\/2025\/03\/Snyder-timothy-photos-2025-editions-gallimard.jpg 487w, https:\/\/lemotdujour.fr\/wp-content\/uploads\/2025\/03\/Snyder-timothy-photos-2025-editions-gallimard-300x209.jpg 300w\" sizes=\"auto, (max-width: 400px) 100vw, 400px\" \/>Pour Timothy Snyder, la libert\u00e9 n\u00e9gative est celle qui nous permet de ne pas \u00eatre opprim\u00e9e par le gouvernement. C\u2019est une premi\u00e8re \u00e9tape vers la libert\u00e9 positive mais ce n\u2019est qu\u2019une premi\u00e8re \u00e9tape.<\/span><\/p>\n<p><span style=\"color: #777777; font-family: arial;\">Si on se contente de cette premi\u00e8re \u00e9tape la libert\u00e9 ne s\u2019adresse qu\u2019aux forts, aux riches et aux puissants. Cette libert\u00e9 n\u2019est pas pour tout le monde et elle ne permet pas de faire soci\u00e9t\u00e9.<\/span><\/p>\n<p><span style=\"color: #777777; font-family: arial;\">Pour Timothy Snyder la libert\u00e9 positive s\u2019appuie sur cinq piliers : <\/span><\/p>\n<ul>\n<li><span style=\"color: #777777; font-family: arial;\"><strong>souverainet\u00e9<\/strong>, c&rsquo;est-\u00e0-dire cette capacit\u00e9 \u00e0 construire sa propre libert\u00e9 ; <\/span><\/li>\n<li><span style=\"color: #777777; font-family: arial;\"><strong>l&rsquo;impr\u00e9visibilit\u00e9<\/strong>, autrement dit le refus de se laisser enfermer dans les bulles id\u00e9ologiques ou num\u00e9riques et la capacit\u00e9 \u00e0 ne pas agir comme les algorithmes le pr\u00e9voient ;<\/span><\/li>\n<li><span style=\"color: #777777; font-family: arial;\"><strong>la mobilit\u00e9<\/strong>, qu&rsquo;elle soit sociale ou g\u00e9ographique ; <\/span><\/li>\n<li><span style=\"color: #777777; font-family: arial;\"><strong>la factualit\u00e9<\/strong>, l&rsquo;ouverture aux faits (\u00ab la science du r\u00e9chauffement climatique est un exemple de v\u00e9rit\u00e9 g\u00e9n\u00e9rale \u00bb, cite Snyder \u00e0 titre d&rsquo;illustration. \u00ab Peut-\u00eatre n&rsquo;avons-nous pas envie d&rsquo;en entendre parler, mais si nous l&rsquo;ignorons, nous sommes moins libres \u00bb) ; <\/span><\/li>\n<li><span style=\"color: #777777; font-family: arial;\"><strong>la solidarit\u00e9<\/strong>, qui nous am\u00e8ne \u00e0 nous sentir responsables d&rsquo;un certain \u00e9quilibre social.<\/span><\/li>\n<\/ul>\n<p><span style=\"color: #777777; font-family: arial;\">Thomas Sn\u00e9garoff interroge l\u2019historien sur ce qu\u2019il pense du concept de libert\u00e9 d\u2019expression totale d\u00e9fendu par le vice-pr\u00e9sident US, ce qu&rsquo;Elon Musk et ses semblables nomment \u00ab free speech \u00bb :<\/span><\/p>\n<p style=\"margin-left: 28pt;\"><span style=\"color: #c00000; font-family: arial;\">\u00ab Je pense que toute d\u00e9finition de libert\u00e9 doit commencer par l\u2019individu.<br \/>\nLorsque les am\u00e9ricains parlent de libert\u00e9 d\u2019expression, on a souvent \u00e0 l\u2019esprit les algorithmes et en pratique nous finissons par d\u00e9fendre la libert\u00e9 des milliardaires qui poss\u00e8dent d\u00e9j\u00e0 les plates formes des r\u00e9seaux sociaux.<br \/>\nMais si on commence par la tradition de libert\u00e9 d\u2019expression, \u00e0 partir d\u2019Euripide, nous nous souvenons que nous avons besoin de la libert\u00e9 d\u2019expression, parce qu\u2019il est dangereux pour les faibles de dire la v\u00e9rit\u00e9 aux forts. Donc la libert\u00e9 d\u2019expression doit commencer comme toutes les autres libert\u00e9s, par les corps vuln\u00e9rables et la v\u00e9rit\u00e9. Si on s\u2019inqui\u00e8te de la libert\u00e9 d\u2019expression, nous ne nous occupons pas seulement de prot\u00e9ger les faibles, nous essayons de cr\u00e9er les conditions o\u00f9 tout le monde peut avoir acc\u00e8s \u00e0 la v\u00e9rit\u00e9.\u00a0 \u00bb<\/span><\/p>\n<p><span style=\"color: #777777; font-family: arial;\">Natacha Polony soumet \u00e0 a son analyse la devise de la r\u00e9publique fran\u00e7aise en y ajoutant la c\u00e9l\u00e8bre phrase prononc\u00e9e par <strong>Saint Just<\/strong> le 3 mars 1794 : \u00ab <strong>Le bonheur est une id\u00e9e neuve en Europe<\/strong>. \u00bb<\/span><\/p>\n<p style=\"margin-left: 28pt;\"><span style=\"color: #c00000; font-family: arial;\">\u00ab Le bonheur est l\u2019\u00e9l\u00e9ment central. Nous pouvons tous \u00eatre heureux, mais de fa\u00e7on diff\u00e9rente. Parce que nous donnons de la valeur \u00e0 des choses diff\u00e9rentes. [\u2026]<br \/>\nLe bonheur est une cl\u00e9 pour r\u00e9fl\u00e9chir \u00e0 la libert\u00e9 positive. Parce qu\u2019on peut pense au bonheur de mani\u00e8re g\u00e9n\u00e9rale, mais cela nous oblige \u00e0 penser \u00e0 chaque individu de mani\u00e8re diff\u00e9rente. Donc le bonheur nous m\u00e8ne \u00e0 une notion de libert\u00e9 positive.<br \/>\nLa fa\u00e7on dont l\u2019\u00e9galit\u00e9 et la fraternit\u00e9 fonctionnent ensemble avec la libert\u00e9 est aussi positive. Je ne crois pas comme beaucoup d\u2019am\u00e9ricains le font qu\u2019il y a une v\u00e9ritable tension.<br \/>\nPour moi \u00eatre libre, je dois \u00e9couter ce que vous dites \u00e0 mon sujet.<br \/>\nPour moi \u00eatre libre, je dois me comprendre et je ne peux le faire sans fraternit\u00e9. Si je ne crois pas que les autres sont mes fr\u00e8res ou mes s\u0153urs, qu\u2019ils sont fondamentalement comme moi, alors je ferais de grandes erreurs sur moi-m\u00eame.<br \/>\nLa fraternit\u00e9 ce n\u2019est pas simplement une forme de gentillesse, c\u2019est aussi une forme d\u2019auto-compr\u00e9hension. Et comme je l\u2019ai d\u00e9j\u00e0 sugg\u00e9r\u00e9, c\u2019est semblable \u00e0 l\u2019\u00e9galit\u00e9. Sans l\u2019\u00e9galit\u00e9, nous n\u2019avons pas les conditions n\u00e9cessaires pour \u00eatre libre. Je ne vois pas la libert\u00e9, l\u2019\u00e9galit\u00e9 et la fraternit\u00e9 comme trois choses s\u00e9par\u00e9es.<br \/>\nC\u2019est plut\u00f4t qu\u2019on peut appliquer cette notion fran\u00e7aise d\u2019\u00e9galit\u00e9 et de fraternit\u00e9 pour avoir une notion plus riche de libert\u00e9. \u00bb<\/span><\/p>\n<p><span style=\"color: #777777; font-family: arial;\"><img loading=\"lazy\" decoding=\"async\" class=\" wp-image-16310 alignleft\" src=\"https:\/\/lemotdujour.fr\/wp-content\/uploads\/2025\/03\/Snyder-De-la-liberte.jpg\" alt=\"\" width=\"268\" height=\"430\" srcset=\"https:\/\/lemotdujour.fr\/wp-content\/uploads\/2025\/03\/Snyder-De-la-liberte.jpg 400w, https:\/\/lemotdujour.fr\/wp-content\/uploads\/2025\/03\/Snyder-De-la-liberte-187x300.jpg 187w\" sizes=\"auto, (max-width: 268px) 100vw, 268px\" \/>Snyder pense donc qu\u2019on ne peut pas \u00eatre pleinement libre, si les autres ne le sont pas. Mais il pense aussi que l\u2019individu qui veut \u00eatre libre doit non seulement s\u2019int\u00e9grer dans la soci\u00e9t\u00e9 dans laquelle il vit mais aussi s\u2019inscrire dans l\u2019Histoire.<\/span><\/p>\n<p style=\"margin-left: 28pt;\"><span style=\"color: #c00000; font-family: arial;\">\u00ab Je ne crois pas qu\u2019on puisse faire de la libert\u00e9 sans histoire. Je ne crois pas que la France puisse \u00eatre une soci\u00e9t\u00e9 de gens libres sans l\u2019Histoire de France et sans l\u2019Histoire du monde.<\/span><\/p>\n<p style=\"margin-left: 28pt;\"><span style=\"color: #c00000; font-family: arial;\">Je crois que c\u2019est vrai en g\u00e9n\u00e9ral. Une r\u00e9publique ne peut avoir un avenir que si elle est reli\u00e9e \u00e0 son pass\u00e9. Et cela ne signifie pas que nos pass\u00e9s soient parfaits. Cela signifie simplement que le pass\u00e9 fournit la seule voie vers l\u2019avenir. <\/span><\/p>\n<p style=\"margin-left: 28pt;\"><span style=\"color: #c00000; font-family: arial;\">Et il en va de m\u00eame avec les individus. Comme nous essayons d\u2019envisager les avenirs individuels qui ont toujours un composant normatif ou \u00e9thique, nous ne pouvons le faire que par des valeurs que nous avons pris dans le pass\u00e9. \u00bb<\/span><\/p>\n<p><span style=\"color: #777777; font-family: arial;\">Il conclut l\u2019entretien par cet avertissement<\/span><\/p>\n<p style=\"margin-left: 28pt;\"><span style=\"color: #c00000; font-family: arial;\">\u00ab La libert\u00e9 est difficile. Toute personne qui dit que la libert\u00e9 est simple, est probablement tr\u00e8s riche et essaye de vous exploiter. \u00bb<\/span><\/p>\n<p><span style=\"color: #777777; font-family: arial;\">Sur l\u2019excellent site \u00ab <strong>Grand Continent<\/strong> \u00bb Snyder se soumet aussi \u00e0 un entretien concernant son livre sur la libert\u00e9 \u00ab <a href=\"https:\/\/legrandcontinent.eu\/fr\/2025\/02\/15\/je-suis-frappe-par-les-similitudes-entre-les-milliardaires-de-la-silicon-valley-et-les-bolcheviks-les-plus-radicalises-une-conversation-avec-timothy-snyder\/\"><span style=\"color: #0000ff;\">Je suis frapp\u00e9 par les similitudes entre les milliardaires de la Silicon Valley et les bolcheviks les plus radicalis\u00e9s<\/span><\/a> \u00bb.Dans cet entretien il pr\u00e9cise encore sa pens\u00e9e : <\/span><\/p>\n<p style=\"margin-left: 28pt;\"><span style=\"color: #c00000; font-family: arial;\">\u00ab D\u2019un point de vue philosophique ou psychologique, d\u00e9fendre la libert\u00e9 n\u00e9gative revient \u00e0 ne jamais se poser la question de ce que l\u2019on d\u00e9fend, mais uniquement de ce \u00e0 quoi l\u2019on s\u2019oppose. Sur le plan politique, cela se traduit souvent par une hostilit\u00e9 envers l\u2019\u00c9tat, per\u00e7u comme la source principale de l\u2019oppression. <\/span><\/p>\n<p style=\"margin-left: 28pt;\"><span style=\"color: #c00000; font-family: arial;\">On en vient alors \u00e0 penser que r\u00e9duire la taille de l\u2019\u00c9tat accro\u00eet la libert\u00e9 \u2014 ce qui est une erreur. La question n\u2019est pas celle de la quantit\u00e9, mais de la qualit\u00e9 : l\u2019\u00c9tat contribue-t-il ou non \u00e0 rendre les individus plus libres ? Il peut, certes, le faire en s\u2019abstenant de les opprimer, mais aussi en leur fournissant des biens et services qu\u2019ils ne peuvent obtenir par eux-m\u00eames, comme l\u2019\u00e9ducation, les infrastructures ou l\u2019acc\u00e8s aux soins. \u00bb<\/span><\/p>\n<p><span style=\"color: #777777; font-family: arial;\">Je redonne le lien vers l\u2019\u00e9mission de France Inter du 8 mars 2025 : \u00ab <a href=\"https:\/\/www.radiofrance.fr\/franceinter\/podcasts\/le-grand-face-a-face\/le-grand-face-a-face-du-samedi-08-mars-2025-8273715\"><span style=\"color: #0000ff;\">La libert\u00e9 est difficile<\/span><\/a>.\u00bb<br \/>\n<\/span><\/p>\n","protected":false},"excerpt":{"rendered":"<p>\u00ab Trump est un h\u00e9ros de la libert\u00e9 n\u00e9gative \u00bb Timothy Snyder Dans l\u2019\u00e9volution inqui\u00e9tante du monde, nous avons besoin d\u2019esprits calmes, capables d\u2019analyser ce qui se passe et de nous \u00e9clairer un peu la route sinueuse que nous sommes<\/p>\n","protected":false},"author":1,"featured_media":0,"comment_status":"open","ping_status":"closed","sticky":false,"template":"","format":"standard","meta":{"footnotes":""},"categories":[1],"tags":[65,50,6],"class_list":["post-16301","post","type-post","status-publish","format-standard","hentry","category-motdujour","tag-etats-unis","tag-europe","tag-philosophie"],"_links":{"self":[{"href":"https:\/\/lemotdujour.fr\/index.php?rest_route=\/wp\/v2\/posts\/16301","targetHints":{"allow":["GET"]}}],"collection":[{"href":"https:\/\/lemotdujour.fr\/index.php?rest_route=\/wp\/v2\/posts"}],"about":[{"href":"https:\/\/lemotdujour.fr\/index.php?rest_route=\/wp\/v2\/types\/post"}],"author":[{"embeddable":true,"href":"https:\/\/lemotdujour.fr\/index.php?rest_route=\/wp\/v2\/users\/1"}],"replies":[{"embeddable":true,"href":"https:\/\/lemotdujour.fr\/index.php?rest_route=%2Fwp%2Fv2%2Fcomments&post=16301"}],"version-history":[{"count":5,"href":"https:\/\/lemotdujour.fr\/index.php?rest_route=\/wp\/v2\/posts\/16301\/revisions"}],"predecessor-version":[{"id":16311,"href":"https:\/\/lemotdujour.fr\/index.php?rest_route=\/wp\/v2\/posts\/16301\/revisions\/16311"}],"wp:attachment":[{"href":"https:\/\/lemotdujour.fr\/index.php?rest_route=%2Fwp%2Fv2%2Fmedia&parent=16301"}],"wp:term":[{"taxonomy":"category","embeddable":true,"href":"https:\/\/lemotdujour.fr\/index.php?rest_route=%2Fwp%2Fv2%2Fcategories&post=16301"},{"taxonomy":"post_tag","embeddable":true,"href":"https:\/\/lemotdujour.fr\/index.php?rest_route=%2Fwp%2Fv2%2Ftags&post=16301"}],"curies":[{"name":"wp","href":"https:\/\/api.w.org\/{rel}","templated":true}]}}