{"id":16280,"date":"2025-01-17T02:13:19","date_gmt":"2025-01-17T01:13:19","guid":{"rendered":"https:\/\/lemotdujour.fr\/?p=16280"},"modified":"2025-01-17T02:22:56","modified_gmt":"2025-01-17T01:22:56","slug":"vendredi-17-janvier-2025","status":"publish","type":"post","link":"https:\/\/lemotdujour.fr\/?p=16280","title":{"rendered":"Vendredi 17 janvier 2025"},"content":{"rendered":"<div class=\"mdjTexte\">\u00ab L\u2019avenir de tout ce que nous avons de meilleur est en train de se jouer en ce moment m\u00eame, et la partie semble tr\u00e8s mal engag\u00e9e. \u00bb<\/div>\n<div class=\"mdjAuteur\">Jean-PIerre Bourlanges en analysant l&rsquo;attaque en r\u00e8gle que Trump et Musk lancent contre les valeurs, les int\u00e9r\u00eats et la souverainet\u00e9 des europ\u00e9ens<\/div>\n<p><span style=\"color: #777777; font-family: arial;\">Je voudrais conclure cette s\u00e9rie sur Elon Musk qu\u2019aujourd\u2019hui on ne peut plus dissocier du couple disruptif qu\u2019il forme avec Trump. <\/span><\/p>\n<p><span style=\"color: #777777; font-family: arial;\">Pouviez-vous imaginer, un candidat \u00e0 la pr\u00e9sidence d\u2019un grand Etat occidental qui en plein meeting d\u00e9clare ? <\/span><\/p>\n<p style=\"margin-left: 28pt;\"><span style=\"color: #c00000; font-family: arial;\"> \u00ab Je suis favorable aux automobiles \u00e9lectriques. Je n\u2019ai pas le choix car vous le savez, Elon Musk vient de m\u2019apporter son soutien \u00bb<\/span><\/p>\n<p><span style=\"color: #777777; font-family: arial;\">C\u2019\u00e9tait Trump en G\u00e9orgie, le 4 ao\u00fbt 2024. Quatre jours avant le 31 juillet, le m\u00eame candidat affirmait \u00eatre \u00ab contre tous ceux qui poss\u00e8dent une voiture \u00e9lectrique \u00bb et rappelait qu\u2019il mettrait imm\u00e9diatement fin aux mesures d\u2019aides \u00e0 l\u2019achat de ces autos en cas de victoire. <\/span><\/p>\n<p><span style=\"color: #777777; font-family: arial;\">Le fait qu\u2019un candidat \u00e9pouse la strat\u00e9gie d\u2019un lobbyiste qui le finance n\u2019est pas nouveau.<br \/>\nMais le fait qu\u2019il le r\u00e9v\u00e8le ouvertement, \u00e7a c\u2019est du jamais vu. Trump dit : je suis contre mais je suis pay\u00e9 par Musk, donc je suis pour ! <\/span><\/p>\n<p><span style=\"color: #777777; font-family: arial;\">Je pourrais continuer \u00e0 \u00e9num\u00e9rer les \u00ab dingueries \u00bb d\u2019Elon Musk.<\/span><\/p>\n<p><span style=\"color: #777777; font-family: arial;\">Je viens de lire que <a href=\"https:\/\/sciencepost.fr\/elon-musk-veut-creuser-un-tunnel-entre-leurope-et-lamerique-a-20-000-milliards-de-dollars\/\"><span style=\"color: #0000ff;\">l\u2019entrepreneur a affirm\u00e9<\/span><\/a> que sa soci\u00e9t\u00e9 Boring Company \u00e9tait en mesure de r\u00e9aliser un tunnel de 4 800 km, sous l\u2019Oc\u00e9an Atlantique, reliant les Etats-Unis et le Royaume Uni. Rappelons que le tunnel sous la Manche mesure 37 km. <\/span><\/p>\n<p><span style=\"color: #777777; font-family: arial;\">Ce projet a \u00e9t\u00e9 imagin\u00e9 par d\u2019autres, mais personne ne le pensait r\u00e9alisable. Certains avaient estim\u00e9 son co\u00fbt \u00e0 20 000 milliards de dollars. Lui pense que sa soci\u00e9t\u00e9 gr\u00e2ce \u00e0 des technologies r\u00e9volutionnaires pourrait le r\u00e9aliser pour 20 milliards de dollar. Autant dire, presque rien : la Cour des comptes estime <a href=\"https:\/\/www.lemonde.fr\/economie\/article\/2025\/01\/14\/epr-de-flamanville-la-cour-des-comptes-estime-le-cout-total-a-23-7-milliards-d-euros_6497010_3234.html\"><span style=\"color: #0000ff;\">le co\u00fbt total de l\u2019 EPR<\/span><\/a> de Flamanville \u00e0 23,7 milliards d\u2019euros<br \/>\n<\/span><\/p>\n<p><span style=\"color: #777777; font-family: arial;\">Je pr\u00e9f\u00e8re finir en abordant deux points. <\/span><\/p>\n<p><span style=\"color: #777777; font-family: arial;\"><u>Le premier est d\u2019essayer de comprendre cette volont\u00e9 de diminuer le r\u00f4le de l\u2019Etat et des services publics. <\/u>Nous avons appris que non seulement les hyper-riches de Californie accaparaient l\u2019eau pour leurs besoins propres, eau qui manquait aux pompiers pour lutter contre les feux. Mais ils font mieux : ils emploient des pompiers priv\u00e9s. <\/span><\/p>\n<p><span style=\"color: #777777; font-family: arial;\">Le Prix Nobel d\u2019Economie, Joseph Stiglitz, analyse cela pr\u00e9cis\u00e9ment dans <a href=\"https:\/\/www.lefigaro.fr\/conjoncture\/joseph-stiglitz-elon-musk-ne-comprend-pas-ce-qu-est-le-gouvernement-20250116\"><span style=\"color: #0000ff;\">un article du Figaro<\/span><\/a> : <\/span><\/p>\n<p style=\"margin-left: 28pt;\"><span style=\"color: #c00000; font-family: arial;\">\u00ab Quand il y a trop d\u2019in\u00e9galit\u00e9s &#8211; c\u2019\u00e9tait l\u2019objet de mon livre pr\u00e9c\u00e9dent \u2013 les plus riches ne d\u00e9pendent plus des services publics. \u00c0 l\u2019\u00e9poque, je vous avoue que je n\u2019avais pas pens\u00e9 aux pompiers priv\u00e9s ! Les plus fortun\u00e9s usent de leur influence sur le syst\u00e8me d\u2019information \u2013 les m\u00e9dias \u2013 et sur l\u2019\u00e9conomie pour encourager \u00e0<strong> r\u00e9duire les d\u00e9penses sur les services publics dont ils n\u2019ont pas besoin.<\/strong> Et c\u2019est ainsi, de fil en aiguille, que dans la premi\u00e8re puissance \u00e9conomique mondiale, on arrive \u00e0 avoir une des esp\u00e9rances de vie les plus faibles parmi les pays riches, avec de tr\u00e8s fortes in\u00e9galit\u00e9s. L\u2019un des droits de l\u2019Homme les plus fondamentaux, le droit de vivre, a r\u00e9gress\u00e9 aux \u00c9tats-Unis. \u00bb <\/span><\/p>\n<p><span style=\"color: #777777; font-family: arial;\"> Emmanuel Todd ne cesse de r\u00e9p\u00e9ter que d\u00e9sormais l\u2019esp\u00e9rance de vie moyenne en Russie est sup\u00e9rieure \u00e0 celle des Etats-Unis.<\/span><\/p>\n<p><span style=\"color: #777777; font-family: arial;\">On pourrait se demander : mais comment Elon Musk pensent-ils pouvoir supprimer autant d\u2019emplois publics ? <\/span><\/p>\n<p><span style=\"color: #777777; font-family: arial;\">La r\u00e9ponse est qu\u2019il pense qu\u2019on peut remplacer la plupart d\u2019entre eux, ceux qui gardent une utilit\u00e9 dans son esprit, par de l\u2019intelligence artificielle. C\u2019est ce que raconte dans \u00ab <span style=\"color: #0000ff;\">Le <\/span><a href=\"https:\/\/www.lenouvelespritpublic.fr\/podcasts\/1488\"><span style=\"color: #0000ff;\">nouvel esprit public du 12 janvier<\/span><\/a> \u00bb, <strong>Richard Werly,<\/strong> journaliste et essayiste franco-suisse, qui a fait un long tour des Etats-Unis pendant la campagne \u00e9lectorale de 2024 :<\/span><\/p>\n<p style=\"margin-left: 28pt;\"><span style=\"color: #c00000; font-family: arial;\">\u00ab Et le pire dans tout cela, c\u2019est que cela va donner des r\u00e9sultats. Le cynisme absolu, l\u2019autoritarisme et le talent m\u00e9diatique de l\u2019un, combin\u00e9 aux ressources et \u00e0 la cr\u00e9ativit\u00e9 de l\u2019autre, vont forc\u00e9ment produire des r\u00e9sultats.<br \/>\nOn se demande comment tout cela pourrait tenir, apr\u00e8s les coupes \u00e9normes pr\u00e9vues.<br \/>\nGr\u00e2ce \u00e0 l\u2019intelligence artificielle. Une fois que le m\u00e9nage est fait, on remplace tous ces hauts fonctionnaires par des robots. Cela a l\u2019air d\u00e9lirant, mais j\u2019ai entendu tout cela. C\u2019est ainsi qu\u2019on entend g\u00e9rer l\u2019Am\u00e9rique, qui restera de toute fa\u00e7on la meilleure, dans la mesure o\u00f9 on aura cass\u00e9 les rotules de tous les concurrents g\u00eanants. \u00bb<\/span><\/p>\n<p><span style=\"color: #777777; font-family: arial;\">Dans Lib\u00e9ration, le 15 janvier 2025, Sylvie Laurent, historienne et am\u00e9ricaniste fran\u00e7aise explique que les dirigeants de la tech qui peuplent aujourd\u2019hui l\u2019administration Trump sont les repr\u00e9sentants d\u2019un projet singulier, stade ultime de la fusion entre l\u2019Etat et le capital : \u00ab <a href=\"https:\/\/www.liberation.fr\/idees-et-debats\/tribunes\/comment-les-etats-unis-sont-entres-dans-lere-techno-reactionnaire-par-sylvie-laurent-20250114_VSK775N3HZEGLG46EVRZUYUWMA\/\"><span style=\"color: #0000ff;\">Comment les Etats-Unis sont entr\u00e9s dans l&rsquo;\u00e8re techno-r\u00e9actionnaire<\/span><\/a> \u00bb<br \/>\n.<\/span><\/p>\n<p><span style=\"color: #777777; font-family: arial;\"><img loading=\"lazy\" decoding=\"async\" class=\"alignnone  wp-image-16282\" src=\"https:\/\/lemotdujour.fr\/wp-content\/uploads\/2025\/01\/LEs-tech-chez-Trump.jpg\" alt=\"\" width=\"874\" height=\"614\" srcset=\"https:\/\/lemotdujour.fr\/wp-content\/uploads\/2025\/01\/LEs-tech-chez-Trump.jpg 722w, https:\/\/lemotdujour.fr\/wp-content\/uploads\/2025\/01\/LEs-tech-chez-Trump-300x211.jpg 300w\" sizes=\"auto, (max-width: 874px) 100vw, 874px\" \/><\/span><\/p>\n<p><span style=\"color: #777777; font-family: arial;\">Elle montre que plusieurs d\u2019entre eux sont issus ou ont v\u00e9cus dans l\u2019Afrique du sud de l\u2019apartheid outre Elon Musk, Peter Thiel et David Sacks sont dans ce cas. C\u2019est ainsi qu\u2019elle pense qu\u2019ils sont dans une d\u00e9fense de la minorit\u00e9 blanche. Elle \u00e9crit : <\/span><\/p>\n<p style=\"margin-left: 28pt;\"><span style=\"color: #c00000; font-family: arial;\"> \u00ab L&rsquo;oligarchie est g\u00e9n\u00e9tique. \u00bb <\/span><\/p>\n<p><span style=\"color: #777777; font-family: arial;\">Elle pr\u00e9tend que le natalisme de Musk est une r\u00e9action \u00e0 la peur du d\u00e9clin d\u00e9mographique de l&rsquo;Occident, l&rsquo;obsession de Musk. Inspir\u00e9s par les id\u00e9ologues qu\u2019elle cite, Sylvie Laurent termine son article par cette description : <\/span><\/p>\n<p style=\"margin-left: 28pt;\"><span style=\"color: #c00000; font-family: arial;\"> \u00ab Toute l&rsquo;id\u00e9ologie du monde, et elle est solide chez les techno- r\u00e9actionnaires, n&rsquo;est jamais que l&rsquo;id\u00e9ologie de la classe \u00e0 laquelle ils appartiennent. Les grandes effusions entre ces capitalistes de la tech, Trump et l&rsquo;Etat am\u00e9ricain n&rsquo;ont qu&rsquo;un objectif : obtenir la valorisation de leurs int\u00e9r\u00eats fiscaux et \u00e9conomiques, fusse en siphonnant les budgets publics, de la recherche et du Pentagone, mais aussi en s&rsquo;imposant comme seuls prestataires de missions de service public : remplacer la Federal Reserve et le dollar par les cryptomonnaies, les agences de sant\u00e9 par le transhumanisme, les \u00e9coles publiques par des formations en ligne et autres mooks, les trains \u00e0 grande vitesse par des Tesla ou des Hyperloop, la fibre par des acc\u00e8s au r\u00e9seau Starlink. \u00bb<\/span><\/p>\n<p><span style=\"color: #777777; font-family: arial;\"><u>Le second point c\u2019est l\u2019attaque en r\u00e8gle de Musk et de Trump contre ses alli\u00e9s et notamment contre l\u2019Europe.<\/u> Non seulement ils s\u2019attaquent \u00e0 nos valeurs mais ils s\u2019attaquent aussi \u00e0 nos int\u00e9r\u00eats. Dans le Nouvel Esprit Public, pr\u00e9cit\u00e9 <strong>Jean-Pierre Bourlanges<\/strong> d\u00e9crit la situation : <\/span><\/p>\n<p style=\"margin-left: 28pt;\"><span style=\"color: #c00000; font-family: arial;\">\u00ab On s\u2019est demand\u00e9 pendant quelques mois si l\u2019\u00e9lection de Trump se traduirait par une baisse de la protection am\u00e9ricaine de l\u2019Europe, mais nous n\u2019avions jamais envisag\u00e9 que ce serait lui qui nous ferait la guerre. Or objectivement, c\u2019est ce qui est en train d\u2019arriver avec les menaces sur le Groenland [&#8230;] Ne nous leurrons pas : la situation est r\u00e9ellement hallucinante. Ce qui est en train de se passer est un choc de premi\u00e8re grandeur pour le monde, pour l\u2019Europe, et pour la France. C\u2019est la ploutocratie absolue qui r\u00e8gne d\u00e9sormais. Le conflit d\u2019int\u00e9r\u00eat n\u2019est plus une anomalie ou une exception, il est devenu le moteur de la constitution de l\u2018\u00e9quipe de Donald Trump. \u00bb <\/span><\/p>\n<p><span style=\"color: #777777; font-family: arial;\">\u00ab <strong>Sommes-nous pr\u00eats ?<\/strong> \u00bb est la question qu\u2019a pos\u00e9e \u00ab <a href=\"https:\/\/www.france.tv\/france-5\/c-politique\/saison-16\/6803287-trump-musk-sommes-nous-prets.html\"><span style=\"color: #0000ff;\">C Politique<\/span><\/a> \u00bb du 12 janvier. Les invit\u00e9s tr\u00e8s int\u00e9ressants de cette \u00e9mission <strong>David Dja\u00efz, Asma Mhalla et C\u00e9line Spector<\/strong> sont assez peu confiants dans la capacit\u00e9 europ\u00e9enne de r\u00e9pondre au d\u00e9fi.<\/span><\/p>\n<p>&nbsp;<\/p>\n<p><span style=\"color: #777777; font-family: arial;\">Ce que l&rsquo;on peut constater, c&rsquo;est que l&rsquo;Europe est d\u00e9sunie. Meloni cherche \u00e0 s&rsquo;attirer les bonnes gr\u00e2ces d&rsquo;Elon Musk qui accepte bien volontiers ses avances dans la mesure o\u00f9 des contrats lui sont promis. Orban est ouvertement l&rsquo;alli\u00e9 de Trump. Et l&rsquo;Allemagne si d\u00e9pendante des Etats-Unis pour sa protection et ses exportations n&rsquo;aura qu&rsquo;une id\u00e9e : ne pas contrarier le duo Musk Trump. <\/span><\/p>\n<p><span style=\"color: #777777; font-family: arial;\">Dans le \u00ab Nouvel Esprit Public \u00bb <strong>Nicolas Baverez<\/strong> explique cela tr\u00e8s bien :<\/span><\/p>\n<p style=\"margin-left: 28pt;\"><span style=\"color: #c00000; font-family: arial;\"><br \/>\n\u00ab Il n\u2019y a pas si longtemps, l\u2019adversaire d\u00e9sign\u00e9 \u00e9tait la Chine, mais pour le moment, toutes les cibles des Etats-Unis sont des pays alli\u00e9s, m\u00eame les plus proches (Royaume-Uni et Canada). Cette structure intellectuelle est celle de Vladimir Poutine : Trump est en train de nous expliquer qu\u2019il y a un \u00e9tranger proche des USA (Canada, Panama, Groenland) auquel personne n\u2019a le droit de toucher, et dont on va s\u2019assurer le contr\u00f4le. C\u2019est un raisonnement de sph\u00e8re d\u2019influence, qui n\u2019exclut pas le recours \u00e0 la force. Il n\u2019y a donc plus de respect de la souverainet\u00e9 nationale, ni des fronti\u00e8res, c\u2019est le monde de Poutine, de Xi, d\u2019Erdogan. [\u2026] Olaf Scholz se fait insulter sans m\u00eame r\u00e9pondre, Keir Starmer panique, et Kaja Kallas se contente de rappeler que \u00ab les Etats-Unis restent l\u2019alli\u00e9 privil\u00e9gi\u00e9 de l\u2019Europe \u00bb. Et parall\u00e8lement aux tentatives de division, le duo met sur un pi\u00e9destal Mme Meloni.<br \/>\nC\u2019est une grande le\u00e7on pour l\u2019Europe. L\u2019id\u00e9e de l\u2019UE, selon laquelle elle va r\u00e9guler l\u2019IA et le num\u00e9rique alors qu\u2019elle n\u2019a aucun acteur dans ces secteurs, qu\u2019elle va prendre le leadership de la transition \u00e9cologique alors qu\u2019elle n\u2019a aucun acteur industriel est une chim\u00e8re compl\u00e8te. Comment r\u00e9guler des secteurs dans lesquels on n\u2019a aucun poids ? Sans compter la d\u00e9pendance europ\u00e9enne en mati\u00e8re de D\u00e9fense. Les Etats-Unis de MM. Trump et Musk vont nous faire payer tout cela au prix fort. \u00bb<\/span><\/p>\n<p><span style=\"color: #777777; font-family: arial;\"><strong>Jean-Pierre Bourlanges<\/strong> voudrait trouver un Churchill, mais n\u2019en trouve aucun : <\/span><\/p>\n<p style=\"margin-left: 28pt;\"><span style=\"color: #c00000; font-family: arial;\">\u00ab Car nous sommes dans la m\u00eame situation que Churchill dans son discours pass\u00e9 \u00e0 la post\u00e9rit\u00e9, celui de la \u00ab plus belle heure \u00bb du Royaume-Uni (\u00ab the finest hour \u00bb), o\u00f9 il dit que les Britanniques sont les seuls \u00e0 d\u00e9fendre la civilisation, tout ce en quoi nous croyons, qu\u2019ils doivent mener le combat le plus d\u00e9cisif, \u00e0 l\u2019enjeu le plus \u00e9lev\u00e9, seuls. Et Churchill dans un formidable \u00e9lan d\u2019optimisme proph\u00e9tique, d\u00e9clare que cette heure la plus sombre est aussi la plus belle. L\u2019Europe est dans la m\u00eame situation.<br \/>\nMais est-ce que les Europ\u00e9ens sont capables d\u2019un tel sursaut ? [\u2026]<br \/>\n<span style=\"color: #c00000; font-family: arial;\">Nous sommes dans la situation d\u00e9crite par Churchill ; l\u2019avenir de tout ce que nous avons de meilleur est en train de se jouer en ce moment m\u00eame, et la partie semble tr\u00e8s mal engag\u00e9e. \u00bb<\/span><\/span><\/p>\n<p><span style=\"color: #777777; font-family: arial;\"> Notre probl\u00e8me est double d\u2019abord nous sommes tellement d\u00e9pendants \u00e0 l\u2019\u00e9gard des am\u00e9ricains : de leur technologie, de leur protection militaire, de leur syst\u00e8me financier, de notre incapacit\u00e9 \u00e0 r\u00e9pondre \u00e0 la puissance de l\u2019extraterritorialit\u00e9 de leur justice. <\/span><\/p>\n<p><span style=\"color: #777777; font-family: arial;\">Ensuite, si nous voulions vraiment d\u00e9fendre nos valeurs et nos int\u00e9r\u00eats ,il faudrait aussi que l\u2019immense majorit\u00e9 des europ\u00e9ens soient des citoyens avant d\u2019\u00eatre des consommateurs. Car notre confort de consommateur \u00e0 court terme a beaucoup \u00e0 perdre, si nous voulions vraiment d\u00e9fendre notre citoyennet\u00e9. Mais en agissant ainsi, \u00e0 moyen terme nous perdrons les deux : notre confort de consommateur et nos valeurs citoyennes. <\/span><\/p>\n","protected":false},"excerpt":{"rendered":"<p>\u00ab L\u2019avenir de tout ce que nous avons de meilleur est en train de se jouer en ce moment m\u00eame, et la partie semble tr\u00e8s mal engag\u00e9e. \u00bb Jean-PIerre Bourlanges en analysant l&rsquo;attaque en r\u00e8gle que Trump et Musk lancent<\/p>\n","protected":false},"author":1,"featured_media":0,"comment_status":"open","ping_status":"closed","sticky":false,"template":"","format":"standard","meta":{"footnotes":""},"categories":[1],"tags":[65,50,3],"class_list":["post-16280","post","type-post","status-publish","format-standard","hentry","category-motdujour","tag-etats-unis","tag-europe","tag-politique"],"_links":{"self":[{"href":"https:\/\/lemotdujour.fr\/index.php?rest_route=\/wp\/v2\/posts\/16280","targetHints":{"allow":["GET"]}}],"collection":[{"href":"https:\/\/lemotdujour.fr\/index.php?rest_route=\/wp\/v2\/posts"}],"about":[{"href":"https:\/\/lemotdujour.fr\/index.php?rest_route=\/wp\/v2\/types\/post"}],"author":[{"embeddable":true,"href":"https:\/\/lemotdujour.fr\/index.php?rest_route=\/wp\/v2\/users\/1"}],"replies":[{"embeddable":true,"href":"https:\/\/lemotdujour.fr\/index.php?rest_route=%2Fwp%2Fv2%2Fcomments&post=16280"}],"version-history":[{"count":6,"href":"https:\/\/lemotdujour.fr\/index.php?rest_route=\/wp\/v2\/posts\/16280\/revisions"}],"predecessor-version":[{"id":16287,"href":"https:\/\/lemotdujour.fr\/index.php?rest_route=\/wp\/v2\/posts\/16280\/revisions\/16287"}],"wp:attachment":[{"href":"https:\/\/lemotdujour.fr\/index.php?rest_route=%2Fwp%2Fv2%2Fmedia&parent=16280"}],"wp:term":[{"taxonomy":"category","embeddable":true,"href":"https:\/\/lemotdujour.fr\/index.php?rest_route=%2Fwp%2Fv2%2Fcategories&post=16280"},{"taxonomy":"post_tag","embeddable":true,"href":"https:\/\/lemotdujour.fr\/index.php?rest_route=%2Fwp%2Fv2%2Ftags&post=16280"}],"curies":[{"name":"wp","href":"https:\/\/api.w.org\/{rel}","templated":true}]}}