{"id":16268,"date":"2025-01-16T00:52:15","date_gmt":"2025-01-15T23:52:15","guid":{"rendered":"https:\/\/lemotdujour.fr\/?p=16268"},"modified":"2025-05-26T17:08:35","modified_gmt":"2025-05-26T15:08:35","slug":"jeudi-16-janvier-2025","status":"publish","type":"post","link":"https:\/\/lemotdujour.fr\/?p=16268","title":{"rendered":"Jeudi 16 janvier 2025"},"content":{"rendered":"<div class=\"mdjTexte\">\u00ab Vous \u00eates les m\u00e9dias, maintenant ! \u00bb<\/div>\n<div class=\"mdjAuteur\">Tweet d\u2019Elon Musk sur X, le lendemain de l\u2019\u00e9lection de Donald Trump \u00e0 la pr\u00e9sidence des Etats-Unis<\/div>\n<p><span style=\"color: #777777; font-family: arial;\">Le quatri\u00e8me \u00e9pisode que France Culture lui consacre a pour titre \u00ab <a href=\"https:\/\/www.radiofrance.fr\/franceculture\/podcasts\/france-culture-va-plus-loin-l-invite-e-des-matins\/elon-musk-l-homme-le-plus-puissant-d-amerique-3216800\"><span style=\"color: #0000ff;\">Elon Musk, l\u2019homme le plus puissant d\u2019Am\u00e9rique ?<\/span><\/a> \u00bb. <\/span><\/p>\n<p><span style=\"color: #777777; font-family: arial;\">Et voil\u00e0 qu\u2019en 2022, Elon Musk ach\u00e8te \u00ab <strong>Twitter<\/strong> \u00bb pour 43 milliards de dollars. C\u2019est une entreprise peu rentable. Ce n\u2019est pas pour l\u2019argent qu\u2019il va acheter ce r\u00e9seau social.<\/span><\/p>\n<p><span style=\"color: #777777; font-family: arial;\">Fran\u00e7ois Saltiel :<br \/>\n<\/span><\/p>\n<p style=\"margin-left: 28pt;\"><span style=\"color: #c00000; font-family: arial;\">\u00ab C\u2019est vraiment l\u2019achat de Twitter qui va le plonger dans l\u2019ar\u00e8ne id\u00e9ologique et politique. Il va adh\u00e9rer \u00e0 Donald Trump car c\u2019est lui qui est le mieux plac\u00e9 pour propulser ses id\u00e9es. \u00bb<\/span><\/p>\n<p><span style=\"color: #777777; font-family: arial;\">Elon Musk n\u2019a pas le d\u00e9sir de devenir Pr\u00e9sident des Etats-Unis, nonobstant le fait qu\u2019il ne peut pas se pr\u00e9senter \u00e0 l\u2019\u00e9lection pr\u00e9sidentielle parce que seul les \u00e9tats-uniens de naissance disposent de ce droit. <\/span><\/p>\n<p><span style=\"color: #777777; font-family: arial;\">Fran\u00e7ois Saltiel insiste sur le fait que m\u00eame s\u2019il le pouvait, il ne le souhaiterait pas parce que les libertariens ne consid\u00e8rent pas que le pr\u00e9sident est l\u2019homme qui a le plus de pouvoir.<br \/>\n<\/span><\/p>\n<p><span style=\"color: #777777; font-family: arial;\">Fran\u00e7ois Saltiel cite Peter Thiel qui est un grand joueur d\u2019\u00e9chec :<br \/>\n<\/span><\/p>\n<p style=\"margin-left: 28pt;\"><span style=\"color: #c00000; font-family: arial;\">\u00ab L\u2019\u00e9quivalent sur l\u2019\u00e9chiquier du pr\u00e9sident des Etats-Unis c\u2019est le Roi.<br \/>\nLe Roi n\u2019a pas beaucoup de capacit\u00e9. Il se d\u00e9place comme un pion. C\u2019est la pi\u00e8ce qui a certes le plus grand pouvoir symbolique, mais la plus vuln\u00e9rable.<br \/>\nQui prot\u00e8ge le Roi ?<br \/>\nLa Dame et le Fou, \u00e7a ce sont les pi\u00e8ces qui comptent.<br \/>\nCe sont les r\u00f4les que veulent avoir Elon Musk et Peter Thiel. Le Roi ils n\u2019ont pas envie de l\u2019\u00eatre : avoir la couronne mais ne pas avoir la puissance. Musk se rapproche de Trump, mais il ne veut pas \u00eatre \u00e0 sa place. Il veut continuer \u00e0 d\u00e9velopper ses entreprises, continuer \u00e0 se servir de Donald Trump pour v\u00e9hiculer ses id\u00e9es. \u00bb<\/span><\/p>\n<p><span style=\"color: #777777; font-family: arial;\">Dans cet \u00e9pisode, on entend Elon Musk r\u00e9pondre \u00e0 une interview, sur France 2, en juin 2023 : <\/span><\/p>\n<p style=\"margin-left: 28pt;\"><span style=\"color: #c00000; font-family: arial;\">\u00ab <em>Vous \u00eates re\u00e7u comme un chef d\u2019\u00c9tat, y compris par le Pr\u00e9sident chinois. Est-ce que vous voudriez \u00eatre Pr\u00e9sident des Etats-Unis ?<\/em><br \/>\nNon je n\u2019ai pas envie !<\/span><\/p>\n<p style=\"margin-left: 28pt;\"><span style=\"color: #c00000; font-family: arial;\"><em>Pourquoi ?<\/em><br \/>\n<span style=\"color: #c00000; font-family: arial;\">Vous savez les gens imaginent quelquefois que le Pr\u00e9sident des Etats-Unis est dans un poste extr\u00eamement puissant. Alors, oui d\u2019une certaine fa\u00e7on, bien s\u00fbr. Mais la constitution am\u00e9ricaine est telle que le Pr\u00e9sident est dans une position tr\u00e8s limit\u00e9e, en fait.<br \/>\nPr\u00e9sident c\u2019est un peu comme \u00eatre le capitaine d\u2019un tr\u00e8s grand bateau, avec une toute petite rame, ou un petit gouvernail. [gros rire] Vous \u00eates accus\u00e9 de tout et vous ne pouvez rien faire.<\/span><\/span><\/p>\n<p style=\"margin-left: 28pt;\"><span style=\"color: #c00000; font-family: arial;\"><em>Vous \u00eates en train de dire que vous \u00eates plus puissant que le Pr\u00e9sident des Etats-Unis ?<\/em><br \/>\n<span style=\"color: #c00000; font-family: arial;\">Alors disons que je ne peux pas d\u00e9clarer la guerre ! \u00bb<\/span><\/span><\/p>\n<p><span style=\"color: #777777; font-family: arial;\">Elon Musk a reconnu avoir vot\u00e9 d\u00e9mocrate pendant longtemps. Parmi les libertariens de la Silicon Valley, seul Peter Thiel avait os\u00e9, d\u00e8s 2016, soutenir Donald Trump.<br \/>\nMais Musk va changer de camp.<\/span><\/p>\n<p><span style=\"color: #777777; font-family: arial;\"> Il se lance, selon lui, dans un combat pour la libert\u00e9 d\u2019expression. C\u2019est semble t\u2019il son argument principal pour le rachat de twitter.<br \/>\n<\/span><\/p>\n<p><span style=\"color: #777777; font-family: arial;\">Elon Musk :<br \/>\n<\/span><\/p>\n<p style=\"margin-left: 28pt;\"><span style=\"color: #c00000; font-family: arial;\">\u00ab Il est important que les gens aient le sentiment de s\u2019exprimer librement. Et que ce soit une r\u00e9alit\u00e9. \u00bb<\/span><\/p>\n<p><span style=\"color: #777777; font-family: arial;\">Mais un autre combat ; id\u00e9ologique, va le motiver : un rejet profond du progressisme et du \u00ab wokisme \u00bb, mouvement qu\u2019il associe \u00e0 une menace personnelle et sociale.<\/span><\/p>\n<p><span style=\"color: #777777; font-family: arial;\">Elon Musk a eu 12 enfants. C\u2019est un nataliste, il croit que la baisse de natalit\u00e9 conduirait \u00e0 un effondrement de la civilisation. <\/span><\/p>\n<p><span style=\"color: #777777; font-family: arial;\">En 2022, son ain\u00e9 d\u00e9cide de changer de genre, il d\u00e9cide de devenir une femme. Constatons que 2022 est aussi la date d\u2019achat de twitter par Musk.<br \/>\n<\/span><\/p>\n<p><span style=\"color: #777777; font-family: arial;\">Elon Musk n\u2019accepte pas cette transition, il se lamente dans les m\u00e9dias :<br \/>\n<\/span><\/p>\n<p style=\"margin-left: 28pt;\"><span style=\"color: #c00000; font-family: arial;\">\u00ab Le wokisme a tu\u00e9 mon enfant \u00bb.<\/span><\/p>\n<p><span style=\"color: #777777; font-family: arial;\"><img loading=\"lazy\" decoding=\"async\" class=\"wp-image-16272 alignleft\" src=\"https:\/\/lemotdujour.fr\/wp-content\/uploads\/2025\/01\/Vivian-Jenna-Wilson-Musk-Wilson.jpg\" alt=\"\" width=\"218\" height=\"289\" srcset=\"https:\/\/lemotdujour.fr\/wp-content\/uploads\/2025\/01\/Vivian-Jenna-Wilson-Musk-Wilson.jpg 291w, https:\/\/lemotdujour.fr\/wp-content\/uploads\/2025\/01\/Vivian-Jenna-Wilson-Musk-Wilson-226x300.jpg 226w\" sizes=\"auto, (max-width: 218px) 100vw, 218px\" \/>Il d\u00e9clare renier son enfant. Le fils devenu fille d\u00e9cide de prendre le nom de sa m\u00e8re et de s\u2019appeler d\u00e9sormais : Vivian Jenna Wilson. Elle d\u00e9cidera aussi, le lendemain de l\u2019\u00e9lection de Donald Trump de <a href=\"https:\/\/www.lefigaro.fr\/international\/je-ne-vois-pas-mon-avenir-aux-etats-unis-la-fille-transgenre-d-elon-musk-annonce-vouloir-quitter-le-pays-20241108\"><span style=\"color: #0000ff;\">quitter les Etats-Unis<\/span><\/a>. <\/span><\/p>\n<p><span style=\"color: #777777; font-family: arial;\">Elle explique :<br \/>\n<\/span><\/p>\n<p style=\"margin-left: 28pt;\"><span style=\"color: #c00000; font-family: arial;\">\u00ab Je ne vois pas mon avenir aux \u00c9tats-Unis [\u2026] La journ\u00e9e d\u2019hier (de l\u2019\u00e9lection) me l\u2019a confirm\u00e9. M\u00eame si Donald Trump ne reste au pouvoir que quatre ans, m\u00eame si les r\u00e9glementations anti-trans ne sont pas appliqu\u00e9es comme par magie, les gens qui ont vot\u00e9 pour lui ne vont pas s\u2019en aller de sit\u00f4t. \u00bb.<\/span><\/p>\n<p><span style=\"color: #777777; font-family: arial;\">Le p\u00e8re et la fille s\u2019invectivent sur les m\u00e9dias sociaux, la fille traite Musk de \u00ab p\u00e8re absent \u00bb, \u00ab froid \u00bb, \u00ab cruel \u00bb, et \u00ab narcissique \u00bb. <\/span><\/p>\n<p><span style=\"color: #777777; font-family: arial;\">L\u2019achat de Twitter \u00e9tait certainement programm\u00e9 avant, mais cet \u00e9pisode de la vie d\u2019Elon Musk va le conduire \u00e0 un tournant id\u00e9ologique dans son utilisation d\u2019X, non seulement comme outil de communication, mais aussi comme plateforme de lutte culturelle et politique. Depuis son acquisition par Elon Musk, X incarne une vision radicale de la libert\u00e9 d\u2019expression au d\u00e9triment de la v\u00e9racit\u00e9 des faits et de la mod\u00e9ration. Cette plateforme devient un levier de polarisation et de d\u00e9sinformation. <\/span><\/p>\n<p><span style=\"color: #777777; font-family: arial;\">Fran\u00e7ois Saltiel explique :<\/span><\/p>\n<p style=\"margin-left: 28pt;\"><span style=\"color: #c00000; font-family: arial;\">\u00ab En r\u00e9duisant la mod\u00e9ration, il cultive ce en quoi il croit, la libert\u00e9 d\u2019expression \u00e0 tout crin, provoquant une forme de chaos informationnel o\u00f9 tout le monde, en \u00e9change de paiement, pouvait s&rsquo;offrir de la visibilit\u00e9. \u00bb<\/span><\/p>\n<p><span style=\"color: #777777; font-family: arial;\">En s\u2019emparant de X il va r\u00e9int\u00e9grer de nombreux comptes qui ont \u00e9t\u00e9 exclus, notamment celui de Trump, il va supprimer la mod\u00e9ration, virer une grande partie du personnel et le remplacer par des collaborateurs \u00e0 ses ordres.<\/span><\/p>\n<p><span style=\"color: #777777; font-family: arial;\">Il va utiliser X comme instrument de propagande au profit de Trump.<br \/>\n<\/span><\/p>\n<p><span style=\"color: #777777; font-family: arial;\">Guillaume Erner raconte qu\u2019il a envoy\u00e9 un message aux utilisateurs arabes pour leur dire que Kamala Harris va favoriser Isra\u00ebl et un message aux utilisateurs juifs disant que Kamala Harris m\u00e8nera une politique favorable aux Hamas. Il ne recule devant aucun mensonge.<\/span><\/p>\n<p><span style=\"color: #777777; font-family: arial;\">Au lendemain de la victoire de Trump, Elon Musk a simplement publi\u00e9 sur X :<br \/>\n<\/span><\/p>\n<p style=\"margin-left: 28pt;\"><span style=\"color: #c00000; font-family: arial;\">\u00ab Vous \u00eates les m\u00e9dias, maintenant. \u00bb<\/span><\/p>\n<p><span style=\"color: #777777; font-family: arial;\">\u00ab <a href=\"https:\/\/www.lemonde.fr\/idees\/article\/2024\/11\/18\/ce-qu-elon-musk-appelle-le-journalisme-citoyen-n-est-autre-qu-une-arme-de-destruction-massive-de-la-realite-factuelle_6401113_3232.html\"><span style=\"color: #0000ff;\">Le Monde<\/span><\/a> \u00bb analyse : <\/span><\/p>\n<p style=\"margin-left: 28pt;\"><span style=\"color: #c00000; font-family: arial;\">\u00ab Vous \u00eates les m\u00e9dias, maintenant. \u00bb Ce tweet d\u2019Elon Musk, publi\u00e9 le 6 novembre et vu plus de 105 millions de fois, n\u2019a pas seulement mis en lumi\u00e8re la croisade que m\u00e8ne l\u2019homme le plus riche du monde contre les m\u00e9dias traditionnels.<br \/>\nIl marque sans doute l\u2019entr\u00e9e dans un nouveau r\u00e9gime informationnel, domin\u00e9 par les m\u00e9dias sociaux, dont le mod\u00e8le \u00e9conomique est indiff\u00e9rent \u00e0 la qualit\u00e9 et \u00e0 la v\u00e9racit\u00e9 de l\u2019information qu\u2019ils propagent.<br \/>\nA bien des \u00e9gards, Elon Musk incarne mieux que personne la nouvelle dynamique entre influenceurs, algorithmes et foules num\u00e9riques, d\u00e9crite par Ren\u00e9e DiResta dans Invisible Rulers (\u00ab dirigeants invisibles \u00bb, PublicAffairs, 2024, non traduit) et qui constitue le creuset d\u2019une part croissante de l\u2019information parvenant sur nos \u00e9crans, au d\u00e9triment de celle qui \u00e9mane des m\u00e9dias traditionnels. \u00bb<\/span><\/p>\n<p><span style=\"color: #777777; font-family: arial;\">Guillaume Erner et Fran\u00e7ois Saltiel insistent aussi sur le caract\u00e8re eug\u00e9niste d\u2019Elon Musk et sa d\u00e9fiance \u00e0 l\u2019\u00e9gard de la d\u00e9mocratie : <\/span><\/p>\n<p style=\"margin-left: 28pt;\"><span style=\"color: #c00000; font-family: arial;\">\u00ab A la fin, seuls les plus intelligents vaincrons. A la fin ce que veut r\u00e9aliser Elon Musk c\u2019est de saper la d\u00e9mocratie. Il ne croit pas en la d\u00e9mocratie. Il croit en une \u00e9lite qui va arriver au pouvoir et qui saura mieux que les autres ce qui est bon pour l\u2019humanit\u00e9, le bas peuple.<\/span><\/p>\n<p>C\u2019est pour cela aussi qu\u2019il fait 11 enfants (un est mort en bas \u00e2ge) parce qu\u2019il estime qu\u2019il a un QI extraordinaire et qu\u2019il faut qu\u2019il puisse se reproduire. \u00bb<\/p>\n<p><span style=\"color: #777777; font-family: arial;\">Lors du mot du jour consacr\u00e9 \u00e0 la victoire de Donald Trump, j\u2019avais cit\u00e9 Peter Thiel qui \u00e9tait encore plus explicite : <\/span><\/p>\n<p style=\"margin-left: 28pt;\"><span style=\"color: #c00000; font-family: arial;\">\u00ab Je ne crois plus d\u00e9sormais que la libert\u00e9 et la d\u00e9mocratie sont compatibles. [\u2026] Les ann\u00e9es 1920 furent la derni\u00e8re d\u00e9cennie dans l\u2019histoire am\u00e9ricaine o\u00f9 l\u2019on pouvait \u00eatre parfaitement optimiste \u00e0 propos de la politique. Depuis 1920, l\u2019augmentation consid\u00e9rable des b\u00e9n\u00e9ficiaires de l\u2019aide sociale et l\u2019extension du droit de vote aux femmes \u2013 deux coups notoirement durs pour les libertariens \u2013 ont fait de la notion de \u00ab d\u00e9mocratie capitaliste \u00bb un oxymore. \u00bb<\/span><\/p>\n<p><span style=\"color: #777777; font-family: arial;\">Fran\u00e7ois Saltiel conclut :<\/span><\/p>\n<p style=\"margin-left: 28pt;\"><span style=\"color: #c00000; font-family: arial;\">\u00ab Nous avons mis finalement le destin de la d\u00e9mocratie am\u00e9ricaine dans les mains d\u2019un entrepreneur un peu fou, un peu dingue, un peu g\u00e9nial, un peu mal\u00e9fique, qui rigole et qui prend les choses avec d\u00e9rision. Sa posture, m\u00ealant humour noir et strat\u00e9gies de domination, d\u00e9stabilise les valeurs traditionnelles des d\u00e9mocraties occidentales. \u00bb<\/span><\/p>\n<p><span style=\"color: #777777; font-family: arial;\">R\u00e9gis Debray avait expliqu\u00e9 que l\u00e0 o\u00f9 l\u2019Etat recule, et c\u2019est le combat que poursuivent Musk, Thiel et les autres, ce sont les mafias et les religieux qui prennent la place\u2026<br \/>\n<\/span><\/p>\n<p><span style=\"color: #777777; font-family: arial;\">Que ces transhumanistes r\u00e9actionnaires constituent une sorte de mafia, rel\u00e8ve de l\u2019\u00e9vidence, leurs croyances et leurs visions messianiques rappellent par leur fanatisme, le pire des religions.<br \/>\n<\/span><\/p>\n<p><span style=\"color: #777777; font-family: arial;\">Peut-\u00eatre comme le pr\u00e9disent certains, tous ces males alpha ne pourront pas s\u2019emp\u00eacher de se battre pour qu\u2019il n\u2019en subsiste plus qu\u2019un et que dans ces disputes, ils se neutralisent.<br \/>\n<\/span><\/p>\n<p><span style=\"color: #777777; font-family: arial;\">C\u2019est un espoir fragile, mais possible.<br \/>\n<\/span><\/p>\n","protected":false},"excerpt":{"rendered":"<p>\u00ab Vous \u00eates les m\u00e9dias, maintenant ! \u00bb Tweet d\u2019Elon Musk sur X, le lendemain de l\u2019\u00e9lection de Donald Trump \u00e0 la pr\u00e9sidence des Etats-Unis Le quatri\u00e8me \u00e9pisode que France Culture lui consacre a pour titre \u00ab Elon Musk, l\u2019homme<\/p>\n","protected":false},"author":1,"featured_media":0,"comment_status":"open","ping_status":"closed","sticky":false,"template":"","format":"standard","meta":{"footnotes":""},"categories":[1],"tags":[65,49,32,3],"class_list":["post-16268","post","type-post","status-publish","format-standard","hentry","category-motdujour","tag-etats-unis","tag-futur","tag-numerique","tag-politique"],"_links":{"self":[{"href":"https:\/\/lemotdujour.fr\/index.php?rest_route=\/wp\/v2\/posts\/16268","targetHints":{"allow":["GET"]}}],"collection":[{"href":"https:\/\/lemotdujour.fr\/index.php?rest_route=\/wp\/v2\/posts"}],"about":[{"href":"https:\/\/lemotdujour.fr\/index.php?rest_route=\/wp\/v2\/types\/post"}],"author":[{"embeddable":true,"href":"https:\/\/lemotdujour.fr\/index.php?rest_route=\/wp\/v2\/users\/1"}],"replies":[{"embeddable":true,"href":"https:\/\/lemotdujour.fr\/index.php?rest_route=%2Fwp%2Fv2%2Fcomments&post=16268"}],"version-history":[{"count":5,"href":"https:\/\/lemotdujour.fr\/index.php?rest_route=\/wp\/v2\/posts\/16268\/revisions"}],"predecessor-version":[{"id":16459,"href":"https:\/\/lemotdujour.fr\/index.php?rest_route=\/wp\/v2\/posts\/16268\/revisions\/16459"}],"wp:attachment":[{"href":"https:\/\/lemotdujour.fr\/index.php?rest_route=%2Fwp%2Fv2%2Fmedia&parent=16268"}],"wp:term":[{"taxonomy":"category","embeddable":true,"href":"https:\/\/lemotdujour.fr\/index.php?rest_route=%2Fwp%2Fv2%2Fcategories&post=16268"},{"taxonomy":"post_tag","embeddable":true,"href":"https:\/\/lemotdujour.fr\/index.php?rest_route=%2Fwp%2Fv2%2Ftags&post=16268"}],"curies":[{"name":"wp","href":"https:\/\/api.w.org\/{rel}","templated":true}]}}