{"id":16245,"date":"2025-01-15T00:39:29","date_gmt":"2025-01-14T23:39:29","guid":{"rendered":"https:\/\/lemotdujour.fr\/?p=16245"},"modified":"2025-01-15T01:40:30","modified_gmt":"2025-01-15T00:40:30","slug":"mercredi-15-janvier-2025","status":"publish","type":"post","link":"https:\/\/lemotdujour.fr\/?p=16245","title":{"rendered":"Mercredi 15 janvier 2025"},"content":{"rendered":"<div class=\"mdjTexte\">\u00ab Beaucoup de choses sont improbables, seules quelques-unes sont impossibles ! \u00bb<\/div>\n<div class=\"mdjAuteur\">Elon Musk<\/div>\n<p><span style=\"color: #777777; font-family: arial;\"><br \/>\nEn 2002, <strong>Elon Musk<\/strong> et <strong>Peter Thiel<\/strong> vendent \u00ab <strong>Paypal <\/strong>\u00bb \u00e0 \u00ab E Bay \u00bb pour une somme de 1,5 milliards de dollars. Lors de cet vente les relations entre les deux hommes vont se d\u00e9t\u00e9riorer.<\/span><\/p>\n<p><span style=\"color: #777777; font-family: arial;\">Ne perdant pas de temps, cette m\u00eame ann\u00e9e 2002, Musk fonde \u00ab <strong>SpaceX<\/strong> \u00bb, un fabricant a\u00e9rospatial et une soci\u00e9t\u00e9 de services de transport spatial. Il en est le PDG.<\/span><\/p>\n<p><span style=\"color: #777777; font-family: arial;\">Le troisi\u00e8me \u00e9pisode que France Culture lui consacre a pour titre : \u00ab <a href=\"https:\/\/www.radiofrance.fr\/franceculture\/podcasts\/france-culture-va-plus-loin-l-invite-e-des-matins\/de-tesla-a-starlink-un-serial-entrepreneur-dans-la-silicon-valley-4906602\"><span style=\"color: #0000ff;\">De Tesla \u00e0 Starlink, un serial entrepreneur dans la Silicon Valley<\/span><\/a> \u00bb<\/span><\/p>\n<p><span style=\"color: #777777; font-family: arial;\">Cet \u00e9pisode raconte ce qui se passe deux ans plus tard.<\/span><\/p>\n<p><span style=\"color: #777777; font-family: arial;\">Elon Musk va investir 6,5 millions de dollars dans une modeste entreprise appel\u00e9e \u00ab <strong>Tesla<\/strong> \u00bb et qui avait \u00e9t\u00e9 fond\u00e9e, un an auparavant, par deux passionn\u00e9s d\u2019\u00e9nergie durable : Martin Eberhard et Marc Tarpenning.<\/span><\/p>\n<p><span style=\"color: #777777; font-family: arial;\">Pour cette petite soci\u00e9t\u00e9, l\u2019investissement de Musk est \u00e9norme, pour ce dernier il ne s\u2019agit que d\u2019une fraction de sa fortune.<\/span><\/p>\n<p><span style=\"color: #777777; font-family: arial;\">Elon Musk va par ses id\u00e9es r\u00e9volutionnaires et un marketing forcen\u00e9 rendre cette marque mondialement c\u00e9l\u00e8bre.<\/span><\/p>\n<p><span style=\"color: #777777; font-family: arial;\">Il s\u2019agit bien s\u00fbr d\u2019un groupe d\u2019informaticiens qui vont cr\u00e9er une voiture technologique qui allie le physique : le ch\u00e2ssis, le moteur \u00e9lectrique et le logiciel.<\/span><\/p>\n<p><span style=\"color: #777777; font-family: arial;\">Les constructeurs automobiles, comme G\u00e9n\u00e9ral Motors, ne voient rien venir, ne comprennent pas cette concurrence qui ne vient pas de leur monde.<\/span><\/p>\n<p><span style=\"color: #777777; font-family: arial;\">C\u2019est exactement la m\u00eame erreur que les grands distributeurs, qui venaient du monde de l\u2019\u00e9picerie, ont commis \u00e0 l\u2019\u00e9gard d\u2019Amazon de Jeff Bezos qui est la cr\u00e9ation de logisticiens totalement ins\u00e9r\u00e9s dans le monde informatique.<\/span><\/p>\n<p><span style=\"color: #777777; font-family: arial;\">Au d\u00e9but Tesla travaille sur un mod\u00e8le appel\u00e9 \u00ab <a href=\"https:\/\/fr.wikipedia.org\/wiki\/Tesla_Roadster_(premi%C3%A8re_g%C3%A9n%C3%A9ration)\"><span style=\"color: #0000ff;\"><strong>Roadster<\/strong><\/span><\/a> \u00bb qui est bas\u00e9 sur le ch\u00e2ssis de la \u00ab Lotus Ellise \u00bb qui \u00e9tait une voiture de sport assez peu utilisable pour la route.<\/span><\/p>\n<p><img loading=\"lazy\" decoding=\"async\" class=\"alignnone size-full wp-image-16260\" src=\"https:\/\/lemotdujour.fr\/wp-content\/uploads\/2025\/01\/Lotus-Elise-TEsla-Radster-1.jpg\" alt=\"\" width=\"858\" height=\"325\" srcset=\"https:\/\/lemotdujour.fr\/wp-content\/uploads\/2025\/01\/Lotus-Elise-TEsla-Radster-1.jpg 858w, https:\/\/lemotdujour.fr\/wp-content\/uploads\/2025\/01\/Lotus-Elise-TEsla-Radster-1-300x114.jpg 300w, https:\/\/lemotdujour.fr\/wp-content\/uploads\/2025\/01\/Lotus-Elise-TEsla-Radster-1-768x291.jpg 768w\" sizes=\"auto, (max-width: 858px) 100vw, 858px\" \/><\/p>\n<p><span style=\"color: #777777; font-family: arial;\">Sa batterie au lithium-ion donne au Tesla Roadster une autonomie de 370 km. Elle se recharge en cinq heures. Elle est vendue aux environs de 84 000 euros et Tesla a vendu environ 2 450 Roadsters dans plus de 30 pays (<em>source Wikipedia<\/em>)<\/span><\/p>\n<p><span style=\"color: #777777; font-family: arial;\">Les d\u00e9buts sont difficiles\u2026<\/span><\/p>\n<p><span style=\"color: #777777; font-family: arial;\">Elon Musk (PDG de Tesla et SpaceX) d\u00e9cide d\u2019envoyer un Tesla Roadster dans l&rsquo;espace vers Mars lors du premier vol de la fus\u00e9e Falcon Heavy. Le lancement, effectu\u00e9 le 6 f\u00e9vrier 2018, est r\u00e9ussi. La voiture est d\u00e9sormais en orbite autour du soleil, entre la Terre et Mars.<\/span><\/p>\n<p><span style=\"color: #777777; font-family: arial;\">Le second mod\u00e8le qu\u2019il cr\u00e9era sera une berline luxueuse le \u00ab <a href=\"https:\/\/fr.wikipedia.org\/wiki\/Tesla_Model_S\"><span style=\"color: #0000ff;\"><strong>model S<\/strong><\/span><\/a> \u00bb qui sera vendu environ 100 000 $ et qui est commercialis\u00e9 \u00e0 partir de juin 2012.<\/span><\/p>\n<p><span style=\"color: #777777; font-family: arial;\">Et apr\u00e8s un troisi\u00e8me mod\u00e8le le \u00ab <a href=\"https:\/\/fr.wikipedia.org\/wiki\/Tesla_Model_X\"><span style=\"color: #0000ff;\"><strong>model X<\/strong><\/span><\/a> \u00bb commercialis\u00e9 aux USA en septembre 2015, Elon Musk voudra d\u00e9mocratiser la voiture \u00e9lectrique en cr\u00e9ant le \u00ab <a href=\"https:\/\/fr.wikipedia.org\/wiki\/Tesla_Model_3\"><span style=\"color: #0000ff;\"><strong>model 3<\/strong><\/span><\/a> \u00bb qui est le quatri\u00e8me mod\u00e8le et vaudra 35 000 $. Les premiers mod\u00e8les sortiront en juillet 2017. Le Model 3, initialement moqu\u00e9 pour des probl\u00e8mes de production, finit par devenir un succ\u00e8s retentissant.<\/span><\/p>\n<p><span style=\"color: #777777; font-family: arial;\">Il sera produit en beaucoup plus grand nombre et le principal lieu de production sera la <strong>Gigafactory de Shanga\u00ef<\/strong> en Chine.<\/span><\/p>\n<figure id=\"attachment_16253\" aria-describedby=\"caption-attachment-16253\" style=\"width: 728px\" class=\"wp-caption alignnone\"><img loading=\"lazy\" decoding=\"async\" class=\"size-full wp-image-16253\" src=\"https:\/\/lemotdujour.fr\/wp-content\/uploads\/2025\/01\/Tesla_Gigafactory_Shanghai-en-2024.png\" alt=\"\" width=\"728\" height=\"364\" srcset=\"https:\/\/lemotdujour.fr\/wp-content\/uploads\/2025\/01\/Tesla_Gigafactory_Shanghai-en-2024.png 728w, https:\/\/lemotdujour.fr\/wp-content\/uploads\/2025\/01\/Tesla_Gigafactory_Shanghai-en-2024-300x150.png 300w\" sizes=\"auto, (max-width: 728px) 100vw, 728px\" \/><figcaption id=\"caption-attachment-16253\" class=\"wp-caption-text\">Tesla Gigafactory Shanghai en 2024<\/figcaption><\/figure>\n<p><span style=\"color: #777777; font-family: arial;\">En 2020 est produit le \u00ab <a href=\"https:\/\/fr.wikipedia.org\/wiki\/Tesla_Model_Y\"><span style=\"color: #0000ff;\"><strong>Model Y<\/strong><\/span><\/a> \u00bb . Il est le cinqui\u00e8me mod\u00e8le de l&rsquo;histoire de ce constructeur, et se pr\u00e9sente comme une version sur\u00e9lev\u00e9e du Model 3. En 2023, il devient le mod\u00e8le le plus vendu en Europe, toutes \u00e9nergies confondues. <\/span><\/p>\n<figure id=\"attachment_16255\" aria-describedby=\"caption-attachment-16255\" style=\"width: 360px\" class=\"wp-caption alignleft\"><img loading=\"lazy\" decoding=\"async\" class=\"size-full wp-image-16255\" src=\"https:\/\/lemotdujour.fr\/wp-content\/uploads\/2025\/01\/Tesla-Model-Y.jpg\" alt=\"\" width=\"360\" height=\"195\" srcset=\"https:\/\/lemotdujour.fr\/wp-content\/uploads\/2025\/01\/Tesla-Model-Y.jpg 360w, https:\/\/lemotdujour.fr\/wp-content\/uploads\/2025\/01\/Tesla-Model-Y-300x163.jpg 300w\" sizes=\"auto, (max-width: 360px) 100vw, 360px\" \/><figcaption id=\"caption-attachment-16255\" class=\"wp-caption-text\">Tesla Model Y<\/figcaption><\/figure>\n<p><span style=\"color: #777777; font-family: arial;\">En mars 2020, Tesla avait annonc\u00e9 la production de la millioni\u00e8me Tesla depuis le lancement de la marque. Il s&rsquo;agit d&rsquo;un Model Y de couleur rouge.<\/span><\/p>\n<p><span style=\"color: #777777; font-family: arial;\"><strong>Guillaume Erner<\/strong>, grand connaisseur de voiture explique : <\/span><\/p>\n<p style=\"margin-left: 28pt;\"><span style=\"color: #c00000; font-family: arial;\"> \u00ab Ce sont des voitures extr\u00eamement performantes, qui vont tr\u00e8s vite. [\u2026] Il va cr\u00e9er un v\u00e9ritable \u00e9co syst\u00e8me, un peu de la m\u00eame fa\u00e7on qu\u2019Apple qui a cr\u00e9\u00e9 un certain nombre d\u2019objets qui n\u2019existaient pas avant. \u00bb <\/span><\/p>\n<p><span style=\"color: #777777; font-family: arial;\">C\u2019est un peu exag\u00e9r\u00e9, la voiture existait avant\u2026 Mais une voiture Tesla constitue une v\u00e9ritable rupture avec ce qui existait. Ce qui existait, c\u2019\u00e9tait des voitures avec un ordinateur de bord qui s\u2019y rajoutait. La Tesla est une application informatique qui dirige une voiture. La vocation de l&rsquo;application informatique est de rendre cette voiture autonome pouvant se passer d&rsquo;un conducteur humain.<br \/>\n<\/span><\/p>\n<p><span style=\"color: #777777; font-family: arial;\">Fran\u00e7ois Saltiel ajoute :<br \/>\n<\/span><\/p>\n<p style=\"margin-left: 28pt;\"><span style=\"color: #c00000; font-family: arial;\">\u00ab Poss\u00e9der une Tesla aujourd\u2019hui, c\u2019est adh\u00e9rer \u00e0 un imaginaire. Comme \u00e0 un moment donn\u00e9, il fallait avoir un iphone gr\u00e2ce au marketing.<br \/>\nC\u2019est une sorte de communaut\u00e9. Lorsqu\u2019on roule en Tesla, on appartient \u00e0 une communaut\u00e9 de gens qui croient au progr\u00e8s. Avec une bonne conscience du d\u00e9part.<br \/>\nOn parle d\u2019un Elon Musk ecolo, un homme qui faisait des remontrances \u00e0 Donal Trump parce qu\u2019il ne voulait pas respecter les accords de Paris. \u00bb<\/span><\/p>\n<p><span style=\"color: #777777; font-family: arial;\">Je me demande ce que peut penser un authentique \u00ab bobo \u00bb poss\u00e9dant une Tesla en voyant l\u2019\u00e9volution r\u00e9cente d\u2019Elon Musk. Mon ami Jean-Louis m\u2019a racont\u00e9 qu\u2019il a vu une Tesla gar\u00e9e avec un mot derri\u00e8re le pare-brise : \u00ab Excusez-moi. J\u2019ai achet\u00e9 cette Tesla avant qu\u2019Elon ne devienne dingue ! \u00bb. <\/span><\/p>\n<p><span style=\"color: #777777; font-family: arial;\">Guillaume Erner fait le constat de la rupture de Musk : Tesla est une voiture d\u00e9mocrate, de gens ais\u00e9s mais conscient de certaines probl\u00e9matiques \u00e9cologiques. Maintenant Tesla est devenu une ic\u00f4ne r\u00e9publicaine qui se mat\u00e9rialise dans un nouveau mod\u00e8le le \u00ab <a href=\"https:\/\/fr.wikipedia.org\/wiki\/Tesla_Cybertruck\"><span style=\"color: #0000ff;\"><strong>Cybertruck<\/strong><\/span><\/a> \u00bb : <\/span><\/p>\n<figure id=\"attachment_16257\" aria-describedby=\"caption-attachment-16257\" style=\"width: 384px\" class=\"wp-caption alignright\"><img loading=\"lazy\" decoding=\"async\" class=\"size-full wp-image-16257\" src=\"https:\/\/lemotdujour.fr\/wp-content\/uploads\/2025\/01\/Tesla-Cybertruck-2024-Front.jpg\" alt=\"\" width=\"384\" height=\"216\" srcset=\"https:\/\/lemotdujour.fr\/wp-content\/uploads\/2025\/01\/Tesla-Cybertruck-2024-Front.jpg 384w, https:\/\/lemotdujour.fr\/wp-content\/uploads\/2025\/01\/Tesla-Cybertruck-2024-Front-300x169.jpg 300w\" sizes=\"auto, (max-width: 384px) 100vw, 384px\" \/><figcaption id=\"caption-attachment-16257\" class=\"wp-caption-text\">Tesla Cybertruck 2024<\/figcaption><\/figure>\n<p style=\"margin-left: 28pt;\"><span style=\"color: #c00000; font-family: arial;\"><br \/>\n\u00ab Qu\u2019est-ce que le cybertruck ? C\u2019est un camion, un pickup [\u2026] C\u2019est une voiture trumpienne avec des angles ac\u00e9r\u00e9s.<br \/>\nVous n\u2019en voyez pas en circulation en France parce qu\u2019elle est tout simplement interdite de circulation en Europe. Elle est consid\u00e9r\u00e9e comme trop dangereuse pour les pi\u00e9tons.<br \/>\nJe trouve cela tr\u00e8s caract\u00e9ristique. Elle est inspir\u00e9e de l\u2019univers dystopique de Blade Runner, alors que jusqu\u2019\u00e0 pr\u00e9sent les formes de Tesla \u00e9taient plut\u00f4t f\u00e9minines. \u00bb <\/span><\/p>\n<p><span style=\"color: #777777; font-family: arial;\">Il s\u2019agit donc d\u2019une voiture viriliste qui r\u00e9siste aux balles et qui illustre un changement d\u2019id\u00e9ologie pour Elon Musk et marque un virage vers une mentalit\u00e9 trumpiste et conservatrice.<\/span><\/p>\n<p><span style=\"color: #777777; font-family: arial;\">Les producteurs de Blade Runner ont attaqu\u00e9 Musk en justice en consid\u00e9rant qu\u2019il trahit l\u2019esprit de leur film avec son dernier mod\u00e8le : \u00ab <a href=\"https:\/\/www.radiofrance.fr\/franceculture\/podcasts\/un-monde-connecte\/quand-les-producteurs-de-blade-runner-attaquent-elon-musk-1211793\"><span style=\"color: #0000ff;\">Quand les producteurs de Blade Runner attaquent Elon Musk<\/span><\/a> \u00bb<\/span><\/p>\n<p><span style=\"color: #777777; font-family: arial;\">En 2023, Tesla a vendu plus de voitures dans le monde que Renault. Elle reste cependant loin de Toyota : <a href=\"https:\/\/www.lesnumeriques.com\/voiture\/ventes-mondiales-2023-tesla-vend-desormais-plus-de-voitures-que-la-marque-renault-n220753.html\"><span style=\"color: #0000ff;\">1,8 millions<\/span><\/a> contre 9,5 millions pour la marque japonaise. <\/span><\/p>\n<p><span style=\"color: #777777; font-family: arial;\">En revanche, d\u00e8s 2020 Tesla est devenu la <a href=\"https:\/\/www.boursier.com\/actions\/actualites\/news\/tesla-devient-la-1ere-capitalisation-automobile-mondiale-826483.html\"><span style=\"color: #0000ff;\">1\u00e8re capitalisation automobile mondiale<\/span><\/a>. En Janvier 2025, la capitalisation boursi\u00e8re pour Tesla s&rsquo;\u00e9l\u00e8ve \u00e0 <a href=\"https:\/\/companiesmarketcap.com\/fr\/tesla\/capitalisation-boursiere\/\"><span style=\"color: #0000ff;\">1.234 Billion d&rsquo;euros<\/span><\/a>. Cela fait de Tesla la 8\u00e8me entreprise la plus pr\u00e9cieuse au monde par capitalisation, la premi\u00e8re restant Apple.<\/span><\/p>\n<p><span style=\"color: #777777; font-family: arial;\">Elon Musk va continuer \u00e0 lancer des entreprises innovantes et cr\u00e9er ainsi un empire tentaculaire.<\/span><\/p>\n<p><span style=\"color: #777777; font-family: arial;\">En 2016, Tesla rach\u00e8te \u00ab <a href=\"https:\/\/fr.wikipedia.org\/wiki\/SolarCity\"><span style=\"color: #0000ff;\"><strong>SolarCity<\/strong><\/span><\/a> \u00bb sp\u00e9cialis\u00e9e dans les panneaux solaires pour 2,6 milliards de dollars. Elon Musk d\u00e9clare que la mission de Tesla depuis sa cr\u00e9ation est \u00ab d&rsquo;acc\u00e9l\u00e9rer la transition du monde vers une \u00e9nergie durable \u00bb<\/span><\/p>\n<p><span style=\"color: #777777; font-family: arial;\">En 2019, Elon Musk cr\u00e9e \u00ab <a href=\"https:\/\/fr.wikipedia.org\/wiki\/Starlink\"><span style=\"color: #0000ff;\"><strong>Starlink<\/strong><\/span><\/a> \u00bb fournisseur d&rsquo;acc\u00e8s \u00e0 Internet par satellite de la soci\u00e9t\u00e9 SpaceX. Il s&rsquo;appuie sur une constellation de satellites comportant des milliers de satellites de t\u00e9l\u00e9communications plac\u00e9s sur une orbite terrestre basse. Starlink est le premier fournisseur d&rsquo;internet par satellite \u00e0 choisir cette orbite car elle permet de diminuer la latence (le temps de r\u00e9ponse) en la faisant passer de 600 ms \u00e0 environ 20 ms. La constellation est en cours de d\u00e9ploiement depuis 2019 et repose sur environ 6 300 satellites op\u00e9rationnels mi-septembre 2024. En septembre 2024, Starlink affirme disposer de plus de 4 millions de clients. Pour atteindre ses objectifs commerciaux, SpaceX pr\u00e9voit de disposer vers 2025 de 12 000 satellites, chiffre qui doit \u00eatre port\u00e9 \u00e0 terme \u00e0 42 000. (<em>source wikipedia<\/em>).<\/span><\/p>\n<p><span style=\"color: #777777; font-family: arial;\">Toujours dans son ambition de privatiser des domaines qui appartenait \u00e0 la sph\u00e8re publique et \u00e0 l\u2019autorit\u00e9 des Etats, il devient un acteur incontournable de l\u2019infrastructure spatiale comme de la collecte des donn\u00e9es.<\/span><\/p>\n<p><span style=\"color: #777777; font-family: arial;\">Il mettra \u00e0 disposition de l\u2019Ukraine son r\u00e9seau Starlink, au d\u00e9but de l\u2019invasion russe, pour r\u00e9tablir des communications qui avait \u00e9t\u00e9 coup\u00e9es par l\u2019arm\u00e9e de Moscou. A Mayotte, apr\u00e8s la d\u00e9vastation de l\u2019\u00eele par le cyclone chido, le premier ministre Fran\u00e7ois Bayrou fera appel \u00e0 Starlink pour r\u00e9tablir l\u2019internet sur le d\u00e9partement. <\/span><\/p>\n<p><span style=\"color: #777777; font-family: arial;\">Il tentera encore d\u2019autres innovations telles que \u00ab <a href=\"https:\/\/fr.wikipedia.org\/wiki\/Hyperloop\"><span style=\"color: #0000ff;\"><strong>Hyperloop<\/strong><\/span><\/a> \u00bb un transport ferroviaire \u00e0 tr\u00e8s grande vitesse, projet de recherche industrielle propos\u00e9 en 2013, ou \u00ab <a href=\"https:\/\/fr.wikipedia.org\/wiki\/The_Boring_Company\"><strong><span style=\"color: #0000ff;\">The Boring Company<\/span><\/strong><\/a> \u00bb soci\u00e9t\u00e9 de construction de tunnels fond\u00e9e en 2016.<\/span><\/p>\n<p><span style=\"color: #777777; font-family: arial;\">Ces tentatives n\u2019ont pas encore abouti. <\/span><\/p>\n<p><span style=\"color: #777777; font-family: arial;\">Par exemple, un projet \u00ab Hyperloop Lyst \u00bb, men\u00e9 avec l&rsquo;\u00e9cole des Mines de Saint-\u00c9tienne, devait permettre de relier Lyon \u00e0 Saint-\u00c9tienne en 10 minutes. Ce projet a \u00e9t\u00e9 abandonn\u00e9. <\/span><\/p>\n<p><span style=\"color: #777777; font-family: arial;\">Il fallait trouver un exergue \u00e0 ce troisi\u00e8me \u00e9pisode.<\/span><\/p>\n<p><span style=\"color: #777777; font-family: arial;\">Elon Musk est un grand cr\u00e9ateur d\u2019aphorisme. J\u2019ai choisi celui qui me semblait le plus en phase avec les faits relat\u00e9s dans ce mot du jour : <\/span><\/p>\n<p style=\"margin-left: 28pt;\"><span style=\"color: #c00000; font-family: arial;\">\u00ab Beaucoup de choses sont improbables, seules quelques-unes sont impossibles ! \u00bb<\/span><\/p>\n<p><span style=\"color: #777777; font-family: arial;\">Je redonne le lien vers le troisi\u00e8me \u00e9pisode que France Culture a mis en ligne : \u00ab <a href=\"https:\/\/www.radiofrance.fr\/franceculture\/podcasts\/france-culture-va-plus-loin-l-invite-e-des-matins\/de-tesla-a-starlink-un-serial-entrepreneur-dans-la-silicon-valley-4906602\"><span style=\"color: #0000ff;\">De Tesla \u00e0 Starlink, un serial entrepreneur dans la Silicon Valley<\/span><\/a> \u00bb<\/span><\/p>\n","protected":false},"excerpt":{"rendered":"<p>\u00ab Beaucoup de choses sont improbables, seules quelques-unes sont impossibles ! \u00bb Elon Musk En 2002, Elon Musk et Peter Thiel vendent \u00ab Paypal \u00bb \u00e0 \u00ab E Bay \u00bb pour une somme de 1,5 milliards de dollars. Lors de<\/p>\n","protected":false},"author":1,"featured_media":0,"comment_status":"open","ping_status":"closed","sticky":false,"template":"","format":"standard","meta":{"footnotes":""},"categories":[1],"tags":[65,49,32],"class_list":["post-16245","post","type-post","status-publish","format-standard","hentry","category-motdujour","tag-etats-unis","tag-futur","tag-numerique"],"_links":{"self":[{"href":"https:\/\/lemotdujour.fr\/index.php?rest_route=\/wp\/v2\/posts\/16245","targetHints":{"allow":["GET"]}}],"collection":[{"href":"https:\/\/lemotdujour.fr\/index.php?rest_route=\/wp\/v2\/posts"}],"about":[{"href":"https:\/\/lemotdujour.fr\/index.php?rest_route=\/wp\/v2\/types\/post"}],"author":[{"embeddable":true,"href":"https:\/\/lemotdujour.fr\/index.php?rest_route=\/wp\/v2\/users\/1"}],"replies":[{"embeddable":true,"href":"https:\/\/lemotdujour.fr\/index.php?rest_route=%2Fwp%2Fv2%2Fcomments&post=16245"}],"version-history":[{"count":10,"href":"https:\/\/lemotdujour.fr\/index.php?rest_route=\/wp\/v2\/posts\/16245\/revisions"}],"predecessor-version":[{"id":16267,"href":"https:\/\/lemotdujour.fr\/index.php?rest_route=\/wp\/v2\/posts\/16245\/revisions\/16267"}],"wp:attachment":[{"href":"https:\/\/lemotdujour.fr\/index.php?rest_route=%2Fwp%2Fv2%2Fmedia&parent=16245"}],"wp:term":[{"taxonomy":"category","embeddable":true,"href":"https:\/\/lemotdujour.fr\/index.php?rest_route=%2Fwp%2Fv2%2Fcategories&post=16245"},{"taxonomy":"post_tag","embeddable":true,"href":"https:\/\/lemotdujour.fr\/index.php?rest_route=%2Fwp%2Fv2%2Ftags&post=16245"}],"curies":[{"name":"wp","href":"https:\/\/api.w.org\/{rel}","templated":true}]}}