{"id":1624,"date":"2016-02-19T01:00:00","date_gmt":"2016-02-18T22:00:00","guid":{"rendered":"http:\/\/lemotdujour.fr\/?p=1624"},"modified":"2018-11-12T22:35:41","modified_gmt":"2018-11-12T21:35:41","slug":"vendredi-19-fevrier-2016","status":"publish","type":"post","link":"https:\/\/lemotdujour.fr\/?p=1624","title":{"rendered":"Vendredi 19 f\u00e9vrier 2016"},"content":{"rendered":"<div class=\"mdjDate\">Vendredi 19 f\u00e9vrier 2016<\/div>\n<div class=\"mdjTexte\">\u00abIls semblaient, par la Voie Sacr\u00e9e, monter, pour un offertoire sans exemple,<br \/>\n\u00e0 l\u2019autel le plus redoutable que jamais l\u2019homme e\u00fbt \u00e9lev\u00e9.\u00bb<\/div>\n<div class=\"mdjAuteur\">Paul Val\u00e9ry<\/div>\n<div class=\"mdjComplements\">Dimanche nous serons le 21 f\u00e9vrier 2016.<\/div>\n<div class=\"mdjComplements\">Il y a 100 ans, le 21 f\u00e9vrier 1916, commen\u00e7a la bataille de VERDUN, une ville de ma Lorraine natale, \u00e0 130 km de mon lieu de naissance.<\/div>\n<div class=\"mdjComplements\">Chaque fois que je m&rsquo;y suis rendu, j&rsquo;ai \u00e9t\u00e9 \u00e9cras\u00e9 par un sentiment de d\u00e9sarroi, de vide et de compassion.<\/div>\n<div class=\"mdjComplements\">Anna de Noailles visitant\u00a0 le champ de bataille exprima ces sentiments dans un po\u00e8me :<\/div>\n<div class=\"mdjCiter\">\u00abJaillis de tous les points du sol fran\u00e7ais : le sang<\/div>\n<div class=\"mdjCiter\">Est si nombreux ici que nulle voix humaine<\/div>\n<div class=\"mdjCiter\">N&rsquo;a le droit de m\u00ealer sa plainte faible et vaine<\/div>\n<div class=\"mdjCiter\">Aux effluves sans fin de ce terrestre encens. \u00bb<\/div>\n<div class=\"mdjComplements\">Selon les historiens, il y eut 2 batailles plus meurtri\u00e8res encore que la bataille de Verdun : La plus meurtri\u00e8re <a href=\"https:\/\/fr.wikipedia.org\/wiki\/Bataille_de_Stalingrad\">Stalingrad<\/a> o\u00f9 l&rsquo;Arm\u00e9e Rouge r\u00e9sista puis vainquit l&rsquo;arm\u00e9e hitl\u00e9rienne (1942-1943) et la seconde qui f\u00fbt une autre bataille de la guerre 14-18, la<a href=\"https:\/\/fr.wikipedia.org\/wiki\/Bataille_de_la_Somme\"> bataille de la Somme<\/a> qui eut lieu de juillet \u00e0 novembre 1916.<\/div>\n<div class=\"mdjComplements\">Mais Verdun f\u00fbt une premi\u00e8re dans la fureur destructrice industrialis\u00e9e dont est capable l&rsquo;esp\u00e8ce humaine.<\/div>\n<div class=\"mdjComplements\">J&rsquo;ai lu le livre gla\u00e7ant \u00ab L&rsquo;enfer de Verdun \u00e9voqu\u00e9 par les t\u00e9moins\u00bb et comment\u00e9 par J.H Lefebvre \u00e9dit\u00e9 en 1976 chez G. Durassi\u00e9 et Cie<\/div>\n<div class=\"mdjComplements\">Voici la description qui est faite par ce livre du d\u00e9but de la bataille<\/div>\n<div class=\"mdjCiter\">\u00ab Il avait neig\u00e9 la veille, puis le gel \u00e9tait venu. On dut le matin du 21 f\u00e9vrier, \u00e9vacuer des hommes pour pieds gel\u00e9s.<\/div>\n<div class=\"mdjCiter\">A 7h15, un bombardement furieux se d\u00e9cha\u00eena [sur 60 km de front]<\/div>\n<div class=\"mdjCiter\">Le sol tremblait comme au passage ininterrompu de trains souterrains.<\/div>\n<div class=\"mdjCiter\">Des volcans par milliers projetaient leurs c\u00f4nes de terre, de pierraille et d&rsquo;acier o\u00f9 volaient des troncs d&rsquo;arbre fracass\u00e9s, des rondins d&rsquo;abris, des fragments de canons, des d\u00e9bris d&rsquo;\u00e9quipements, d&rsquo;armes et de corps humains.<\/div>\n<div class=\"mdjCiter\">Le nuage des \u00e9clatements \u00e9tait si dense que les Hauts-de-Meuse et la plaine de la Wo\u00ebvre semblaient une fabuleuse r\u00e9gion industrielle vomissant la fum\u00e9e.<\/div>\n<div class=\"mdjCiter\">Nos rares aviateurs ne voyaient, d&rsquo;un bout \u00e0 l&rsquo;autre du front, qu&rsquo;une seule flamme continue, tant les batteries allemandes tiraient c\u00f4te \u00e0 c\u00f4te&#8230;<\/div>\n<div class=\"mdjCiter\"><strong>9 heures durant, <\/strong>ce bombardement de fin du monde continua. Une cadence aussi pr\u00e9cipit\u00e9e, l&rsquo;intervention de si gros calibres, un tel pullulement de batteries, une pareille dur\u00e9e de canonnade cr\u00e9aient le sentiment de \u00ab\u00a0jamais vu\u00a0\u00bb\u00bb<\/div>\n<div class=\"mdjComplements\">A cette horreur va s&rsquo;ajouter la suite, d\u00e9crite par les t\u00e9moins comme un acte de d\u00e9sespoir, de rage et de vengeance. Les allemands croient qu&rsquo;apr\u00e8s ce d\u00e9luge de feu, leurs sections d&rsquo;assaut\u00a0 vont pouvoir progresser sans r\u00e9sistance jusqu&rsquo;\u00e0 Verdun.<\/div>\n<div class=\"mdjCiter\">\u00ab\u00c0 16 heures, tandis que la neige a recommenc\u00e9 de tomber, le tir des canons allemands s&rsquo;allonge brusquement au centre du front.<\/div>\n<div class=\"mdjCiter\">Cet \u00e9troit secteur n&rsquo;a pas plus que 12 km de large \u00e0 vol d&rsquo;oiseaux. Dans ce mince espace, les d\u00e9bris de deux divisions fran\u00e7aises, derri\u00e8re lesquelles il ne reste plus en \u00e9tat de tirer qu&rsquo;un nombre d\u00e9risoire de canon, vont, apr\u00e8s neuf heures d&rsquo;\u00e9crasement, subir le choc de huit divisions d&rsquo;\u00e9lite allemandes, appuy\u00e9e par une colossale artillerie.<\/div>\n<div class=\"mdjCiter\">Le tir s&rsquo;est allong\u00e9 derri\u00e8re ce barrage roulant ; s&rsquo;avancent \u00e0 pr\u00e9sent \u00e0 d\u00e9couvert dans la fum\u00e9e, l&rsquo;obscurit\u00e9 naissante et le brouillard de neige, des colonnes d&rsquo;infanterie pr\u00e9c\u00e9d\u00e9es de lance-flammes.<\/div>\n<div class=\"mdjCiter\">Elles vont d&rsquo;un pas rapide mais sans courir. Leurs chefs n&rsquo;escomptent aucune r\u00e9action, consid\u00e9rant que tout a \u00e9t\u00e9 d\u00e9truit devant eux. La marche, de 50 \u00e0 900 m, s&rsquo;effectue l&rsquo;arme \u00e0 la bretelle. Certaines de ces colonnes franchissent sans s&rsquo;en apercevoir l&#8217;emplacement fumant de ce qui a \u00e9t\u00e9 notre premi\u00e8re ligne, tant il a \u00e9t\u00e9 pioch\u00e9 et retourn\u00e9.<\/div>\n<div class=\"mdjCiter\">Les sections d&rsquo;assaut progressent, en diff\u00e9rents points, de 3 km sans se heurter \u00e0 la moindre r\u00e9sistance.<\/div>\n<div class=\"mdjCiter\">D&rsquo;autres sections voient avec stupeur des fant\u00f4mes titubants se dresser au bord des trous d&rsquo;obus. H\u00e9b\u00e9t\u00e9s, \u00e9puis\u00e9s, sourds, \u00e0 demi-fous, les survivants ob\u00e9issent \u00e0 un r\u00e9flexe de d\u00e9sespoir, de rage et de vengeance. Nos hommes balancent des grenades, s&rsquo;ils en ont ; tirent, si leur fusil s&rsquo;y pr\u00eate malgr\u00e9 la terre qui le couvre ; ils ont mis ba\u00efonnette au canon. Les fantassins allemands s&rsquo;aplatissent au sol, d\u00e9goupillent des grenades, placent en batterie des mortiers de tranch\u00e9es, lancent des fus\u00e9es, t\u00e9l\u00e9phonent \u00e0 l&rsquo;artillerie ; ils ont beau \u00eatre \u00e0 10 contre un, ils sont stopp\u00e9s !\u00bb<\/div>\n<div class=\"mdjComplements\">C&rsquo;est dans ce m\u00eame livre que j&rsquo;ai trouv\u00e9 ce po\u00e8me, car avec la musique c&rsquo;est la po\u00e9sie mieux que l&rsquo;historien qui sait d\u00e9crire les sentiments et la d\u00e9tresse humaine :<\/div>\n<div class=\"mdjCiter\">\u00abNous vous sentons trop hauts pour g\u00e9mir sur vos tombes.<\/div>\n<div class=\"mdjCiter\">Le vent qui tour \u00e0 tour se soul\u00e8ve ou retombe<\/div>\n<div class=\"mdjCiter\">Passera seul immens\u00e9ment par les grands bois<\/div>\n<div class=\"mdjCiter\">Pour tirer de chaque arbre une plainte profonde<\/div>\n<div class=\"mdjCiter\">Et vous jeter ainsi tous les regrets du monde,<\/div>\n<div class=\"mdjCiter\">Sans que s&rsquo;y m\u00eale notre voix.\u00bb<\/div>\n<div class=\"mdjComplements\">\u00c9mile Verhaeren, <a href=\"http:\/\/www.dbnl.org\/tekst\/verh070aile01_01\/verh070aile01_01_0018.php\">Les ailes rouges de la guerre<\/a>. Mercure de France, Paris 1916<\/div>\n<div class=\"mdjComplements\">Et c&rsquo;est toujours de ce livre que j&rsquo;ai tir\u00e9 l&rsquo;exergue de ce mot du jour consacr\u00e9 \u00e0 Verdun.<\/div>\n<div class=\"mdjCiter\">\u00abTous vinrent \u00e0 Verdun,<\/div>\n<div class=\"mdjCiter\">comme pour y recevoir je ne sais quelle supr\u00eame cons\u00e9cration\u00a0;<\/div>\n<div class=\"mdjCiter\">comme s\u2019il e\u00fbt fallu que toutes les provinces de la patrie eussent particip\u00e9 \u00e0 un sacrifice d\u2019entre les sacrifices de la guerre,<\/div>\n<div class=\"mdjCiter\">particuli\u00e8rement sanglant et solennel,<\/div>\n<div class=\"mdjCiter\">expos\u00e9 aux regards universels.<\/div>\n<div class=\"mdjCiter\">Ils semblaient, par la Voie Sacr\u00e9e, monter, pour un offertoire sans exemple,<\/div>\n<div class=\"mdjCiter\">\u00e0 l\u2019autel le plus redoutable que jamais l\u2019homme e\u00fbt \u00e9lev\u00e9.<\/div>\n<div class=\"mdjCiter\">Il a consum\u00e9, Fran\u00e7ais et Allemands, 500 000 victimes en quelques mois.\u00bb<\/div>\n<div class=\"mdjComplements\"><a href=\"https:\/\/fr.wikisource.org\/wiki\/R%C3%A9ponse_de_M._Paul_Val%C3%A9ry_au_discours_de_M._le_mar%C3%A9chal_P%C3%A9tain\">R\u00e9ponse de M. Paul Val\u00e9ry au discours du mar\u00e9chal P\u00e9tain lors de son entr\u00e9e \u00e0 l&rsquo;Acad\u00e9mie fran\u00e7aise<\/a><\/div>\n<div class=\"mdjComplements\">Paul Val\u00e9ry &#8211; 31 janvier 1931<\/div>\n<div class=\"mdjComplements\">Ce n&rsquo;est que lors de la pr\u00e9paration de ce mot que j&rsquo;ai constat\u00e9 que ce tr\u00e8s beau texte de Val\u00e9ry avait \u00e9t\u00e9 prononc\u00e9 lors de l&rsquo;accueil du Mar\u00e9chal P\u00e9tain \u00e0 l&rsquo;acad\u00e9mie fran\u00e7aise o\u00f9 il succ\u00e9da \u00e0 Ferdinand Foch le 20 juin 1929 (\u00e0 73 ans) et fut re\u00e7u par Paul Val\u00e9ry le 31 janvier 1931.<\/div>\n<div class=\"mdjComplements\">J&rsquo;ai h\u00e9sit\u00e9 un instant \u00e0 l&rsquo;utiliser, car il est reste tabou de mettre en valeur P\u00e9tain apr\u00e8s ce qu&rsquo;il fit lors de la seconde guerre et \u00e0 la t\u00eate du r\u00e9gime de Vichy.<\/div>\n<div class=\"mdjComplements\">Mais je pense qu&rsquo;il n&rsquo;est pas possible d&rsquo;\u00e9carter P\u00e9tain de l&rsquo;Histoire de France notamment pour son action lors de cette bataille.<\/div>\n<div class=\"mdjComplements\">Et \u00e0 la fin de tout cela Wikipedia donne le r\u00e9sultat de ce carnage :<\/div>\n<div class=\"mdjCiter\">\u00ab<strong> Les pertes ont \u00e9t\u00e9 consid\u00e9rables, pour un territoire conquis nul.<\/strong> Apr\u00e8s 10 mois d\u2019atroces souffrances pour les deux camps, la bataille aura co\u00fbt\u00e9 aux Fran\u00e7ais 378 000 hommes (62 000 tu\u00e9s, plus de 101 000 disparus et plus de 215 000 bless\u00e9s, souvent invalides) et aux Allemands 337 000. 60 millions d\u2019obus (une estimation parmi d&rsquo;autres, aucun chiffre officiel n&rsquo;existe) y ont \u00e9t\u00e9 tir\u00e9s, dont un quart au moins n&rsquo;ont pas explos\u00e9 (obus d\u00e9fectueux, tomb\u00e9s \u00e0 plat, etc.) ; 2 millions par les allemands pour le seul 21 f\u00e9vrier 1916. Si l&rsquo;on ram\u00e8ne ce chiffre \u00e0 la superficie du champ de bataille, on obtient 6 obus par m\u00e8tre carr\u00e9.<\/div>\n<div class=\"mdjCiter\">Du fait du r\u00e9sultat militaire nul, <strong>cette bataille, ramen\u00e9e \u00e0 l&rsquo;\u00e9chelle du conflit, n&rsquo;a pas de cons\u00e9quences fondamentales<\/strong>.\u00bb<\/div>\n<div class=\"mdjComplements\">Vous trouverez ci-apr\u00e8s des photos : <a href=\"http:\/\/tempsreel.nouvelobs.com\/galeries-photos\/photo\/20160205.OBS4078\/photos-il-y-a-100-ans-l-hyperbataille-de-verdun-aux-700-000-morts.html\">http:\/\/tempsreel.nouvelobs.com\/galeries-photos\/photo\/20160205.OBS4078\/photos-il-y-a-100-ans-l-hyperbataille-de-verdun-aux-700-000-morts.html<\/a><\/div>\n<div class=\"mdjComplements\">La bataille s&rsquo;acheva le 16 d\u00e9cembre 1916.<\/div>\n<div class=\"mdjComplements\">Je vais prendre quelques jours de cong\u00e9.<\/div>\n<div class=\"mdjComplements\">Le mot du jour reviendra le 29 f\u00e9vrier.<\/div>\n<div class=\"mdjComplements\">Ce n&rsquo;est que tous les 4 ans que je peux \u00e9crire un mot du 29 f\u00e9vrier, je ne veux pas rater cela !<\/div>\n","protected":false},"excerpt":{"rendered":"<p>Vendredi 19 f\u00e9vrier 2016 \u00abIls semblaient, par la Voie Sacr\u00e9e, monter, pour un offertoire sans exemple, \u00e0 l\u2019autel le plus redoutable que jamais l\u2019homme e\u00fbt \u00e9lev\u00e9.\u00bb Paul Val\u00e9ry Dimanche nous serons le 21 f\u00e9vrier 2016. Il y a 100 ans,<\/p>\n","protected":false},"author":1,"featured_media":0,"comment_status":"closed","ping_status":"closed","sticky":false,"template":"","format":"standard","meta":{"footnotes":""},"categories":[1],"tags":[118],"class_list":["post-1624","post","type-post","status-publish","format-standard","hentry","category-motdujour","tag-14-18"],"_links":{"self":[{"href":"https:\/\/lemotdujour.fr\/index.php?rest_route=\/wp\/v2\/posts\/1624","targetHints":{"allow":["GET"]}}],"collection":[{"href":"https:\/\/lemotdujour.fr\/index.php?rest_route=\/wp\/v2\/posts"}],"about":[{"href":"https:\/\/lemotdujour.fr\/index.php?rest_route=\/wp\/v2\/types\/post"}],"author":[{"embeddable":true,"href":"https:\/\/lemotdujour.fr\/index.php?rest_route=\/wp\/v2\/users\/1"}],"replies":[{"embeddable":true,"href":"https:\/\/lemotdujour.fr\/index.php?rest_route=%2Fwp%2Fv2%2Fcomments&post=1624"}],"version-history":[{"count":2,"href":"https:\/\/lemotdujour.fr\/index.php?rest_route=\/wp\/v2\/posts\/1624\/revisions"}],"predecessor-version":[{"id":5686,"href":"https:\/\/lemotdujour.fr\/index.php?rest_route=\/wp\/v2\/posts\/1624\/revisions\/5686"}],"wp:attachment":[{"href":"https:\/\/lemotdujour.fr\/index.php?rest_route=%2Fwp%2Fv2%2Fmedia&parent=1624"}],"wp:term":[{"taxonomy":"category","embeddable":true,"href":"https:\/\/lemotdujour.fr\/index.php?rest_route=%2Fwp%2Fv2%2Fcategories&post=1624"},{"taxonomy":"post_tag","embeddable":true,"href":"https:\/\/lemotdujour.fr\/index.php?rest_route=%2Fwp%2Fv2%2Ftags&post=1624"}],"curies":[{"name":"wp","href":"https:\/\/api.w.org\/{rel}","templated":true}]}}