{"id":16214,"date":"2025-01-07T01:09:08","date_gmt":"2025-01-07T00:09:08","guid":{"rendered":"https:\/\/lemotdujour.fr\/?p=16214"},"modified":"2025-01-08T00:44:36","modified_gmt":"2025-01-07T23:44:36","slug":"mardi-7-janvier-2025","status":"publish","type":"post","link":"https:\/\/lemotdujour.fr\/?p=16214","title":{"rendered":"Mardi 7 janvier 2025"},"content":{"rendered":"<div class=\"mdjTexte\">\u00ab Je suis toujours Charlie \u00bb<\/div>\n<div class=\"mdjAuteur\">C&rsquo;est une profession de foi<\/div>\n<p><span style=\"color: #777777; font-family: arial;\">Je me souviens exactement de l&rsquo;endroit o\u00f9 j&rsquo;\u00e9tais, il y a dix ans, vers midi, quand j&rsquo;ai eu les premi\u00e8res informations qu&rsquo;il s\u2019\u00e9tait d\u00e9roul\u00e9 un massacre effroyable \u00e0 Paris, dans les locaux de Charlie Hebdo.<\/span><\/p>\n<p><span style=\"color: #777777; font-family: arial;\">J&rsquo;\u00e9tais rue du Sergent Michel Berthet, dans le 9\u00e8me arrondissement de Lyon, en face de l&rsquo;immeuble Fiducial et j&rsquo;attendais ma fille car nous avions rendez vous pour aller ensemble au restaurant. <\/span><\/p>\n<p><span style=\"color: #777777; font-family: arial;\"><img loading=\"lazy\" decoding=\"async\" class=\" wp-image-16217 alignleft\" src=\"https:\/\/lemotdujour.fr\/wp-content\/uploads\/2025\/01\/IMG_0132.jpg\" alt=\"\" width=\"217\" height=\"217\" srcset=\"https:\/\/lemotdujour.fr\/wp-content\/uploads\/2025\/01\/IMG_0132.jpg 288w, https:\/\/lemotdujour.fr\/wp-content\/uploads\/2025\/01\/IMG_0132-150x150.jpg 150w, https:\/\/lemotdujour.fr\/wp-content\/uploads\/2025\/01\/IMG_0132-230x230.jpg 230w\" sizes=\"auto, (max-width: 217px) 100vw, 217px\" \/>Nous nous souvenons avec pr\u00e9cision des moments o\u00f9 nous avons \u00e9t\u00e9 sid\u00e9r\u00e9s : le 11 septembre 2001, les attentats du 13 novembre 2015 et cette journ\u00e9e du 7 janvier 2015 qui allait \u00eatre suivie par deux autres jours pendant lesquels des tueries allaient avoir lieu d&rsquo;abord \u00e0 Montrouge (Hauts-de-Seine), Clarissa Jean-Philippe, 26ans, polici\u00e8re, \u00e9tait tu\u00e9e d\u2019une balle dans le dos. Puis vendredi 9 janvier, quatre personnes \u00e9taient encore tu\u00e9es dans l\u2019attaque de l\u2019Hyper Cacher de la porte de Vincennes : Yohan Cohen, 20 ans, Philippe Braham, 45 ans, Fran\u00e7ois-Michel Saada, 63 ans, Yoav Hattab, 21 ans.<\/span><\/p>\n<p><span style=\"color: #777777; font-family: arial;\">Tout de suite je me suis senti Charlie et je n&rsquo;ai pas compris que d&rsquo;autres osent dire qu&rsquo;ils n&rsquo;\u00e9taient pas Charlie. Je lisais tr\u00e8s rarement ce journal, son humour n\u2019\u00e9tait pas le mien. Mais il n\u2019est pas admissible, qu\u2019en France on puisse \u00eatre tu\u00e9 parce qu\u2019on a fait un dessin ou \u00e9crit un texte. Je me souviens d\u2019une enfant \u00e0 l\u2019\u00e9poque qui avait dit : \u00ab Quand on n\u2019aime pas un dessin, on ne tue pas, on en fait un plus jolie. \u00bb. Dans la na\u00efvet\u00e9 de ces propos\u00a0 se r\u00e9v\u00e8le une grande sagesse. <\/span><\/p>\n<p><span style=\"color: #777777; font-family: arial;\">Nous parlons de libert\u00e9, de libert\u00e9 d\u2019expression. Nous parlons de l\u2019obscurantisme pr\u00f4n\u00e9 par des adeptes religieux fig\u00e9s dans des interpr\u00e9tations archa\u00efques de leurs textes \u00ab sacr\u00e9s \u00bb. Je ne con\u00e7ois pas qu\u2019on puisse manifester la moindre faiblesse \u00e0 leur \u00e9gard.<\/span><\/p>\n<figure id=\"attachment_16218\" aria-describedby=\"caption-attachment-16218\" style=\"width: 415px\" class=\"wp-caption alignright\"><img loading=\"lazy\" decoding=\"async\" class=\" wp-image-16218\" src=\"https:\/\/lemotdujour.fr\/wp-content\/uploads\/2025\/01\/IMG_0133.jpg\" alt=\"\" width=\"415\" height=\"526\" srcset=\"https:\/\/lemotdujour.fr\/wp-content\/uploads\/2025\/01\/IMG_0133.jpg 540w, https:\/\/lemotdujour.fr\/wp-content\/uploads\/2025\/01\/IMG_0133-236x300.jpg 236w\" sizes=\"auto, (max-width: 415px) 100vw, 415px\" \/><figcaption id=\"caption-attachment-16218\" class=\"wp-caption-text\">Dessin de Coco dessinatrice de Charlie Hebdo rescap\u00e9e des massacres<\/figcaption><\/figure>\n<p><span style=\"color: #777777; font-family: arial;\">O\u00f9 en sommes nous aujourd&rsquo;hui ? <\/span><\/p>\n<p><span style=\"color: #777777; font-family: arial;\">Elisabeth Badinter dans un article de l&rsquo;Express : \u00ab <a href=\"https:\/\/www.lexpress.fr\/societe\/elisabeth-badinter-dix-ans-apres-lattentat-contre-charlie-je-pense-que-la-peur-la-emporte-TY4WDFHMHVAZBPM6VW2ZO6YBPQ\/\"><span style=\"color: #0000ff;\">Dix ans apr\u00e8s l&rsquo;attentat contre Charlie, je pense que la peur l&rsquo;a emport\u00e9e<\/span><\/a> \u00bb est tr\u00e8s pessimiste : <\/span><\/p>\n<p style=\"margin-left: 28pt;\"><span style=\"color: #c00000; font-family: arial;\">\u00ab Je pense que la peur l&rsquo;a emport\u00e9. La peur, d&rsquo;abord, de ce qu&rsquo;il peut en co\u00fbter physiquement, pour sa vie, quand on prend la parole sur ces sujets-l\u00e0, et je pense bien s\u00fbr aux morts de Charlie mais aussi \u00e0 Samuel Paty, d\u00e9capit\u00e9 \u00e0 la sortie de son coll\u00e8ge.<br \/>\nLes r\u00e9seaux sociaux jouent un r\u00f4le d\u00e9l\u00e9t\u00e8re, car on sait d\u00e9sormais comment un \u00ab\u00a0bad buzz\u00a0\u00bb peut se former et grossir jusqu&rsquo;\u00e0 atterrir dans le t\u00e9l\u00e9phone d&rsquo;un candidat au djihad.<br \/>\nNotre actualit\u00e9 est \u00e9maill\u00e9e d&rsquo;affaires comme celles du proviseur du Lyc\u00e9e Maurice Ravel, \u00e0 Paris, menac\u00e9 de mort apr\u00e8s avoir demand\u00e9 \u00e0 une \u00e9l\u00e8ve d&rsquo;enlever son voile dans l&rsquo;enceinte de l&rsquo;\u00e9tablissement. Ces affaires-l\u00e0 ne peuvent que confirmer la peur qu&rsquo;a la majorit\u00e9 de parler.<br \/>\nS&rsquo;ajoute une autre crainte : celle d&rsquo;\u00eatre point\u00e9 du doigt comme appartenant au \u00ab\u00a0mauvais camp\u00a0\u00bb; de se faire traiter de raciste, d&rsquo;islamophobe, etc. Alors, il y a quand m\u00eame encore tr\u00e8s peu de gens qui parlent. A part, bien s\u00fbr, dans le secret des conversations en famille ou entre amis. <\/span><\/p>\n<p style=\"margin-left: 28pt;\"><span style=\"color: #c00000; font-family: arial;\">Cette dichotomie totale entre la conversation publique et la parole priv\u00e9e n&rsquo;est pas un signe de sant\u00e9 d\u00e9mocratique. \u00bb<\/span><\/p>\n<p><span style=\"color: #777777; font-family: arial;\">Je pense qu\u2019Elisabeth Badinter a raison nous avons recul\u00e9, beaucoup d\u2019auto-censure a \u00e9t\u00e9 pratiqu\u00e9e d\u2019abord par ceux qui ont simplement peur \u00ab des fous de dieu \u00bb. On se souvient de ses parents qui se sont mobilis\u00e9s pour que leur coll\u00e8ge ne porte pas le nom de <strong>Samuel Paty<\/strong>. <\/span><\/p>\n<p><span style=\"color: #777777; font-family: arial;\">Mais plus insidieusement, beaucoup se taisent parce qu\u2019ils ont peur d\u2019\u00eatre class\u00e9s parmi les racistes et les islamophobes.\u00a0 Et c\u2019est ainsi que les islamistes gagnent du terrain. <\/span><\/p>\n<p><span style=\"color: #777777; font-family: arial;\">Pour ma part, et sur ce sujet pr\u00e9cis je serai toujours du c\u00f4t\u00e9 de ceux qui d\u00e9noncent les ravages de la l\u00e2chet\u00e9 et du renoncement devant les r\u00e9trogrades et les groupes religieux qui nous entra\u00eenent dans une r\u00e9gression inou\u00efe dans nos libert\u00e9s et aussi dans l\u2019enseignement de l\u2019Histoire dans nos Coll\u00e8ges comme le pratiquait <strong>Samuel Paty et Dominique Bernard<\/strong> . Je serai du c\u00f4t\u00e9 des journalistes de Charlie Hebdo, de Gilles Kepel, de Caroline Fourest, de Sophia Aram ou de l\u2019avocat Richard Malka et r\u00e9solument contre ceux qui les traitent d\u2019islamophobe. <strong>Richard Malka<\/strong> l\u2019avocat de Charlie Hebdo lors du proc\u00e8s des attentats a plaid\u00e9 :\u00a0 <\/span><\/p>\n<p style=\"margin-left: 28pt;\"><span style=\"color: #c00000; font-family: arial;\"><br \/>\n\u00ab C\u2019est notre faiblesse qui donne \u00e0 nos ennemis leur marche d\u2019action. C\u2019est un rapport de force avec le fait religieux, \u00e7a sera toujours un rapport de force. C\u2019est comme \u00e7a&#8230; Le meilleur moyen de ne pas avoir d\u2019attentat, c\u2019est de montrer qu\u2019ils n\u2019obtiendront rien, jamais ! Pas un seul recul, pas un seul renoncement. C\u2019est \u00e7a leur k\u00e9ros\u00e8ne, en fait, ce sont nos renoncements, c\u2019est \u00e7a l\u2019huile de leur moteur.\u00bb<\/span><\/p>\n<p><span style=\"color: #777777; font-family: arial;\">Dans un article publi\u00e9 hier le 6 janvier, dans Lib\u00e9ration :\u00a0 \u00ab <a href=\"https:\/\/www.liberation.fr\/politique\/dix-ans-apres-lattentat-de-charlie-hebdo-a-nos-morts-20250106_NMJFBBCTAVCNREKEETLBF3W4HY\/\"><span style=\"color: #0000ff;\"><strong>Le billet de Thomas Legrand<\/strong><\/span><\/a>\u00a0 \u00bb, \u00e9voque l&rsquo;inoubliable <strong>Bernard Maris<\/strong> qui a fait partie des victimes du massacre de Charlie Hebdo. <\/span><\/p>\n<p><span style=\"color: #777777; font-family: arial;\">Outre, d&rsquo;\u00eatre un \u00e9conomiste humaniste qui expliquait avec humour et p\u00e9dagogie les perversions qui se cachant derri\u00e8re les concepts claironn\u00e9s par ses confr\u00e8res, Bernard Maris avait une autre passion : <strong>Maurice Genevoix<\/strong> et le projet de sa panth\u00e9onisation. <\/span><\/p>\n<p><span style=\"color: #777777; font-family: arial;\"><img loading=\"lazy\" decoding=\"async\" class=\" wp-image-16219 alignright\" src=\"https:\/\/lemotdujour.fr\/wp-content\/uploads\/2025\/01\/IMG_0134.jpg\" alt=\"\" width=\"542\" height=\"372\" srcset=\"https:\/\/lemotdujour.fr\/wp-content\/uploads\/2025\/01\/IMG_0134.jpg 642w, https:\/\/lemotdujour.fr\/wp-content\/uploads\/2025\/01\/IMG_0134-300x206.jpg 300w\" sizes=\"auto, (max-width: 542px) 100vw, 542px\" \/>Il \u00e9tait l\u2019\u00e9poux de la fille de l\u2019\u00e9crivain, <strong>Sylvie Genevois<\/strong>, jusqu\u2019\u00e0 la mort de cette derni\u00e8re en 2012. Il avait cr\u00e9\u00e9 un mouvement de soutien et il a obtenu la panth\u00e9onisation du romancier de la grande guerre. Thomas Legrand \u00e9crit : <\/span><\/p>\n<p style=\"margin-left: 28pt;\"><span style=\"color: #c00000; font-family: arial;\">\u00ab Les monstruosit\u00e9s de 14-18 qui fascinaient Bernard l\u2019ont rattrap\u00e9. Les attentats, la folie jihadiste sont aussi (les historiens le disent) de lointaines r\u00e9percussions des d\u00e9r\u00e8glements g\u00e9opolitiques issus de 1918, avec le trac\u00e9 par les Fran\u00e7ais et les Anglais de fronti\u00e8res artificielles au Levant\u2026<br \/>\nPeu avant l\u2019annonce, au printemps 2015, de la panth\u00e9onisation de Genevoix, Bernard Maris mourait sous les balles des terroristes. [\u2026]<br \/>\nAujourd\u2019hui, quand je me souviens de Bernard, mon compagnon de matinale de radio, je comprends mieux ces mots \u00abnos morts\u00bb qui me paraissaient avant l\u2019attentat contre Charlie un brin cocardiers, inutilement grandiloquents ou m\u00eame suspects de r\u00e9cup\u00e9ration, sur les monuments du souvenir des communes fran\u00e7aises. Il y a bien autre chose que l\u2019aspect sacrificiel, morts pour la cause. D\u2019autant que Bernard, comme Cabu ou Charb, fan de Brassens, \u00e9tait plut\u00f4t du genre \u00e0 vouloir \u00abmourir pour des id\u00e9es, mais de mort lente\u00bb.<br \/>\nNon, nos morts, ce sont aussi ceux qui, disparus, nous accompagnent toujours, sont \u00e0 nous. [\u2026] \u00abA nos morts\u00bb, dans chaque village, c\u2019\u00e9tait la famille, les voisins, les copains\u2026 Je vois maintenant ce que cette expression \u00abnos morts\u00bb signifie et a d\u2019utile pour les vivants.<br \/>\nNous, nous avons Bernard et ceux de Charlie, nos morts.\u00bb<\/span><\/p>\n<p><span style=\"color: #777777; font-family: arial;\">Et dans cette liste de nos morts je n&rsquo;oublierai pas Samuel Paty, Dominique Bernard et les autres victimes de cette barbarie qui a d\u00e9barqu\u00e9 sur notre sol et que nous devons r\u00e9solument affronter.<\/span><\/p>\n","protected":false},"excerpt":{"rendered":"<p>\u00ab Je suis toujours Charlie \u00bb C&rsquo;est une profession de foi Je me souviens exactement de l&rsquo;endroit o\u00f9 j&rsquo;\u00e9tais, il y a dix ans, vers midi, quand j&rsquo;ai eu les premi\u00e8res informations qu&rsquo;il s\u2019\u00e9tait d\u00e9roul\u00e9 un massacre effroyable \u00e0 Paris,<\/p>\n","protected":false},"author":1,"featured_media":0,"comment_status":"open","ping_status":"closed","sticky":false,"template":"","format":"standard","meta":{"footnotes":""},"categories":[1],"tags":[17,41,34],"class_list":["post-16214","post","type-post","status-publish","format-standard","hentry","category-motdujour","tag-histoire","tag-liberte","tag-religion"],"_links":{"self":[{"href":"https:\/\/lemotdujour.fr\/index.php?rest_route=\/wp\/v2\/posts\/16214","targetHints":{"allow":["GET"]}}],"collection":[{"href":"https:\/\/lemotdujour.fr\/index.php?rest_route=\/wp\/v2\/posts"}],"about":[{"href":"https:\/\/lemotdujour.fr\/index.php?rest_route=\/wp\/v2\/types\/post"}],"author":[{"embeddable":true,"href":"https:\/\/lemotdujour.fr\/index.php?rest_route=\/wp\/v2\/users\/1"}],"replies":[{"embeddable":true,"href":"https:\/\/lemotdujour.fr\/index.php?rest_route=%2Fwp%2Fv2%2Fcomments&post=16214"}],"version-history":[{"count":8,"href":"https:\/\/lemotdujour.fr\/index.php?rest_route=\/wp\/v2\/posts\/16214\/revisions"}],"predecessor-version":[{"id":16226,"href":"https:\/\/lemotdujour.fr\/index.php?rest_route=\/wp\/v2\/posts\/16214\/revisions\/16226"}],"wp:attachment":[{"href":"https:\/\/lemotdujour.fr\/index.php?rest_route=%2Fwp%2Fv2%2Fmedia&parent=16214"}],"wp:term":[{"taxonomy":"category","embeddable":true,"href":"https:\/\/lemotdujour.fr\/index.php?rest_route=%2Fwp%2Fv2%2Fcategories&post=16214"},{"taxonomy":"post_tag","embeddable":true,"href":"https:\/\/lemotdujour.fr\/index.php?rest_route=%2Fwp%2Fv2%2Ftags&post=16214"}],"curies":[{"name":"wp","href":"https:\/\/api.w.org\/{rel}","templated":true}]}}