{"id":1620,"date":"2016-02-17T01:00:00","date_gmt":"2016-02-16T22:00:00","guid":{"rendered":"http:\/\/lemotdujour.fr\/?p=1620"},"modified":"2017-05-08T13:42:25","modified_gmt":"2017-05-08T11:42:25","slug":"mercredi-17-fevrier-2016","status":"publish","type":"post","link":"https:\/\/lemotdujour.fr\/?p=1620","title":{"rendered":"Mercredi 17 f\u00e9vrier 2016"},"content":{"rendered":"<div class=\"mdjDate\">Mercredi 17 f\u00e9vrier 2016<\/div>\n<div class=\"mdjTexte\">\u00ab\u00a0La faute d&rsquo;orthographe \u00bb<\/div>\n<div class=\"mdjAuteur\">Expression fran\u00e7aise utilis\u00e9e pour d\u00e9crire une mauvaise utilisation des lettres pour \u00e9crire un mot de langue fran\u00e7aise.<\/div>\n<div class=\"mdjComplements\">La France est confront\u00e9e \u00e0 des d\u00e9fis majeurs \u00e9conomiques, sociaux, \u00e9cologiques, militaires, migratoires.<\/div>\n<div class=\"mdjComplements\">Mais apr\u00e8s la d\u00e9ch\u00e9ance de la nationalit\u00e9, elle vient d\u2019inventer une nouveau sujet de d\u00e9bat majeur\u00a0: <a href=\"http:\/\/tempsreel.nouvelobs.com\/education\/20160204.OBS3999\/reforme-de-l-orthographe-occupe-toi-de-tes-ognons.html\">\u00ab\u00a0la r\u00e9forme de l\u2019orthographe\u00a0\u00bb.<\/a><\/div>\n<div class=\"mdjComplements\">Rappelons que comme l&rsquo;\u00e9crit<a href=\"http:\/\/www.liberation.fr\/desintox\/2016\/02\/08\/reforme-de-l-orthographe-les-contreverites-continuent_1431878\"> LIBE<\/a> :\u00a0<\/div>\n<div class=\"mdjCiter\">\u00abContrairement \u00e0 ce que l\u2019on a pu lire ici ou l\u00e0, il n\u2019existe pas de r\u00e9forme de l\u2019orthographe \u00e0 proprement parler. Les changements \u00e0 l\u2019origine de la discorde apparaissent dans un rapport publi\u00e9 au Journal officiel en 1990. Le Conseil sup\u00e9rieur de la langue fran\u00e7aise est charg\u00e9 par le Premier ministre de l\u2019\u00e9poque, Michel Rocard, de \u00abformuler des propositions claires et pr\u00e9cises sur l\u2019orthographe du fran\u00e7ais\u00bb. Maurice Druon, secr\u00e9taire perp\u00e9tuel de l\u2019Acad\u00e9mie fran\u00e7aise, dirige le groupe de travail. L\u2019institution, qui est la seule en mesure de \u00abd\u00e9terminer les r\u00e8gles en vigueur dans la langue fran\u00e7aise\u00bb, rappelle le minist\u00e8re, approuve ces propositions.\u00a0Ces \u00abrectifications de l\u2019orthographe\u00bb ne sont donc que des propositions. \u00abToute r\u00e9forme du syst\u00e8me de l\u2019orthographe fran\u00e7aise est exclue\u00bb, peut-on lire \u00e0 trois reprises dans le rapport.\u00a0\u00a0\u00bb<\/div>\n<div class=\"mdjComplements\">C&rsquo;est pour \u00e9changer sur cette question que France Inter avait invit\u00e9 Bernard Pivot et Olivier Houdart, Correcteur du Monde.fr et animateur du blog Langue sauce piquante dans son \u00e9mission<a href=\"http:\/\/www.franceinter.fr\/emission-le-telephone-sonne-la-reforme-de-lorthographe\"> le t\u00e9l\u00e9phone qui sonne <\/a>du 10 f\u00e9vrier<\/div>\n<div class=\"mdjComplements\">Et\u2026<\/div>\n<div class=\"mdjComplements\">Un auditeur a appel\u00e9 pour poser la question\u00a0: \u00ab\u00a0Pourquoi parle-t-on dans ce domaine de faute\u00a0?\u00a0\u00bb.<\/div>\n<div class=\"mdjComplements\">Cette question me semble ouvrir une r\u00e9flexion immense.<\/div>\n<div class=\"mdjComplements\">En effet, nous disons une erreur de calcul, une erreur de raisonnement et m\u00eame une erreur judiciaire. Mais une faute d\u2019orthographe, une faute de grammaire, de mani\u00e8re plus g\u00e9n\u00e9rale une faute de fran\u00e7ais au lieu de qualifier ces errements de ce qu&rsquo;ils sont : une erreur.<\/div>\n<div class=\"mdjComplements\">C\u2019est quoi une \u00ab\u00a0faute\u00a0\u00bb ? Le Larousse nous donne la premi\u00e8re d\u00e9finition de ce mot\u00a0: \u00ab\u00a0 Manquement \u00e0 la r\u00e8gle morale, \u00e0 une prescription religieuse\u00a0\u00bb.<\/div>\n<div class=\"mdjComplements\">Voil\u00e0 c\u2019est dit\u00a0: nous nous trouvons au niveau de la Morale.<\/div>\n<div class=\"mdjComplements\">Alors comparons-nous aux allemands et aux anglais.<\/div>\n<div class=\"mdjComplements\">En allemand, le mot faute se dit \u00ab\u00a0Schuld\u00a0\u00bb. Un mot du jour (celui du 04\/11\/2013) a soulign\u00e9 qu\u2019en allemand ce mot Schuld a une autre signification puisqu\u2019il d\u00e9signe aussi le mot dette. Nous en avions tir\u00e9 la cons\u00e9quence que pour un allemand la dette constituait une faute morale.<\/div>\n<div class=\"mdjComplements\">Mais pour le respect des r\u00e8gles de la langue, l\u2019allemand ne parle pas de \u00ab\u00a0Schuld\u00a0\u00bb mais de \u00ab\u00a0Fehler\u00a0\u00bb, c\u2019est-\u00e0-dire une erreur. Que ce soit une erreur de calcul ou une faute d\u2019allemand, le m\u00eame mot \u00ab\u00a0Fehler\u00a0\u00bb est utilis\u00e9.<\/div>\n<div class=\"mdjComplements\">Si vous allez voir les anglais, il en va de m\u00eame on parlera d\u2019\u00a0\u00ab\u00a0error\u00a0\u00bb ou de \u00ab\u00a0mistake\u00a0\u00bb.<\/div>\n<div class=\"mdjComplements\">Rien \u00e0 voir avec la Morale.<\/div>\n<div class=\"mdjComplements\">Je me souviens d\u2019une \u00e9mission o\u00f9 un anglais qui savait le fran\u00e7ais disait qu\u2019il ne s\u2019exprimait plus en fran\u00e7ais, en face d\u2019un fran\u00e7ais. Et il expliquait\u00a0:\u00a0\u00ab\u00a0quand un fran\u00e7ais essaye de s\u2019exprimer en anglais, l\u2019anglais a pour premier objectif d\u2019essayer de comprendre ce que son interlocuteur veut lui dire quelle que soit son niveau en anglais. Quand un anglais s\u2019exprime en fran\u00e7ais, la premi\u00e8re pr\u00e9occupation du fran\u00e7ais c\u2019est d\u2019interrompre son interlocuteur pour corriger ses erreurs de fran\u00e7ais\u00a0\u00bb<\/div>\n<div class=\"mdjComplements\">C\u2019est au niveau de la morale, exactement comme la dette pour les allemands.<\/div>\n<div class=\"mdjComplements\">Et lors de l\u2019\u00e9mission \u00e9voqu\u00e9e, Bernard Pivot a rappel\u00e9 un \u00e9pisode fameux de notre histoire r\u00e9cente\u00a0: <\/div>\n<div class=\"mdjComplements\">\u00ab\u00a0On n\u2019a pas oubli\u00e9 la bataille furieuse qui opposa les d\u00e9fenseurs du n\u00e9nuphar \u2013 avec ph\u2013 aux champions du n\u00e9nufar \u2013 avec un simple f. C\u2019\u00e9tait \u00e0 la fin de 1990 et au d\u00e9but de 1991. La guerre du Golfe, la premi\u00e8re, \u00e9tait imminente. Deux ou trois journaux am\u00e9ricains et anglais s\u2019\u00e9tonn\u00e8rent qu\u2019\u00e0 la veille de ce qui serait peut-\u00eatre un conflit mondial, les Fran\u00e7ais se r\u00e9pandissent en querelles absurdes \u00e0 propos de l\u2019orthographe d\u2019une banale plante aquatique. N\u2019y avait-il pas pour pol\u00e9miquer sujet plus urgent, plus noble, plus dramatique ? La France \u00e9tait d\u00e9cid\u00e9ment un pays impossible.\u00a0\u00bb<\/div>\n<div class=\"mdjComplements\"><a href=\"https:\/\/books.google.fr\/books?id=BV818ZltMywC&amp;pg=PT161&amp;lpg=PT161&amp;dq=n%C3%A9nufar+%2B+n%C3%A9nuphar+%2B+%22guerre+du+golfe%22&amp;source=bl&amp;ots=_9vJqYKRqp&amp;sig=dXB_Xx7Mqnye_HDCMMG-ZpPt5oM&amp;hl=fr&amp;sa=X&amp;ved=0ahUKEwjW9_rN1fLKAhXJyRQKHUv_DuoQ6AEIJDAB\">&lt;ICI Bernard Pivot raconte cet \u00e9pisode&gt;<\/a><\/div>\n<div class=\"mdjComplements\">Tout ceci me rend fort dubitatif.<\/div>\n<div class=\"mdjComplements\">Parce que dans certaines circonstances une erreur de calcul ou de raisonnement peut avoir pour cons\u00e9quence un co\u00fbt exorbitant voire la mort d&rsquo;humains.<\/div>\n<div class=\"mdjComplements\">Pour une erreur d&rsquo;orthographe, il ne me semble pas.<\/div>\n","protected":false},"excerpt":{"rendered":"<p>Mercredi 17 f\u00e9vrier 2016 \u00ab\u00a0La faute d&rsquo;orthographe \u00bb Expression fran\u00e7aise utilis\u00e9e pour d\u00e9crire une mauvaise utilisation des lettres pour \u00e9crire un mot de langue fran\u00e7aise. La France est confront\u00e9e \u00e0 des d\u00e9fis majeurs \u00e9conomiques, sociaux, \u00e9cologiques, militaires, migratoires. Mais apr\u00e8s<\/p>\n","protected":false},"author":1,"featured_media":0,"comment_status":"closed","ping_status":"closed","sticky":false,"template":"","format":"standard","meta":{"footnotes":""},"categories":[1],"tags":[],"class_list":["post-1620","post","type-post","status-publish","format-standard","hentry","category-motdujour"],"_links":{"self":[{"href":"https:\/\/lemotdujour.fr\/index.php?rest_route=\/wp\/v2\/posts\/1620","targetHints":{"allow":["GET"]}}],"collection":[{"href":"https:\/\/lemotdujour.fr\/index.php?rest_route=\/wp\/v2\/posts"}],"about":[{"href":"https:\/\/lemotdujour.fr\/index.php?rest_route=\/wp\/v2\/types\/post"}],"author":[{"embeddable":true,"href":"https:\/\/lemotdujour.fr\/index.php?rest_route=\/wp\/v2\/users\/1"}],"replies":[{"embeddable":true,"href":"https:\/\/lemotdujour.fr\/index.php?rest_route=%2Fwp%2Fv2%2Fcomments&post=1620"}],"version-history":[{"count":1,"href":"https:\/\/lemotdujour.fr\/index.php?rest_route=\/wp\/v2\/posts\/1620\/revisions"}],"predecessor-version":[{"id":1621,"href":"https:\/\/lemotdujour.fr\/index.php?rest_route=\/wp\/v2\/posts\/1620\/revisions\/1621"}],"wp:attachment":[{"href":"https:\/\/lemotdujour.fr\/index.php?rest_route=%2Fwp%2Fv2%2Fmedia&parent=1620"}],"wp:term":[{"taxonomy":"category","embeddable":true,"href":"https:\/\/lemotdujour.fr\/index.php?rest_route=%2Fwp%2Fv2%2Fcategories&post=1620"},{"taxonomy":"post_tag","embeddable":true,"href":"https:\/\/lemotdujour.fr\/index.php?rest_route=%2Fwp%2Fv2%2Ftags&post=1620"}],"curies":[{"name":"wp","href":"https:\/\/api.w.org\/{rel}","templated":true}]}}