{"id":16190,"date":"2024-12-30T02:10:00","date_gmt":"2024-12-30T01:10:00","guid":{"rendered":"https:\/\/lemotdujour.fr\/?p=16190"},"modified":"2025-01-04T22:38:50","modified_gmt":"2025-01-04T21:38:50","slug":"lundi-30-dcembre-2024","status":"publish","type":"post","link":"https:\/\/lemotdujour.fr\/?p=16190","title":{"rendered":"Lundi 30 d&eacute;cembre 2024"},"content":{"rendered":"<div class=\"mdjTexte\">\u00ab J\u2019ai voulu, en ouvrant les portes de ce proc\u00e8s le 2 septembre dernier, que la soci\u00e9t\u00e9 puisse se saisir des d\u00e9bats qui s\u2019y sont tenus. \u00bb<\/div>\n<div class=\"mdjAuteur\">Gis\u00e8le Pelicot<\/div>\n<p><span style=\"color: #777777; font-family: arial;\">Apr\u00e8s quatre mois d\u2019audiences, La cour criminelle du Vaucluse a rendu son verdict dans le proc\u00e8s <strong>des viols de Mazan,<\/strong> le19 d\u00e9cembre 2024.<br \/>\n<\/span><\/p>\n<p><span style=\"color: #777777; font-family: arial;\">Ce fut un proc\u00e8s historique en raison du nombre d\u2019accus\u00e9s, des conditions dans lesquelles ces crimes ont \u00e9t\u00e9 commis et aussi parce que la victime n\u2019a pas demand\u00e9 le huis clos des d\u00e9bats et a accept\u00e9 que des journalistes du monde entier puissent assister aux audiences et voir les viols film\u00e9s par le mari de la victime. <\/span><\/p>\n<p><span style=\"color: #777777; font-family: arial;\"><img loading=\"lazy\" decoding=\"async\" class=\"wp-image-16193 alignleft\" src=\"https:\/\/lemotdujour.fr\/wp-content\/uploads\/2024\/12\/Gisele-Pelicot_Cover-Insta_neu.jpg\" alt=\"\" width=\"309\" height=\"386\" srcset=\"https:\/\/lemotdujour.fr\/wp-content\/uploads\/2024\/12\/Gisele-Pelicot_Cover-Insta_neu.jpg 480w, https:\/\/lemotdujour.fr\/wp-content\/uploads\/2024\/12\/Gisele-Pelicot_Cover-Insta_neu-240x300.jpg 240w\" sizes=\"auto, (max-width: 309px) 100vw, 309px\" \/>Apr\u00e8s le refus par <strong>Gis\u00e8le Pelicot<\/strong> du huis clos, \u00ab <strong>le nouvel obs<\/strong> \u00bb a compt\u00e9 165 m\u00e9dias dont 76 m\u00e9dias \u00e9trangers qui ont suivi le proc\u00e8s. Les derniers jours \u00e0 l\u2019approche du verdict, des m\u00e9dias s\u2019accr\u00e9ditaient encore.<br \/>\n<\/span><\/p>\n<p><span style=\"color: #777777; font-family: arial;\">Je crois que les informations qui ont \u00e9t\u00e9 diffus\u00e9es pendant ces quatre mois ont \u00e9t\u00e9 si r\u00e9pandues qu\u2019il n\u2019est pas n\u00e9cessaire de rappeler les faits. Si besoin, ils sont pr\u00e9cis\u00e9ment d\u00e9crits dans cette page de de Wikipedia : \u00ab <a href=\"https:\/\/fr.wikipedia.org\/wiki\/Affaire_des_viols_de_Mazan\"><span style=\"color: #0000ff;\">Affaire des viols de Mazan<\/span><\/a> \u00bb. <\/span><\/p>\n<p><span style=\"color: #777777; font-family: arial;\">La plupart des journaux ont cr\u00e9\u00e9 une page sp\u00e9cifique regroupant tous les articles sur ce proc\u00e8s. Le nouvel obs a publi\u00e9 les comptes rendus pour chacune des audiences ainsi que des articles de fond \u00e9crits par ses journalistes. La plupart sont en acc\u00e8s libre : \u00ab <a href=\"https:\/\/www.nouvelobs.com\/justice\/20240925.OBS94110\/proces-des-viols-de-mazan-l-onde-de-choc.html\"><span style=\"color: #0000ff;\">Le proc\u00e8s des viols de Mazan<\/span><\/a> \u00bb<\/span><\/p>\n<p><span style=\"color: #777777; font-family: arial;\"> Il est donc possible d\u2019aller directement aux enseignements que nous apportent cette affaire hors norme et selon la volont\u00e9 de Gis\u00e8le Pelicot de se saisir des d\u00e9bats pour comprendre et faire \u00e9voluer notre soci\u00e9t\u00e9. <\/span><\/p>\n<p><span style=\"color: #777777; font-family: arial;\">Ce mot du jour va modestement tenter de faire une partie du chemin, sans \u00eatre en mesure d\u2019aborder tous les sujets. <\/span><\/p>\n<p><span style=\"color: #777777; font-family: arial;\">Pour commencer, il me semble quand m\u00eame, essentiel de rappeler que <strong>tous les accus\u00e9s ont \u00e9t\u00e9 d\u00e9clar\u00e9s coupables et ont \u00e9t\u00e9 condamn\u00e9s \u00e0 de la prison<\/strong>, au minimum 1 an ferme et 2 ans de sursis qui s\u2019appliqueront imm\u00e9diatement en cas de r\u00e9cidive. En outre tous ont \u00e9t\u00e9 condamn\u00e9s \u00e0 poursuivre des soins. D\u00e8s lors les journalistes qui ont \u00e9crit que certains sont \u00ab repartis libre \u00e0 l\u2019issue du proc\u00e8s \u00bb au minimum manquent de pr\u00e9cisions. Ce qu\u2019il aurait fallu \u00e9noncer c\u2019est que tous ont \u00e9t\u00e9 condamn\u00e9s \u00e0 de la prison, mais que certains ayant d\u00e9j\u00e0 purg\u00e9 leur temps de peine en pr\u00e9ventive lors de l\u2019enqu\u00eate, n\u2019ont pas \u00e9t\u00e9 incarc\u00e9r\u00e9s. <\/span><\/p>\n<p><span style=\"color: #777777; font-family: arial;\"><span style=\"color: #777777; font-family: arial;\"><u>Le premier enseignement<\/u> de ce proc\u00e8s nous met face <strong>\u00e0 un r\u00e9cit erron\u00e9 de la r\u00e9alit\u00e9 des viols<\/strong>. On nous a racont\u00e9 que le viol se passait dans un parking dans lequel un pr\u00e9dateur sexuel inconnu se jetait sur une femme pour la violer sous contrainte. Cela pouvait se passer la nuit, dans une rue obscure, une femme seule agress\u00e9e par un inconnu. <\/span><\/span><\/p>\n<p><span style=\"color: #777777; font-family: arial;\"><span style=\"color: #777777; font-family: arial;\">Ces histoires existent, mais <a href=\"https:\/\/www.lemonde.fr\/les-decodeurs\/article\/2018\/10\/27\/viols-plus-de-neuf-victimes-sur-dix-connaissaient-leur-agresseur_5375570_4355770.html\"><span style=\"color: #0000ff;\">91% des viols sont commis par un proche<\/span><\/a>. Le plus souvent dans le cadre familial. D\u2019ailleurs, 45 % des agresseurs sont le conjoint ou ex-conjoint. La cellule familiale qui a vocation \u00e0 prot\u00e9ger ses membres est le lieu le plus dangereux pour les femmes et aussi pour les enfants. C\u2019est l\u00e0, dans ce huis clos que les crimes sexuels les plus horribles sont commis.<\/span><\/span><br \/>\n<span style=\"color: #777777; font-family: arial;\"><u>Le deuxi\u00e8me enseignement<\/u> est celui de la<strong> faillite d\u2019un argument et d\u2019un concept : \u00ab le bon p\u00e8re de famille \u00bb.<\/strong> Il n\u2019a jamais pu faire cela, c\u2019est un bon p\u00e8re de famille&#8230; <\/span><br \/>\n<span style=\"color: #777777; font-family: arial;\">Un article du monde pr\u00e9sente cette \u00ab <a href=\"https:\/\/www.lemonde.fr\/idees\/article\/2024\/12\/18\/la-disqualification-definitive-des-bons-peres-de-famille_6454623_3232.html\"><span style=\"color: #0000ff;\">disqualification d\u00e9finitive des \u00ab bons p\u00e8res de famille<\/span><\/a> \u00bb. Cet article cite l\u2019essai de <strong>Rose Lamy<\/strong> \u00ab <strong> En bons p\u00e8res de famille<\/strong> \u00bb (Latt\u00e8s, 2023 et s\u2019appuie sur une interview pour expliquer : <\/span><\/p>\n<p style=\"margin-left: 28pt;\"><span style=\"color: #c00000; font-family: arial;\">\u00ab Selon Rose Lamy. \u00ab Dans cette fiction sociale [du bon p\u00e8re de famille], ajoute-t-elle, les hommes violents, ce sont toujours les autres, les monstres, les fous, les \u00e9trangers, les marginaux. \u00bb D\u2019un c\u00f4t\u00e9, les bons p\u00e8res de famille, qui, certes, parfois, d\u00e9rapent, \u00e9tant \u00ab trop amoureux, trop lourds, trop malheureux, trop s\u00e9ducteurs, trop bourr\u00e9s, trop jaloux, mais, croyez-les sur parole, jamais violents \u00bb ; de l\u2019autre, les vrais monstres, qui agressent \u00e0 la nuit tomb\u00e9e.<br \/>\nC\u2019est sans doute cette distinction qui explique les mots de l\u2019un des avocats des accus\u00e9s du proc\u00e8s de Mazan, Louis-Alain Lemaire, assurant sans sourciller que ses clients sont \u00ab tout sauf des violeurs \u00bb.<\/span><\/p>\n<p><span style=\"color: #777777; font-family: arial;\">Peut \u00eatre est-il plus fort encore de citer <strong>Gis\u00e8le Pelicot<\/strong> lors de l\u2019audience du 23 octobre lorsqu\u2019elle interpelle son ex mari : <\/span><\/p>\n<p style=\"margin-left: 28pt;\"><span style=\"color: #c00000; font-family: arial;\"><br \/>\n\u00ab Dominique, nous avons eu cinquante ans de vie commune, nous avons \u00e9t\u00e9 heureux et combl\u00e9s, nous avons eu trois enfants, sept petits-enfants, tu as \u00e9t\u00e9 un p\u00e8re attentionn\u00e9, pr\u00e9sent, je n\u2019ai jamais dout\u00e9 de ta confiance. Je me suis souvent dit : Quelle chance j\u2019ai de t\u2019avoir \u00e0 mes c\u00f4t\u00e9s. [\u2026] Cela fait quatre ans que je pr\u00e9pare le proc\u00e8s et je ne comprends toujours pas comment cet homme qui \u00e9tait pour moi l\u2019homme parfait a pu en arriver l\u00e0, comment ma vie a bascul\u00e9. \u00bb Elle \u00e9l\u00e8ve la voix :<br \/>\n\u00ab Comment as-tu pu me trahir \u00e0 ce point ? Comment as-tu pu faire entrer tous ces individus chez nous, dans ma chambre \u00e0 coucher ? Cette trahison est incommensurable. J\u2019ai toujours essay\u00e9 de te tirer vers le haut, tu as choisi les bas-fonds de l\u2019\u00e2me humaine. \u00bb<\/span><\/p>\n<p><span style=\"color: #777777; font-family: arial;\"><br \/>\nEt par la suite devant les t\u00e9moignages des proches des accus\u00e9s, elle leur renvoie : <\/span><\/p>\n<p style=\"margin-left: 28pt;\"><span style=\"color: #c00000; font-family: arial;\">\u00ab Je voudrais faire remarquer \u00e0 ces femmes, ces mamans, ces s\u0153urs, qui toutes parlent de leur mari, leur p\u00e8re, leur fr\u00e8re comme d\u2019un homme exceptionnel : j\u2019avais le m\u00eame \u00e0 la maison ! \u00bb<\/span><\/p>\n<p><span style=\"color: #777777; font-family: arial;\"><br \/>\n\u00ab Lib\u00e9ration \u00bb parle de \u00ab <a href=\"https:\/\/www.liberation.fr\/societe\/police-justice\/proces-des-viols-de-mazan-leffrayante-banalite-des-50-accuses-20241003_ALRI3GPQWFBG5GEANNPUP2P6RI\/\"><span style=\"color: #0000ff;\">l\u2019effrayante banalit\u00e9 des 50 accus\u00e9s<\/span><\/a> \u00bb, Dominique Pelicot \u00e9tant trait\u00e9 \u00e0 part.<\/span><br \/>\n<span style=\"color: #777777; font-family: arial;\"><u>Le troisi\u00e8me enseignement<\/u> est celui de<strong> la soumission chimique<\/strong> qui semble se d\u00e9velopper de plus en plus. Et dans ce crime c\u2019est encore plus souvent un proche qui utilise cette manipulation. La d\u00e9put\u00e9e Sandrine Josso qui a fait elle-m\u00eame l\u2019objet d\u2019une soumission chimique par un coll\u00e8gue l\u2019explique sans d\u00e9tour : \u00ab <a href=\"https:\/\/www.nouvelobs.com\/societe\/20240902.OBS93085\/proces-de-la-soumission-chimique-on-est-le-plus-souvent-drogue-par-un-proche-alerte-la-deputee-sandrine-josso.html\"><span style=\"color: #0000ff;\">On est le plus souvent drogu\u00e9 par un proche<\/span><\/a> \u00bb<\/span><\/p>\n<p><span style=\"color: #777777; font-family: arial;\">Cette d\u00e9put\u00e9 pr\u00e9conise d&rsquo;\u00e9tablir un parcours fl\u00e9ch\u00e9 de soins pour les personnes estimant avoir \u00e9t\u00e9 drogu\u00e9es. Car cette r\u00e9alit\u00e9 est encore tr\u00e8s m\u00e9connue par les victimes et aussi par les professions m\u00e9dicales qui devraient \u00eatre form\u00e9es \u00e0 d\u00e9tecter les cas de soumission chimique. Gis\u00e8le P\u00e9licot a consult\u00e9 de nombreux m\u00e9decins car elle avait des pertes de m\u00e9moire, au point que ses proches pensaient \u00e0 un cas d\u2019Alzheimer pr\u00e9coce. Aucun m\u00e9decin n&rsquo;a eu l&rsquo;id\u00e9e d&rsquo;une drogue et par cons\u00e9quent de prescrire une analyse <\/span><\/p>\n<p><span style=\"color: #777777; font-family: arial;\"><u>Le quatri\u00e8me enseignement<\/u> est celui du <strong>retard fran\u00e7ais concernant le consentement<\/strong>. Beaucoup de l\u00e9gislation des pays comparables \u00e0 la France, la Belgique, le Canada ont li\u00e9 le viol \u00e0 l\u2019absence de consentement. <\/span><\/p>\n<p><span style=\"color: #777777; font-family: arial;\">D&rsquo;ailleurs La France a sign\u00e9 la convention d\u2019Istanbul de 2011 qui fait ce lien, mais pour l\u2019instant le droit positif fran\u00e7ais n\u2019a pas r\u00e9alis\u00e9 cette \u00e9volution. L\u2019article du Code p\u00e9nal qui d\u00e9finit le viol est l\u2019article 222-23 : <\/span><\/p>\n<p style=\"margin-left: 28pt;\"><span style=\"color: #c00000; font-family: arial;\">\u00ab Tout acte de p\u00e9n\u00e9tration sexuelle, de quelque nature qu&rsquo;il soit, ou tout acte bucco-g\u00e9nital commis sur la personne d&rsquo;autrui ou sur la personne de l&rsquo;auteur par violence, contrainte, menace ou surprise est un viol. \u00bb<\/span><\/p>\n<p><span style=\"color: #777777; font-family: arial;\">Lors du proc\u00e8s de Mazan, le viol \u00e9tait caract\u00e9ris\u00e9 par \u00ab la surprise \u00bb qui ne pouvait \u00eatre discut\u00e9.<br \/>\n<\/span><br \/>\n<span style=\"color: #777777; font-family: arial;\">Mais la Justice fran\u00e7aise a aggrav\u00e9 son cas. Dans un jugement de 2018 qui concernait des accusations contre G\u00e9rald Darmanin qui \u00e9tait alors ministre du budget, il est \u00e9crit : <\/span><\/p>\n<p style=\"margin-left: 28pt;\"><span style=\"color: #c00000; font-family: arial;\">\u00ab Le d\u00e9faut de consentement ne suffit pas \u00e0 caract\u00e9riser le viol. Encore faut-il que le mis en cause ait eu conscience d\u2019imposer un acte sexuel par violence, menace, contrainte ou surprise \u00bb.<\/span><\/p>\n<p><span style=\"color: #777777; font-family: arial;\">Pourtant \u00e0 chaque interrogatoire, le pr\u00e9sident de la cour criminelle du Vaucluse a demand\u00e9 : \u00ab Avez-vous d\u2019une mani\u00e8re ou d\u2019une autre recueilli le consentement de Mme Pelicot ? \u00bb Et syst\u00e9matiquement l\u2019accus\u00e9 r\u00e9pondait non. Ils ne l\u2019ont pas recueilli, ils n\u2019ont pas cherch\u00e9 \u00e0 le faire. Certains ont m\u00eame dit ne pas avoir cherch\u00e9 \u00e0 voir son visage.<br \/>\n<\/span><br \/>\n<span style=\"color: #777777; font-family: arial;\">La journaliste C\u00e9line Rastello a expliqu\u00e9 : <\/span><\/p>\n<p style=\"margin-left: 28pt;\"><span style=\"color: #c00000; font-family: arial;\">\u00ab Et il y a un ph\u00e9nom\u00e8ne qui est tr\u00e8s int\u00e9ressant, qui est que depuis l\u2019affaire, depuis le proc\u00e8s Pelicot, il y a beaucoup de femmes qui nous ont confi\u00e9 relire leur histoire pass\u00e9e \u00e0 l\u2019aune de cette notion et elles sont nombreuses \u00e0 se demander si elles avaient vraiment consenti. <\/span><\/p>\n<p style=\"margin-left: 28pt;\"><span style=\"color: #c00000; font-family: arial;\">Est-ce qu\u2019elles n\u2019avaient pas plut\u00f4t c\u00e9d\u00e9 pour de mauvaises raisons ? Ou est-ce qu\u2019elles ne s\u2019\u00e9taient pas r\u00e9ellement interrog\u00e9es ? [\u2026]<\/span><\/p>\n<p style=\"margin-left: 28pt;\"><span style=\"color: #c00000; font-family: arial;\">Il y a cette id\u00e9e forte aussi dans le consentement qu\u2019on commence \u00e0 voir \u00e9merger, mais qui est une notion tr\u00e8s nouvelle qui est qu\u2019on ne donne pas son consentement une bonne fois pour toutes, on ne donne pas son consentement en entrant dans la chambre de quelqu\u2019un. Son consentement, on le donne pour des choses sp\u00e9cifiques.<\/span><\/p>\n<p style=\"margin-left: 28pt;\"><span style=\"color: #c00000; font-family: arial;\">Prosa\u00efquement, ce n\u2019est pas parce qu\u2019on est toute nue dans le lit de quelqu\u2019un qu\u2019on a donn\u00e9 son consentement pour les cinq prochaines heures \u00e0 venir. \u00c7a d\u00e9pend de ce qui va se passer, ce consentement, il est r\u00e9vocable et il est sp\u00e9cifique. Et \u00e7a, ce sont des choses nouvelles qui commencent \u00e0 \u00eatre connues encore une fois dans le cerveau des gens.\u00bb<\/span><\/p>\n<p><span style=\"color: #777777; font-family: arial;\"><u>Le cinqui\u00e8me enseignement<\/u> d\u00e9coule directement du consentement : <strong>le viol conjugal<\/strong>. <\/span><\/p>\n<p><span style=\"color: #777777; font-family: arial;\">Pendant longtemps cette notion, dans un univers patriarcal, de domination masculine et de pr\u00e9dominance du d\u00e9sir sexuel masculin n\u2019\u00e9tait pas envisag\u00e9.<br \/>\n<\/span><\/p>\n<p><span style=\"color: #777777; font-family: arial;\">L&rsquo;historienne <strong>A\u00efcha Limbada<\/strong>, autrice de l\u2019essai \u00ab <a href=\"https:\/\/www.radiofrance.fr\/franceculture\/podcasts\/questions-du-soir-l-idee\/le-viol-conjugal-selon-aicha-limbada-5787347\"><span style=\"color: #000000;\">La nuit de noces, une histoire de l\u2019intimit\u00e9 conjugale<\/span><\/a> \u00bb rappelle que la notion pr\u00e9gnante \u00e9tait plut\u00f4t celle du devoir conjugal. Le viol conjugal constitue une notion beaucoup plus r\u00e9cente qui repose enti\u00e8rement sur la n\u00e9cessit\u00e9 du consentement.<br \/>\nChaque homme doit faire son introspection et remettre sur le m\u00e9tier ses croyances, son \u00e9ducation pour parvenir \u00e0 int\u00e9grer cette r\u00e9alit\u00e9 : ce n\u2019est pas parce que je vis en couple avec une femme ou un homme, et le mariage ne change rien \u00e0 cela, qu\u2019il ne faut pas s\u2019assurer du consentement de son partenaire avant tout \u00e9bat sexuel.<\/span><\/p>\n<p><span style=\"color: #777777; font-family: arial;\">Je m\u2019arr\u00eaterais provisoirement \u00e0 un <u>sixi\u00e8me enseignement<\/u> alors qu\u2019il en existe encore d\u2019autres : <strong>L\u2019avocat a une obligation \u00e9thique dans son action de d\u00e9fendre<\/strong>. <\/span><\/p>\n<p><span style=\"color: #777777; font-family: arial;\">Longtemps j\u2019ai cru, que l\u2019avocat avait tous les droits pour d\u00e9fendre son client. L\u2019avocate de Dominique Pelicot, <strong>Me B\u00e9atrice Zavarro<\/strong> a \u00e9t\u00e9 remarquable de ce point de vue. Elle a d\u00e9fendu son client sans jamais agresser la victime ou remettre en cause ses paroles. D\u2019autres avocats ont franchi toutes les limites, en d\u00e9clarant qu\u2019\u00ab il y a viol et viol \u00bb, en croyant percevoir des mouvements de bassin de Gis\u00e9le Pelicot dans les vid\u00e9os projet\u00e9es, laissant entendre un d\u00e9but de participation au viol ou d\u2019autres vilenies encore.<\/span><\/p>\n<p><span style=\"color: #777777; font-family: arial;\">Or, gr\u00e2ce \u00e0 ce proc\u00e8s j\u2019ai appris que les avocats \u00e9taient tenus de se conformer \u00e0 un code d\u00e9ontologie. Or voici ce qu\u2019on peut lire dans l\u2019article 3 de ce code : <\/span><\/p>\n<p style=\"margin-left: 28pt;\"><span style=\"color: #c00000; font-family: arial;\">\u00ab L&rsquo;avocat exerce ses fonctions avec dignit\u00e9, conscience, ind\u00e9pendance, probit\u00e9 et humanit\u00e9, dans le respect des termes de son serment.<br \/>\nIl respecte en outre, dans cet exercice, les principes d&rsquo;honneur, de loyaut\u00e9, d&rsquo;\u00e9galit\u00e9 et de non-discrimination, de d\u00e9sint\u00e9ressement, de confraternit\u00e9, de d\u00e9licatesse, de mod\u00e9ration et de courtoisie. \u00bb<\/span><\/p>\n<p><span style=\"color: #777777; font-family: arial;\"><br \/>\nProbit\u00e9, dignit\u00e9, humanit\u00e9 et d\u00e9licatesse\u2026 Force est de constater que certains se sont beaucoup \u00e9loign\u00e9s de cette \u00e9thique.<\/span><\/p>\n<p><span style=\"color: #777777; font-family: arial;\">Pour terminer, il me semble pertinent de redonner la parole \u00e0 cette femme admirable qui s&rsquo;est tenue debout devant ceux qui l&rsquo;ont viol\u00e9e et qui a fait changer la honte du camp de la victime vers celui des criminels. Elle a dit lors de l&rsquo;audience du 23 octobre : <\/span><\/p>\n<p style=\"margin-left: 28pt;\"><span style=\"color: #c00000; font-family: arial;\">\u00ab J\u2019ai choisi de renoncer au huis clos car j\u2019ai voulu que toutes les femmes victimes de viols, pas seulement sous soumission chimique, puissent se dire \u201cMadame Pelicot l\u2019a fait, on pourra le faire\u201d [\u2026]. Je voulais qu\u2019elles n\u2019aient plus honte. Quand on est viol\u00e9e, on a honte. Mais ce n\u2019est pas \u00e0 nous d\u2019avoir honte. C\u2019est \u00e0 eux d\u2019avoir honte. Je n\u2019exprime ici ni ma col\u00e8re ni ma haine, seulement ma volont\u00e9 et ma d\u00e9termination \u00e0 ce qu\u2019on fasse \u00e9voluer la soci\u00e9t\u00e9. \u00bb<\/span><\/p>\n<p><span style=\"color: #777777; font-family: arial;\">C&rsquo;est avec un courage et une lucidit\u00e9 incroyable qu&rsquo;elle s&rsquo;est avanc\u00e9e \u00e0 la barre et devant tous ces hommes accus\u00e9s de viol aggrav\u00e9 sur elle, elle a oubli\u00e9 son cas personnel pour parler de l\u2019avenir : <\/span><\/p>\n<p style=\"margin-left: 28pt;\"><span style=\"color: #c00000; font-family: arial;\">\u00ab Voil\u00e0, pour moi le mal est fait, mais je le fais pour les autres parce que j\u2019aurais souhait\u00e9 pouvoir entendre un tel t\u00e9moignage. \u00c7a m\u2019aurait aid\u00e9 si \u00e7a avait \u00e9t\u00e9 le cas. \u00bb<br \/>\n<\/span><\/p>\n<p><span style=\"color: #777777; font-family: arial;\">Dans sa prise de parole, \u00e0 l\u2019issue de l\u2019\u00e9nonc\u00e9 du verdict \u00e0 l\u2019\u00e9gard des 51 accus\u00e9s, elle a conclu : <\/span><\/p>\n<p style=\"margin-left: 28pt;\"><span style=\"color: #c00000; font-family: arial;\">\u00ab <strong>J\u2019ai voulu, en ouvrant les portes de ce proc\u00e8s le 2 septembre dernier, que la soci\u00e9t\u00e9 puisse se saisir des d\u00e9bats qui s\u2019y sont tenus.<\/strong> Je n\u2019ai jamais regrett\u00e9 cette d\u00e9cision. J\u2019ai confiance \u00e0 pr\u00e9sent en notre capacit\u00e9 \u00e0 saisir collectivement un avenir dans lequel chacun, femme et homme, puisse vivre en harmonie, dans le respect et la compr\u00e9hension mutuelle. Je vous remercie. \u00bb<br \/>\n<\/span><\/p>\n","protected":false},"excerpt":{"rendered":"<p>\u00ab J\u2019ai voulu, en ouvrant les portes de ce proc\u00e8s le 2 septembre dernier, que la soci\u00e9t\u00e9 puisse se saisir des d\u00e9bats qui s\u2019y sont tenus. \u00bb Gis\u00e8le Pelicot Apr\u00e8s quatre mois d\u2019audiences, La cour criminelle du Vaucluse a rendu<\/p>\n","protected":false},"author":1,"featured_media":0,"comment_status":"open","ping_status":"closed","sticky":false,"template":"","format":"standard","meta":{"footnotes":""},"categories":[1],"tags":[247,36,51,175],"class_list":["post-16190","post","type-post","status-publish","format-standard","hentry","category-motdujour","tag-actualites","tag-feminisme","tag-justice","tag-violence"],"_links":{"self":[{"href":"https:\/\/lemotdujour.fr\/index.php?rest_route=\/wp\/v2\/posts\/16190","targetHints":{"allow":["GET"]}}],"collection":[{"href":"https:\/\/lemotdujour.fr\/index.php?rest_route=\/wp\/v2\/posts"}],"about":[{"href":"https:\/\/lemotdujour.fr\/index.php?rest_route=\/wp\/v2\/types\/post"}],"author":[{"embeddable":true,"href":"https:\/\/lemotdujour.fr\/index.php?rest_route=\/wp\/v2\/users\/1"}],"replies":[{"embeddable":true,"href":"https:\/\/lemotdujour.fr\/index.php?rest_route=%2Fwp%2Fv2%2Fcomments&post=16190"}],"version-history":[{"count":6,"href":"https:\/\/lemotdujour.fr\/index.php?rest_route=\/wp\/v2\/posts\/16190\/revisions"}],"predecessor-version":[{"id":16213,"href":"https:\/\/lemotdujour.fr\/index.php?rest_route=\/wp\/v2\/posts\/16190\/revisions\/16213"}],"wp:attachment":[{"href":"https:\/\/lemotdujour.fr\/index.php?rest_route=%2Fwp%2Fv2%2Fmedia&parent=16190"}],"wp:term":[{"taxonomy":"category","embeddable":true,"href":"https:\/\/lemotdujour.fr\/index.php?rest_route=%2Fwp%2Fv2%2Fcategories&post=16190"},{"taxonomy":"post_tag","embeddable":true,"href":"https:\/\/lemotdujour.fr\/index.php?rest_route=%2Fwp%2Fv2%2Ftags&post=16190"}],"curies":[{"name":"wp","href":"https:\/\/api.w.org\/{rel}","templated":true}]}}