{"id":16171,"date":"2024-12-17T02:18:50","date_gmt":"2024-12-17T01:18:50","guid":{"rendered":"https:\/\/lemotdujour.fr\/?p=16171"},"modified":"2024-12-17T10:25:08","modified_gmt":"2024-12-17T09:25:08","slug":"mardi-17-dcembre-2024","status":"publish","type":"post","link":"https:\/\/lemotdujour.fr\/?p=16171","title":{"rendered":"Mardi 17 d&eacute;cembre 2024"},"content":{"rendered":"<div class=\"mdjTexte\">\u00ab Et \u00e0 la fin ce sont les islamistes qui gagnent ! \u00bb<\/div>\n<div class=\"mdjAuteur\">R\u00e9flexion suite \u00e0 la victoire des islamistes sur Bachar El Assad<\/div>\n<p><span style=\"color: #777777; font-family: arial;\">Cette histoire commence en 1979. Je l&rsquo;avais racont\u00e9 dans la s\u00e9rie consacr\u00e9e au livre d&rsquo;<strong>Amin<\/strong> <strong>Maalouf<\/strong> : \u00ab <strong>Le naufrage des civilisations<\/strong>. \u00bb. La r\u00e9volution iranienne nous paraissait ouvrir un horizon radieux. Autour du vieux barbu assis en tailleur sous un pommier, \u00e0 Neauphle le Ch\u00e2teau, il y avait plusieurs hommes sympathiques qui parlaient de libert\u00e9, de justice, de droits de l&rsquo;homme. Tr\u00e8s rapidement, ils seront balay\u00e9s, tu\u00e9s, emprisonn\u00e9s ou contraints \u00e0 l&rsquo;exil. Le vieux barbu n&rsquo;\u00e9tait pas sage, il \u00e9tait islamiste d&rsquo;ob\u00e9dience chiite : \u00ab <a href=\"https:\/\/lemotdujour.fr\/?p=11783\"><span style=\"color: #0000ff;\">Vous ne pouvez pas comprendre<\/span><\/a> \u00bb.<\/span><\/p>\n<p><span style=\"color: #777777; font-family: arial;\">En 1979, il y eut un autre \u00e9v\u00e8nement : l&rsquo;invasion de l&rsquo;Afghanistan par l&rsquo;Union sovi\u00e9tique pour consolider un pouvoir communiste aux abois. Car diff\u00e9rentes ethnies, regroup\u00e9es autour de chefs de guerre ne voulaient pas que le communisme remettent en cause leurs traditions locales et leur religion. musulmane. Nous savons maintenant que le secr\u00e9taire d&rsquo;\u00e9tat am\u00e9ricain <strong>Zbignizw Brzezinski,<\/strong> dit \u00ab Zbig \u00bb avait convaincu le pr\u00e9sident des Etats-Unis <strong>Carter <\/strong>d&rsquo;aider et d&rsquo;armer les rebelles avant que l&rsquo;URSS intervienne. Les am\u00e9ricains avaient appel\u00e9s cette op\u00e9ration \u00ab cyclone \u00bb.<\/span><\/p>\n<p><span style=\"color: #777777; font-family: arial;\">L&rsquo;Union sovi\u00e9tique avait, \u00e0 l&rsquo;\u00e9poque, r\u00e9agi \u00e0 une intervention am\u00e9ricaine. Une fois l&rsquo;arm\u00e9e rouge en Afghanistan, l&rsquo;aide am\u00e9ricaine aux rebelles s&rsquo;est d\u00e9ploy\u00e9e de mani\u00e8re de plus en plus vigoureuse. J&rsquo;avais aussi narr\u00e9 cette histoire : \u00ab <a href=\"https:\/\/lemotdujour.fr\/?p=11892\"><span style=\"color: #0000ff;\">Nous avons maintenant l\u2019occasion de donner \u00e0 l\u2019URSS sa guerre du Vietnam<\/span><\/a><span style=\"color: #0000ff;\">.<\/span> \u00bb disait Zbigniew Brzezinski.<\/span><\/p>\n<p><span style=\"color: #777777; font-family: arial;\">Nous connaissons la suite, les sovi\u00e9tiques partiront, vaincus, apr\u00e8s avoir \u00e9puis\u00e9 \u00e9norm\u00e9ment de force et de ressources. <\/span><\/p>\n<p><span style=\"color: #777777; font-family: arial;\">Ils avaient bien subi leur Viet Nam. Mais il y eut une grande diff\u00e9rence, la r\u00e9volution vietnamienne qui a chass\u00e9 les am\u00e9ricains de son territoire a cr\u00e9\u00e9 des liens d\u2019amiti\u00e9 et de collaboration fid\u00e8le avec la grande puissance qui l\u2019avait aid\u00e9 \u00e0 se d\u00e9barrasser des am\u00e9ricains. Rien de tel en Afghanistan. D\u2019abord Ben Laden qui avait profit\u00e9 de l\u2019aide am\u00e9ricaine va cr\u00e9er Al Qa\u00efda et frapper la pays qui l\u2019a aid\u00e9 par les attentats du 11 septembre 2001.<\/span><\/p>\n<p><span style=\"color: #777777; font-family: arial;\">Parall\u00e8lement les chefs de guerre et les ethnies vont utiliser les armes am\u00e9ricaines pour s\u2019entretuer dans une guerre civile meurtri\u00e8re. Ce sera la frange la plus islamiste, la plus radicale\u00a0 \u00ab Les talibans \u00bb qui l\u2019emportera. Apr\u00e8s avoir \u00e9t\u00e9 chass\u00e9 du pouvoir par les am\u00e9ricains qui voulaient punir Al Qaida et son chef, ils reviendront apr\u00e8s le d\u00e9part des am\u00e9ricains, voulu par Trump, avec les m\u00eame valeurs obscurantistes qui donnent une image d\u00e9l\u00e9t\u00e8re de la pratique de l\u2019islam contemporain.<\/span><\/p>\n<p><span style=\"color: #777777; font-family: arial;\">En Alg\u00e9rie, quand en janvier 1992, le pouvoir autoritaire du FLN a tent\u00e9 un processus \u00e9lectoral et des \u00e9lections l\u00e9gislatives libres, les r\u00e9sultats du premier tour ont donn\u00e9 une victoire nette au Front islamique du salut (FIS) qui veut mettre en place une r\u00e9publique islamique.\u00a0 L&rsquo;arm\u00e9e interrompt le processus \u00e9lectoral et une guerre civile terrible va s&rsquo;en suivre pendant dix ans. Il ne faut pas parler de ces choses l\u00e0 en Alg\u00e9rie, Kamel Daoud a commis l&rsquo;irr\u00e9parable en \u00e9crivant \u00ab Houris \u00bb. L&rsquo;\u00e9crivain explique que \u00ab <a href=\"https:\/\/www.lemonde.fr\/livres\/article\/2024\/09\/08\/kamel-daoud-les-islamistes-ont-perdu-militairement-mais-gagne-politiquement_6307521_3260.html\"><span style=\"color: #0000ff;\">les islamistes ont perdu militairement mais gagn\u00e9 politiquement<\/span><\/a> \u00bb. Les islamistes imposent leur r\u00e8gles et leur vision soci\u00e9tale dans une Alg\u00e9rie o\u00f9 le pouvoir \u00e9conomique reste aux mains du FLN et des chefs militaires qui ont consid\u00e9r\u00e9 que leur fortune et leur tranquillit\u00e9 m\u00e9ritait bien qu&rsquo;on laisse la soci\u00e9t\u00e9 aux mains des religieux afin que ces derniers se tiennent tranquille. L\u2019Alg\u00e9rie nous donne donc l\u2019exemple d\u2019un pays o\u00f9 m\u00eame si les islamistes sont battus par les armes, ils reviennent dans la soci\u00e9t\u00e9.<\/span><\/p>\n<p><span style=\"color: #777777; font-family: arial;\">Et puis il y a eu les printemps arabes. Ils commenc\u00e8rent en Tunisie, le 17 d\u00e9cembre 2010. Plusieurs dirigeants autoritaires furent chass\u00e9s. En Egypte, Hosni Moubarak fut d\u00e9mis et m\u00eame condamn\u00e9 \u00e0 la prison. En Occident, nous aimions ces jeunes manifestants de la place Tahrir du Caire. Ces jeunes d\u00e9non\u00e7aient les abus de la police \u00e9gyptienne, la corruption, le manque de libert\u00e9 d&rsquo;expression,le ch\u00f4mage etc.. Mais les \u00e9lections ont envoy\u00e9 au pouvoir les fr\u00e8res musulmans, des islamistes qui n&rsquo;avaient aucune r\u00e9ponse \u00e0 ces questions et qui sur certains points \u00e9taient \u00e0 l&rsquo;antipode de ce qui \u00e9tait demand\u00e9 notamment la libert\u00e9 d&rsquo;expression. L&rsquo;arm\u00e9e a repris le pouvoir et un nouveau g\u00e9n\u00e9ral dirige l&rsquo;Egypte avec une main de fer plus dure que celle de Moubarak. <\/span><\/p>\n<p><span style=\"color: #777777; font-family: arial;\">Il serait long de faire le tour de tous les \u00c9tats ayant \u00e9t\u00e9 touch\u00e9 par les printemps arabes. Mais il faut bien parler de la Syrie. <\/span><\/p>\n<p><span style=\"color: #777777; font-family: arial;\">Bachar El Assad \u00e9tait un tyran abominable qui martyrisait son peuple. Le 29 mai 2012, le ministre fran\u00e7ais des affaires \u00e9trang\u00e8res, Laurent Fabius, d\u00e9clarait : <\/span><\/p>\n<p style=\"margin-left: 28pt;\"><span style=\"color: #c00000; font-family: arial;\">\u00ab M. Bachar Al-Assad est un assassin. Il faut qu&rsquo;il quitte le pouvoir et le plus t\u00f4t sera le mieux \u00bb<\/span><\/p>\n<p><span style=\"color: #777777; font-family: arial;\">Il est rest\u00e9 au pouvoir jusqu&rsquo;en 2024. Il y a eu beaucoup de manquements de la part des occidentaux qui n&rsquo;ont pas soutenu les forces d\u00e9mocratiques. Par la suite ces forces d\u00e9mocratiques ont \u00e9t\u00e9 an\u00e9anties par l&rsquo;action de l&rsquo;aviation russe et des milices du Hezbollah qui combattaient avec beaucoup plus de mollesse les islamistes de DAESH. <\/span><\/p>\n<p><span style=\"color: #777777; font-family: arial;\">Finalement la Russie, l&rsquo;Iran et le Hezbollah trop affaibli n&rsquo;avaient plus les moyens de d\u00e9fendre le r\u00e9gime de Bachar el Assad. Et c&rsquo;est ainsi que des forces coalis\u00e9es ont pu enfin chasser ce monstre. Nous ne pouvons que nous r\u00e9jouir avec les Syriens de la d\u00e9faite de cet homme a la t\u00eate d&rsquo;un \u00c9tat mafieux pratiquant le trafic de drogue. A la t\u00eate des forces coalis\u00e9es un mouvement islamiste : Hayat Tahrir al-Cham ou HTC (en fran\u00e7ais, Organisation de lib\u00e9ration du Levant). En anglais le Levant s&rsquo;\u00e9crit al-Sham d&rsquo;o\u00f9 le sigle HTS.<\/span><\/p>\n<p><span style=\"color: #777777; font-family: arial;\">A leur t\u00eate, un homme, Ahmed Hussein al-Chara qui se faisait appeler jusque l\u00e0 par un nom de guerre : Abou Mohammed al-Joulani. <\/span><\/p>\n<p><span style=\"color: #777777; font-family: arial;\">Ahmed al-Chara est le fils d&rsquo;un \u00e9conomiste, acquis aux id\u00e9aux de la gauche nationaliste arabe. Il suivra un chemin diff\u00e9rent de son p\u00e8re. Il abandonnera des \u00e9tudes de m\u00e9decine pour poursuivre le jihad, la guerre sainte musulmane. <\/span><\/p>\n<p><span style=\"color: #777777; font-family: arial;\">Il quitte l&rsquo;universit\u00e9 de Damas et se rend \u00e0 Bagdad pour faire all\u00e9geance \u00e0 Al-Qa\u00efda en Irak, dirig\u00e9 par Abou Moussab Al-Zarqaoui. Il fera de la prison dans les ge\u00f4les de l\u2019arm\u00e9e am\u00e9ricaine. Quand il sort de prison il se rapproche d\u2019Abou Bakr al-Baghdadi le fondateur de l\u2019Etat islamique, c\u2019est-\u00e0-dire Daesh. <\/span><\/p>\n<p><span style=\"color: #777777; font-family: arial;\">Et c\u2019est au nom de Daesh qu\u2019il retourne en Syrie o\u00f9 il fondera le Front al-Nosra le 23 janvier 2012. Il rompt avec Abou Bakr al-Baghdadi pour se rapprocher d\u2019Al Qa\u00efda.<\/span><\/p>\n<p><span style=\"color: #777777; font-family: arial;\">En 2016, le Front al-Nosra annonce qu&rsquo;il rompt aussi avec al-Qa\u00efda et il prend le nouveau nom avec lequel on le connait aujourd\u2019hui. Il a donc poursuivi un chemin dans lequel il s\u2019est affili\u00e9 successivement au pire des islamistes<\/span><\/p>\n<p><span style=\"color: #777777; font-family: arial;\">Dans la partition de la Syrie, son mouvement s\u2019implantera \u00e0 Idlib et sa r\u00e9gion. Il y appliquera la charia de stricte ob\u00e9dience. <\/span><\/p>\n<p><span style=\"color: #777777; font-family: arial;\">Il acceptera le parrainage du pr\u00e9sident turc Erdogan proche des fr\u00e8res musulmans pour prendre le pouvoir \u00e0 Damas.<\/span><\/p>\n<p><span style=\"color: #777777; font-family: arial;\">Donc en Syrie, c\u2019est aussi les islamistes qui gagnent \u00e0 la fin !\u00a0 <\/span><\/p>\n<p><span style=\"color: #777777; font-family: arial;\">Beaucoup d\u00e9noncent la responsabilit\u00e9 de l\u2019Occident. C\u2019est vrai en partie. En Irak, la guerre d\u00e9clench\u00e9e par G.W. Busch a eu une responsabilit\u00e9 directe dans la cr\u00e9ation de Daesh. <\/span><\/p>\n<p><span style=\"color: #777777; font-family: arial;\">En Syrie c\u2019est plus compliqu\u00e9, l\u2019Occident a surtout brill\u00e9 son inaction, mais c\u2019est bien la Russie et l\u2019Iran qui ont aid\u00e9 Bachar El Assad \u00e0 combattre les forces d\u00e9mocratiques et la Turquie qui en se battant contre les Kurdes, seuls \u00e0 combattre r\u00e9ellement l\u2019\u00c9tat islamique, qui sont les principaux responsables de ce d\u00e9sastre. <\/span><\/p>\n<p><span style=\"color: #777777; font-family: arial;\">En \u00c9gypte et en Alg\u00e9rie, le r\u00f4le de l\u2019Occident est vraiment t\u00e9nu. Dans ces deux pays quand des \u00e9lections libres ont donn\u00e9 la parole au peuple, celui-ci a choisi des islamistes.<\/span><\/p>\n<p><span style=\"color: #777777; font-family: arial;\">Ainsi si les occidentaux doivent assumer leur responsabilit\u00e9, les musulmans de ces pays ne peuvent pas \u00eatre exon\u00e9r\u00e9s de toute responsabilit\u00e9 dans le d\u00e9veloppement de la part la plus archa\u00efque et la plus brutale de leur religion.<br \/>\n<\/span><\/p>\n","protected":false},"excerpt":{"rendered":"<p>\u00ab Et \u00e0 la fin ce sont les islamistes qui gagnent ! \u00bb R\u00e9flexion suite \u00e0 la victoire des islamistes sur Bachar El Assad Cette histoire commence en 1979. Je l&rsquo;avais racont\u00e9 dans la s\u00e9rie consacr\u00e9e au livre d&rsquo;Amin Maalouf<\/p>\n","protected":false},"author":1,"featured_media":0,"comment_status":"open","ping_status":"closed","sticky":false,"template":"","format":"standard","meta":{"footnotes":""},"categories":[1],"tags":[24,86,119],"class_list":["post-16171","post","type-post","status-publish","format-standard","hentry","category-motdujour","tag-actualite","tag-islam","tag-moyen-orient"],"_links":{"self":[{"href":"https:\/\/lemotdujour.fr\/index.php?rest_route=\/wp\/v2\/posts\/16171","targetHints":{"allow":["GET"]}}],"collection":[{"href":"https:\/\/lemotdujour.fr\/index.php?rest_route=\/wp\/v2\/posts"}],"about":[{"href":"https:\/\/lemotdujour.fr\/index.php?rest_route=\/wp\/v2\/types\/post"}],"author":[{"embeddable":true,"href":"https:\/\/lemotdujour.fr\/index.php?rest_route=\/wp\/v2\/users\/1"}],"replies":[{"embeddable":true,"href":"https:\/\/lemotdujour.fr\/index.php?rest_route=%2Fwp%2Fv2%2Fcomments&post=16171"}],"version-history":[{"count":4,"href":"https:\/\/lemotdujour.fr\/index.php?rest_route=\/wp\/v2\/posts\/16171\/revisions"}],"predecessor-version":[{"id":16177,"href":"https:\/\/lemotdujour.fr\/index.php?rest_route=\/wp\/v2\/posts\/16171\/revisions\/16177"}],"wp:attachment":[{"href":"https:\/\/lemotdujour.fr\/index.php?rest_route=%2Fwp%2Fv2%2Fmedia&parent=16171"}],"wp:term":[{"taxonomy":"category","embeddable":true,"href":"https:\/\/lemotdujour.fr\/index.php?rest_route=%2Fwp%2Fv2%2Fcategories&post=16171"},{"taxonomy":"post_tag","embeddable":true,"href":"https:\/\/lemotdujour.fr\/index.php?rest_route=%2Fwp%2Fv2%2Ftags&post=16171"}],"curies":[{"name":"wp","href":"https:\/\/api.w.org\/{rel}","templated":true}]}}