{"id":16146,"date":"2024-12-07T01:19:33","date_gmt":"2024-12-07T00:19:33","guid":{"rendered":"https:\/\/lemotdujour.fr\/?p=16146"},"modified":"2024-12-07T14:02:07","modified_gmt":"2024-12-07T13:02:07","slug":"vendredi-6-dcembre-2024","status":"publish","type":"post","link":"https:\/\/lemotdujour.fr\/?p=16146","title":{"rendered":"Vendredi 6 d&eacute;cembre 2024"},"content":{"rendered":"<div class=\"mdjTexte\">\u00ab \u00c7a va tr\u00e8s mal finir !\u00bb<\/div>\n<div class=\"mdjAuteur\">Nicolas Sarkozy \u00e0 propos de la pr\u00e9sidence Macron en octobre 2017<\/div>\n<p><span style=\"color: #777777; font-family: arial;\">D\u00e8s octobre 2017, soit 4 mois apr\u00e8s l\u2019\u00e9lection d\u2019Emmanuel Macron, Nicolas Sarkozy avait \u00e9mis ce jugement sur le parcours pr\u00e9sidentiel de Macron. Vous trouverez cette information dans \u00ab <a href=\"https:\/\/www.lepoint.fr\/politique\/nicolas-sarkozy-a-propos-d-emmanuel-macron-ca-va-tres-mal-finir-22-10-2017-2166495_20.php#11\"><span style=\"color: #000000;\">Le Point<\/span><\/a> \u00bb ou \u00ab<span style=\"color: #0000ff;\">\u00a0<\/span><a href=\"https:\/\/www.lexpress.fr\/politique\/sarkozy-pessimiste-au-sujet-de-macron-ca-va-tres-mal-finir_1954900.html\"><span style=\"color: #0000ff;\">L\u2019Express<\/span><\/a> \u00bb. Cette phrase a \u00e9t\u00e9 prononc\u00e9e 1 an avant le d\u00e9but du mouvement des gilets jaunes. <\/span><\/p>\n<p><span style=\"color: #777777; font-family: arial;\">Et, apr\u00e8s ce mouvement, apr\u00e8s la pand\u00e9mie du COVID 19, apr\u00e8s les guerres d\u2019Ukraine et de Gaza, apr\u00e8s une r\u00e9\u00e9lection en 2022 sans campagne, sans d\u00e9bat, uniquement pour \u00e9viter le Rassemblement National et enfin une dissolution en 2024 donnant une chambre ingouvernable, ces propos inqui\u00e9tants rencontrent une situation politique que nous voyons d\u00e9g\u00e9n\u00e9rer devant nous.<br \/>\n<\/span><br \/>\n<span style=\"color: #777777; font-family: arial;\"> Nicolas Sarkozy avait donn\u00e9 les raisons de ce jugement : <\/span><\/p>\n<p style=\"margin-left: 28pt;\"><span style=\"color: #c00000; font-family: arial;\">\u00ab Il n&rsquo;a pas d&#8217;emprise sur le pays. Il ne s&rsquo;adresse qu&rsquo;\u00e0 la France qui gagne, pas \u00e0 celle qui perd. Il est d\u00e9connect\u00e9. \u00bb<\/span><\/p>\n<p><span style=\"color: #777777; font-family: arial;\">Emmanuel Macron a, en effet, une responsabilit\u00e9 immense dans la situation actuelle. <\/span><\/p>\n<p><span style=\"color: #777777; font-family: arial;\">D\u2019abord il a \u00e9chou\u00e9 \u00e0 r\u00e9aliser sa promesse de faire reculer l\u2019extr\u00eame droite au cours de son mandat. Ces 7 ans n\u2019ont \u00e9t\u00e9 qu\u2019une progression inexorable du rassemblement national, cons\u00e9quence de la mont\u00e9e des col\u00e8res, des exasp\u00e9rations et m\u00eame de la haine \u00e0 l\u2019\u00e9gard du Pr\u00e9sident de la R\u00e9publique. <\/span><\/p>\n<p><span style=\"color: #777777; font-family: arial;\"><a href=\"https:\/\/lemotdujour.fr\/wp-content\/uploads\/2024\/12\/Macron-en-2017.jpg\"><img loading=\"lazy\" decoding=\"async\" style=\"margin: 0px 9px 18px 0px; float: left; display: inline; background-image: none;\" title=\"Macron en 2017\" src=\"https:\/\/lemotdujour.fr\/wp-content\/uploads\/2024\/12\/Macron-en-2017_thumb.jpg\" alt=\"Macron en 2017\" width=\"519\" height=\"304\" align=\"left\" border=\"0\" \/><\/a>Probablement est-il utile de rappeler, ce que le candidat \u00e9lu, apr\u00e8s une longue marche solitaire au milieu de la cour Napol\u00e9on du palais du Louvre, va promettre, le 7 mai 2017, \u00e0 ses partisans dans la joie de son triomphe et aux fran\u00e7ais dans l&rsquo;attente d&rsquo;une nouvelle \u00e8re : <\/span><\/p>\n<p style=\"margin-left: 28pt;\"><span style=\"color: #c00000; font-family: arial;\">\u00ab Je sais nos d\u00e9saccords, je les respecterai mais je resterai fid\u00e8le \u00e0 cet engagement pris : je prot\u00e9gerai la R\u00e9publique. [&#8230;]<br \/>\nJe ferai tout dans les cinq ann\u00e9es qui viennent pour qu\u2019ils n\u2019aient plus aucune raison de voter pour les extr\u00eames.[&#8230;]<br \/>\nJe le sais, la t\u00e2che sera dure, je vous dirai \u00e0 chaque fois la v\u00e9rit\u00e9, mais votre ferveur, votre \u00e9nergie, votre courage toujours me porteront. (\u2026) Je rassemblerai et r\u00e9concilierai parce que je veux l\u2019unit\u00e9 de notre peuple et de notre pays. [&#8230;]<br \/>\nEt enfin mes amis, je vous servirai. Je vous servirai avec humilit\u00e9, avec force. Je vous servirai au nom de notre devise : libert\u00e9, \u00e9galit\u00e9, fraternit\u00e9. Je vous servirai dans la fid\u00e9lit\u00e9 de la confiance que vous m\u2019avez donn\u00e9e. Je vous servirai avec amour. \u00bb <\/span><\/p>\n<p><span style=\"color: #777777; font-family: arial;\">Chacun jugera de la distance entre les promesses et la r\u00e9alit\u00e9 du pouvoir exerc\u00e9 par ce jeune homme parvenu au sommet de l\u2019\u00c9tat \u00e0 39 ans.<\/span><\/p>\n<p><span style=\"color: #777777; font-family: arial;\">Depuis ce jour de mai 2017, il a eu souvent des propos maladroits, blessants, m\u00e9prisants rendant son pouvoir encore plus insupportable \u00e0 beaucoup.<\/span><\/p>\n<p><span style=\"color: #777777; font-family: arial;\"> Il a aussi \u00e9chou\u00e9 \u00e0 r\u00e9tablir les comptes publics, \u00e0 \u00e9viter la d\u00e9gradation de la balance commerciale et l\u2019augmentation de la dette. Il n\u2019a pas pu faire cesser la politique du \u00ab quoi qu&rsquo;il en co\u00fbte \u00bb \u00e0 temps. Et il a laiss\u00e9 le d\u00e9ficit public d\u00e9raper en 2024 sans r\u00e9agir ni sur les d\u00e9penses, ni sur les recettes. Le d\u00e9ficit, pour lequel la pr\u00e9vision annon\u00e7ait 4,4 %, ce qui \u00e9tait d\u00e9j\u00e0 trop \u00e9lev\u00e9 par rapport \u00e0 l&rsquo;engagement de 3%, d\u00e9passe les 6 % en 2024.<\/span><\/p>\n<p><span style=\"color: #777777; font-family: arial;\"> Il n\u2019a pas r\u00e9agi, le nouvel Obs le raconte dans son article du 3 d\u00e9cembre 2024 : \u00ab <a href=\"https:\/\/www.nouvelobs.com\/politique\/20241203.OBS97282\/les-trois-fautes-d-emmanuel-macron.html\"><span style=\"color: #0000ff;\">Les trois fautes de Macron<\/span><\/a> \u00bb :<\/span><\/p>\n<p style=\"margin-left: 28pt;\"><span style=\"color: #c00000; font-family: arial;\">\u00ab Le premier acte se noue le 8 avril 2024. Le chef de l\u2019\u00c9tat participe, contrairement \u00e0 son habitude, \u00e0 la r\u00e9union des pr\u00e9sidents de groupes de la majorit\u00e9 qui se tient tous les lundis \u00e0 l\u2019Elys\u00e9e. \u00ab J\u2019entends parler de projet de loi de finances rectificative. Je n\u2019en vois pas l\u2019int\u00e9r\u00eat. \u00bb Puis, au sujet des pistes d\u2019\u00e9conomies r\u00e9clam\u00e9es par son ministre Bruno Le Maire : \u00ab Il ne faut pas que \u00e7a soit la foire \u00e0 la saucisse. \u00bb [\u2026] Alors que depuis la fin de 2023, la direction du Tr\u00e9sor alerte sur une baisse inqui\u00e9tante des recettes et un d\u00e9ficit qui d\u00e9rape dangereusement, le pr\u00e9sident d\u00e9cide\u2026 de ne rien faire. Les \u00e9lections europ\u00e9ennes s\u2019approchent, il ne faut surtout pas inqui\u00e9ter les \u00e9lecteurs qui pourraient se d\u00e9tourner du parti pr\u00e9sidentiel. Au lieu d\u2019intervenir en urgence, Emmanuel Macron procrastine. Pendant ce temps, les finances publiques flambent.\u00bb<\/span><\/p>\n<p><span style=\"color: #777777; font-family: arial;\">Cette premi\u00e8re erreur va en entra\u00eener une seconde, il va prendre la d\u00e9cision de dissoudre la chambre des d\u00e9put\u00e9s, le soir des \u00e9lections europ\u00e9ennes catastrophiques pour son camp. Il ne veut probablement pas affronter le d\u00e9bat budg\u00e9taire de la fin de l\u2019ann\u00e9e, avec sa majorit\u00e9 relative et la r\u00e9v\u00e9lation de ce d\u00e9rapage budg\u00e9taire. <\/span><br \/>\n<span style=\"color: #777777; font-family: arial;\">Beaucoup explique qu\u2019il ne pensait pas que les partis de gauche, qui s\u2019\u00e9taient d\u00e9chir\u00e9s et insult\u00e9s au cours de la campagne europ\u00e9enne, puissent se r\u00e9concilier et pr\u00e9senter un front uni, indispensable pour gagner dans un mode de scrutin uninominal \u00e0 deux tours. Peut \u00eatre aussi, c\u2019est une hypoth\u00e8se personnelle, esp\u00e9rait t\u2019il secr\u00e8tement une victoire du rassemblement national qui aurait, selon toute vraisemblance, devant la difficult\u00e9 de la t\u00e2che et son manque de comp\u00e9tence \u00e9vidente, perdu\u00a0 de sa cr\u00e9dibilit\u00e9 et son principal argument pour gagner les pr\u00e9sidentielles : les fran\u00e7ais n\u2019avaient jamais essay\u00e9 son programme jusque l\u00e0.<\/span><\/p>\n<p><span style=\"color: #777777; font-family: arial;\">Lors de ces \u00e9lections l\u00e9gislatives, les fran\u00e7ais se sont mobilis\u00e9s et la gauche est arriv\u00e9e unie aux \u00e9lections. <\/span><\/p>\n<p><span style=\"color: #777777; font-family: arial;\">L\u2019assembl\u00e9e qui a \u00e9t\u00e9 \u00e9lue est fractur\u00e9e en 3 blocs \u00e0 peu pr\u00e8s \u00e9quivalent : La Gauche (NFP) <strong>33%<\/strong> le Bloc central macroniste<strong> 29%<\/strong>, l&rsquo;Extr\u00eame Droite <strong>25%, <\/strong>avec une quatri\u00e8me force, beaucoup plus faible, la droite LR <strong>8%.<\/strong> Chaque bloc refuse de faire alliance avec aucun des deux autres. Les blocs de gauche et central sont m\u00eame tr\u00e8s divis\u00e9s en leur sein.<\/span><br \/>\n<span style=\"color: #777777; font-family: arial;\"><br \/>\nFinalement Emmanuel Macron va aussi \u00e9chouer dans le domaine \u00e9conomique dont pourtant lui-m\u00eame et ses partisans pr\u00e9tendaient qu&rsquo;il constituait le point fort de son mandat.<\/span><\/p>\n<p><span style=\"color: #777777; font-family: arial;\">Il a accentu\u00e9 la politique de l&rsquo;offre qui avait \u00e9t\u00e9 initi\u00e9 par Hollande. Cette politique repose sur l&rsquo;id\u00e9e qu&rsquo;on peut favoriser la croissance en cr\u00e9ant un cadre fiscal et normatif tr\u00e8s favorable aux entreprises, ce qui leur permet d&rsquo;\u00eatre plus comp\u00e9titive, rentable, d&rsquo;investir et in fine de cr\u00e9er de l&#8217;emploi. <\/span><\/p>\n<p><span style=\"color: #777777; font-family: arial;\">Cette politique de fiscalit\u00e9 tr\u00e8s arrangeante pour les entreprises diminue beaucoup les recettes de l\u2019\u00c9tat sauf si un surcroit important de croissance les augmente en volume bien que les taux soient plus faibles. Cela n\u2019est pas arriv\u00e9 et aujourd\u2019hui les plans de licenciement sont d\u2019une ampleur telle que le ch\u00f4mage est de nouveau en train de repartir \u00e0 la hausse. <\/span><br \/>\n<span style=\"color: #777777; font-family: arial;\">La responsabilit\u00e9 d&rsquo;Emmanuel Macron dans cette situation d\u00e9sastreuse d&rsquo;une France qui s&rsquo;enfonce dans la crise, de services publics qui se d\u00e9t\u00e9riorent, avec un d\u00e9ficit abyssal, une dette qui ne sert pas \u00e0 investir mais \u00e0 payer les frais de fonctionnement, une cr\u00e9dibilit\u00e9 internationale de plus en plus faible, est immense.<\/span><br \/>\n<span style=\"color: #777777; font-family: arial;\"><img loading=\"lazy\" decoding=\"async\" class=\"size-full wp-image-16151 alignleft\" src=\"https:\/\/lemotdujour.fr\/wp-content\/uploads\/2024\/12\/Melenchon-content.jpg\" alt=\"\" width=\"347\" height=\"206\" srcset=\"https:\/\/lemotdujour.fr\/wp-content\/uploads\/2024\/12\/Melenchon-content.jpg 347w, https:\/\/lemotdujour.fr\/wp-content\/uploads\/2024\/12\/Melenchon-content-300x178.jpg 300w\" sizes=\"auto, (max-width: 347px) 100vw, 347px\" \/>Mais il n&rsquo;est pas seul responsable, les d\u00e9put\u00e9s qu&rsquo;ils soient de son camp comme de l&rsquo;opposition de gauche ou d&rsquo;extr\u00eame gauche ont aussi une responsabilit\u00e9 \u00e9norme. Comment ne pas \u00eatre choqu\u00e9 par le sourire narquois de M\u00e9lenchon en train d\u2019assister, dans les tribunes du palais Bourbon, \u00e0 la chute de Barnier et qui ne veut aucun compromis, mais esp\u00e8re des pr\u00e9sidentielles anticip\u00e9es qu\u2019il pense pouvoir gagner. Marine Le Pen est dans un \u00e9tat d\u2019esprit similaire. Et les chefs des diff\u00e9rents partis du bloc central comme de la droite LR sont aussi, avant tout, pr\u00e9occup\u00e9s des \u00e9lections futures et non de la situation des fran\u00e7ais et de la France.<\/span><br \/>\n<span style=\"color: #777777; font-family: arial;\">Incapable de discuter, de d\u00e9battre. Chaque fois qu\u2019un plateau de t\u00e9l\u00e9vision pr\u00e9sente deux d\u00e9put\u00e9s d\u2019un camp diff\u00e9rent, il n\u2019y a qu\u2019invectives et dialogue de sourd.<\/span><br \/>\n<span style=\"color: #777777; font-family: arial;\">Ce n\u2019est pas une \u00e9lection pr\u00e9sidentielle qui r\u00e8glera ce probl\u00e8me d\u2019une France divis\u00e9e en trois et demi et qui ne sait plus se parler, ne sait plus faire soci\u00e9t\u00e9 ensemble et se r\u00e9fugie largement dans le d\u00e9ni des contraintes et des contradictions auxquelles la France doit faire face.<\/span><\/p>\n","protected":false},"excerpt":{"rendered":"<p>\u00ab \u00c7a va tr\u00e8s mal finir !\u00bb Nicolas Sarkozy \u00e0 propos de la pr\u00e9sidence Macron en octobre 2017 D\u00e8s octobre 2017, soit 4 mois apr\u00e8s l\u2019\u00e9lection d\u2019Emmanuel Macron, Nicolas Sarkozy avait \u00e9mis ce jugement sur le parcours pr\u00e9sidentiel de Macron.<\/p>\n","protected":false},"author":1,"featured_media":0,"comment_status":"open","ping_status":"closed","sticky":false,"template":"","format":"standard","meta":{"footnotes":""},"categories":[1],"tags":[15,3],"class_list":["post-16146","post","type-post","status-publish","format-standard","hentry","category-motdujour","tag-france","tag-politique"],"_links":{"self":[{"href":"https:\/\/lemotdujour.fr\/index.php?rest_route=\/wp\/v2\/posts\/16146","targetHints":{"allow":["GET"]}}],"collection":[{"href":"https:\/\/lemotdujour.fr\/index.php?rest_route=\/wp\/v2\/posts"}],"about":[{"href":"https:\/\/lemotdujour.fr\/index.php?rest_route=\/wp\/v2\/types\/post"}],"author":[{"embeddable":true,"href":"https:\/\/lemotdujour.fr\/index.php?rest_route=\/wp\/v2\/users\/1"}],"replies":[{"embeddable":true,"href":"https:\/\/lemotdujour.fr\/index.php?rest_route=%2Fwp%2Fv2%2Fcomments&post=16146"}],"version-history":[{"count":11,"href":"https:\/\/lemotdujour.fr\/index.php?rest_route=\/wp\/v2\/posts\/16146\/revisions"}],"predecessor-version":[{"id":16170,"href":"https:\/\/lemotdujour.fr\/index.php?rest_route=\/wp\/v2\/posts\/16146\/revisions\/16170"}],"wp:attachment":[{"href":"https:\/\/lemotdujour.fr\/index.php?rest_route=%2Fwp%2Fv2%2Fmedia&parent=16146"}],"wp:term":[{"taxonomy":"category","embeddable":true,"href":"https:\/\/lemotdujour.fr\/index.php?rest_route=%2Fwp%2Fv2%2Fcategories&post=16146"},{"taxonomy":"post_tag","embeddable":true,"href":"https:\/\/lemotdujour.fr\/index.php?rest_route=%2Fwp%2Fv2%2Ftags&post=16146"}],"curies":[{"name":"wp","href":"https:\/\/api.w.org\/{rel}","templated":true}]}}