{"id":16140,"date":"2024-11-28T02:35:39","date_gmt":"2024-11-28T01:35:39","guid":{"rendered":"https:\/\/lemotdujour.fr\/?p=16140"},"modified":"2024-11-28T02:44:09","modified_gmt":"2024-11-28T01:44:09","slug":"jeudi-28-novembre-2024","status":"publish","type":"post","link":"https:\/\/lemotdujour.fr\/?p=16140","title":{"rendered":"Jeudi 28 novembre 2024"},"content":{"rendered":"<div class=\"mdjTexte\">\u00ab Il \u00e9tait t\u00e9tanis\u00e9 et son visage est devenu tr\u00e8s p\u00e2le lorsqu&rsquo;il a r\u00e9alis\u00e9 que l&rsquo;\u00e9quipage du DC-10 \u00e9tait compl\u00e8tement noir \u00bb<\/div>\n<div class=\"mdjAuteur\">Simon Diasolua parlant de Mohammed Ali alors qu\u2019il avait pour mission de piloter l\u2019avion qui devait emmener le boxeur au Za\u00efre<\/div>\n<p><span style=\"color: #777777; font-family: arial;\">C&rsquo;est une histoire que j&rsquo;ai lue dans le num\u00e9ro du <strong>Nouvel Obs<\/strong> qui c\u00e9l\u00e9brait les 60 ans de l&rsquo;hebdomadaire cr\u00e9\u00e9 par Jean Daniel. <\/span><\/p>\n<p><span style=\"color: #777777; font-family: arial;\">Le Nouvel Obs pour f\u00eater ses 60 ans, s\u2019est offert 60 \u00e9clats de joie partag\u00e9s par des personnalit\u00e9s. Parmi ces articles qui f\u00eataient le pouvoir de la joie, j&rsquo;ai \u00e9t\u00e9 particuli\u00e8rement marqu\u00e9 par celui de l&rsquo;\u00e9crivaine camerounaise <strong>Hemley Boum<\/strong> : \u00ab <a href=\"https:\/\/www.nouvelobs.com\/bibliobs\/20241121.OBS96757\/hemley-boum-quand-mohamed-ali-a-decouvert-que-le-pilote-de-son-avion-etait-noir.html\"><span style=\"color: #0000ff;\">Quand Mohamed Ali a d\u00e9couvert que le pilote de son avion \u00e9tait noir\u2026<\/span><\/a> \u00bb.<br \/>\n<\/span><\/p>\n<p><span style=\"color: #777777; font-family: arial;\">Cet \u00e9pisode a \u00e9t\u00e9 aussi d\u00e9crit sur le site de RTL Info : \u00ab <a href=\"https:\/\/www.rtl.be\/art\/info\/simon-a-rencontre-mohamed-ali-il-raconte-ce-moment-inoubliable-nos-destins-se-sont-croises-avant-le-combat-du-siecle-a-kinshasa-video--823837.aspx\"><span style=\"color: #0000ff;\">Nos destins se sont crois\u00e9s avant le combat du si\u00e8cle \u00e0 Kinshasa<\/span><\/a> \u00bb. <\/span><\/p>\n<p><span style=\"color: #777777; font-family: arial;\">Je pense que tout le monde conna\u00eet Mohammed Ali, probablement le plus grand boxeur de l&rsquo;Histoire. Mais il fut aussi un militant de la cause noire luttant contre les injustices et les humiliations qui \u00e9taient inflig\u00e9es \u00e0 ses fr\u00e8res de couleur par le pouvoir et la domination blanche. <\/span><\/p>\n<p><span style=\"color: #777777; font-family: arial;\">Il refusa notamment \u00e0 aller se battre dans l&rsquo;arm\u00e9e am\u00e9ricaine au Viet-Nam. Lorsqu\u2019on lui reprocha son attitude, <a href=\"https:\/\/www.francetvinfo.fr\/sports\/boxe\/ca-s-est-passe-un-28-avril-1967-mohamed-ali-refuse-son-incorporation-pour-la-guerre-au-vietnam_4522531.html\"><span style=\"color: #0000ff;\">il r\u00e9pondit<\/span><\/a> : <\/span><\/p>\n<p style=\"margin-left: 28pt;\"><span style=\"color: #c00000; font-family: arial;\">\u00ab Aucun vietcong ne m\u2019a jamais trait\u00e9 de n\u00e8gre \u00bb<\/span><\/p>\n<p><span style=\"color: #777777; font-family: arial;\">En 1974, il devait se rendre au Za\u00efre affronter George Foreman pour reconqu\u00e9rir le titre mondial qui lui avait \u00e9t\u00e9 retir\u00e9 en raison de son refus d&rsquo;aller se battre au Viet-Nam. <\/span><\/p>\n<p><span style=\"color: #777777; font-family: arial;\">Pour s&rsquo;y rendre, un avion d&rsquo;Air Za\u00efre avait \u00e9t\u00e9 mis \u00e0 sa disposition. Cet avion \u00e9tait pilot\u00e9 par des africains. Le commandant de bord \u00e9tait <strong>Simon Diasolua<\/strong>. <\/span><\/p>\n<p><span style=\"color: #777777; font-family: arial;\"><img loading=\"lazy\" decoding=\"async\" class=\"wp-image-16143 alignleft\" src=\"https:\/\/lemotdujour.fr\/wp-content\/uploads\/2024\/11\/Simon-Diasolua_9847.jpg\" alt=\"\" width=\"267\" height=\"246\" srcset=\"https:\/\/lemotdujour.fr\/wp-content\/uploads\/2024\/11\/Simon-Diasolua_9847.jpg 548w, https:\/\/lemotdujour.fr\/wp-content\/uploads\/2024\/11\/Simon-Diasolua_9847-300x276.jpg 300w\" sizes=\"auto, (max-width: 267px) 100vw, 267px\" \/>Simon Diasolua Zitu, n\u00e9 \u00e0 L\u00e9opold ville (actuellement Kinshasa), le 14 Novembre 1942, est l\u2019un des deux premiers pilotes Congolais en 1965. Il fut pilote de ligne pendant 37 ans, puis instructeur pilote DC-10, il a \u00e9galement occup\u00e9 le poste d\u2019Administrateur Directeur des Op\u00e9rations au sein de la compagnie a\u00e9rienne \u00e9tatique Air Za\u00efre. Expert en enqu\u00eates d&rsquo;accidents et Consultant en a\u00e9ronautique. Il a \u00e9crit ses m\u00e9moires dans un livre intitul\u00e9 \u00ab <strong>Entre ciel et terre, Confidences d&rsquo;un pilote de ligne congolais<\/strong> \u00bb paru aux \u00e9ditions Le Harmattan en 2014. <\/span><\/p>\n<p><span style=\"color: #777777; font-family: arial;\">Et dans ce livre il conte sa rencontre avec Mohamed Ali en 1974 : <\/span><\/p>\n<p style=\"margin-left: 28pt;\"><span style=\"color: #c00000; font-family: arial;\">\u00ab Nos destins se sont crois\u00e9s un mois et demi avant le combat du si\u00e8cle \u00e0 Kinshasa. J&rsquo;\u00e9tais pilote pour la compagnie Air Za\u00efre, qui \u00e9tait \u00e0 l&rsquo;\u00e9poque la compagnie a\u00e9rienne nationale de la R\u00e9publique d\u00e9mocratique du Congo. Je devais piloter l&rsquo;avion que Mohamed Ali allait prendre pour se rendre \u00e0 Kinshasa. Le boxeur allait affronter George Foreman \u00bb<\/span><\/p>\n<p><span style=\"color: #777777; font-family: arial;\">Les deux hommes ont \u00e9t\u00e9 pr\u00e9sent\u00e9s lors de la conf\u00e9rence de presse que l&rsquo;Am\u00e9ricain donnait \u00e0 l&rsquo;a\u00e9roport fran\u00e7ais. Lorsqu&rsquo;il a entendu que Simon allait \u00eatre son pilote, il n&rsquo;a pas cach\u00e9 sa surprise en comprenant que l&rsquo;\u00e9quipage du vol \u00e9tait \u00ab noir \u00bb. <\/span><\/p>\n<p style=\"margin-left: 28pt;\"><span style=\"color: #c00000; font-family: arial;\">\u00ab Il m&rsquo;a dit qu&rsquo;il \u00e9tait fier et \u00e9tonn\u00e9 d&rsquo;\u00eatre pilot\u00e9 par un \u00e9quipage noir. \u00bb<\/span><\/p>\n<p><span style=\"color: #777777; font-family: arial;\">Au moment de l&#8217;embarquement, les pilotes ont accept\u00e9 que Mohamed Ali s&rsquo;installe avec eux dans le cockpit, les consignes de s\u00e9curit\u00e9 \u00e9taient beaucoup plus souples \u00e0 l&rsquo;\u00e9poque. Mais lorsque le boxeur est entr\u00e9, il est rest\u00e9 fig\u00e9 quelques instants. <\/span><\/p>\n<p style=\"margin-left: 28pt;\"><span style=\"color: #c00000; font-family: arial;\">\u00ab Il \u00e9tait t\u00e9tanis\u00e9 et son visage est devenu tr\u00e8s p\u00e2le lorsqu&rsquo;il a r\u00e9alis\u00e9 que l&rsquo;\u00e9quipage du DC-10 \u00e9tait compl\u00e8tement noir. \u00bb<\/span><\/p>\n<p><span style=\"color: #777777; font-family: arial;\">Mohamed Ali lui a lanc\u00e9, inquiet : <\/span><\/p>\n<p style=\"margin-left: 28pt;\"><span style=\"color: #c00000; font-family: arial;\">\u00ab Il n&rsquo;y a pas de blanc ? Je croyais que c&rsquo;\u00e9tait une blague. \u00bb<\/span><\/p>\n<p><span style=\"color: #777777; font-family: arial;\">Le pilote, amus\u00e9 par la situation, lui a confirm\u00e9 que toutes les personnes de l&rsquo;\u00e9quipage \u00e9taient noires. Ensuite, il a demand\u00e9 au boxeur de s&rsquo;installer et de mettre sa ceinture. <\/span><\/p>\n<p style=\"margin-left: 28pt;\"><span style=\"color: #c00000; font-family: arial;\">\u00ab Je comprenais sa surprise. J&rsquo;avais fait un entrainement sur DC-10 en Californie l&rsquo;ann\u00e9e d&rsquo;avant et les Am\u00e9ricains me demandaient si j&rsquo;\u00e9tais un vrai pilote. Comme eux, Mohamed Ali \u00e9tait surpris de voir un homme noir aux commandes d&rsquo;un avion car il n&rsquo;en avait jamais vu. Je ne lui en voulais pas, bien au contraire. \u00bb<\/span><\/p>\n<p><span style=\"color: #777777; font-family: arial;\">Je trouve absolument \u00e9difiant que m\u00eame un homme comme Mohamed Ali, d\u00e9fenseur acharn\u00e9 de la cause noire, de la lutte contre la discrimination contre les noirs, puisse avoir une telle r\u00e9action de d\u00e9fiance parce que la situation qui se pr\u00e9sente \u00e0 lui est en dehors de ses sch\u00e9mas mentaux, de ce que la vie jusqu\u2019\u00e0 ce moment lui avait prescrit : les blancs savent piloter des avions, pas les noirs\u2026.<\/span><\/p>\n<p><span style=\"color: #777777; font-family: arial;\">Simon Diasolua va parvenir par sa compr\u00e9hension de la situation et son calme \u00e0 rassurer le boxeur et \u00e0 changer son appr\u00e9hension en fiert\u00e9. Quand Mohammed Ali d\u00e9barque \u00e0 Kinshasa, il d\u00e9clare aux journalistes qui l\u2019attendent\u00a0 : <\/span><\/p>\n<p style=\"margin-left: 28pt;\"><span style=\"color: #c00000; font-family: arial;\">\u00ab C&rsquo;est un sentiment de libert\u00e9 que je n&rsquo;ai pas ressenti depuis longtemps. Ce n&rsquo;est pas rien de voler dans un avion pilot\u00e9 par des Noirs, non ?<br \/>\nC&rsquo;est vraiment \u00e9trange pour nous les Afro-Am\u00e9ricains. Nous n&rsquo;aurions jamais pu imaginer une chose pareille !<br \/>\nA chaque fois que nous regardons la t\u00e9l\u00e9, on nous montre Tarzan et les Indig\u00e8nes et la jungle. On ne nous parle jamais des Africains qui sont plus intelligents que nous ne le sommes. Ils parlent anglais, fran\u00e7ais et africain. \u00bb<\/span><\/p>\n<p><span style=\"color: #777777; font-family: arial;\">Deux ans plus tard, Simon a crois\u00e9 le sportif par hasard \u00e0 l&rsquo;a\u00e9roport de Los Angeles. Lorsque l&rsquo;Am\u00e9ricain l&rsquo;a reconnu, il a cri\u00e9 : <\/span><\/p>\n<p style=\"margin-left: 28pt;\"><span style=\"color: #c00000; font-family: arial;\">\u00ab My pilot ! \u00bb<\/span><\/p>\n","protected":false},"excerpt":{"rendered":"<p>\u00ab Il \u00e9tait t\u00e9tanis\u00e9 et son visage est devenu tr\u00e8s p\u00e2le lorsqu&rsquo;il a r\u00e9alis\u00e9 que l&rsquo;\u00e9quipage du DC-10 \u00e9tait compl\u00e8tement noir \u00bb Simon Diasolua parlant de Mohammed Ali alors qu\u2019il avait pour mission de piloter l\u2019avion qui devait emmener le<\/p>\n","protected":false},"author":1,"featured_media":0,"comment_status":"open","ping_status":"closed","sticky":false,"template":"","format":"standard","meta":{"footnotes":""},"categories":[1],"tags":[17,54,103],"class_list":["post-16140","post","type-post","status-publish","format-standard","hentry","category-motdujour","tag-histoire","tag-humanisme","tag-racisme"],"_links":{"self":[{"href":"https:\/\/lemotdujour.fr\/index.php?rest_route=\/wp\/v2\/posts\/16140","targetHints":{"allow":["GET"]}}],"collection":[{"href":"https:\/\/lemotdujour.fr\/index.php?rest_route=\/wp\/v2\/posts"}],"about":[{"href":"https:\/\/lemotdujour.fr\/index.php?rest_route=\/wp\/v2\/types\/post"}],"author":[{"embeddable":true,"href":"https:\/\/lemotdujour.fr\/index.php?rest_route=\/wp\/v2\/users\/1"}],"replies":[{"embeddable":true,"href":"https:\/\/lemotdujour.fr\/index.php?rest_route=%2Fwp%2Fv2%2Fcomments&post=16140"}],"version-history":[{"count":3,"href":"https:\/\/lemotdujour.fr\/index.php?rest_route=\/wp\/v2\/posts\/16140\/revisions"}],"predecessor-version":[{"id":16145,"href":"https:\/\/lemotdujour.fr\/index.php?rest_route=\/wp\/v2\/posts\/16140\/revisions\/16145"}],"wp:attachment":[{"href":"https:\/\/lemotdujour.fr\/index.php?rest_route=%2Fwp%2Fv2%2Fmedia&parent=16140"}],"wp:term":[{"taxonomy":"category","embeddable":true,"href":"https:\/\/lemotdujour.fr\/index.php?rest_route=%2Fwp%2Fv2%2Fcategories&post=16140"},{"taxonomy":"post_tag","embeddable":true,"href":"https:\/\/lemotdujour.fr\/index.php?rest_route=%2Fwp%2Fv2%2Ftags&post=16140"}],"curies":[{"name":"wp","href":"https:\/\/api.w.org\/{rel}","templated":true}]}}