{"id":16106,"date":"2024-11-08T00:30:00","date_gmt":"2024-11-07T23:30:00","guid":{"rendered":"https:\/\/lemotdujour.fr\/?p=16106"},"modified":"2024-11-18T12:17:44","modified_gmt":"2024-11-18T11:17:44","slug":"lundi-18-novembre-2024","status":"publish","type":"post","link":"https:\/\/lemotdujour.fr\/?p=16106","title":{"rendered":"Lundi 18 novembre 2024"},"content":{"rendered":"<div class=\"mdjTexte\">\u00abN&rsquo;importe qui ! M\u00eame un affabulateur, un menteur, un escroc, un violeur ! Tout sauf une femme !\u00bb<\/div>\n<div class=\"mdjAuteur\">Une invit\u00e9e d&rsquo;une \u00e9mission consacr\u00e9e \u00e0 l&rsquo;\u00e9lection de Donald Trump comme 47\u00e8me pr\u00e9sident des \u00c9tats-Unis<\/div>\n<p><span style=\"color: #777777; font-family: arial;\">Le monde est tellement compliqu\u00e9 que l&rsquo;ambition de le comprendre est peut \u00eatre hors de notre port\u00e9e. J\u2019ai renonc\u00e9 \u00e0 conserver en exergue de mon blog cette phrase que Guillaume Erner avait prononc\u00e9e lors de la premi\u00e8re matinale de France Culture qu\u2019il avait anim\u00e9e : \u00ab <strong>Comprendre le monde c\u2019est d\u00e9j\u00e0 le transformer<\/strong> \u00bb. <\/span><\/p>\n<p><span style=\"color: #777777; font-family: arial;\">Il faut probablement \u00eatre beaucoup plus humble. A ce stade, la parole de sagesse de Rachid Benzine \u00e9crite dans son livre \u00ab <em>Nour, pourquoi n\u2019ai-je rien vu venir ?<\/em> \u00bb semble plus appropri\u00e9e \u00e0 la situation : \u00ab <strong>Le contraire du savoir, ce n\u2019est pas l\u2019ignorance mais les certitudes.<\/strong> \u00bb<\/span><\/p>\n<p><span style=\"color: #777777; font-family: arial;\">L&rsquo;ignorance, dans la mesure o\u00f9 elle est comprise et int\u00e9gr\u00e9e, constitue une connaissance pr\u00e9cieuse : je sais que je ne sais pas. Dans l\u2019Apologie de Socrate, Platon a rapport\u00e9 ce propos de son ma\u00eetre en philosophie : \u00ab <strong>Ce que je ne sais pas, je ne pense pas non plus le savoir !<\/strong> \u00bb <\/span><\/p>\n<p><span style=\"color: #777777; font-family: arial;\">Dans son expression publique, Donald Trump semble tr\u00e8s \u00e9loign\u00e9 de cette connaissance.<\/span><\/p>\n<p><span style=\"color: #777777; font-family: arial;\">Comment dialoguer avec quelqu&rsquo;un qui est fig\u00e9 dans ses certitudes ?<\/span><\/p>\n<p><span style=\"color: #777777; font-family: arial;\">Comment vivre en d\u00e9mocratie et organiser le dissensus entre citoyens avec des gens p\u00e9tris de certitudes ? Je n\u2019ai pas la r\u00e9ponse \u00e0 cette question. <\/span><\/p>\n<p><span style=\"color: #777777; font-family: arial;\">Donald Trump et ses partisans sont dans cette d\u00e9rive. Lui qui consid\u00e8re que le r\u00e9chauffement climatique est une blague. <a href=\"https:\/\/www.radiofrance.fr\/mouv\/trump-sur-le-rechauffement-climatique-ca-finira-par-se-refroidir-8591900\"><span style=\"color: #0000ff;\"><u>En 2020, visitant la Californie<\/u><\/span><\/a>, ravag\u00e9e par des incendies violents et meurtriers, Donal Trump a ni\u00e9 l&rsquo;impact du changement climatique sur les ph\u00e9nom\u00e8nes d&rsquo;incendies et a d\u00e9clar\u00e9 : <\/span><\/p>\n<p style=\"margin-left: 28pt;\"><span style=\"color: #c00000; font-family: arial;\">\u00ab \u00c7a finira par se refroidir, vous verrez. \u00bb <\/span><\/p>\n<p><span style=\"color: #777777; font-family: arial;\">Lorsqu&rsquo;un responsable local de l\u2019agence de protection des ressources naturelles de Californie, \u00e0 Sacramento lui r\u00e9pond : <span style=\"color: #c00000; font-family: arial;\">\u00ab J&rsquo;aimerais que la science dise cela \u00bb <\/span><span style=\"color: #777777; font-family: arial;\">le pr\u00e9sident a r\u00e9torqu\u00e9 : <\/span><\/span><\/p>\n<p style=\"margin-left: 28pt;\"><span style=\"color: #c00000; font-family: arial;\">\u00ab Je ne pense pas que la science sache vraiment. \u00bb<\/span><\/p>\n<p><span style=\"color: #777777; font-family: arial;\">Nous sommes entr\u00e9s dans un monde o\u00f9 la v\u00e9rit\u00e9 est une opinion parmi d&rsquo;autre et o\u00f9 un homme, sans \u00e9tude scientifique,\u00a0 se croit autoris\u00e9 de contester l\u2019avis de professeurs sp\u00e9cialis\u00e9s dans le domaine o\u00f9 ils interviennent. <\/span><\/p>\n<p><span style=\"color: #777777; font-family: arial;\">En 2024, Donald Trump persiste et a invent\u00e9 un slogan qu\u2019il a entonn\u00e9 \u00e0 de multiples reprises au cours de sa campagne, et qu\u2019il a encore r\u00e9p\u00e9t\u00e9 lors de son discours de victoire : <\/span><\/p>\n<p style=\"margin-left: 28pt;\"><span style=\"color: #c00000; font-family: arial;\">\u00ab Drill, baby, drill ! \u00bb (\u00ab <em>Fore, b\u00e9b\u00e9, fore<\/em> \u00bb). <\/span><\/p>\n<p><span style=\"color: #777777; font-family: arial;\"><br \/>\nDans un article du <a href=\"https:\/\/www.nouvelobs.com\/monde\/20241106.OBS95982\/on-va-forer-comme-des-malades-ce-que-propose-donald-trump-contre-l-ecologie-et-le-climat.html\"><span style=\"color: #0000ff;\"><u>\u00ab Nouvel Obs \u00bb<\/u><\/span><\/a> nous pouvons lire :<\/span><\/p>\n<p style=\"margin-left: 28pt;\"><span style=\"color: #c00000; font-family: arial;\">\u00ab \u00ab On va forer [du p\u00e9trole] comme des malades ! \u00bb, a promis le magnat aux \u00e9lecteurs am\u00e9ricains. \u00ab Nous avons plus d\u2019or liquide que n\u2019importe quel pays dans le monde. Plus que l\u2019Arabie saoudite ou la Russie \u00bb, s\u2019est-il encore f\u00e9licit\u00e9 dans son discours de victoire, en r\u00e9f\u00e9rence au p\u00e9trole et au gaz. \u00ab Pendant la campagne, il n\u2019a eu de cesse de dire qu\u2019il fallait \u201cr\u00e9parer l\u2019\u00e9conomie am\u00e9ricaine\u201d en offrant l\u2019\u00e9nergie la moins ch\u00e8re du monde, et donc en acc\u00e9l\u00e9rant notamment la fragmentation hydraulique en vue de produire des gaz de schistes \u00bb, observe Pierre Blanc, professeur \u00e0 Sciences-Po Bordeaux et Bordeaux Sciences Agro. \u00bb<\/span><\/p>\n<p><span style=\"color: #777777; font-family: arial;\">Deux documentaires, d&rsquo;une heure chacun, publi\u00e9s par Public S\u00e9nat montre ce que fut la premi\u00e8re pr\u00e9sidence de Donald Trump par celles et ceux qui l&rsquo;ont v\u00e9cu au plus pr\u00e8s \u00ab <a href=\"https:\/\/www.youtube.com\/watch?v=koDQPsRgsWQ\"><span style=\"color: #0000ff;\"><u>America First, partie 1 &#8211; L&rsquo;Europe doit payer<\/u><\/span><\/a> \u00bb et \u00ab <a href=\"https:\/\/www.youtube.com\/watch?v=NHuIbNIyH_U\"><span style=\"color: #0000ff;\"><u>America First, partie 2 &#8211; L&rsquo;ennemi au Moyen-Orient<\/u><\/span><\/a> \u00bb. C&rsquo;est affligeant ! Affligeant dans la prise de d\u00e9cision, dans l&rsquo;argumentation pour r\u00e9pondre aux partenaires, dans le manque de ma\u00eetrise des dossiers et des proc\u00e9dures. Pourquoi Donal Trump a t\u2019il \u00e0 nouveau gagn\u00e9, jusqu\u2019au vote populaire ?\u00a0 : <\/span><\/p>\n<p><span style=\"color: #777777; font-family: arial;\">Beaucoup d\u2019analyses ont consid\u00e9r\u00e9 que le triomphe de Trump \u00e9tait avant tout \u00e9conomique : C\u2019est le pouvoir d\u2019achat des am\u00e9ricains dans leur quotidien et aussi pour leur achat de logement qui s\u2019est d\u00e9grad\u00e9 pendant la pr\u00e9sidence Biden. Tous les \u00e9conomistes nous racontaient que la politique \u00e9conomique de Biden \u00e9tait remarquable. Je prends pour exemple cet article du Monde : \u00ab<span style=\"color: #0000ff;\"><u>\u00a0<\/u><\/span><a href=\"https:\/\/www.lemonde.fr\/international\/article\/2024\/03\/07\/america-is-back-le-bilan-economique-reluisant-de-joe-biden_6220530_3210.html\"><span style=\"color: #0000ff;\"><u>America is back<\/u><\/span><\/a> \u00bb : <\/span><\/p>\n<p style=\"margin-left: 28pt;\"><span style=\"color: #c00000; font-family: arial;\">\u00ab A huit mois de l\u2019\u00e9lection pr\u00e9sidentielle, le tableau \u00e9conomique est reluisant. [\u2026] le ch\u00f4mage est au plus bas ou presque avec un taux de 3,7 % de la population active ; les salaires r\u00e9els augmentent, notamment au bas de l\u2019\u00e9chelle ; le pays produit plus de p\u00e9trole que jamais, finance un immense plan d\u2019investissement dans l\u2019\u00e9nergie et les microprocesseurs, et se lance \u00e0 corps perdu dans l\u2019intelligence artificielle, ce qui fait s\u2019envoler Wall Street. Plus personne ne parle de stagnation s\u00e9culaire comme dans les ann\u00e9es 2010, tandis que le mot \u00ab Rust Belt \u00bb, ceinture de la rouille, nommant les Etats d\u00e9sindustrialis\u00e9s ayant fait l\u2019\u00e9lection de Donald Trump en 2016, a disparu des journaux. Premier constat, l\u2019Am\u00e9rique redevient plus industrielle. Donald Trump en avait r\u00eav\u00e9, Joe Biden l\u2019a fait. \u00bb<\/span><\/p>\n<p><span style=\"color: #777777; font-family: arial;\">L\u2019article du Monde \u00e9voquait bien l\u2019inflation mais pour souligner que Biden \u00e9tait arriv\u00e9 \u00e0 la faire diminuer lors des derniers mois. Il semble que nombre d\u2019\u00e9lecteurs am\u00e9ricains ont eu une vision diff\u00e9rente. Ce d\u00e9calage arrive quand on donne trop d\u2019importance aux chiffres macro\u00e9conomiques et aux moyennes et qu\u2019on ne regarde pas la vie r\u00e9elle des gens. <\/span><\/p>\n<p><span style=\"color: #777777; font-family: arial;\">D\u2019autres analyses ont insist\u00e9 sur le sujet de l\u2019immigration qui a d\u00e9ferl\u00e9 sans ma\u00eetrise sur les Etats-Unis pendant la pr\u00e9sidence Biden. Enfin d\u2019autres ont consid\u00e9r\u00e9 que le vote Trump \u00e9tait aussi un vote anti woke qui \u00e9tait d\u00e9fendu par l\u2019aile gauche du Parti d\u00e9mocrate. Probablement qu\u2019il est n\u00e9cessaire de convoquer toutes ces causes pour expliquer l\u2019\u00e9lection de cet histrion dangereux qu\u2019est Donald Trump. Mais Thomas Sn\u00e9goroff y a ajout\u00e9 une suppl\u00e9mentaire : le masculinisme.<\/span><\/p>\n<p><span style=\"color: #777777; font-family: arial;\"><img loading=\"lazy\" decoding=\"async\" class=\" wp-image-16128 alignleft\" src=\"https:\/\/lemotdujour.fr\/wp-content\/uploads\/2024\/11\/La-couverture-du-New-Yorker.jpg\" alt=\"\" width=\"322\" height=\"403\" srcset=\"https:\/\/lemotdujour.fr\/wp-content\/uploads\/2024\/11\/La-couverture-du-New-Yorker.jpg 512w, https:\/\/lemotdujour.fr\/wp-content\/uploads\/2024\/11\/La-couverture-du-New-Yorker-240x300.jpg 240w\" sizes=\"auto, (max-width: 322px) 100vw, 322px\" \/>Et lors d\u2019une des nombreuses \u00e9missions que j\u2019ai \u00e9cout\u00e9es depuis le 5 novembre, j\u2019ai entendu une intervenante tenir ces propos \u00ab N\u2019importe qui ! M\u00eame un affabulateur, un menteur, un escroc, un violeur ! Tout sauf une femme !\u00bb.<\/span><\/p>\n<p><span style=\"color: #777777; font-family: arial;\">Force est de constater que Trump a perdu une fois contre un homme et a gagn\u00e9 deux fois, chaque fois, contre une femme. <\/span><\/p>\n<p><span style=\"color: #777777; font-family: arial;\">Quand on compare le r\u00e9sultat des d\u00e9mocrates sur 4 ans Kamela Harris a perdu 7,5 millions d\u2019\u00e9lecteurs par rapport \u00e0 Biden. Et puis le vote des hommes hispaniques a progress\u00e9 de 18 % en faveur de Trump entre 2020 et 2024. Cette population r\u00e9put\u00e9e plus conservatrice peut aussi appara\u00eetre comme un signe de ce vote \u00ab genr\u00e9 \u00bb. <\/span><\/p>\n<p><span style=\"color: #777777; font-family: arial;\">Mais c\u2019est dans l\u2019\u00e9mission \u00ab <strong>C Politique<\/strong> \u00bb de France 5 <strong>du dimanche 17 novembre<\/strong> que cet aspect du vote du 5 novembre a \u00e9t\u00e9 le mieux contextualis\u00e9. Elon Musk est un libertarien, mais l\u2019intellectuel qui l\u2019influence est <strong>Peter Thiel<\/strong>, fondateur de Paypal et lui soutient Donal Trump depuis sa premi\u00e8re candidature en 2016. Il est aussi l\u2019inspirateur d\u00e9clar\u00e9 de Cyrus Vance le vice Pr\u00e9sident \u00e9lu. Or cet homme a \u00e9crit qu\u2019il ne croyait plus en la d\u00e9mocratie depuis que les femmes avaient obtenu le droit de vote. C\u2019est aussi \u00e9crit sur sa page Wikipedia. <\/span><\/p>\n<p><span style=\"color: #777777; font-family: arial;\">J\u2019ai trouv\u00e9 sur le site le \u00ab <a href=\"https:\/\/legrandcontinent.eu\/fr\/2019\/02\/16\/par-dela-la-democratie\/\"><span style=\"color: #0000ff;\"><u>Grand Continent<\/u><\/span><\/a> \u00bb une page consacr\u00e9e aux \u00e9crits de cet homme n\u00e9 en 1967 \u00e0 Frankfort sur le Main et sur laquelle on peut lire : <\/span><\/p>\n<p style=\"margin-left: 28pt;\"><span style=\"color: #c00000; font-family: arial;\">\u00ab Je ne crois plus d\u00e9sormais que la libert\u00e9 et la d\u00e9mocratie sont compatibles. [\u2026] Les ann\u00e9es 1920 furent la derni\u00e8re d\u00e9cennie dans l\u2019histoire am\u00e9ricaine o\u00f9 l\u2019on pouvait \u00eatre parfaitement optimiste \u00e0 propos de la politique. Depuis 1920, l\u2019augmentation consid\u00e9rable des b\u00e9n\u00e9ficiaires de l\u2019aide sociale et l\u2019extension du droit de vote aux femmes \u2013 deux coups notoirement durs pour les libertariens \u2013 ont fait de la notion de \u00ab d\u00e9mocratie capitaliste \u00bb un oxymore. \u00bb<\/span><\/p>\n<p><span style=\"color: #777777; font-family: arial;\"><br \/>\nC\u2019est \u00e0 la fois extr\u00eamement inqui\u00e9tant pour la d\u00e9mocratie et bien s\u00fbr une attaque en r\u00e8gle contre les femmes. Il me semble donc qu\u2019il ne faut pas sous estimer cette dimension du vote Trump : surtout pas une femme !<br \/>\n<\/span><\/p>\n","protected":false},"excerpt":{"rendered":"<p>\u00abN&rsquo;importe qui ! M\u00eame un affabulateur, un menteur, un escroc, un violeur ! Tout sauf une femme !\u00bb Une invit\u00e9e d&rsquo;une \u00e9mission consacr\u00e9e \u00e0 l&rsquo;\u00e9lection de Donald Trump comme 47\u00e8me pr\u00e9sident des \u00c9tats-Unis Le monde est tellement compliqu\u00e9 que l&rsquo;ambition<\/p>\n","protected":false},"author":1,"featured_media":0,"comment_status":"open","ping_status":"closed","sticky":false,"template":"","format":"standard","meta":{"footnotes":""},"categories":[1],"tags":[247,65,3],"class_list":["post-16106","post","type-post","status-publish","format-standard","hentry","category-motdujour","tag-actualites","tag-etats-unis","tag-politique"],"_links":{"self":[{"href":"https:\/\/lemotdujour.fr\/index.php?rest_route=\/wp\/v2\/posts\/16106","targetHints":{"allow":["GET"]}}],"collection":[{"href":"https:\/\/lemotdujour.fr\/index.php?rest_route=\/wp\/v2\/posts"}],"about":[{"href":"https:\/\/lemotdujour.fr\/index.php?rest_route=\/wp\/v2\/types\/post"}],"author":[{"embeddable":true,"href":"https:\/\/lemotdujour.fr\/index.php?rest_route=\/wp\/v2\/users\/1"}],"replies":[{"embeddable":true,"href":"https:\/\/lemotdujour.fr\/index.php?rest_route=%2Fwp%2Fv2%2Fcomments&post=16106"}],"version-history":[{"count":16,"href":"https:\/\/lemotdujour.fr\/index.php?rest_route=\/wp\/v2\/posts\/16106\/revisions"}],"predecessor-version":[{"id":16139,"href":"https:\/\/lemotdujour.fr\/index.php?rest_route=\/wp\/v2\/posts\/16106\/revisions\/16139"}],"wp:attachment":[{"href":"https:\/\/lemotdujour.fr\/index.php?rest_route=%2Fwp%2Fv2%2Fmedia&parent=16106"}],"wp:term":[{"taxonomy":"category","embeddable":true,"href":"https:\/\/lemotdujour.fr\/index.php?rest_route=%2Fwp%2Fv2%2Fcategories&post=16106"},{"taxonomy":"post_tag","embeddable":true,"href":"https:\/\/lemotdujour.fr\/index.php?rest_route=%2Fwp%2Fv2%2Ftags&post=16106"}],"curies":[{"name":"wp","href":"https:\/\/api.w.org\/{rel}","templated":true}]}}