{"id":16088,"date":"2024-11-06T16:47:00","date_gmt":"2024-11-06T15:47:00","guid":{"rendered":"https:\/\/lemotdujour.fr\/?p=16088"},"modified":"2024-11-07T00:58:06","modified_gmt":"2024-11-06T23:58:06","slug":"mercredi-6-novembre-2024","status":"publish","type":"post","link":"https:\/\/lemotdujour.fr\/?p=16088","title":{"rendered":"Mercredi 6 novembre 2024"},"content":{"rendered":"<div class=\"mdjTexte\">\u00ab Les nouvelles sont comme les feuilles d&rsquo;automne. \u00bb<\/div>\n<div class=\"mdjAuteur\">Christian Bobin \u00ab Tout le Monde est occup\u00e9 \u00bb<\/div>\n<p><span style=\"color: #777777; font-family: arial;\">Donald Trump a \u00e9t\u00e9 \u00e9lu 47\u00e8me pr\u00e9sident des Etats-Unis et nous sommes en automne.<\/span><\/p>\n<p><span style=\"color: #777777; font-family: arial;\"><img loading=\"lazy\" decoding=\"async\" class=\"wp-image-16091 alignleft\" src=\"https:\/\/lemotdujour.fr\/wp-content\/uploads\/2024\/11\/Lautomne.jpg\" alt=\"\" width=\"488\" height=\"275\" srcset=\"https:\/\/lemotdujour.fr\/wp-content\/uploads\/2024\/11\/Lautomne.jpg 600w, https:\/\/lemotdujour.fr\/wp-content\/uploads\/2024\/11\/Lautomne-300x169.jpg 300w\" sizes=\"auto, (max-width: 488px) 100vw, 488px\" \/>En automne, nous sommes subjugu\u00e9s par la beaut\u00e9 des couleurs des arbres : dor\u00e9es, orang\u00e9es et rouges. <\/span><\/p>\n<p><span style=\"color: #777777; font-family: arial;\">En outre, les feuilles se d\u00e9tachent des branches et virevoltent jusqu&rsquo;au sol qu\u2019elles recouvrent d&rsquo;un tapis humide et parfum\u00e9. <\/span><\/p>\n<p><span style=\"color: #777777; font-family: arial;\">La flamboyance de ces couleurs est un vrai enchantement. <\/span><\/p>\n<p><span style=\"color: #777777; font-family: arial;\">J\u2019ai lu un article sur le site de France 3 Occitanie concernant ce sujet et qui tente d\u2019expliquer ce ph\u00e9nom\u00e8ne. C\u2019est cet article que je souhaite partager aujourd\u2019hui : \u00ab <a href=\"https:\/\/france3-regions.francetvinfo.fr\/occitanie\/ariege\/foix\/pourquoi-les-arbres-s-illuminent-en-automne-explications-fascinantes-sur-ce-phenomene-naturel-3053110.html\"><span style=\"color: #0000ff;\">Pourquoi les arbres s&rsquo;illuminent en automne ?<\/span><\/a> \u00bb <\/span><\/p>\n<p><span style=\"color: #777777; font-family: arial;\">La feuille d\u2019un arbre est un capteur solaire. Les arbres transforment la lumi\u00e8re du soleil en \u00e9nergie et en nutriments, notamment des glucides, par un m\u00e9canisme appel\u00e9 <strong>photosynth\u00e8se<\/strong>. <\/span><\/p>\n<p><span style=\"color: #777777; font-family: arial;\">En automne, l\u2019ensoleillement diminue : l&rsquo;arbre se met alors au repos et va vivre au ralenti. Quand les temp\u00e9ratures chutent, la s\u00e8ve ne circule plus. Les arbres \u00e0 feuilles caduques, en opposition aux conif\u00e8res, perdent leur feuillage en automne. <\/span><\/p>\n<p><span style=\"color: #777777; font-family: arial;\">Ce ph\u00e9nom\u00e8ne se produit quand les conditions de la photosynth\u00e8se ne sont plus l\u00e0. Il est directement li\u00e9 \u00e0 la diminution de la dur\u00e9e du jour. <\/span><\/p>\n<p><span style=\"color: #777777; font-family: arial;\">Quand la dur\u00e9e des journ\u00e9es diminue, la photosynth\u00e8se est moins efficace. Pour l&rsquo;arbre, la d\u00e9pense \u00e9nerg\u00e9tique pour maintenir ses feuilles devient alors trop lourde et il va s&rsquo;en d\u00e9barrasser. <\/span><\/p>\n<p><span style=\"color: #777777; font-family: arial;\">Mais avant cela, les feuilles doivent d\u00e9p\u00e9rir. A la baisse de l&rsquo;ensoleillement et des temp\u00e9ratures, l&rsquo;arbre va boucher ses vaisseaux de s\u00e8ve et petit \u00e0 petit, les pigments de chlorophylle vont dispara\u00eetre. <\/span><\/p>\n<p><span style=\"color: #777777; font-family: arial;\">Un repr\u00e9sentant du conservatoire botanique explique : <\/span><\/p>\n<p style=\"margin-left: 28pt;\"><span style=\"color: #c00000; font-family: arial;\">\u00ab Les pigments jaunes et orang\u00e9s \u00e9taient d\u00e9j\u00e0 pr\u00e9sents, mais il ne reste qu&rsquo;eux. Le vert s&rsquo;estompe et fait ainsi place \u00e0 ces couleurs extraordinaires. Ce faisant, l&rsquo;arbre r\u00e9cup\u00e8re tous les sucres possibles et tombe en dormance. Les quantit\u00e9s de pigments varient d&rsquo;une esp\u00e8ce \u00e0 l&rsquo;autre, d&rsquo;une feuille \u00e0 l&rsquo;autre, selon l&rsquo;exposition au soleil. Le pigment rouge, lui, par contre n&rsquo;\u00e9tait pas pr\u00e9sent dans la feuille. Il appara\u00eet avec l&rsquo;arriv\u00e9e du froid sur certains \u00e9rables ou les ch\u00eanes rouges par exemple \u00bb. <\/span><\/p>\n<p><span style=\"color: #777777; font-family: arial;\"><img loading=\"lazy\" decoding=\"async\" class=\"alignnone size-full wp-image-16094\" src=\"https:\/\/lemotdujour.fr\/wp-content\/uploads\/2024\/11\/Lautomne2.jpg\" alt=\"\" width=\"1600\" height=\"1200\" srcset=\"https:\/\/lemotdujour.fr\/wp-content\/uploads\/2024\/11\/Lautomne2.jpg 1600w, https:\/\/lemotdujour.fr\/wp-content\/uploads\/2024\/11\/Lautomne2-300x225.jpg 300w, https:\/\/lemotdujour.fr\/wp-content\/uploads\/2024\/11\/Lautomne2-1024x768.jpg 1024w, https:\/\/lemotdujour.fr\/wp-content\/uploads\/2024\/11\/Lautomne2-768x576.jpg 768w, https:\/\/lemotdujour.fr\/wp-content\/uploads\/2024\/11\/Lautomne2-1536x1152.jpg 1536w\" sizes=\"auto, (max-width: 1600px) 100vw, 1600px\" \/>L\u2019article explique aussi que l&rsquo;automne est une p\u00e9riode essentielle pour l&rsquo;arbre qui va assimiler les r\u00e9serves de sucre accumul\u00e9es au cours de l&rsquo;\u00e9t\u00e9 et les stocker. Il va grandir et mettre en r\u00e9serve des nutriments dans ses parties souterraines. Ainsi, les racines se d\u00e9veloppent en hiver. C&rsquo;est de ce processus que s&rsquo;inspire le proverbe \u00ab \u00c0 la Sainte-Catherine, tout arbre prend racine \u00bb. <span style=\"color: #777777; font-family: arial;\">La sainte Catherine qui se f\u00eate le 25 novembre.<\/span><\/span><\/p>\n<p><span style=\"color: #777777; font-family: arial;\">En outre, les feuilles qui tombent \u00e0 terre se d\u00e9composent par l\u2019action des insectes et des vers de terre. Les champignons assimilent et d\u00e9composent aussi la mati\u00e8re. Et au fur et \u00e0 mesure, la microfaune du sol, avec les acariens notamment, mais aussi toutes sortes de microorganismes, produit du compost disponible pour les racines. <\/span><\/p>\n<p><span style=\"color: #777777; font-family: arial;\">Je redonne le lien vers cette explication automnale : \u00ab <a href=\"https:\/\/france3-regions.francetvinfo.fr\/occitanie\/ariege\/foix\/pourquoi-les-arbres-s-illuminent-en-automne-explications-fascinantes-sur-ce-phenomene-naturel-3053110.html\"><span style=\"color: #0000ff;\">Pourquoi les arbres s&rsquo;illuminent en automne ?<\/span><\/a> \u00bb.<\/span><\/p>\n<p><span style=\"color: #777777; font-family: arial;\">Sur le site de l\u2019Office National des For\u00eats, une autre page donne des explications : \u00ab <a href=\"https:\/\/www.onf.fr\/onf\/%2B\/857::quelle-est-linfluence-de-lautomne-sur-larbre.html\"><span style=\"color: #0000ff;\">Quelle est l\u2019influence de l\u2019automne sur l\u2019arbre ?<\/span><\/a> \u00bb. <\/span><\/p>\n<p><span style=\"color: #777777; font-family: arial;\">La phrase compl\u00e8te de Christian Bobin dont j&rsquo;ai extrait l&rsquo;exergue est la suivante : \u00ab Les nouvelles sont comme les feuilles d&rsquo;automne. Le vent qui les porte les malm\u00e8ne. \u00bb<\/span><\/p>\n","protected":false},"excerpt":{"rendered":"<p>\u00ab Les nouvelles sont comme les feuilles d&rsquo;automne. \u00bb Christian Bobin \u00ab Tout le Monde est occup\u00e9 \u00bb Donald Trump a \u00e9t\u00e9 \u00e9lu 47\u00e8me pr\u00e9sident des Etats-Unis et nous sommes en automne. En automne, nous sommes subjugu\u00e9s par la beaut\u00e9<\/p>\n","protected":false},"author":1,"featured_media":0,"comment_status":"open","ping_status":"closed","sticky":false,"template":"","format":"standard","meta":{"footnotes":""},"categories":[1],"tags":[24,48],"class_list":["post-16088","post","type-post","status-publish","format-standard","hentry","category-motdujour","tag-actualite","tag-nature"],"_links":{"self":[{"href":"https:\/\/lemotdujour.fr\/index.php?rest_route=\/wp\/v2\/posts\/16088","targetHints":{"allow":["GET"]}}],"collection":[{"href":"https:\/\/lemotdujour.fr\/index.php?rest_route=\/wp\/v2\/posts"}],"about":[{"href":"https:\/\/lemotdujour.fr\/index.php?rest_route=\/wp\/v2\/types\/post"}],"author":[{"embeddable":true,"href":"https:\/\/lemotdujour.fr\/index.php?rest_route=\/wp\/v2\/users\/1"}],"replies":[{"embeddable":true,"href":"https:\/\/lemotdujour.fr\/index.php?rest_route=%2Fwp%2Fv2%2Fcomments&post=16088"}],"version-history":[{"count":5,"href":"https:\/\/lemotdujour.fr\/index.php?rest_route=\/wp\/v2\/posts\/16088\/revisions"}],"predecessor-version":[{"id":16097,"href":"https:\/\/lemotdujour.fr\/index.php?rest_route=\/wp\/v2\/posts\/16088\/revisions\/16097"}],"wp:attachment":[{"href":"https:\/\/lemotdujour.fr\/index.php?rest_route=%2Fwp%2Fv2%2Fmedia&parent=16088"}],"wp:term":[{"taxonomy":"category","embeddable":true,"href":"https:\/\/lemotdujour.fr\/index.php?rest_route=%2Fwp%2Fv2%2Fcategories&post=16088"},{"taxonomy":"post_tag","embeddable":true,"href":"https:\/\/lemotdujour.fr\/index.php?rest_route=%2Fwp%2Fv2%2Ftags&post=16088"}],"curies":[{"name":"wp","href":"https:\/\/api.w.org\/{rel}","templated":true}]}}