{"id":16069,"date":"2024-11-05T00:15:00","date_gmt":"2024-11-04T23:15:00","guid":{"rendered":"https:\/\/lemotdujour.fr\/?p=16069"},"modified":"2026-01-13T13:46:00","modified_gmt":"2026-01-13T12:46:00","slug":"mardi-5-novembre-2024","status":"publish","type":"post","link":"https:\/\/lemotdujour.fr\/?p=16069","title":{"rendered":"Mardi 5 novembre 2024"},"content":{"rendered":"<div class=\"mdjTexte\">\u00ab Trump n\u2019est que le sympt\u00f4me d\u2019une crise plus profonde \u00bb<\/div>\n<div class=\"mdjAuteur\">G\u00e9rard Araud<\/div>\n<p><span style=\"color: #777777; font-family: arial;\">Nous sommes le mardi qui suit le premier lundi de novembre, quatre ans apr\u00e8s la derni\u00e8re \u00e9lection pr\u00e9sidentielle am\u00e9ricaine. <\/span><br \/>\n<span style=\"color: #777777; font-family: arial;\"><img loading=\"lazy\" decoding=\"async\" class=\"size-full wp-image-16071 alignleft\" src=\"https:\/\/lemotdujour.fr\/wp-content\/uploads\/2024\/11\/Maison-Blanche.jpg\" alt=\"\" width=\"520\" height=\"281\" srcset=\"https:\/\/lemotdujour.fr\/wp-content\/uploads\/2024\/11\/Maison-Blanche.jpg 520w, https:\/\/lemotdujour.fr\/wp-content\/uploads\/2024\/11\/Maison-Blanche-300x162.jpg 300w\" sizes=\"auto, (max-width: 520px) 100vw, 520px\" \/>Ce jour-l\u00e0 a lieu la nouvelle \u00e9lection pr\u00e9sidentielle am\u00e9ricaine. Il est plus juste de dire que c\u2019est le dernier jour de l\u2019\u00e9lection puisque nombre d\u2019am\u00e9ricains ont d\u00e9j\u00e0 vot\u00e9 par anticipation. En effet, sur les quelque 244 millions d\u2019Am\u00e9ricains appel\u00e9s aux urnes pour l\u2019\u00e9lection pr\u00e9sidentielle, 78 millions, soit 31,9 %, avaient d\u00e9j\u00e0 vot\u00e9 de mani\u00e8re anticip\u00e9e \u00e0 la date du 3 novembre, selon les donn\u00e9es de <a href=\"https:\/\/election.lab.ufl.edu\/early-vote\/2024-early-voting\/\"><span style=\"color: #0000ff;\">l\u2019universit\u00e9 de Floride<\/span><\/a>. Le vote par anticipation \u2013 qu\u2019il soit en personne ou par correspondance \u2013 permet aux Am\u00e9ricains d\u2019exprimer leur suffrage plus t\u00f4t. Cette option est valable dans tous les \u00c9tats du pays, mais la date d\u2019ouverture du vote anticip\u00e9 varie beaucoup d\u2019un \u00c9tat \u00e0 l\u2019autre : il peut d\u00e9buter jusqu\u2019\u00e0 cinquante jours avant l\u2019\u00e9lection, ou seulement cinq jours avant. <\/span><\/p>\n<p><span style=\"color: #777777; font-family: arial;\">Cela peut para\u00eetre curieux, pour nous fran\u00e7ais qui avons l\u2019habitude de voter le dimanche, de fixer le jour officiel de l\u2019\u00e9lection, un mardi.<\/span><\/p>\n<p><span style=\"color: #777777; font-family: arial;\">Cela montre toute la diff\u00e9rence entre la France la\u00efque et les Etats-Unis otages des bondieuseries. Car le dimanche est le jour sacr\u00e9 des chr\u00e9tiens, il ne saurait \u00eatre question pour les am\u00e9ricains croyants de \u00ab souiller \u00bb ce jour d\u00e9di\u00e9 \u00e0 dieu pour une simple raison profane d\u2019organisation du pouvoir terrestre. Alors qu\u2019en France, notre r\u00e9volution a conduit \u00e0 consid\u00e9rer \u00ab sacr\u00e9 \u00bb la R\u00e9publique. Nous avons donc pris, sans vergogne, le jour sacr\u00e9 des religieux pour organiser le vote qui se d\u00e9roule dans les locaux de notre temple sacr\u00e9 : \u00ab L\u2019\u00e9cole \u00bb.<br \/>\n<\/span><br \/>\n<span style=\"color: #777777; font-family: arial;\">Mais \u00ab <a href=\"https:\/\/www.ouest-france.fr\/leditiondusoir\/2024-10-31\/pourquoi-l-election-presidentielle-americaine-a-t-elle-toujours-lieu-un-mardi-68043ea4-db05-4d61-9f8a-9ba6aba52781\"><span style=\"color: #0000ff;\">Ouest France<\/span><\/a> \u00bb nous en dit davantage sur ce mardi de l\u2019\u00e9lection.<\/span><\/p>\n<p><span style=\"color: #777777; font-family: arial;\">La toute premi\u00e8re \u00e9lection pr\u00e9sidentielle am\u00e9ricaine se tient le 7 janvier 1789, un mercredi. Ce jour-l\u00e0, les grands \u00e9lecteurs se r\u00e9unissent pour d\u00e9signer le pr\u00e9sident George Washington. Trois ans apr\u00e8s, en 1792, une loi est vot\u00e9e pour fixer officiellement les r\u00e8gles de l\u2019Election Day. Elle pr\u00e9voit que la r\u00e9union des grands \u00e9lecteurs prenne place aussi le mercredi, mais cette fois-ci le premier de d\u00e9cembre. <\/span><\/p>\n<p><span style=\"color: #777777; font-family: arial;\">Les diff\u00e9rents \u00c9tats doivent alors \u00e9lire leurs repr\u00e9sentants dans les 34 jours avant cette date.<br \/>\nLes \u00e9lections se d\u00e9roulent donc en novembre, comme aujourd\u2019hui. Et pour une raison purement pratique : \u00e0 cette p\u00e9riode, les moissons sont termin\u00e9es, condition primordiale dans la soci\u00e9t\u00e9 rurale de l\u2019\u00e9poque. Autre raison : cette p\u00e9riode pr\u00e9c\u00e8de les temp\u00eates hivernales du Nord-Est des \u00c9tats-Unis, qui auraient emp\u00each\u00e9 certains \u00e9lecteurs de se d\u00e9placer.<\/span><\/p>\n<p><span style=\"color: #777777; font-family: arial;\">Un probl\u00e8me se pose cependant : comme chaque \u00c9tat vote \u00e0 un moment diff\u00e9rent, les r\u00e9sultats des voisins commencent \u00e0 influencer les \u00e9lecteurs, \u00e0 mesure que les moyens de communication se d\u00e9veloppent. Une date unique est donc institu\u00e9e en 1845 : le mardi suivant le premier lundi de novembre. <\/span><\/p>\n<p><span style=\"color: #777777; font-family: arial;\">Pourquoi un mardi ? Car contrairement \u00e0 la France, il est hors de question que le jour du seigneur des chr\u00e9tiens, le dimanche, soit perturb\u00e9. On \u00e9carte donc le dimanche, mais aussi le lundi, car cela aurait contraint certaines personnes \u00e0 voyager le dimanche pour voter \u00e0 temps. Le vote officiel des grands \u00e9lecteurs a pour sa part toujours lieu en d\u00e9cembre. Aujourd\u2019hui, c\u2019est donc toujours cette m\u00eame r\u00e8gle qui est appliqu\u00e9e. Les \u00e9lecteurs se rendent aux urnes un mardi, entre le 2 et le 8 novembre, selon les ann\u00e9es. <\/span><\/p>\n<p><span style=\"color: #777777; font-family: arial;\">Nous savons que les am\u00e9ricains n\u2019\u00e9lisent pas directement leur pr\u00e9sident mais \u00e9lisent des Grands \u00e9lecteurs disposant d\u2019un mandat imp\u00e9ratif les obligeant \u00e0 voter, lors de la r\u00e9union du coll\u00e8ge des grands \u00e9lecteurs, pour le candidat dont ils ont port\u00e9 les couleurs. <\/span><br \/>\n<span style=\"color: #777777; font-family: arial;\">J\u2019ai tent\u00e9 d\u2019expliquer ce m\u00e9canisme lors d\u2019un mot du jour qui faisait une analyse assez d\u00e9taill\u00e9e de l\u2019\u00e9lection pr\u00e9c\u00e9dente dans laquelle Biden avait battu Trump : \u00ab <a href=\"https:\/\/lemotdujour.fr\/?p=10655#comment-8669\"><span style=\"color: #0000ff;\">Des chiffres et des \u00e9lecteurs<\/span>.<\/a> \u00bb. <\/span><br \/>\n<span style=\"color: #777777; font-family: arial;\">Je rappelle les points saillants de cette analyse assez d\u00e9rangeante : <\/span><\/p>\n<ul>\n<li><span style=\"color: #777777; font-family: arial;\">L\u2019affirmation p\u00e9remptoire que Biden a battu nettement Trump au vote populaire se heurte \u00e0 la r\u00e9alit\u00e9 que cet \u00e9cart s\u2019explique par le vote de deux Etats : la Californie et de New York. En effet ces deux \u00e9tats cumul\u00e9s repr\u00e9sentaient un avantage pour Biden de 7 096 598 voix, c\u2019est-\u00e0-dire un nombre de voix sup\u00e9rieur \u00e0 la diff\u00e9rence observ\u00e9e au niveau national.<\/span><\/li>\n<li><span style=\"color: #777777; font-family: arial;\">Si on \u00e9largit un peu la focale \u00e0 6 Etats en ajoutant aux deux premiers l\u2019Illinois (Chicago), le Massachusetts (Boston), le Maryland (Baltimore) et aussi le District of Columbia qui m\u00eame si la d\u00e9mographie en est plus modeste, pr\u00e9sente la particularit\u00e9 d\u2019abriter la capitale : Washington, l\u2019avantage pour Biden monte \u00e0 10,5 millions d\u2019\u00e9lecteurs.<\/span><\/li>\n<li><span style=\"color: #777777; font-family: arial;\">Ces 6 Etats repr\u00e9sentent 25% des \u00e9lecteurs am\u00e9ricains, d\u00e8s lors, l\u2019ensemble des 44 autres Etats qui repr\u00e9sentent donc 75% des \u00e9lecteurs ont vot\u00e9 pour Trump et lui ont donn\u00e9 un avantage de 3,5 millions d\u2019\u00e9lecteurs pour un score relatif de 51,5% \u00e0 48,5%.<\/span><\/li>\n<li><span style=\"color: #777777; font-family: arial;\">Enfin concernant les grands \u00e9lecteurs, j\u2019ai pu d\u00e9montrer que l\u2019inversion du vote de 21 459 \u00e9lecteurs de Biden vers Trump, c\u2019est-\u00e0-dire 0,014% du corps \u00e9lectoral, aurait conduit \u00e0 un match nul 269 grands \u00e9lecteurs chacun.<\/span><\/li>\n<\/ul>\n<p><span style=\"color: #777777; font-family: arial;\">Je finissais cet article sur la question de savoir comment expliquer qu\u2019autant d\u2019am\u00e9ricains aient vot\u00e9 pour Trump bien qu\u2019ils l\u2019ait vu \u00e0 l\u2019\u0153uvre pendant 4 ans. <\/span><\/p>\n<p><span style=\"color: #777777; font-family: arial;\">J\u2019osais cette nuance : L\u2019explication simpliste est que 74 000 000 d\u2019am\u00e9ricains sont des extr\u00e9mistes ou des ignorants. La r\u00e9alit\u00e9 est certainement plus complexe.<\/span><\/p>\n<p><span style=\"color: #777777; font-family: arial;\">Nous sommes 4 ans plus tard, Trump a incit\u00e9 certains de ses partisans \u00e0 monter \u00e0 l\u2019assaut du Capitole dans une insurrection qui a stup\u00e9fi\u00e9 le monde, il a \u00e9t\u00e9 condamn\u00e9 pour des faits dans lesquels il montre une attitude qui devrait horrifier tous les \u00e9vang\u00e9listes qui votent pour lui, c\u2019est-\u00e0-dire 50% de ses \u00e9lecteurs, il est poursuivi pour d\u2019autres d\u00e9lits, pendant toute la campagne il a tenu des propos d\u2019une violence, d\u2019un esprit de vengeance, d\u2019une volont\u00e9 de s\u2019attaquer aux institutions d\u00e9mocratiques (\u00ab je serais dictateur une journ\u00e9e \u00bb, \u00ab apr\u00e8s vous n\u2019aurez plus besoin de voter \u00bb), des documents s\u00e9rieux montrent ses liens \u00e9troits et surprenants avec la Russie de Poutine \u2026<\/span><\/p>\n<p><span style=\"color: #777777; font-family: arial;\">Et pourtant, il est tout \u00e0 fait possible qu\u2019il redevienne Pr\u00e9sident des Etats-Unis. A celles et ceux qui s\u2019interrogent s\u2019il pourra briguer un nouveau mandat dans 4 ans, la r\u00e9ponse est n\u00e9gative. Seuls deux mandats sont tol\u00e9r\u00e9s, ils peuvent \u00eatre successifs ou disjoints. <\/span><br \/>\n<span style=\"color: #777777; font-family: arial;\">Comment expliquer cela ? <\/span><\/p>\n<p><span style=\"color: #777777; font-family: arial;\"><strong>G\u00e9rard Araud<\/strong>, ancien ambassadeur de France \u00e0 Washington expliquait d\u00e9j\u00e0 en 2021 : dans un article de 2021 : \u00ab<a href=\"https:\/\/www.lefigaro.fr\/vox\/monde\/gerard-araud-trump-n-est-que-le-symptome-d-une-crise-plus-profonde-20210107\"><span style=\"color: #0000ff;\">Trump n\u2019est que le sympt\u00f4me d\u2019une crise plus profonde<\/span><\/a>\u00bb. Il existe un malaise au sein de la classe moyenne am\u00e9ricaine :\u00a0 .<\/span><\/p>\n<p style=\"margin-left: 28pt;\"><span style=\"color: #c00000; font-family: arial;\">\u00ab Le g\u00e9nie [de Trump] a \u00e9t\u00e9 de comprendre en 2016 l\u2019existence d\u2019un malaise am\u00e9ricain que personne n\u2019avait vu venir, car les r\u00e9sultats macro-\u00e9conomiques \u00e0 la fin du mandat d\u2019Obama \u00e9taient bons. Il a su parler aux oubli\u00e9s, et son g\u00e9nie fut aussi d\u2019arriver \u00e0 continuer \u00e0 \u00eatre leur voix durant son mandat sans \u00eatre r\u00e9cup\u00e9r\u00e9 par les r\u00e9publicains \u00abclassiques\u00bb qui pensaient pouvoir le manipuler. Cette r\u00e9bellion est toujours l\u00e0, et restera. \u00bb<\/span><\/p>\n<p><span style=\"color: #777777; font-family: arial;\">Il faut comprendre que la d\u00e9mocratie lib\u00e9rale n&rsquo;est possible que s&rsquo;il existe une grande classe moyenne qui la fait vivre et qui est content de son sort ou au moins a l&rsquo;espoir raisonnable que son avenir et celui de leur enfants seront meilleurs : <\/span><\/p>\n<p style=\"margin-left: 28pt;\"><span style=\"color: #c00000; font-family: arial;\">\u00ab Il y a deux cause possibles \u00e0 cette r\u00e9bellion . La premi\u00e8re est \u00e9conomique. En effet, si quarante ans de n\u00e9olib\u00e9ralisme auront permis aux pays \u00e9mergents de sortir de la pauvret\u00e9, les classes moyennes inf\u00e9rieures ainsi que la classe ouvri\u00e8re des soci\u00e9t\u00e9s occidentales auront vu leur niveau de vie stagner, voire diminuer. Ce ph\u00e9nom\u00e8ne a provoqu\u00e9 une hausse du ch\u00f4mage et un accroissement des in\u00e9galit\u00e9s. Ce n\u2019est pas un hasard si la r\u00e9volte touche particuli\u00e8rement le Midwest o\u00f9 le ch\u00f4mage, li\u00e9 \u00e0 la d\u00e9sindustrialisation, est fort. \u00bb .<\/span><\/p>\n<p><span style=\"color: #777777; font-family: arial;\">La mondialisation et le libre \u00e9change ont eu des cons\u00e9quences sur les classes moyennes occidentales non r\u00e9fl\u00e9chies par les \u00e9lites qui ne voyaient que \u00ab la mondialisation heureuse \u00bb. Ce d\u00e9classement \u00e9conomique est certainement premier dans le malaise.<br \/>\n<\/span><\/p>\n<p style=\"margin-left: 28pt;\"><span style=\"color: #c00000; font-family: arial;\">\u00ab La seconde est identitaire. La majorit\u00e9 des \u00e9lecteurs de Trump sont des hommes blancs ; plus de 60 % des hommes blancs ont vot\u00e9 pour lui. Sur fond de changement d\u00e9mographiques, l\u2019Am\u00e9rique blanche sent qu\u2019elle perd le pouvoir. De ce point de vue, le trumpisme peut appara\u00eetre comme le baroud d\u2019honneur de cette Am\u00e9rique-l\u00e0. \u00bb .<\/span><\/p>\n<p><span style=\"color: #777777; font-family: arial;\">Il me semble qu&rsquo;il existe une autre dimension que G\u00e9rard Araud n&rsquo;aborde pas: c&rsquo;est le recul de l&rsquo;h\u00e9g\u00e9monie occidentale sur les affaires du monde. Un monde qui conteste de plus en plus le leadership am\u00e9ricain.<\/span><\/p>\n<p><span style=\"color: #777777; font-family: arial;\">Probablement de mani\u00e8re assez confuse, car les am\u00e9ricains moyens ne sont pas connus pour leur vision g\u00e9opolitique, mais le fait que l&rsquo;homme occidental soit contest\u00e9 dans le monde est certainement aussi un \u00e9l\u00e9ment du malaise. A cela s\u2019ajoute, aux \u00c9tats-Unis, une immigration massive non r\u00e9gul\u00e9e, non accueillie qui heurtent profond\u00e9ment les am\u00e9ricains qui voient des tentes et des squats s\u2019installer de plus en plus nombreux dans leurs villes.<\/span><\/p>\n<p><span style=\"color: #777777; font-family: arial;\">Enfin, il y a aussi, \u00e0 l&rsquo;int\u00e9rieur de la soci\u00e9t\u00e9, des fractures soci\u00e9tales provoqu\u00e9es par des d\u00e9mocrates d\u00e9laissant les int\u00e9r\u00eats et les valeurs\u00a0 de la classe moyenne pour entrer dans un progressisme de plus en plus rapide, intol\u00e9rant \u00e0 ceux qui pensent diff\u00e9remment pour s\u2019abimer dans le communautarisme, dans des luttes sectorielles o\u00f9 chaque particularit\u00e9 est mis en avant : .<\/span><\/p>\n<p style=\"margin-left: 28pt;\"><span style=\"color: #c00000; font-family: arial;\">\u00ab Les d\u00e9mocrates de leur c\u00f4t\u00e9 n\u2019utilisaient pas de message national, ils demandaient, pour simplifier aux noirs de voter pour leur camp simplement en raison de leur couleur de peau ! Cela n\u2019a pas vraiment chang\u00e9. Quand on regarde leur vision de la constitution du gouvernement am\u00e9ricain, nous avons l\u2019impression que c\u2019est une r\u00e9partition avec deux noirs, deux latinos, six femmes et un gay. C\u2019est d\u2019ailleurs pr\u00e9sent\u00e9 comme cela dans la presse. On peut se demander quel est le message national des D\u00e9mocrates&#8230; Les d\u00e9mocrates ne voient plus les citoyens am\u00e9ricains qu\u2019\u00e0 travers leurs identit\u00e9s. La \u00abcancel culture\u00bb dans les universit\u00e9s, m\u00eame si elle reste extr\u00eamement minoritaire, exacerbe ce ph\u00e9nom\u00e8ne. S\u2019il y a un bon exemple des erreurs des D\u00e9mocrates, c\u2019est la question des transgenres. Si l\u2019on doit le respect \u00e0 ces derniers, ils ne repr\u00e9sentent qu\u2019une infime minorit\u00e9 de la population. En faire un sujet national n\u2019\u00e9tait sans doute pas un bon calcul. \u00bb .<\/span><\/p>\n<p><span style=\"color: #777777; font-family: arial;\">Et maintenant, on constate que des latinos et des noirs, surtout les hommes, commencent \u00e0 voter de plus en plus pour Trump. Je pense que des \u00e9volutions soci\u00e9tales que la Gauche d\u00e9mocrate d\u00e9fend avec ce sentiment d&rsquo;un combat du bien contre le mal heurtent profond\u00e9ment le conservatisme de ces populations pour qui tout cela va trop vite et trop loin. Trump a su avec ruse et intuition capter ce malaise pour nourrir sa qu\u00eate du pouvoir. D\u00e9sormais, pour des raisons \u00e9lectorales il est all\u00e9 jusqu\u2019\u00e0 flatter les franges les plus r\u00e9actionnaires de son \u00e9lectorat qui sont anti-avortement, anti-LGBT, anti-f\u00e9ministe. Ces minorit\u00e9s ne pourraient pas imposer ainsi leurs id\u00e9es, s\u2019il n\u2019existait pas dans une plus large partie de la population les malaises \u00e9conomiques, les malaises identitaires et les malaises soci\u00e9taux .<\/span><\/p>\n<p><span style=\"color: #777777; font-family: arial;\">Je pense qu&rsquo;en Europe et en France nous sommes sur la m\u00eame voie, d&rsquo;un malaise profond de la soci\u00e9t\u00e9 auquel pr\u00e9tendent r\u00e9pondre des forces illib\u00e9rales, des extr\u00eames droite contre lesquelles la gauche largement dans le d\u00e9ni des probl\u00e8mes qui se posent, n\u2019a comme seule r\u00e9ponse la diabolisation de l\u2019adversaire et la fuite en avant. <\/span><\/p>\n<p><span style=\"color: #777777; font-family: arial;\">Quand il y a un terrain fertile, des Trump peuvent pousser.<\/span><\/p>\n","protected":false},"excerpt":{"rendered":"<p>\u00ab Trump n\u2019est que le sympt\u00f4me d\u2019une crise plus profonde \u00bb G\u00e9rard Araud Nous sommes le mardi qui suit le premier lundi de novembre, quatre ans apr\u00e8s la derni\u00e8re \u00e9lection pr\u00e9sidentielle am\u00e9ricaine. Ce jour-l\u00e0 a lieu la nouvelle \u00e9lection pr\u00e9sidentielle<\/p>\n","protected":false},"author":1,"featured_media":0,"comment_status":"open","ping_status":"closed","sticky":false,"template":"","format":"standard","meta":{"footnotes":""},"categories":[1],"tags":[141,65,3],"class_list":["post-16069","post","type-post","status-publish","format-standard","hentry","category-motdujour","tag-elections","tag-etats-unis","tag-politique"],"_links":{"self":[{"href":"https:\/\/lemotdujour.fr\/index.php?rest_route=\/wp\/v2\/posts\/16069","targetHints":{"allow":["GET"]}}],"collection":[{"href":"https:\/\/lemotdujour.fr\/index.php?rest_route=\/wp\/v2\/posts"}],"about":[{"href":"https:\/\/lemotdujour.fr\/index.php?rest_route=\/wp\/v2\/types\/post"}],"author":[{"embeddable":true,"href":"https:\/\/lemotdujour.fr\/index.php?rest_route=\/wp\/v2\/users\/1"}],"replies":[{"embeddable":true,"href":"https:\/\/lemotdujour.fr\/index.php?rest_route=%2Fwp%2Fv2%2Fcomments&post=16069"}],"version-history":[{"count":11,"href":"https:\/\/lemotdujour.fr\/index.php?rest_route=\/wp\/v2\/posts\/16069\/revisions"}],"predecessor-version":[{"id":16087,"href":"https:\/\/lemotdujour.fr\/index.php?rest_route=\/wp\/v2\/posts\/16069\/revisions\/16087"}],"wp:attachment":[{"href":"https:\/\/lemotdujour.fr\/index.php?rest_route=%2Fwp%2Fv2%2Fmedia&parent=16069"}],"wp:term":[{"taxonomy":"category","embeddable":true,"href":"https:\/\/lemotdujour.fr\/index.php?rest_route=%2Fwp%2Fv2%2Fcategories&post=16069"},{"taxonomy":"post_tag","embeddable":true,"href":"https:\/\/lemotdujour.fr\/index.php?rest_route=%2Fwp%2Fv2%2Ftags&post=16069"}],"curies":[{"name":"wp","href":"https:\/\/api.w.org\/{rel}","templated":true}]}}