{"id":1604,"date":"2016-02-05T01:00:00","date_gmt":"2016-02-04T22:00:00","guid":{"rendered":"http:\/\/lemotdujour.fr\/?p=1604"},"modified":"2017-05-08T13:42:17","modified_gmt":"2017-05-08T11:42:17","slug":"vendredi-5-fevrier-2016","status":"publish","type":"post","link":"https:\/\/lemotdujour.fr\/?p=1604","title":{"rendered":"Vendredi 5 f\u00e9vrier 2016"},"content":{"rendered":"<div class=\"mdjDate\">Vendredi 5 f\u00e9vrier 2016<\/div>\n<div class=\"mdjTexte\">\u00abTenter, braver, persister, pers\u00e9v\u00e9rer, <br \/>\u00eatre fid\u00e8le \u00e0 soi-m\u00eame, <br \/>prendre corps \u00e0 corps le destin,<br \/>\u00e9tonner la catastrophe par le peu de peur qu\u2019elle nous fait, <br \/>tant\u00f4t affronter la puissance injuste,<br \/>tant\u00f4t insulter la victoire ivre, tenir bon, tenir t\u00eate ; <br \/>voil\u00e0 l\u2019exemple dont les peuples ont besoin, <br \/>et la lumi\u00e8re qui les \u00e9lectrise.\u00bb<\/div>\n<div class=\"mdjAuteur\">Victor Hugo<\/div>\n<div class=\"mdjComplements\">Patrick Boucheron est un grand historien fran\u00e7ais. Il a \u00e9t\u00e9 nomm\u00e9 au Coll\u00e8ge de France \u00e0 la chaire \u00abHistoire des pouvoirs en Europe occidentale (XXIIIe-XVIe si\u00e8cle)\u00bb.<\/div>\n<div class=\"mdjComplements\">Et dans ce cas, avant de commencer son cours, le nomin\u00e9 au Coll\u00e8ge de France prononce une le\u00e7on inaugurale o\u00f9 les plus grands professeurs et intelligences de Paris se rendent.<\/div>\n<div class=\"mdjComplements\">La le\u00e7on inaugurale de Patrick Boucheron a \u00e9t\u00e9 particuli\u00e8rement remarqu\u00e9e.<a href=\"http:\/\/www.franceinter.fr\/emission-le-79-patrick-boucheron\"> Il a \u00e9t\u00e9 invit\u00e9 sur France Inter apr\u00e8s cette le\u00e7on.<\/a><\/div>\n<div class=\"mdjComplements\">Et il a expliqu\u00e9 : <strong>\u00ab <\/strong>Je suis m\u00e9di\u00e9viste, je ne pouvais pas imaginer que ce que j\u2019avais appris sur le Califat ou la Croisade, pourrait\u00a0 un jour \u00eatre employ\u00e9 par des personnes mal intentionn\u00e9es.<strong>\u00bb<\/strong><\/div>\n<div class=\"mdjComplements\">Voici l&rsquo;introduction de sa le\u00e7on inaugurale qui a \u00e9t\u00e9 prononc\u00e9e en d\u00e9cembre 2015 et dont le titre est : <strong>\u00ab<\/strong>\u00a0Que peut l&rsquo;Histoire ?\u00bb :\u00a0<\/div>\n<div class=\"mdjComplements\">\u00ab\u00a0Il y a un mois, je suis retourn\u00e9 place de la R\u00e9publique. Comme tant d\u2019autres, avec tant d\u2019autres, incr\u00e9dules et tristes. Le soleil de novembre jetait une clart\u00e9 presque insolente, scandaleuse dans sa souveraine indiff\u00e9rence \u00e0 la peine des hommes. <\/div>\n<div class=\"mdjComplements\">Depuis janvier 2015, comme une houle battant la falaise, le temps passait sur le socle de pierres blanches qui fait un pi\u00e9destal \u00e0 la statue de Marianne. <\/div>\n<div class=\"mdjComplements\">Le temps passait, les nuits et les jours, la pluie, le vent, qui d\u00e9lavait les dessins d\u2019enfants, \u00e9parpillait les objets, effa\u00e7ait les slogans, estompant leur col\u00e8re. Et l\u2019on se disait : c\u2019est cela, un monument, qui brandit haut dans le ciel une m\u00e9moire active, vivante, fragile ; ce n\u2019est que cela, une ville, cette mani\u00e8re de rendre le pass\u00e9 habitable et de conjoindre sous nos pas ses fragments \u00e9pars ; c\u2019est tout cela l\u2019histoire, pourvu qu\u2019elle sache accueillir du m\u00eame front les lenteurs apaisantes de la dur\u00e9e et la brusquerie des \u00e9v\u00e9nements. <\/div>\n<div class=\"mdjComplements\">Parmi les fleurs, les bougies et les papiers coll\u00e9s, j\u2019ai vu une page arrach\u00e9e \u00e0 un cahier d\u2019\u00e9colier. <\/div>\n<div class=\"mdjComplements\">Quelqu\u2019un, \u00e0 l\u2019encre bleue, d\u2019une \u00e9criture sagement appliqu\u00e9e, y avait recopi\u00e9 une citation de Victor Hugo. Depuis la veille au soir, d\u00e9j\u00e0, la Toile bruissait de ce nom propre, en plusieurs langues et divers alphabets. <\/div>\n<div class=\"mdjComplements\">Au m\u00eame moment, un collectif de grapheurs retrouvait dans une vieille locution latine la rage d\u2019esp\u00e9rer, ramenant \u00e0 la noire lumi\u00e8re d\u2019aujourd\u2019hui la devise parisienne qu\u2019on gravait pour la premi\u00e8re fois sur un jeton en 1581<a href=\"https:\/\/fr.wikipedia.org\/wiki\/Fluctuat_nec_mergitur\"> [fluctuat nec mergitur]<\/a>. Et que ceux qui se flattent de leur d\u00e9sesp\u00e9rance en tenant boutique de nos d\u00e9sarrois, ceux qui s\u2019agitent et s\u2019enivrent aux vapeurs faciles de l\u2019id\u00e9e de d\u00e9clin, ceux qui m\u00e9prisent l\u2019\u00e9cole au nom des illusions qu\u2019ils s\u2019en font, tous ceux qui, finalement, r\u00e9pugnent \u00e0 l\u2019existence m\u00eame d\u2019une intelligence collective, que ceux-l\u00e0 se souviennent de ces jours. Car la litt\u00e9rature y fut aussi, pour beaucoup, une ressource d\u2019\u00e9nergie, de consolation et de mobilisation.\u00a0<\/div>\n<div class=\"mdjComplements\">Je rentrais chez moi et me plongeais dans les grands livres illustr\u00e9s \u00e0 la reliure rouge qui m\u2019accompagnent depuis l\u2019enfance. A chacun de mes anniversaires, mon grand-p\u00e8re m\u2019offrait un volume de cette \u00e9dition ancienne et populaire des \u0153uvres compl\u00e8tes de Victor Hugo. <\/div>\n<div class=\"mdjComplements\">J\u2019y retrouvais, en entier, la chose vue place de la R\u00e9publique.<\/div>\n<div class=\"mdjComplements\">C\u2019est au troisi\u00e8me livre des Mis\u00e9rables, au premier chapitre intitul\u00e9 \u00ab Paris \u00e9tudi\u00e9 dans son atome \u00bb, ode au gamin de la capitale qui raille et qui r\u00e8gne. <\/div>\n<div class=\"mdjComplements\">On y lit ceci. <\/div>\n<div class=\"mdjComplements\">\u00ab Tenter, braver, persister, pers\u00e9v\u00e9rer, \u00eatre fid\u00e8le \u00e0 soi-m\u00eame, prendre corps \u00e0 corps le destin, \u00e9tonner la catastrophe par le peu de peur qu\u2019elle nous fait, tant\u00f4t affronter la puissance injuste, tant\u00f4t insulter la victoire ivre, tenir bon, tenir t\u00eate ; voil\u00e0 l\u2019exemple dont les peuples ont besoin, et la lumi\u00e8re qui les \u00e9lectrise. \u00bb <\/div>\n<div class=\"mdjComplements\">Le texte de Victor Hugo qui est un hymne \u00e0 la gloire de Paris est ici : <a href=\"https:\/\/fr.wikisource.org\/wiki\/Les_Mis%C3%A9rables_TIII_L1\">https:\/\/fr.wikisource.org\/wiki\/Les_Mis%C3%A9rables_TIII_L1#Chapitre11<\/a><\/div>\n<div class=\"mdjComplements\">Vous pouvez trouver la le\u00e7on inaugurale de Boucheron sur le site du Coll\u00e8ge de France, comme d&rsquo;ailleurs les cours qui suivent. Je vous pr\u00e9viens c&rsquo;est dense et remarquablement \u00e9rudit. Peut-\u00eatre que je tenterais de faire de cette le\u00e7on une th\u00e9matique d&rsquo;une semaine.<\/div>\n<div class=\"mdjComplements\">Car la litt\u00e9rature fut pour beaucoup, une ressource d\u2019\u00e9nergie, de consolation et de mobilisation&#8230; <\/div>\n","protected":false},"excerpt":{"rendered":"<p>Vendredi 5 f\u00e9vrier 2016 \u00abTenter, braver, persister, pers\u00e9v\u00e9rer, \u00eatre fid\u00e8le \u00e0 soi-m\u00eame, prendre corps \u00e0 corps le destin,\u00e9tonner la catastrophe par le peu de peur qu\u2019elle nous fait, tant\u00f4t affronter la puissance injuste,tant\u00f4t insulter la victoire ivre, tenir bon, tenir<\/p>\n","protected":false},"author":1,"featured_media":0,"comment_status":"closed","ping_status":"closed","sticky":false,"template":"","format":"standard","meta":{"footnotes":""},"categories":[1],"tags":[],"class_list":["post-1604","post","type-post","status-publish","format-standard","hentry","category-motdujour"],"_links":{"self":[{"href":"https:\/\/lemotdujour.fr\/index.php?rest_route=\/wp\/v2\/posts\/1604","targetHints":{"allow":["GET"]}}],"collection":[{"href":"https:\/\/lemotdujour.fr\/index.php?rest_route=\/wp\/v2\/posts"}],"about":[{"href":"https:\/\/lemotdujour.fr\/index.php?rest_route=\/wp\/v2\/types\/post"}],"author":[{"embeddable":true,"href":"https:\/\/lemotdujour.fr\/index.php?rest_route=\/wp\/v2\/users\/1"}],"replies":[{"embeddable":true,"href":"https:\/\/lemotdujour.fr\/index.php?rest_route=%2Fwp%2Fv2%2Fcomments&post=1604"}],"version-history":[{"count":1,"href":"https:\/\/lemotdujour.fr\/index.php?rest_route=\/wp\/v2\/posts\/1604\/revisions"}],"predecessor-version":[{"id":1605,"href":"https:\/\/lemotdujour.fr\/index.php?rest_route=\/wp\/v2\/posts\/1604\/revisions\/1605"}],"wp:attachment":[{"href":"https:\/\/lemotdujour.fr\/index.php?rest_route=%2Fwp%2Fv2%2Fmedia&parent=1604"}],"wp:term":[{"taxonomy":"category","embeddable":true,"href":"https:\/\/lemotdujour.fr\/index.php?rest_route=%2Fwp%2Fv2%2Fcategories&post=1604"},{"taxonomy":"post_tag","embeddable":true,"href":"https:\/\/lemotdujour.fr\/index.php?rest_route=%2Fwp%2Fv2%2Ftags&post=1604"}],"curies":[{"name":"wp","href":"https:\/\/api.w.org\/{rel}","templated":true}]}}