{"id":16019,"date":"2024-10-22T01:57:00","date_gmt":"2024-10-21T23:57:00","guid":{"rendered":"https:\/\/lemotdujour.fr\/?p=16019"},"modified":"2024-10-22T02:27:47","modified_gmt":"2024-10-22T00:27:47","slug":"mardi-22-octobre-2024","status":"publish","type":"post","link":"https:\/\/lemotdujour.fr\/?p=16019","title":{"rendered":"Mardi 22 octobre 2024"},"content":{"rendered":"<div class=\"mdjTexte\">\u00ab Une nation a solennellement promis \u00e0 une seconde le territoire d&rsquo;une troisi\u00e8me. \u00bb<\/div>\n<div class=\"mdjAuteur\">Arthur Koestler<\/div>\n<p><span style=\"color: #777777; font-family: arial;\">Heureusement qu&rsquo;il y a Jean-Louis Bourlanges pour oser monter au cr\u00e9neau et dire simplement, \u00e0 la fin de l&rsquo;\u00e9mission du \u00ab nouvel esprit public du 20 octobre 2024 \u00bb : <\/span><\/p>\n<p style=\"margin-left: 28pt;\"><span style=\"color: #c00000; font-family: arial;\">\u00ab J\u2019ai \u00e9t\u00e9 tr\u00e8s frapp\u00e9, de l&rsquo;atmosph\u00e8re de d\u00e9nonciation indign\u00e9e qui a accueilli un propos du Pr\u00e9sident de la R\u00e9publique qui me paraissait tr\u00e8s franchement tout \u00e0 fait ordinaire et normal. [&#8230;] De rappeler qu&rsquo;Isra\u00ebl est un produit de la communaut\u00e9 internationale et qu&rsquo;il a \u00e9t\u00e9 cr\u00e9\u00e9 par une r\u00e9solution de l&rsquo;ONU ne me parait ni faux, ni attentatoire \u00e0 la dignit\u00e9 de ce pays. Je crois que c&rsquo;est plut\u00f4t le signe de la culpabilit\u00e9 profonde de ladite communaut\u00e9 internationale \u00e0 l&rsquo;\u00e9gard du peuple juif qui a \u00e9t\u00e9 massacr\u00e9 par les nazis dans un climat d&rsquo;indiff\u00e9rence assez g\u00e9n\u00e9ral des Alli\u00e9s. [\u2026] Cela ne sous-estime pas le r\u00f4le des forces arm\u00e9es d&rsquo;Isra\u00ebl dans la protection de [l&rsquo;Etat].<br \/>\nIl s&rsquo;agit l\u00e0 d&rsquo;une indignation tout \u00e0 fait inopportune ! \u00bb<\/span><\/p>\n<p><span style=\"color: #777777; font-family: arial;\">Au d\u00e9part il y a une d\u00e9claration d\u2019Emmanuel Macron, lors du conseil des ministres du mardi 15 octobre, qui \u00e9tait tenue \u00e0 usage interne et qui n\u2019aurait pas d\u00fb \u00eatre rendu public.<\/span><\/p>\n<p><span style=\"color: #777777; font-family: arial;\">Ces propos sont les suivants : <\/span><\/p>\n<p style=\"margin-left: 28pt;\"><span style=\"color: #c00000; font-family: arial;\">\u00ab N\u00e9tanyahou ne doit pas oublier que son pays a \u00e9t\u00e9 cr\u00e9\u00e9 par une d\u00e9cision de l\u2019ONU [\u2026] Et par cons\u00e9quent ce n\u2019est pas le moment de s\u2019affranchir des d\u00e9cisions de l\u2019ONU \u00bb<\/span><\/p>\n<p><span style=\"color: #777777; font-family: arial;\">Si on veut juridiquement \u00eatre exact, il ne s\u2019agit pas d\u2019une \u00ab d\u00e9cision \u00bb mais d\u2019une \u00ab r\u00e9solution \u00bb, qui porte le num\u00e9ro 181 et qui propose le partage de la Palestine entre un \u00c9tat juif et un \u00c9tat arabe et un statut particulier et international pour J\u00e9rusalem. <\/span><\/p>\n<p><span style=\"color: #777777; font-family: arial;\">Cette proposition sera adopt\u00e9e le 29 novembre 1947 \u00e0 la majorit\u00e9 des 2\/3. <\/span><\/p>\n<p><span style=\"color: #777777; font-family: arial;\">Sans cette r\u00e9solution, la D\u00e9claration d&rsquo;\u00e9tablissement de l&rsquo;\u00c9tat n\u2019aurait pas pu \u00eatre proclam\u00e9e le 14 mai 1948, dernier jour du mandat britannique sur la Palestine dans le hall du Mus\u00e9e d&rsquo;art de Tel Aviv, par David Ben Gourion, pr\u00e9sident de l&rsquo;Agence juive. <\/span><\/p>\n<p><span style=\"color: #777777; font-family: arial;\">Benyamin N\u00e9tanyahou conteste vigoureusement ce point de vue.<\/span><\/p>\n<p><span style=\"color: #777777; font-family: arial;\">\u00ab <a href=\"https:\/\/www.lemonde.fr\/international\/article\/2024\/10\/15\/benyamin-netanyahou-ne-doit-pas-s-affranchir-des-decisions-de-l-onu-declare-emmanuel-macron-en-conseil-des-ministres_6352771_3210.html\"><span style=\"color: #0000ff;\">Le Monde<\/span><\/a> \u00bb sans relativiser la position du premier ministre isra\u00e9lien a simplement rapport\u00e9 sa r\u00e9action : <\/span><\/p>\n<p style=\"margin-left: 28pt;\"><span style=\"color: #c00000; font-family: arial;\">\u00ab Dans la soir\u00e9e, le chef du gouvernement isra\u00e9lien lui a r\u00e9pondu par communiqu\u00e9. \u00ab Un rappel au pr\u00e9sident de la France : ce n\u2019est pas la r\u00e9solution de l\u2019ONU qui a \u00e9tabli l\u2019Etat d\u2019Isra\u00ebl, mais plut\u00f4t la victoire obtenue dans la guerre d\u2019ind\u00e9pendance avec le sang de combattants h\u00e9ro\u00efques, dont beaucoup \u00e9taient des survivants de la Shoah \u2013 notamment du r\u00e9gime de Vichy en France \u00bb, ajoutant que \u00ab l\u2019ONU a approuv\u00e9 des centaines de d\u00e9cisions antis\u00e9mites contre l\u2019Etat d\u2019Isra\u00ebl \u00bb <\/span><\/p>\n<p><span style=\"color: #777777; font-family: arial;\">Ce m\u00eame journal a rapport\u00e9 les propos de Yonathan Arfi, pr\u00e9sident du Conseil repr\u00e9sentatif des institutions juives de France (CRIF) sans commentaire : <\/span><\/p>\n<p style=\"margin-left: 28pt;\"><span style=\"color: #c00000; font-family: arial;\">\u00ab Laisser penser que la cr\u00e9ation de l\u2019\u00c9tat d\u2019Isra\u00ebl est le fruit d\u2019une d\u00e9cision politique de l\u2019ONU, c\u2019est m\u00e9conna\u00eetre \u00e0 la fois l\u2019histoire centenaire du sionisme et le sacrifice de milliers d\u2019entre eux pour \u00e9tablir l\u2019\u00c9tat d\u2019Isra\u00ebl. \u00bb <\/span><\/p>\n<p><span style=\"color: #777777; font-family: arial;\">Il a ajout\u00e9 cette phrase : <\/span><\/p>\n<p style=\"margin-left: 28pt;\"><span style=\"color: #c00000; font-family: arial;\">\u00ab A l\u2019heure o\u00f9 l\u2019antis\u00e9mitisme se nourrit de l\u2019antisionisme, ces propos renforcent dangereusement le camp de ceux qui contestent la l\u00e9gitimit\u00e9 du droit \u00e0 l\u2019existence d\u2019Isra\u00ebl \u00bb <\/span><\/p>\n<p><span style=\"color: #777777; font-family: arial;\"> \u00ab <a href=\"https:\/\/www.google.com\/url?sa=t&amp;source=web&amp;rct=j&amp;opi=89978449&amp;url=https:\/\/www.lefigaro.fr\/international\/cree-par-une-decision-de-l-onu-comment-emmanuel-macron-a-simplifie-l-histoire-d-israel-20241016&amp;ved=2ahUKEwiypMfLuaCJAxWATKQEHcZRMYIQFnoECBgQAQ&amp;usg=AOvVaw2aTiqDWVCBuEJP0xxYc8SC\"><span style=\"color: #0000ff;\">Le Figaro<\/span><\/a> \u00bb a \u00e9galement pris fait et cause pour le premier ministre d\u2019Isra\u00ebl : \u00ab Cr\u00e9\u00e9 par une d\u00e9cision de l&rsquo;ONU \u00bb : comment Emmanuel Macron a simplifi\u00e9 l&rsquo;histoire d&rsquo;Isra\u00ebl. <\/span><\/p>\n<p><span style=\"color: #777777; font-family: arial;\"> \u00ab <a href=\"https:\/\/www.lopinion.fr\/international\/israel-a-t-il-ete-cree-par-une-decision-de-lonu-comme-laffirme-emmanuel-macron\"><span style=\"color: #0000ff;\">L\u2019Opinion<\/span><\/a> \u00bb se fait p\u00e9dagogue et explique pourquoi Macron se trompe.<\/span><\/p>\n<p><span style=\"color: #777777; font-family: arial;\"> <img loading=\"lazy\" decoding=\"async\" class=\"wp-image-16027 alignleft\" src=\"https:\/\/lemotdujour.fr\/wp-content\/uploads\/2024\/10\/La-biche-qui-traverse-la-foret.jpg\" alt=\"\" width=\"324\" height=\"371\" srcset=\"https:\/\/lemotdujour.fr\/wp-content\/uploads\/2024\/10\/La-biche-qui-traverse-la-foret.jpg 524w, https:\/\/lemotdujour.fr\/wp-content\/uploads\/2024\/10\/La-biche-qui-traverse-la-foret-262x300.jpg 262w\" sizes=\"auto, (max-width: 324px) 100vw, 324px\" \/>Avant de continuer \u00e0 plonger dans toute cette complexit\u00e9 et l\u2019article de l\u2019Opinion, il faut se rappeler que l\u2019imaginaire des peuples se forge \u00e0 travers des r\u00e9cits auxquels ils adh\u00e9rent. <\/span><\/p>\n<p><span style=\"color: #777777; font-family: arial;\">Ces r\u00e9cits sont fondamentaux pour cr\u00e9er une unit\u00e9 et un sens au destin commun. Mais un r\u00e9cit peut \u00eatre tr\u00e8s dangereux ou plus pr\u00e9cis\u00e9ment porteur de violence et de guerre s\u2019il est en contradiction absolue avec ceux d\u2019un autre peuple. La paix n\u2019est possible que si on \u00e9coute aussi les r\u00e9cits de l\u2019autre et qu\u2019on est capable d\u2019en tenir compte.<br \/>\nJe prends comme exemple cette illustration. Le r\u00e9cit de l\u2019homme dans sa voiture c\u2019est que la biche traverse la route. Mais le r\u00e9cit de la biche est que c\u2019est la route de l\u2019homme qui traverse la for\u00eat. Il n\u2019y a pas une v\u00e9rit\u00e9 qui s\u2019impose, mais deux r\u00e9cits qui s\u2019opposent. En est-il un plus pertinent que l\u2019autre ? les deux r\u00e9cits sont-ils conciliables ?<br \/>\n<\/span><\/p>\n<p><span style=\"color: #777777; font-family: arial;\"> Le Journaliste de l\u2019Opinion affirme que ce qui donne naissance \u00e0 l\u2019\u00c9tat d\u2019Isra\u00ebl, ce ne sont pas les Nations unies, ni la SDN, c\u2019est le mouvement sioniste, c\u2019est-\u00e0-dire la volont\u00e9 d\u2019une partie des Juifs de retourner dans ce qu\u2019ils consid\u00e8rent comme leur terre ancestrale, la Palestine. Et cela date de la fin du XIX\u1d49 si\u00e8cle. Le premier mouvement de migration juive en Palestine \u2013 des Juifs venant de Russie essentiellement, mais aussi du Y\u00e9men \u2013 remonte \u00e0 1881. <\/span><\/p>\n<p><span style=\"color: #777777; font-family: arial;\"> Toujours selon ce journaliste, ce sont ces migrations qui incitent les britanniques \u00e0 faire leur fameuse d\u00e9claration Balfour.<\/span><\/p>\n<p><span style=\"color: #777777; font-family: arial;\"> Arthur Koestler, (1905 \u2013 1983), c\u00e9l\u00e8bre auteur du \u00ab z\u00e9ro et de l\u2019infini \u00bb est un juif hongrois qui dans un premier temps va adh\u00e9rer \u00e0 la cause sioniste r\u00e9visionniste et deviendra m\u00eame, pendant un court moment, le secr\u00e9taire du chef de ce mouvement <a href=\"https:\/\/fr.wikipedia.org\/wiki\/Vladimir_Jabotinsky\"><span style=\"color: #0000ff;\">Vladimir Jabotinsky<\/span><\/a>. Il sera remplac\u00e9, dans ce r\u00f4le, plus tard par le p\u00e8re de Benyamin N\u00e9tanyahou. Ce mouvement pr\u00f4ne un sionisme arm\u00e9 et agressif pour imposer la pr\u00e9sence juive, par la force, aux arabes vivants sur le territoire convoit\u00e9. <\/span><\/p>\n<p><span style=\"color: #777777; font-family: arial;\">Apr\u00e8s avoir v\u00e9cu beaucoup d\u2019exp\u00e9riences dans sa vie, Arthur Koestler a d\u00e9crit la d\u00e9claration Balfour par cette phrase \u00e9loquente : <span style=\"color: #777777; font-family: arial;\">\u00ab <strong>Une nation a solennellement promis \u00e0 une seconde le territoire d&rsquo;une troisi\u00e8me<\/strong>. \u00bb .<\/span><\/span><\/p>\n<p><span style=\"color: #777777; font-family: arial;\"> Le journaliste continue sa d\u00e9monstration en rappelant que la r\u00e9solution 181 n\u2019a pas \u00e9t\u00e9 accept\u00e9e par la partie arabe et que donc la cr\u00e9ation d\u2019Isra\u00ebl na pas pu avoir lieu sur la base de cette r\u00e9solution refus\u00e9e par une des parties.<\/span><\/p>\n<p><span style=\"color: #777777; font-family: arial;\">En cons\u00e9quence c\u2019est la proclamation par Ben Gourion suivie de la victoire des troupes isra\u00e9liennes, lors de la guerre d\u2019ind\u00e9pendance, qui a permis de r\u00e9aliser le r\u00eave des sionistes..<\/span><\/p>\n<p><span style=\"color: #777777; font-family: arial;\"> Le mot du jour a d\u00e9j\u00e0 \u00e9voqu\u00e9 beaucoup des \u00e9pisodes de cette histoire tragique qui continuent \u00e0 faire tant de morts. <\/span><\/p>\n<p><span style=\"color: #777777; font-family: arial;\">L\u2019analyse la plus intelligente que j\u2019ai entendu sur la confrontation des r\u00e9cits est celle qu\u2019en a donn\u00e9 Dominique Mo\u00efsi : .<\/span><\/p>\n<p style=\"margin-left: 28pt;\"><span style=\"color: #c00000; font-family: arial;\">\u00ab Quand Isra\u00ebl na\u00eet [\u2026] en 1948, [\u2026] Pour le monde Arabe, c\u2019est le dernier ph\u00e9nom\u00e8ne colonial de l\u2019histoire europ\u00e9enne qui est anachronique. Pour les Isra\u00e9liens, c\u2019est avec quelque retard, le dernier ph\u00e9nom\u00e8ne national de l\u2019histoire europ\u00e9enne du 19\u00e8me si\u00e8cle.[\u2026] Et en fait ce conflit de calendrier n\u2019a jamais \u00e9t\u00e9 surmont\u00e9.\u00bb<\/span><\/p>\n<p><span style=\"color: #777777; font-family: arial;\">C\u2019\u00e9tait le mot du jour du <a href=\"https:\/\/lemotdujour.fr\/?p=1284\"><span style=\"color: #0000ff;\">lundi 19 octobre 2015<\/span>.<\/a><\/span><\/p>\n<p><span style=\"color: #777777; font-family: arial;\"> Cette analyse de Mo\u00efsi n\u00e9cessite un acte fondateur qui autorise la nation juive \u00e0 obtenir un \u00c9tat. Seule la r\u00e9solution 181 peut donner cette l\u00e9gitim\u00e9, directement issue de l\u2019horreur de la Shoah.<\/span><\/p>\n<p><span style=\"color: #777777; font-family: arial;\"> Parce que le r\u00e9cit de N\u00e9tanyahou, du pr\u00e9sident du CRIF ou du journaliste de l\u2019Opinion signifie quoi ? <\/span><\/p>\n<p><span style=\"color: #777777; font-family: arial;\">Des gens venus d\u2019Europe se sont install\u00e9s sur un territoire occup\u00e9 par d\u2019autres habitants. Leurs repr\u00e9sentants se sont entendus avec l\u2019\u00c9tat occidental le plus colonialiste de l\u2019Histoire pour obtenir une d\u00e9claration les autorisant \u00e0 occuper ce territoire. <\/span><\/p>\n<p><span style=\"color: #777777; font-family: arial;\">Par la suite et le refus des indig\u00e8nes de se soumettre, le peuple venant d\u2019Europe, arm\u00e9 par les occidentaux, s\u2019est empar\u00e9 du territoire par la guerre. Cela s\u2019appelle un fait colonial, la colonisation de cette terre entre la M\u00e9diterran\u00e9e et le Jourdain par des personnes venues d\u2019Occident. <\/span><\/p>\n<p><span style=\"color: #777777; font-family: arial;\"> Le r\u00e9cit, qui veut que le mouvement sioniste presque sans aide et s\u2019imposant par la force aux arabes a cr\u00e9\u00e9 un \u00c9tat d\u2019Isra\u00ebl, valide absolument les th\u00e8ses d\u00e9coloniales des \u00c9tats du sud global et celles des jeunesses occidentales des Universit\u00e9s. Contrairement \u00e0 l&rsquo;affirmation du pr\u00e9sident du CRIF ce ne sont pas les propos de Macron, mais ce r\u00e9cit qui donne les meilleurs arguments aux ennemis les plus f\u00e9roces d&rsquo;Isra\u00ebl. <\/span><\/p>\n<p><span style=\"color: #777777; font-family: arial;\">Et si certains \u00e9voquent une l\u00e9gitimit\u00e9 historique datant de 2000 ou 3000 ans. Rappeler simplement ce que signifierait ce concept de \u00ab premier occupant \u00bb aux \u00c9tats-Unis, en Australie ou en Nouvelle Z\u00e9lande suffit \u00e0 en d\u00e9voiler l\u2019inanit\u00e9. Bien s\u00fbr, le r\u00e9cit de N\u00e9tanyahou autorise tout, jusqu\u2019\u00e0 l\u2019annexion de la partie arabe du plan de partage, puisque l\u2019\u00c9tat est la r\u00e9sultante de la force arm\u00e9e et des conqu\u00eates. <\/span><\/p>\n<p><span style=\"color: #777777; font-family: arial;\"> Ce n\u2019est pas ainsi que la Paix pourra arriver sur ce territoire. Il me semble qu\u2019il vaut mieux s\u2019en tenir au r\u00e9cit que la cr\u00e9ation d\u2019Isra\u00ebl a \u00e9t\u00e9 rendue possible par une r\u00e9solution de l\u2019ONU et qu\u2019il faut trouver un chemin pour que la partie arabe du partage puisse \u00e9galement trouver un \u00c9tat dans lequel elle pourra se reconna\u00eetre. <\/span><\/p>\n<p><span style=\"color: #777777; font-family: arial;\"> Vous pourrez lire avec int\u00e9r\u00eat cet article du journal de Montr\u00e9al \u00ab Le Devoir \u00bb : \u00ab <a href=\"https:\/\/www.ledevoir.com\/opinion\/libre-opinion\/511962\/la-declaration-balfour-juste-et-injuste-a-la-fois?\"><span style=\"color: #0000ff;\">La d\u00e9claration<\/span><span style=\"color: #0000ff;\"> Balfour: juste et injuste \u00e0 la fois?<\/span><\/a> \u00bb. <\/span><\/p>\n<p><span style=\"color: #777777; font-family: arial;\">Vous y trouverez cette id\u00e9e d\u2019un grand penseur juif, <strong>Martin Buber<\/strong> d\u2019une \u00ab <strong>injustice minimale<\/strong> \u00bb, c\u2019est-\u00e0-dire limiter au strict minimum l\u2019injustice caus\u00e9e aux Arabes en ne permettant aux Juifs de s\u2019installer que sur une partie de la Palestine. <\/span><\/p>\n","protected":false},"excerpt":{"rendered":"<p>\u00ab Une nation a solennellement promis \u00e0 une seconde le territoire d&rsquo;une troisi\u00e8me. \u00bb Arthur Koestler Heureusement qu&rsquo;il y a Jean-Louis Bourlanges pour oser monter au cr\u00e9neau et dire simplement, \u00e0 la fin de l&rsquo;\u00e9mission du \u00ab nouvel esprit public<\/p>\n","protected":false},"author":1,"featured_media":0,"comment_status":"open","ping_status":"closed","sticky":false,"template":"","format":"standard","meta":{"footnotes":""},"categories":[1],"tags":[219,17,151,201],"class_list":["post-16019","post","type-post","status-publish","format-standard","hentry","category-motdujour","tag-guerre","tag-histoire","tag-israel","tag-palestine"],"_links":{"self":[{"href":"https:\/\/lemotdujour.fr\/index.php?rest_route=\/wp\/v2\/posts\/16019","targetHints":{"allow":["GET"]}}],"collection":[{"href":"https:\/\/lemotdujour.fr\/index.php?rest_route=\/wp\/v2\/posts"}],"about":[{"href":"https:\/\/lemotdujour.fr\/index.php?rest_route=\/wp\/v2\/types\/post"}],"author":[{"embeddable":true,"href":"https:\/\/lemotdujour.fr\/index.php?rest_route=\/wp\/v2\/users\/1"}],"replies":[{"embeddable":true,"href":"https:\/\/lemotdujour.fr\/index.php?rest_route=%2Fwp%2Fv2%2Fcomments&post=16019"}],"version-history":[{"count":9,"href":"https:\/\/lemotdujour.fr\/index.php?rest_route=\/wp\/v2\/posts\/16019\/revisions"}],"predecessor-version":[{"id":16038,"href":"https:\/\/lemotdujour.fr\/index.php?rest_route=\/wp\/v2\/posts\/16019\/revisions\/16038"}],"wp:attachment":[{"href":"https:\/\/lemotdujour.fr\/index.php?rest_route=%2Fwp%2Fv2%2Fmedia&parent=16019"}],"wp:term":[{"taxonomy":"category","embeddable":true,"href":"https:\/\/lemotdujour.fr\/index.php?rest_route=%2Fwp%2Fv2%2Fcategories&post=16019"},{"taxonomy":"post_tag","embeddable":true,"href":"https:\/\/lemotdujour.fr\/index.php?rest_route=%2Fwp%2Fv2%2Ftags&post=16019"}],"curies":[{"name":"wp","href":"https:\/\/api.w.org\/{rel}","templated":true}]}}