{"id":15997,"date":"2024-10-09T01:46:23","date_gmt":"2024-10-08T23:46:23","guid":{"rendered":"https:\/\/lemotdujour.fr\/?p=15997"},"modified":"2024-10-09T10:43:52","modified_gmt":"2024-10-09T08:43:52","slug":"mercredi-9-octobre-2024","status":"publish","type":"post","link":"https:\/\/lemotdujour.fr\/?p=15997","title":{"rendered":"Mercredi 9 octobre 2024"},"content":{"rendered":"<div class=\"mdjTexte\">\u00ab R\u00e9sister pour la Paix \u00bb<\/div>\n<div class=\"mdjAuteur\">Hannah Assouline et Sonia Terrab, documentaire des guerri\u00e8res de la paix<\/div>\n<p><span style=\"color: #777777; font-family: arial;\">Un an d\u00e9j\u00e0 ! <\/span><\/p>\n<p><span style=\"color: #777777; font-family: arial;\">Le 7 octobre 2023 est un jour de haine et de massacre. <\/span><\/p>\n<p><span style=\"color: #777777; font-family: arial;\">On ne sait pas comment le nommer. Certains parlent de pogrom. Mais ce mot n&rsquo;est pas appropri\u00e9, car il d\u00e9signait des massacres de juifs de la diaspora perp\u00e9tr\u00e9s par une population majoritaire dans un pays dirig\u00e9 par des gouvernants antis\u00e9mites. Cette fois, les crimes ont \u00e9t\u00e9 commis \u00e0 l&rsquo;int\u00e9rieur de l\u2019\u00c9tat qui avait \u00e9t\u00e9 justement con\u00e7u pour prot\u00e9ger les juifs. <\/span><\/p>\n<p><span style=\"color: #777777; font-family: arial;\">Comment parler de ce jour et des suivants et de toute l&rsquo;ann\u00e9e qui s&rsquo;est \u00e9coul\u00e9e depuis ?<br \/><\/span><\/p>\n<p><span style=\"color: #777777; font-family: arial;\">Beaucoup regardent cet \u00e9v\u00e8nement \u00e0 travers le filtre de leur croyance et de leurs certitudes. Ils s&rsquo;enferment dans une vision binaire dans laquelle, ils d\u00e9fendent le camp du bien contre le camp du mal. Ce sont deux blocs de haine qui s&rsquo;affrontent et qui entrainent une grande partie du monde dans cette polarisation dans laquelle l&#8217;empathie pour les souffrances de l&rsquo;autre est an\u00e9antie par l&rsquo;indiff\u00e9rence et la d\u00e9shumanisation de l&rsquo;adversaire. <\/span><\/p>\n<p><span style=\"color: #777777; font-family: arial;\">D\u00e8s le 9 octobre, le ministre isra\u00e9lien de la D\u00e9fense. Yoav Gallant a eu cette phrase : <br \/><\/span><\/p>\n<p style=\"margin-left: 28pt;\"><span style=\"color: #c00000; font-family: arial;\">\u00ab Nous combattons des animaux humains, et nous agissons en cons\u00e9quence. \u00bb<\/span><\/p>\n<p><span style=\"color: #777777; font-family: arial;\">Que ce soit pendant la shoah, pendant le g\u00e9nocide arm\u00e9nien ou celui des tutsis au Rwanda, la premi\u00e8re \u00e9tape de l&rsquo;horreur a \u00e9t\u00e9 de traiter, celui qu&rsquo;on voulait massacrer, d&rsquo;animal ou d&rsquo;insecte. C&rsquo;est \u00e0 dire ne plus reconna\u00eetre son humanit\u00e9. Mais les islamistes qui ont attaqu\u00e9, massacr\u00e9, tortur\u00e9 les juifs et autres habitants d&rsquo;Isra\u00ebl qu&rsquo;ils ont trouv\u00e9 sur leur route ont agi de m\u00eame : c&rsquo;est uniquement parce qu&rsquo;ils ne voyaient pas dans ces isra\u00e9liens leurs semblables humains qu&rsquo;ils ont \u00e9t\u00e9 capable de perp\u00e9trer ces atrocit\u00e9s.<\/span><\/p>\n<p><span style=\"color: #777777; font-family: arial;\">Est il difficile de comprendre que ce 7 octobre constitue un traumatisme pour les isra\u00e9liens mais aussi pour les juifs du monde entier en raison de leur histoire, de toutes les fois o\u00f9 ils ont \u00e9t\u00e9 massacr\u00e9s en nombre, jusqu&rsquo;\u00e0 la folie nazi o\u00f9 il fut question de leur an\u00e9antissement ?<\/span><\/p>\n<p><span style=\"color: #777777; font-family: arial;\">Et cette fois le massacre a eu lieu sur la terre de l\u2019\u00c9tat qui avait \u00e9t\u00e9 cr\u00e9\u00e9 pour emp\u00eacher cela. Est-il difficile de comprendre leur d\u00e9sarroi, leur peur et leur col\u00e8re quand, d\u00e8s le 8 octobre, des actes d&rsquo;antis\u00e9mitisme ont \u00e9t\u00e9 perp\u00e9tr\u00e9s \u00e0 travers le monde. Se souvient t&rsquo;on, qu&rsquo;en France apr\u00e8s que Mohamed Merah ait tu\u00e9 4 juifs dont 3 enfants dans une \u00e9cole juive, le 19 mars 2012, \u00e0 Toulouse, <a href=\"https:\/\/www.lemonde.fr\/societe\/article\/2012\/06\/05\/apres-l-affaire-merah-il-y-a-eu-un-pic-d-actes-antisemites_1712879_3224.html\"><span style=\"color: #0000ff;\">les actes antis\u00e9mites se sont multipli\u00e9s ?<\/span><\/a> <\/span><\/p>\n<p><span style=\"color: #777777; font-family: arial;\">Ils sont victimes d&rsquo;un acte innommable et on d\u00e9chaine encore de la violence contre eux. En 2012, il n&rsquo;y eut aucune manifestation de soutien \u00e0 la communaut\u00e9 juive, apr\u00e8s ces faits. <\/span><\/p>\n<p><span style=\"color: #777777; font-family: arial;\">Existe-t&rsquo;il un humain, digne de ce nom, qui pourrait ne pas \u00eatre plein d&#8217;empathie pour les juifs du monde entier ? <\/span><\/p>\n<p><span style=\"color: #777777; font-family: arial;\">Parall\u00e8lement, existe-t&rsquo;il un humain qui n&rsquo;est pas capable d&rsquo;exprimer une immense compassion pour la souffrance des palestiniens depuis la nakba ?<br \/><\/span><\/p>\n<p><span style=\"color: #777777; font-family: arial;\">Isra\u00ebl a r\u00e9pliqu\u00e9. Depuis un an, Gaza est sous les bombes, les habitations ont \u00e9t\u00e9 ras\u00e9es, des dizaines de milliers de gazaouis ont \u00e9t\u00e9 tu\u00e9s ou bless\u00e9s, dont beaucoup de femmes, d&rsquo;enfants et de civils. Les massacreurs du Hamas se cachent dans les tunnels et s&rsquo;octroient la majorit\u00e9 de l&rsquo;aide alimentaire. Les autres habitants vivent dans des conditions abominables d&rsquo;hygi\u00e8ne, d&rsquo;alimentation et de sant\u00e9. <\/span><\/p>\n<p><span style=\"color: #777777; font-family: arial;\">Est-il l\u00e9gitime d&rsquo;arriver \u00e0 une telle d\u00e9solation ? Suffit-il de dire que tout est de la faute du Hamas ? <\/span><\/p>\n<p><span style=\"color: #777777; font-family: arial;\">Il existe encore tant d&rsquo;autres questions. Isra\u00ebl a t&rsquo;il un plan pour apr\u00e8s la guerre ou Netanyahou pense t&rsquo;il rester dans un \u00e9tat de guerre permanent ? Croit t&rsquo;il que tout peut se r\u00e9gler par la force ? <\/span><\/p>\n<p><span style=\"color: #777777; font-family: arial;\">Plusieurs fois j&rsquo;ai entendu des journalistes rapporter des propos de responsables isra\u00e9liens qui disaient que la paix est trop difficile pour Isra\u00ebl qui a trop \u00e0 perdre, trop \u00e0 conc\u00e9der pour l&rsquo;obtenir. Ce qu&rsquo;Isra\u00ebl veut, c&rsquo;est la s\u00e9curit\u00e9 !<br \/><\/span><\/p>\n<p><span style=\"color: #777777; font-family: arial;\">Mais la s\u00e9curit\u00e9 sans la paix est ce possible ? Les avis sont tr\u00e8s tranch\u00e9s. Je lis que des isra\u00e9liens disent que le 7 octobre montre qu&rsquo;il n&rsquo;est pas possible de donner un \u00c9tat palestinien \u00e0 de tels individus, ce serait incompatible avec la s\u00e9curit\u00e9 d&rsquo;Isra\u00ebl. <strong>Hubert Vedrine<\/strong> et d&rsquo;autres pensent exactement le contraire : Si un \u00c9tat palestinien avait exist\u00e9, il n&rsquo;y aurait pas eu de 7 octobre. <\/span><\/p>\n<p><span style=\"color: #777777; font-family: arial;\">Mais Vedrine ajoute que pour pouvoir parler aux palestiniens <a href=\"https:\/\/www.youtube.com\/watch?v=NJjoXQSfXpw\"><span style=\"color: #0000ff;\">il faut un interlocuteur<\/span><\/a><span style=\"color: #0000ff;\">.<\/span><\/span><\/p>\n<p><span style=\"color: #777777; font-family: arial;\">Quand en Afrique du Sud, un homme d\u2019\u00c9tat, <strong>Frederik de Klerk<\/strong>, a voulu sortir de l&rsquo;engrenage infernal de la violence, il est all\u00e9 chercher un militant noir en prison : <strong>Nelson Mandela<\/strong>. Or, depuis, qu&rsquo;il est au pouvoir Netanyahou a syst\u00e9matiquement agi pour ne pas avoir d&rsquo;interlocuteur. Car \u00e9videmment ce mouvement islamiste, r\u00e9gressif qui veut d\u00e9truire \u00ab\u00a0l&rsquo;entit\u00e9 sioniste\u00a0\u00bb ne peut pas \u00eatre un interlocuteur. Quelle meilleure solution pour un homme qui ne veut pas d&rsquo;un \u00c9tat palestinien que de tout faire pour qu&rsquo;apparaisse comme repr\u00e9sentant des palestiniens un mouvement aussi repoussoir que l&rsquo;est le Hamas et son chef actuel Yahya Sinwar ? Yahya Sinwar et Benjamin Netanyahou sont des ennemis indispensables l&rsquo;un \u00e0 l&rsquo;autre, car l&rsquo;un et l&rsquo;autre ne veulent pas d&rsquo;une solution pacifique.<\/span><\/p>\n<p><span style=\"color: #777777; font-family: arial;\">La force ne peut pas tout. <strong>Elie Barnavi <\/strong><a href=\"https:\/\/www.lemonde.fr\/idees\/article\/2024\/10\/05\/elie-barnavi-ancien-ambassadeur-d-israel-en-france-israel-gagne-des-batailles-mais-est-en-train-de-perdre-la-guerre_6344467_3232.html\"><span style=\"color: #0000ff;\">\u00e9crit tr\u00e8s justement :<\/span><\/a> <\/span><\/p>\n<p style=\"margin-left: 28pt;\"><span style=\"color: #c00000; font-family: arial;\">\u00ab Isra\u00ebl gagne des batailles, mais est en train de perdre la guerre \u00bb <\/span><\/p>\n<p><span style=\"color: #777777; font-family: arial;\">En outre, le monde est en train de changer. Les occidentaux n&rsquo;ont plus le monopole pour proclamer ce qui est juste et les moyens de l&rsquo;imposer. A l&rsquo;int\u00e9rieur de l&rsquo;Occident, une grande partie de la jeunesse n&rsquo;a plus la m\u00eame lecture des \u00e9v\u00e8nements que leurs ain\u00e9s. <\/span><\/p>\n<p><span style=\"color: #777777; font-family: arial;\">Pour les occidentaux seniors, l\u2019\u00c9tat d\u2019Isra\u00ebl a \u00e9t\u00e9 rendu n\u00e9cessaire en raison de la shoah : il fallait un \u00c9tat pour les juifs. <\/span><\/p>\n<p><span style=\"color: #777777; font-family: arial;\">Les historiens ont montr\u00e9 que ce n&rsquo;\u00e9tait pas uniquement la culpabilit\u00e9 de ce qu&rsquo;ils avaient fait ou laiss\u00e9 faire qui a justifi\u00e9 le comportement des pays occidentaux et de l&rsquo;Union sovi\u00e9tique pour la cr\u00e9ation de l\u2019\u00c9tat d&rsquo;Isra\u00ebl en 1948. Une analyse des \u00e9changes diplomatiques de cette \u00e9poque montre une autre r\u00e9alit\u00e9. Dans une Europe exsangue apr\u00e8s 6 ans de guerre, le nombre consid\u00e9rable de r\u00e9fugi\u00e9s juifs revenant des camps constituait un probl\u00e8me d&rsquo;intendance immense. Cr\u00e9er un \u00c9tat et y envoyer les survivants et r\u00e9fugi\u00e9s repr\u00e9sentaient une solution commode pour les europ\u00e9ens. <\/span><\/p>\n<p><span style=\"color: #777777; font-family: arial;\">Mais le r\u00e9cit est celui ci : la shoah justifiait la cr\u00e9ation d&rsquo;Isra\u00ebl et faisait des juifs les victimes qu&rsquo;il fallait soutenir et aider.<br \/><\/span><\/p>\n<p><span style=\"color: #777777; font-family: arial;\">Pour les pays non occidentaux, qu&rsquo;on appelle imparfaitement le \u00ab Sud global \u00bb et pour une grande partie de la jeunesse occidentale, la cr\u00e9ation de l\u2019\u00c9tat d&rsquo;Isra\u00ebl correspond \u00e0 une r\u00e9alit\u00e9 coloniale. Le grand crime de l&rsquo;Histoire n&rsquo;est pas que la shoah, mais aussi la domination coloniale et brutale de l&rsquo;Occident sur le reste du monde. On peut contester cette vision en disant que le peuple juif n&rsquo;a pas de m\u00e9tropole d&rsquo;o\u00f9 il est parti, en conqu\u00e9rant, et dans lequel il peut revenir, si la situation se d\u00e9grade. D&rsquo;ailleurs, beaucoup d&rsquo;habitants d&rsquo;Isra\u00ebl viennent des pays arabes. Ces communaut\u00e9s juives, en raison des discriminations subies ont \u00e9t\u00e9 conduites \u00e0 rejoindre Isra\u00ebl. Donc pour simplifier : les isra\u00e9liens juifs ne peuvent pas rentrer chez eux, parce qu&rsquo;il n&rsquo;y a pas de \u00ab chez eux \u00bb ailleurs. <\/span><\/p>\n<p><span style=\"color: #777777; font-family: arial;\">Mais ces arguments rationnels ne convainquent pas les tenants de l&rsquo;autre th\u00e8se : pour deux raisons : la premi\u00e8re c&rsquo;est qu&rsquo;il y a bien eu une arriv\u00e9e massive d&rsquo;une population venant d&rsquo;Europe qui a pris des terres aux autochtones qui habitaient la Palestine. Et la seconde, qui est plus essentielle encore pour cette th\u00e8se : c&rsquo;est la mani\u00e8re totalement disproportionn\u00e9e des armes et des moyens de r\u00e9pression dont disposent les isra\u00e9liens et la disproportion du nombre de morts entre les deux camps. Cette r\u00e9alit\u00e9 est celle qui existait dans la domination coloniale occidentale. Dans cette pens\u00e9e, les palestiniens sont les victimes et les isra\u00e9liens les bourreaux. Cette th\u00e8se est expliqu\u00e9e par <a href=\"https:\/\/www.youtube.com\/watch?v=Wz94NnefF6U\"><span style=\"color: #0000ff;\">Gilles Kepel<\/span><\/a> qui ne la partage pas et Didier Fassin qui me semble la partager.<\/span><\/p>\n<p><span style=\"color: #777777; font-family: arial;\">Ce dernier, enseignant \u00e0 Princeton et membre du Coll\u00e8ge de France, avance \u00ab le spectre d\u2019un g\u00e9nocide \u00e0 Gaza \u00bb. A l\u2019appui de sa d\u00e9monstration, il prend l\u2019exemple du g\u00e9nocide des Hereros, extermin\u00e9s par les colons allemands \u00e0 la suite d\u2019une r\u00e9volte en 1904 dans l\u2019actuelle Namibie, et \u00e9voque de \u00ab pr\u00e9occupantes similitudes \u00bb entre la riposte isra\u00e9lienne au massacre du 7 octobre et cette page d\u2019histoire retenue comme le premier g\u00e9nocide du XXe si\u00e8cle, pr\u00e9figurateur de la Shoah. C&rsquo;est ce qu&rsquo;il explique dans un d\u00e9bat l&rsquo;opposant frontalement \u00e0 Eva Illouz dans le Nouvel Obs : \u00ab <a href=\"https:\/\/www.nouvelobs.com\/idees\/20241003.OBS94489\/israel-gaza-le-dialogue-impossible-l-entretien-croise-entre-didier-fassin-et-eva-illouz.html\"><span style=\"color: #0000ff;\">L\u2019entretien crois\u00e9 entre Didier Fassin et Eva Illouz<\/span><\/a> \u00bb, dans lequel il \u00e9crit : <\/span><\/p>\n<p style=\"margin-left: 28pt;\"><span style=\"color: #c00000; font-family: arial;\">\u00ab [Les isra\u00e9lien] ont progressivement priv\u00e9 les Palestiniens de leur espace vital, de leur souverainet\u00e9 et de leur libert\u00e9. C\u2019est ce qui am\u00e8ne Maxime Rodinson \u00e0 parler de \u00ab fait colonial \u00bb. S\u2019agissant de la paix, le non-respect par les Isra\u00e9liens des accords d\u2019Oslo, d\u00e9nonc\u00e9s d\u00e8s leur signature, montre que la seule option envisag\u00e9e par l\u2019\u00c9tat h\u00e9breu supposait le rejet du droit international et le renoncement aux droits des Palestiniens. \u00bb <\/span><\/p>\n<p><span style=\"color: #777777; font-family: arial;\">Je ne crois pas qu&rsquo;en restant fig\u00e9 dans de tels r\u00e9cits, il sera possible d&rsquo;avancer. <\/span><\/p>\n<p><span style=\"color: #777777; font-family: arial;\">C&rsquo;est pourquoi pour garder l&rsquo;optimisme il vaut mieux se tourner vers des personnes, en l&rsquo;occurrence des femmes, des militantes de l\u2019espoir, qui continuent \u00e0 se battre pour la Paix. <\/span><\/p>\n<p><span style=\"color: #777777; font-family: arial;\"><strong>Hannah Assouline et Sonia Terrab<\/strong> deux guerri\u00e8res de la Paix ont produit un documentaire diffus\u00e9 sur Public S\u00e9nat et que vous pouvez voir derri\u00e8re ce lien : \u00ab <a href=\"https:\/\/www.publicsenat.fr\/emission\/documentaire\/resister-pour-la-paix-e0\"><span style=\"color: #0000ff;\"><strong>R\u00e9sister pour la Paix<\/strong><\/span><\/a> \u00bb. Il commence le 4 octobre 2023, 3 jours avant&#8230; Et il se poursuit apr\u00e8s. <\/span><\/p>\n<p><span style=\"color: #777777; font-family: arial;\"><a href=\"https:\/\/fr.wikipedia.org\/wiki\/Sonia_Terrab\"><span style=\"color: #0000ff;\">Sonia Terrab<\/span><\/a> est n\u00e9e, en 1986, \u00e0 Mekn\u00e8s au Maroc, elle est d&rsquo;origine arabo musulmane. <a href=\"https:\/\/fr.wikipedia.org\/wiki\/Hanna_Assouline\"><span style=\"color: #0000ff;\">Hanna Assouline<\/span><\/a>, est n\u00e9e en 1990 \u00e0 Paris, son p\u00e8re, David Assouline est n\u00e9 en 1959 \u00e0 Sefrou au Maroc, dans une famille juive marocaine.<\/span><\/p>\n<p><span style=\"color: #777777; font-family: arial;\">C&rsquo;est ce documentaire que je souhaite partager aujourd&rsquo;hui, dans ce monde de chaos, de violence, d&rsquo;incompr\u00e9hension, pour qu&rsquo;il reste une lueur, une esp\u00e9rance.<\/span><\/p>\n<p><img loading=\"lazy\" decoding=\"async\" class=\"alignnone size-full wp-image-16009\" src=\"https:\/\/lemotdujour.fr\/wp-content\/uploads\/2024\/10\/Vivian-Silver.jpg\" alt=\"\" width=\"1246\" height=\"513\" srcset=\"https:\/\/lemotdujour.fr\/wp-content\/uploads\/2024\/10\/Vivian-Silver.jpg 1246w, https:\/\/lemotdujour.fr\/wp-content\/uploads\/2024\/10\/Vivian-Silver-300x124.jpg 300w, https:\/\/lemotdujour.fr\/wp-content\/uploads\/2024\/10\/Vivian-Silver-1024x422.jpg 1024w, https:\/\/lemotdujour.fr\/wp-content\/uploads\/2024\/10\/Vivian-Silver-768x316.jpg 768w\" sizes=\"auto, (max-width: 1246px) 100vw, 1246px\" \/><\/p>\n\n\n<p><\/p>\n","protected":false},"excerpt":{"rendered":"<p>\u00ab R\u00e9sister pour la Paix \u00bb Hannah Assouline et Sonia Terrab, documentaire des guerri\u00e8res de la paix Un an d\u00e9j\u00e0 ! Le 7 octobre 2023 est un jour de haine et de massacre. On ne sait pas comment le nommer.<\/p>\n","protected":false},"author":1,"featured_media":0,"comment_status":"open","ping_status":"closed","sticky":false,"template":"","format":"standard","meta":{"footnotes":""},"categories":[1],"tags":[219,151,201],"class_list":["post-15997","post","type-post","status-publish","format-standard","hentry","category-motdujour","tag-guerre","tag-israel","tag-palestine"],"_links":{"self":[{"href":"https:\/\/lemotdujour.fr\/index.php?rest_route=\/wp\/v2\/posts\/15997","targetHints":{"allow":["GET"]}}],"collection":[{"href":"https:\/\/lemotdujour.fr\/index.php?rest_route=\/wp\/v2\/posts"}],"about":[{"href":"https:\/\/lemotdujour.fr\/index.php?rest_route=\/wp\/v2\/types\/post"}],"author":[{"embeddable":true,"href":"https:\/\/lemotdujour.fr\/index.php?rest_route=\/wp\/v2\/users\/1"}],"replies":[{"embeddable":true,"href":"https:\/\/lemotdujour.fr\/index.php?rest_route=%2Fwp%2Fv2%2Fcomments&post=15997"}],"version-history":[{"count":11,"href":"https:\/\/lemotdujour.fr\/index.php?rest_route=\/wp\/v2\/posts\/15997\/revisions"}],"predecessor-version":[{"id":16017,"href":"https:\/\/lemotdujour.fr\/index.php?rest_route=\/wp\/v2\/posts\/15997\/revisions\/16017"}],"wp:attachment":[{"href":"https:\/\/lemotdujour.fr\/index.php?rest_route=%2Fwp%2Fv2%2Fmedia&parent=15997"}],"wp:term":[{"taxonomy":"category","embeddable":true,"href":"https:\/\/lemotdujour.fr\/index.php?rest_route=%2Fwp%2Fv2%2Fcategories&post=15997"},{"taxonomy":"post_tag","embeddable":true,"href":"https:\/\/lemotdujour.fr\/index.php?rest_route=%2Fwp%2Fv2%2Ftags&post=15997"}],"curies":[{"name":"wp","href":"https:\/\/api.w.org\/{rel}","templated":true}]}}