{"id":1598,"date":"2016-02-02T01:00:00","date_gmt":"2016-02-01T22:00:00","guid":{"rendered":"http:\/\/lemotdujour.fr\/?p=1598"},"modified":"2020-04-13T18:28:06","modified_gmt":"2020-04-13T16:28:06","slug":"mardi-2-fevrier-2016","status":"publish","type":"post","link":"https:\/\/lemotdujour.fr\/?p=1598","title":{"rendered":"Mardi 2 f\u00e9vrier 2016"},"content":{"rendered":"<div class=\"mdjDate\">Mardi 2 f\u00e9vrier 2016<\/div>\n<div class=\"mdjTexte\">\u00ab La vie naturellement est une vall\u00e9e de larmes<br \/>\nC&rsquo;est aussi une vall\u00e9e de roses.\u00bb<\/div>\n<div class=\"mdjAuteur\">Jean d&rsquo;Ormesson<\/div>\n<p><span style=\"color: #777777; font-family: Arial;\">La premi\u00e8re fois que j&rsquo;ai entendu parler de Jean d&rsquo;Ormesson c&rsquo;\u00e9tait par Jean Ferrat en 1975, dans la chanson \u00ab\u00a0<span style=\"color: #0000ff;\"><a style=\"color: #0000ff;\" href=\"http:\/\/www.dailymotion.com\/video\/xcl7o2_jean-ferrat-un-air-de-liberte_music\">un air de libert\u00e9\u00a0<\/a><\/span>\u00bb<br \/>\n<\/span><\/p>\n<p style=\"margin-left: 28pt;\"><span style=\"color: #c00000; font-family: Arial;\">\u00abAh monsieur d&rsquo;Ormesson<br \/>\nVous osez d\u00e9clarer<br \/>\nQu&rsquo;un air de libert\u00e9<br \/>\nFlottait sur Saigon<br \/>\nAvant que cette ville s&rsquo;appelle Ville Ho-Chi-Minh\u00bb<br \/>\n<\/span><\/p>\n<p><img loading=\"lazy\" decoding=\"async\" class=\"alignleft\" src=\"https:\/\/lemotdujour.fr\/wp-content\/uploads\/2020\/04\/041320_1621_LundiXXfvri1.jpg\" alt=\"\" width=\"265\" height=\"175\" align=\"left\" \/><span style=\"color: #777777; font-family: Arial;\">Depuis, beaucoup d&rsquo;eau est pass\u00e9 sous les ponts et le communisme ne fait plus r\u00eaver grand monde.<br \/>\n<\/span><\/p>\n<p><span style=\"color: #777777; font-family: Arial;\">Aujourd&rsquo;hui on se dit que D&rsquo;Ormesson, qui \u00e9tait \u00e0 l&rsquo;\u00e9poque R\u00e9dacteur en chef du Figaro, avait peut-\u00eatre raison.<br \/>\n<\/span><\/p>\n<p><span style=\"color: #777777; font-family: Arial;\">Jean d&rsquo;Ormesson est d\u00e9sormais un vieil homme de 90 ans, plein de fac\u00e9tie et d&rsquo;intelligence avec une immense culture.<br \/>\n<\/span><\/p>\n<p><span style=\"color: #777777; font-family: Arial;\">Quand dans l&rsquo;\u00e9mission de Ruquier, il glisse \u00e0 Manuel Valls qui tente de d\u00e9fendre la d\u00e9ch\u00e9ance de nationalit\u00e9 :<br \/>\n<\/span><\/p>\n<p style=\"margin-left: 28pt;\"><span style=\"color: #c00000; font-family: Arial;\">\u00abJe me demande s&rsquo;il n&rsquo;y a pas une ombre d&rsquo;enfumage.\u00bb<br \/>\n<\/span><\/p>\n<p><span style=\"color: #777777; font-family: Arial;\">On ne peut qu&rsquo;\u00eatre s\u00e9duit.<br \/>\n<\/span><\/p>\n<p><span style=\"color: #777777; font-family: Arial;\">Il a dit aussi : \u00ab<span style=\"color: #c00000;\">M. Valls vous vous \u00eates droitis\u00e9<span style=\"color: #777777;\">\u00bb. C&rsquo;est un jugement qu&rsquo;il faut prendre avec int\u00e9r\u00eat pour un homme qui sait ce que \u00abdroite\u00bb veut dire.<br \/>\n<\/span><\/span><\/span><\/p>\n<p><span style=\"color: #777777; font-family: Arial;\">Il vient de publier en 2016 un nouveau livre \u00ab<strong>Je dirai malgr\u00e9 tout que cette vie fut belle<\/strong>\u00bb.<br \/>\n<\/span><\/p>\n<p><span style=\"color: #777777; font-family: Arial;\">Pour parler de ce livre il avait \u00e9t\u00e9<a href=\"http:\/\/www.dailymotion.com\/video\/x3lpzow_jean-d-ormesson-fait-son-propre-proces_news\"><span style=\"color: blue; text-decoration: underline;\"><span style=\"color: #0000ff; text-decoration: underline;\"> invit\u00e9 \u00e0 France 2 par Laurent Delahousse<\/span><\/span><\/a><span style=\"color: #0000ff;\">.<\/span><br \/>\n<\/span><\/p>\n<p><span style=\"color: #777777; font-family: Arial;\">Dans cet entretien il a ces remarques :<br \/>\n<\/span><\/p>\n<p style=\"margin-left: 28pt;\"><span style=\"color: #c00000; font-family: Arial;\">\u00abJ&rsquo;ai longtemps pass\u00e9 pour un \u00e9crivain du bonheur.<br \/>\nApr\u00e8s avoir vu et entendu tout ce qui a \u00e9t\u00e9 dit pendant ce journal, il est tr\u00e8s difficile d&rsquo;\u00eatre un \u00e9crivain du bonheur.<br \/>\nJe sais tr\u00e8s bien que le monde est cruel, il est dur. Que les gens sont malheureux. Ils sont malheureux en France, ils sont malheureux dans le monde entier.<br \/>\nJe ne crois pas qu&rsquo;il faut rire toujours, qu&rsquo;il faut ricaner. Mais prendre avec une certaine gaiet\u00e9 m\u00eame les catastrophes. M\u00eame les catastrophes&#8230;<br \/>\nLa vie naturellement est une vall\u00e9e de larmes, c&rsquo;est aussi une vall\u00e9e de roses.<br \/>\nC&rsquo;est indiscernable.<br \/>\nC&rsquo;est une f\u00eate<br \/>\nEt c&rsquo;est un d\u00e9sastre.\u00bb<br \/>\n<\/span><\/p>\n<p><span style=\"color: #777777; font-family: Arial;\">M\u00eame M\u00e9lenchon dit beaucoup de bien de cet homme.<br \/>\n<\/span><\/p>\n<p><span style=\"color: #777777; font-family: Arial;\">Et pour revenir \u00e0 Ferrat, Jean d&rsquo;Ormesson partage avec lui une passion pour <strong>Louis Aragon<\/strong><br \/>\n<\/span><\/p>\n<p><span style=\"color: #777777; font-family: Arial;\">Et le titre de son dernier ouvrage\u00a0 \u00ab<strong>Je dirai malgr\u00e9 tout que cette vie fut belle<\/strong>\u00bb comme d&rsquo;ailleurs son ouvrage de 2010 \u00ab<strong>C&rsquo;est une chose \u00e9trange \u00e0 la fin que le monde<\/strong>\u00bb et celui de 2013: \u00ab<strong>Un jour je m&rsquo;en irai sans en avoir tout dit<\/strong>\u00bb sont tous\u00a0 extraits du m\u00eame po\u00e8me d&rsquo;Aragon\u00a0:<br \/>\n<\/span><\/p>\n<p style=\"margin-left: 28pt;\"><span style=\"color: #c00000; font-family: Arial;\">\u00ab\u00a0Que la vie en vaut la peine<br \/>\n<strong>C&rsquo;est une chose \u00e9trange \u00e0 la fin que le monde<br \/>\nUn jour je m&rsquo;en irai sans en avoir tout dit<br \/>\n<\/strong>Ces moments de bonheur ces midis d&rsquo;incendie<br \/>\nLa nuit immense et noire aux d\u00e9chirures blondes.<br \/>\nRien n&rsquo;est si pr\u00e9cieux peut-\u00eatre qu&rsquo;on le croit<br \/>\nD&rsquo;autres viennent. Ils ont le c\u0153ur que j&rsquo;ai moi-m\u00eame<br \/>\nIls savent toucher l&rsquo;herbe et dire je vous aime<br \/>\nEt r\u00eaver dans le soir o\u00f9 s&rsquo;\u00e9teignent des voix.<br \/>\nD&rsquo;autres qui referont comme moi le voyage<br \/>\nD&rsquo;autres qui souriront d&rsquo;un enfant rencontr\u00e9<br \/>\nQui se retourneront pour leur nom murmur\u00e9<br \/>\nD&rsquo;autres qui l\u00e8veront les yeux vers les nuages.<br \/>\nII y aura toujours un couple fr\u00e9missant<br \/>\nPour qui ce matin-l\u00e0 sera l&rsquo;aube premi\u00e8re<br \/>\nII y aura toujours l&rsquo;eau le vent la lumi\u00e8re<br \/>\nRien ne passe apr\u00e8s tout si ce n&rsquo;est le passant.<br \/>\nC&rsquo;est une chose au fond, que je ne puis comprendre<br \/>\nCette peur de mourir que les gens ont en eux<br \/>\nComme si ce n&rsquo;\u00e9tait pas assez merveilleux<br \/>\nQue le ciel un moment nous ait paru si tendre.<br \/>\nOui je sais cela peut sembler court un moment<br \/>\nNous sommes ainsi faits que la joie et la peine<br \/>\nFuient comme un vin menteur de la coupe trop pleine<br \/>\nEt la mer \u00e0 nos soifs n&rsquo;est qu&rsquo;un commencement.<br \/>\nMais pourtant malgr\u00e9 tout malgr\u00e9 les temps farouches<br \/>\nLe sac lourd \u00e0 l&rsquo;\u00e9chine et le c\u0153ur d\u00e9vast\u00e9<br \/>\nCet impossible choix d&rsquo;\u00eatre et d&rsquo;avoir \u00e9t\u00e9<br \/>\nEt la douleur qui laisse une ride \u00e0 la bouche.<br \/>\nMalgr\u00e9 la guerre et l&rsquo;injustice et l&rsquo;insomnie<br \/>\nO\u00f9 l&rsquo;on porte rongeant votre c\u0153ur ce renard<br \/>\nL&rsquo;amertume et Dieu sait si je l&rsquo;ai pour ma part<br \/>\nPort\u00e9 comme un enfant vol\u00e9 toute ma vie.<br \/>\nMalgr\u00e9 la m\u00e9chancet\u00e9 des gens et les rires<br \/>\nQuand on tr\u00e9buche et les monstrueuses raisons<br \/>\nQu&rsquo;on vous oppose pour vous faire une prison<br \/>\nDe ce qu&rsquo;on aime et de ce qu&rsquo;on croit un martyre.<br \/>\nMalgr\u00e9 les jours maudits qui sont des puits sans fond<br \/>\nMalgr\u00e9 ces nuits sans fin \u00e0 regarder la haine<br \/>\nMalgr\u00e9 les ennemis les compagnons de cha\u00eenes<br \/>\nMon Dieu mon Dieu qui ne savent pas ce qu&rsquo;ils font.<br \/>\nMalgr\u00e9 l&rsquo;\u00e2ge et lorsque, soudain le c\u0153ur vous flanche<br \/>\nL&rsquo;entourage pr\u00eat \u00e0 tout croire \u00e0 donner tort<br \/>\nIndiff\u00e9rent \u00e0 cette chose qui vous mord<br \/>\nSimple histoire de prendre sur vous sa revanche.<br \/>\nLa cruaut\u00e9 g\u00e9n\u00e9rale et les saloperies<br \/>\nQu&rsquo;on vous jette on ne sait trop qui faisant \u00e9cole<br \/>\nMalgr\u00e9 ce qu&rsquo;on a pens\u00e9 souffert les id\u00e9es folles<br \/>\nSans pouvoir soulager d&rsquo;une injure ou d&rsquo;un cri.<br \/>\nCet enfer Malgr\u00e9 tout cauchemars et blessures<br \/>\nLes s\u00e9parations les deuils les camouflets<br \/>\nEt tout ce qu&rsquo;on voulait pourtant ce qu&rsquo;on voulait<br \/>\nDe toute sa croyance imb\u00e9cile \u00e0 l&rsquo;azur.<br \/>\nMalgr\u00e9 tout je vous dis que cette vie fut telle<br \/>\nQu&rsquo;\u00e0 qui voudra m&rsquo;entendre \u00e0 qui je parle ici<br \/>\nN&rsquo;ayant plus sur la l\u00e8vre un seul mot que merci<br \/>\n<strong>Je dirai malgr\u00e9 tout que cette vie fut belle<\/strong>.\u00a0\u00bb<br \/>\n<\/span><\/p>\n<p style=\"margin-left: 28pt;\"><span style=\"color: #c00000; font-family: Arial;\"><strong><em>Louis ARAGON<br \/>\n<\/em><\/strong><\/span><span style=\"color: #c00000; font-family: Arial;\"><em>Les yeux et la m\u00e9moire \u2013 Chant II \u2013 1954<strong> &#8211;<br \/>\n<\/strong><\/em><\/span><\/p>\n<p><img decoding=\"async\" class=\"aligncenter\" src=\"https:\/\/lemotdujour.fr\/wp-content\/uploads\/2020\/04\/041320_1621_LundiXXfvri2.jpg\" alt=\"\" \/><span style=\"color: #777777; font-family: Arial;\"><br \/>\n<\/span><\/p>\n<p><span style=\"color: #777777; font-family: Arial;\">Il faut bien des moments de po\u00e9sie<br \/>\n<\/span><\/p>\n<p><span style=\"color: #c00000; font-family: Arial;\">&lt;640&gt;<br \/>\n<\/span><\/p>\n","protected":false},"excerpt":{"rendered":"<p>Mardi 2 f\u00e9vrier 2016 \u00ab La vie naturellement est une vall\u00e9e de larmes C&rsquo;est aussi une vall\u00e9e de roses.\u00bb Jean d&rsquo;Ormesson La premi\u00e8re fois que j&rsquo;ai entendu parler de Jean d&rsquo;Ormesson c&rsquo;\u00e9tait par Jean Ferrat en 1975, dans la chanson<\/p>\n","protected":false},"author":1,"featured_media":0,"comment_status":"closed","ping_status":"closed","sticky":false,"template":"","format":"standard","meta":{"footnotes":""},"categories":[1],"tags":[15,17,9],"class_list":["post-1598","post","type-post","status-publish","format-standard","hentry","category-motdujour","tag-france","tag-histoire","tag-litterature"],"_links":{"self":[{"href":"https:\/\/lemotdujour.fr\/index.php?rest_route=\/wp\/v2\/posts\/1598","targetHints":{"allow":["GET"]}}],"collection":[{"href":"https:\/\/lemotdujour.fr\/index.php?rest_route=\/wp\/v2\/posts"}],"about":[{"href":"https:\/\/lemotdujour.fr\/index.php?rest_route=\/wp\/v2\/types\/post"}],"author":[{"embeddable":true,"href":"https:\/\/lemotdujour.fr\/index.php?rest_route=\/wp\/v2\/users\/1"}],"replies":[{"embeddable":true,"href":"https:\/\/lemotdujour.fr\/index.php?rest_route=%2Fwp%2Fv2%2Fcomments&post=1598"}],"version-history":[{"count":4,"href":"https:\/\/lemotdujour.fr\/index.php?rest_route=\/wp\/v2\/posts\/1598\/revisions"}],"predecessor-version":[{"id":8578,"href":"https:\/\/lemotdujour.fr\/index.php?rest_route=\/wp\/v2\/posts\/1598\/revisions\/8578"}],"wp:attachment":[{"href":"https:\/\/lemotdujour.fr\/index.php?rest_route=%2Fwp%2Fv2%2Fmedia&parent=1598"}],"wp:term":[{"taxonomy":"category","embeddable":true,"href":"https:\/\/lemotdujour.fr\/index.php?rest_route=%2Fwp%2Fv2%2Fcategories&post=1598"},{"taxonomy":"post_tag","embeddable":true,"href":"https:\/\/lemotdujour.fr\/index.php?rest_route=%2Fwp%2Fv2%2Ftags&post=1598"}],"curies":[{"name":"wp","href":"https:\/\/api.w.org\/{rel}","templated":true}]}}