{"id":1594,"date":"2016-01-29T01:00:00","date_gmt":"2016-01-28T22:00:00","guid":{"rendered":"http:\/\/lemotdujour.fr\/?p=1594"},"modified":"2020-05-12T18:02:47","modified_gmt":"2020-05-12T16:02:47","slug":"vendredi-29-janvier-2016","status":"publish","type":"post","link":"https:\/\/lemotdujour.fr\/?p=1594","title":{"rendered":"Vendredi 29 Janvier 2016"},"content":{"rendered":"<div class=\"mdjDate\">Vendredi 29 Janvier 2016<\/div>\n<div class=\"mdjTexte\">\u00ab\u00a0La conqu\u00eate de l\u2019espace public par les femmes est tr\u00e8s important. Le fait de pouvoir sortir seule, le soir, la nuit ce qui est encore consid\u00e9r\u00e9 comme un danger pour les femmes, c\u2019est quelque chose qui doit cesser, partout\u00a0!\u00a0\u00bb<\/div>\n<div class=\"mdjAuteur\">Michelle Perrot<\/div>\n<p><span style=\"color: #777777; font-family: Arial;\">Il faut conclure cette semaine consacr\u00e9e aux violences faites aux femmes dans l&rsquo;espace public, m\u00eame en France.<br \/>\n<\/span><\/p>\n<p><span style=\"color: #777777; font-family: Arial;\">Dans l&rsquo;esprit de beaucoup, le fait que les femmes doivent faire attention, \u00e9viter certaines tenues, \u00e9viter certains quartiers, ne pas sortir seule \u00e0 partir d&rsquo;une certaine heure est int\u00e9gr\u00e9 et surtout semble normal.<br \/>\n<\/span><\/p>\n<p><span style=\"color: #777777; font-family: Arial;\">Que dans le monde tel qu&rsquo;il existe il vaut mieux \u00eatre prudent, cela se comprend, mais que cela soit normal !<br \/>\n<\/span><\/p>\n<p><span style=\"color: #777777; font-family: Arial;\"><strong>Non ce n&rsquo;est pas normal !<br \/>\n<\/strong><\/span><\/p>\n<p><span style=\"color: #777777; font-family: Arial;\">C&rsquo;est une vraie prise de conscience qu&rsquo;il faut d\u00e9velopper, mais aussi l&rsquo;inscrire dans la r\u00e9alit\u00e9 avec les moyens appropri\u00e9s pour rendre l&rsquo;espace public sur, s\u00e9curis\u00e9 et apais\u00e9.<br \/>\n<\/span><\/p>\n<p><span style=\"color: #777777; font-family: Arial;\">Les \u00e9v\u00e8nements de Cologne pourraient conduire \u00e0 une r\u00e9gression si la peur l&#8217;emportait.<br \/>\n<\/span><\/p>\n<p><span style=\"color: #777777; font-family: Arial;\">Une autre r\u00e9gression \u00e0 l&rsquo;\u00e9gard des femmes menace la France en raison du communautarisme qui s&rsquo;est d\u00e9velopp\u00e9 dans des populations issues de l&rsquo;immigration de population venant de pays et de culture qui sont encore \u00e0 un stade plus archa\u00efque des relations femme\/homme.<br \/>\n<\/span><\/p>\n<p><span style=\"color: #777777; font-family: Arial;\">Mais Michelle Perrot, dans les matins de France Culture, reste optimiste :<br \/>\n<\/span><\/p>\n<p style=\"margin-left: 28pt;\"><span style=\"color: #c00000; font-family: Arial;\">\u00ab\u00a0 Il y a des stades dans le d\u00e9veloppement des \u00ab cultures \u00bb dans ce domaine. Toutes les cultures n&rsquo;en sont pas au m\u00eame stade et le facteur religieux est important. Les religions n&rsquo;ont jamais \u00e9t\u00e9 favorables aux femmes ni les unes ni les autres. Le christianisme a \u00e9volu\u00e9, l&rsquo;Islam peut le faire aussi. Ce n&rsquo;est pas un fait \u00e9ternel mais il peut y avoir des diff\u00e9rences dans le temps. \u00bb<br \/>\n<\/span><\/p>\n<p><span style=\"color: #777777; font-family: Arial;\">Bien entendu, sur certains points il faut \u00eatre beaucoup plus ferme dans nos principes et \u00e0 l&rsquo;\u00e9gard de certains mouvements salafistes qui n&rsquo;acceptent pas certaines valeurs fondamentales de notre soci\u00e9t\u00e9.<br \/>\n<\/span><\/p>\n<p><span style=\"color: #777777; font-family: Arial;\">Michelle Perrot a rappel\u00e9 l&rsquo;\u00e9volution dans notre soci\u00e9t\u00e9 : \u00ab <span style=\"color: #c00000;\">Au XVII\u00e8me si\u00e8cle il se produit \u00ab une rupture d&rsquo;\u00e9vidence<span style=\"color: #777777;\"> \u00bb. On pensait que les deux sexes \u00e9taient hi\u00e9rarchis\u00e9s et in\u00e9gaux. Descartes dit\u00a0:\u00a0\u00ab\u00a0<span style=\"color: #c00000;\">la science n&rsquo;a pas de sexe<span style=\"color: #777777;\">\u00a0\u00bb. Ce qui veut dire, homme et femme sont \u00e9gaux devant la science.<br \/>\n<\/span><\/span><\/span><\/span><\/span><\/p>\n<p><span style=\"color: #777777; font-family: Arial;\">Et les disciples de Descartes produisent des trait\u00e9s sur le th\u00e8me \u00ab <strong>De l&rsquo;\u00e9galit\u00e9 des sexes<\/strong> \u00bb qui laissent entendre que les deux sexes pourraient bien \u00eatre \u00e9gaux. Et commence ainsi un long processus \u00e0 travers les lumi\u00e8res.<br \/>\n<\/span><\/p>\n<p><span style=\"color: #777777; font-family: Arial;\">L&rsquo;occident va ainsi commenc\u00e9 \u00e0 professer l&rsquo;\u00e9galit\u00e9 des sexes mais c&rsquo;est un processus tr\u00e8s long.<br \/>\n<\/span><\/p>\n<p style=\"margin-left: 28pt;\"><span style=\"color: #c00000; font-family: Arial;\">\u00ab\u00a0Tr\u00e8s souvent cette prise de conscience s&rsquo;accompagne de l&rsquo;id\u00e9e de la compl\u00e9mentarit\u00e9. Ils sont \u00e9gaux mais ils sont compl\u00e9mentaires et diff\u00e9rents. De sorte que les hommes doivent toujours faire de la politique, gouverner, diriger. Et les femmes s&rsquo;occuper de la maison etc.<br \/>\n<\/span><\/p>\n<p style=\"margin-left: 28pt;\"><span style=\"color: #c00000; font-family: Arial;\">Il faut encore conqu\u00e9rir l&rsquo;id\u00e9e que ce n&rsquo;est pas la compl\u00e9mentarit\u00e9 mais que c&rsquo;est l&rsquo;universalit\u00e9 des individus qui est importante \u00bb.<br \/>\n<\/span><\/p>\n<p style=\"margin-left: 28pt;\"><span style=\"color: #c00000; font-family: Arial;\">Dans le monde des\u00a0 id\u00e9es, une deuxi\u00e8me \u00e9tape sera \u00e9labor\u00e9e par Alexis de Tocqueville notamment dans son ouvrage \u00ab De la d\u00e9mocratie en Am\u00e9rique \u00bb<br \/>\n<\/span><\/p>\n<p style=\"margin-left: 28pt;\"><span style=\"color: #c00000; font-family: Arial;\">Tocqueville parle de l&rsquo;\u00e9galit\u00e9 des conditions, en fragilisant toutes les relations hi\u00e9rarchiques de subordination notamment entre les\u00a0 hommes et les femmes.\u00bb<br \/>\n<\/span><\/p>\n<p><span style=\"color: #777777; font-family: Arial;\">Wikipedia l&rsquo;exprime de la mani\u00e8re suivante :<br \/>\n<\/span><\/p>\n<p style=\"margin-left: 28pt;\"><span style=\"color: #c00000; font-family: Arial;\">\u00ab Pour Tocqueville, il y a quasi \u00e9quivalence entre la d\u00e9mocratie (au sens politique) et l&rsquo;\u00e9galit\u00e9 des conditions. Il consid\u00e8re que tous les \u00eatres humains poss\u00e8dent comme attribut la libert\u00e9 naturelle, c&rsquo;est-\u00e0-dire la potentialit\u00e9 d&rsquo;agir librement.\u00bb<br \/>\n<\/span><\/p>\n<p><span style=\"color: #777777; font-family: Arial;\">Michelle Perrot ajoute :<br \/>\n<\/span><\/p>\n<p style=\"margin-left: 28pt;\"><span style=\"color: #c00000; font-family: Arial;\">\u00abPuis il y a le XX\u00e8me si\u00e8cle qui sera pour les femmes le gain de la contraception qui permet le choix dans la naissance et par cons\u00e9quence dans la sexualit\u00e9.<br \/>\n<\/span><\/p>\n<p style=\"margin-left: 28pt;\"><span style=\"color: #c00000; font-family: Arial;\">Puis il y a eu cette rupture fondamentale du droit \u00e0 l&rsquo;avortement. Il y a eu une sorte de r\u00e9volution qu&rsquo;on a appel\u00e9 l&rsquo;Habeus corpus des femmes.<br \/>\n<\/span><\/p>\n<p style=\"margin-left: 28pt;\"><span style=\"color: #c00000; font-family: Arial;\">Cela est un vrai changement.\u00a0 La conqu\u00eate de l&rsquo;espace public par les femmes est tr\u00e8s importante.<br \/>\n<\/span><\/p>\n<p style=\"margin-left: 28pt;\"><span style=\"color: #c00000; font-family: Arial;\">Le fait de pouvoir sortir seule, le soir, la nuit ce qui est encore consid\u00e9r\u00e9 comme un danger pour les femmes, c&rsquo;est quelque chose qui doit cesser, partout ! \u00bb<br \/>\n<\/span><\/p>\n<p><span style=\"color: #777777; font-family: Arial;\">Une partie du chemin a \u00e9t\u00e9 r\u00e9alis\u00e9e dans les pays occidentaux, il reste encore des terrains \u00e0 conqu\u00e9rir, dans d&rsquo;autres partie du monde, c&rsquo;est des pays entiers qui doivent \u00eatre conquis.<br \/>\n<\/span><\/p>\n<p><span style=\"color: #777777; font-family: Arial;\">Encore deux points :<br \/>\n<\/span><\/p>\n<p><span style=\"color: #777777; font-family: Arial;\">Une pens\u00e9e qui me semble tr\u00e8s juste :<br \/>\n<\/span><\/p>\n<p><a href=\"http:\/\/www.franceculture.fr\/emission-la-grande-table-2eme-partie-apres-cologne-les-ressorts-des-violences-faites-aux-femmes-2016\"><span style=\"color: blue; font-family: Arial; text-decoration: underline;\">V\u00e9ronique Nahoum-Grappe, d\u00e9j\u00e0 cit\u00e9\u00a0 <\/span><\/a><span style=\"color: #777777; font-family: Arial;\">et qui pr\u00e9cise :<br \/>\n<\/span><\/p>\n<p style=\"margin-left: 28pt;\"><span style=\"color: #c00000; font-family: Arial;\">\u00abLa question de la domination masculine ne repose pas int\u00e9gralement sur les individus homme et femme, dans leurs trajectoires de vie, dans leurs amours, dans leurs corps.<br \/>\n<\/span><\/p>\n<p style=\"margin-left: 28pt;\"><span style=\"color: #c00000; font-family: Arial;\">Des pratiques extr\u00eamement cruelles \u00e0 l&rsquo;\u00e9gard des femmes comme l&rsquo;excision sont pratiqu\u00e9s par les hommes et les femmes, car la soci\u00e9t\u00e9 est mixte \u00e0 tous les niveaux.<br \/>\n<\/span><\/p>\n<p style=\"margin-left: 28pt;\"><span style=\"color: #c00000; font-family: Arial;\">On ne peut pas dire que les femmes soient plus gentilles que les hommes, au niveau \u00e9thique il y a des femmes qui sont aussi cingl\u00e9es, aussi cruelles, aussi perverses [que certains hommes le sont] \u00bb<br \/>\n<\/span><\/p>\n<p><span style=\"color: #777777; font-family: Arial;\">Cette r\u00e9flexion ouvre vers d&rsquo;autres perspectives o\u00f9 on doit constater que c&rsquo;est plus largement le f\u00e9minin qui a \u00e9t\u00e9 et reste opprim\u00e9 dans nos soci\u00e9t\u00e9s o\u00f9 ce qui est valoris\u00e9 est la force, la virilit\u00e9 et les autres attributs que l&rsquo;on pr\u00eate au masculin.<br \/>\n<\/span><\/p>\n<p><span style=\"color: #777777; font-family: Arial;\">Alors que la sensibilit\u00e9 et les attributs f\u00e9minins sont d\u00e9valoris\u00e9s. \u00ab\u00a0<span style=\"color: #c00000;\">Ne pleure pas, sois un homme<span style=\"color: #777777;\">\u00a0\u00bb. Voil\u00e0 une interjection, souvent entendu, et qui illustre cette r\u00e9flexion. Le chemin que doivent parcourir les hommes, c&rsquo;est aussi l&rsquo;acceptation et la valorisation de leur part de f\u00e9minin.<br \/>\n<\/span><\/span><\/span><\/p>\n<p><span style=\"color: #777777; font-family: Arial;\">Ce sera peut-\u00eatre l&rsquo;objet d&rsquo;un mot du jour futur.<br \/>\n<\/span><\/p>\n<p><span style=\"color: #777777; font-family: Arial;\">Le second point est le t\u00e9moignage d&rsquo;H\u00e9l\u00e8ne apr\u00e8s avoir lu les trois premiers mots du jour de cette semaine :<br \/>\n<\/span><\/p>\n<p style=\"margin-left: 28pt;\"><span style=\"color: #c00000; font-family: Arial;\">\u00abMalheureusement je suis bien d&rsquo;accord avec toi !<br \/>\n<\/span><\/p>\n<p style=\"margin-left: 28pt;\"><span style=\"color: #c00000; font-family: Arial;\">Hier j&rsquo;\u00e9tais \u00e0 une soir\u00e9e d&rsquo;info professionnelle o\u00f9 \u00e9tait pr\u00e9sent le Docteur Foldes le premier chirurgien \u00e0 avoir propos\u00e9 une chirurgie de reconstruction pour les femmes victimes de mutilations sexuelles \u00ab\u00a0culturelles\u00a0\u00bb<br \/>\n<\/span><\/p>\n<p style=\"margin-left: 28pt;\"><span style=\"color: #c00000; font-family: Arial;\">Avec d&rsquo;autres personnes engag\u00e9es il a ouvert un centre pr\u00e8s de l&rsquo;h\u00f4pital de Saint Germain en Laye, dans un local pr\u00eat\u00e9 par l &lsquo;h\u00f4pital. [Ce centre est ouvert \u00e0 toutes les violences faites aux femmes]<br \/>\n<\/span><\/p>\n<p style=\"margin-left: 28pt;\"><span style=\"color: #c00000; font-family: Arial;\">Ils essayent de prendre en charge la personne victime dans sa globalit\u00e9 avec une \u00e9quipe pluridisciplinaire<br \/>\n<\/span><\/p>\n<p style=\"margin-left: 28pt;\"><span style=\"color: #c00000; font-family: Arial;\">En relation directe avec le parquet ils arrivent \u00e0 avoir des mesures de protections d&rsquo;urgences qui mettent plusieurs semaines lorsqu&rsquo;une plainte est d\u00e9pos\u00e9e en commissariat !\u00a0 (Et on ne compte pas les plaintes sans suites car re\u00e7ues par un policier qui n&rsquo;a pas \u00e9t\u00e9 form\u00e9 \u00e0 cela et qui r\u00e9dige la plainte de fa\u00e7on irrecevable) <\/span><span style=\"color: #c00000; font-family: Arial;\">[&#8230;]<br \/>\n<\/span><\/p>\n<p style=\"margin-left: 28pt;\"><span style=\"color: #c00000; font-family: Arial;\">C&rsquo;est le seul centre de ce genre en France ils n&rsquo;ont aucune aide publique!!<br \/>\n<\/span><\/p>\n<p style=\"margin-left: 28pt;\"><span style=\"color: #c00000; font-family: Arial;\">Quand on pense que les violences touchent 1\/4 de la population f\u00e9minine et que la majorit\u00e9 des violences est perp\u00e9tr\u00e9e par des personnes proches de la victime et souvent avant sa majorit\u00e9.<br \/>\n<\/span><\/p>\n<p style=\"margin-left: 28pt;\"><span style=\"color: #c00000; font-family: Arial;\">Le co\u00fbt des violence faites aux femmes est estim\u00e9 \u00e0 plus de 4 milliards d&rsquo;euros par an soit plus que le cancer du sein et ce genre d&rsquo;institut a besoin d&rsquo;un kilo de papier pour des subventions de l&rsquo;ordre de 1000 euros !\u00bb<br \/>\n<\/span><\/p>\n<p><span style=\"color: #f79646; font-family: Arial;\"><strong><em>Mise \u00e0 jour le 12\/05\/2020 apr\u00e8s la constatation que le lien vers le site de cette association \u00e9tait devenu obsol\u00e8te.<br \/>\n<\/em><\/strong><\/span><\/p>\n<p><span style=\"color: #777777; font-family: Arial;\">Le nouveau site de ce Centre\u00a0: <span style=\"color: #0000ff;\"><a style=\"color: #0000ff;\" href=\"https:\/\/www.women-safe.org\/\">https:\/\/www.women-safe.org\/<\/a><\/span><br \/>\n<\/span><\/p>\n<p><span style=\"color: #777777; font-family: Arial;\">Voici la pr\u00e9sentation de ce site\u00a0:<br \/>\n<\/span><\/p>\n<p style=\"margin-left: 28pt;\"><span style=\"color: #c00000; font-family: Arial;\">En 2008, Fr\u00e9d\u00e9rique Martz et le docteur Pierre Foldes font le constat que lorsque les femmes victimes lib\u00e8rent enfin leur parole, elles d\u00e9clarent cumuler plusieurs formes de violences (physique, psychologique, sexuelle, \u00e9conomique, rituelle&#8230;). Or, celles-ci \u00e9taient souvent trait\u00e9es dans des dispositifs diff\u00e9rents, morcelant la prise en charge. Il a fallu imaginer une nouvelle mani\u00e8re d&rsquo;accompagner les victimes avec une approche globale et p\u00e9renne.<br \/>\n<\/span><\/p>\n<p style=\"margin-left: 28pt;\"><span style=\"color: #c00000; font-family: Arial;\">En 2014, ils cr\u00e9ent ensemble l&rsquo;association Institut en Sant\u00e9 G\u00e9n\u00e9sique, situ\u00e9e \u00e0 Saint-Germain-en-Laye, et s&rsquo;engagent dans un vrai combat pour les victimes de toutes formes de violences.<br \/>\n<\/span><\/p>\n<p style=\"margin-left: 28pt;\"><span style=\"color: #c00000; font-family: Arial;\">En 2017, L&rsquo;Institut en Sant\u00e9 G\u00e9n\u00e9sique devient WOMEN SAFE (Soigner, Accompagner, Femmes et Enfants) association sp\u00e9cialis\u00e9e en victimologie et psychotraumatologie, et \u00e9tend son action aupr\u00e8s des enfants victimes ou t\u00e9moins de violences avec la cr\u00e9ation du p\u00f4le \u00ab\u00a0Mineurs\u00a0\u00bb.<br \/>\n<\/span><\/p>\n<p><span style=\"font-family: Times New Roman; font-size: 12pt;\"><span style=\"color: maroon;\">&lt;638&gt;<\/span><br \/>\n<\/span><\/p>\n<p><span style=\"color: #777777; font-family: Arial;\"><br \/>\n<\/span><\/p>\n","protected":false},"excerpt":{"rendered":"<p>Vendredi 29 Janvier 2016 \u00ab\u00a0La conqu\u00eate de l\u2019espace public par les femmes est tr\u00e8s important. Le fait de pouvoir sortir seule, le soir, la nuit ce qui est encore consid\u00e9r\u00e9 comme un danger pour les femmes, c\u2019est quelque chose qui<\/p>\n","protected":false},"author":1,"featured_media":0,"comment_status":"closed","ping_status":"closed","sticky":false,"template":"","format":"standard","meta":{"footnotes":""},"categories":[1],"tags":[24,36,7],"class_list":["post-1594","post","type-post","status-publish","format-standard","hentry","category-motdujour","tag-actualite","tag-feminisme","tag-societe"],"_links":{"self":[{"href":"https:\/\/lemotdujour.fr\/index.php?rest_route=\/wp\/v2\/posts\/1594","targetHints":{"allow":["GET"]}}],"collection":[{"href":"https:\/\/lemotdujour.fr\/index.php?rest_route=\/wp\/v2\/posts"}],"about":[{"href":"https:\/\/lemotdujour.fr\/index.php?rest_route=\/wp\/v2\/types\/post"}],"author":[{"embeddable":true,"href":"https:\/\/lemotdujour.fr\/index.php?rest_route=\/wp\/v2\/users\/1"}],"replies":[{"embeddable":true,"href":"https:\/\/lemotdujour.fr\/index.php?rest_route=%2Fwp%2Fv2%2Fcomments&post=1594"}],"version-history":[{"count":4,"href":"https:\/\/lemotdujour.fr\/index.php?rest_route=\/wp\/v2\/posts\/1594\/revisions"}],"predecessor-version":[{"id":8880,"href":"https:\/\/lemotdujour.fr\/index.php?rest_route=\/wp\/v2\/posts\/1594\/revisions\/8880"}],"wp:attachment":[{"href":"https:\/\/lemotdujour.fr\/index.php?rest_route=%2Fwp%2Fv2%2Fmedia&parent=1594"}],"wp:term":[{"taxonomy":"category","embeddable":true,"href":"https:\/\/lemotdujour.fr\/index.php?rest_route=%2Fwp%2Fv2%2Fcategories&post=1594"},{"taxonomy":"post_tag","embeddable":true,"href":"https:\/\/lemotdujour.fr\/index.php?rest_route=%2Fwp%2Fv2%2Ftags&post=1594"}],"curies":[{"name":"wp","href":"https:\/\/api.w.org\/{rel}","templated":true}]}}