{"id":15919,"date":"2024-09-27T00:02:00","date_gmt":"2024-09-26T22:02:00","guid":{"rendered":"https:\/\/lemotdujour.fr\/?p=15919"},"modified":"2024-09-27T14:28:03","modified_gmt":"2024-09-27T12:28:03","slug":"vendredi-27-septembre-2024","status":"publish","type":"post","link":"https:\/\/lemotdujour.fr\/?p=15919","title":{"rendered":"Vendredi 27 septembre 2024"},"content":{"rendered":"<div class=\"mdjTexte\">\u00ab Cette lumi\u00e8re [&#8230;] a une valeur \u00e9motionnelle, une int\u00e9riorit\u00e9, une qualit\u00e9 m\u00e9taphysique en accord avec la po\u00e9sie de cette architecture comme avec sa fonction : lieu de contemplation, lieu de m\u00e9ditation. \u00bb<\/div>\n<div class=\"mdjAuteur\">Pierre Soulages<\/div>\n<p><span style=\"color: #777777; font-family: arial;\">J\u2019ai expliqu\u00e9 dans le mot du jour pr\u00e9c\u00e9dent que certains obstacles s\u2019\u00e9taient dress\u00e9s sur le chemin de Pierre Soulages vers la r\u00e9alisation des vitraux de l\u2019abbatiale de Conques.<br \/>\n<\/span><\/p>\n<p><span style=\"color: #777777; font-family: arial;\">Le plus compliqu\u00e9 et le plus long fut cependant la r\u00e9solution du probl\u00e8me technique : trouver le verre qui parviendra \u00e0 atteindre les objectifs qu\u2019il s\u2019\u00e9tait fix\u00e9.<\/span><\/p>\n<p><span style=\"color: #777777; font-family: arial;\">Il a explicit\u00e9 ses objectifs dans \u00ab <a href=\"https:\/\/www.pierre-soulages.com\/document\/entretien-avec-pierre-soulages-pierre-encreve\/\"><span style=\"color: #0000ff;\">l\u2019entretien du 14 juin 2001<\/span><\/a> \u00bb avec son ami <strong>Pierre Encrev\u00e9<\/strong> : <\/span><\/p>\n<ul>\n<li><span style=\"color: #777777; font-family: arial;\">Ne pas se laisser distraire par le spectacle ext\u00e9rieur, <\/span><\/li>\n<li><span style=\"color: #777777; font-family: arial;\">Et surtout que les surfaces des baies deviennent \u00e9mettrices de clart\u00e9.<\/span><\/li>\n<\/ul>\n<p><span style=\"color: #777777; font-family: arial;\"><img loading=\"lazy\" decoding=\"async\" class=\"wp-image-15921 alignleft\" src=\"https:\/\/lemotdujour.fr\/wp-content\/uploads\/2024\/09\/Vitrail-extrait-de-Vitraux-de-Conques.jpg\" alt=\"\" width=\"221\" height=\"471\" srcset=\"https:\/\/lemotdujour.fr\/wp-content\/uploads\/2024\/09\/Vitrail-extrait-de-Vitraux-de-Conques.jpg 346w, https:\/\/lemotdujour.fr\/wp-content\/uploads\/2024\/09\/Vitrail-extrait-de-Vitraux-de-Conques-141x300.jpg 141w\" sizes=\"auto, (max-width: 221px) 100vw, 221px\" \/>D\u00e8s lors il s\u2019est mis \u00e0 la recherche d\u2019un verre permettant de remplir ces deux objectifs. Il est all\u00e9 en Italie, en Allemagne et partout o\u00f9 il pensait pouvoir trouver une solution qu\u2019il n\u2019a finalement pas trouv\u00e9. <\/span><\/p>\n<p><span style=\"color: #777777; font-family: arial;\">Il s\u2019est convaincu que ce verre n\u2019existait pas et qu\u2019il fallait donc l&rsquo;inventer. Il consacrera sept ans de sa vie \u00e0 cette qu\u00eate dont deux pendant lesquels il ne peindra plus, pour se consacrer exclusivement \u00e0 cette aventure. <\/span><\/p>\n<p><span style=\"color: #777777; font-family: arial;\">En 1987, il va aller voir, \u00e0 Toulouse, le ma\u00eetre vitrier <strong>Jean-Dominique Fleury<\/strong> et c\u2019est avec son aide ainsi que celle d\u2019une jeune artiste verri\u00e8re hollandaise, <strong>Hanneke Fokkelman<\/strong>, qu\u2019il va parvenir \u00e0 un r\u00e9sultat qui le satisfera.<\/span><\/p>\n<p><span style=\"color: #777777; font-family: arial;\">Les tests seront r\u00e9alis\u00e9s \u00e0 Marseille, au Centre international de recherche sur le verre et les arts plastiques (Cirva). Plus de 350 plaques d\u2019essai seront r\u00e9alis\u00e9es. <\/span><\/p>\n<p><span style=\"color: #777777; font-family: arial;\">Toute une partie du mus\u00e9e Soulages de Rodez est consacr\u00e9e \u00e0 ces \u00e9tudes. <\/span><\/p>\n<p><span style=\"color: #777777; font-family: arial;\">Un documentaire vid\u00e9o passionnant pr\u00e9sente ces recherches. <\/span><\/p>\n<p><span style=\"color: #777777; font-family: arial;\">Je ne l\u2019ai pas trouv\u00e9 sur Internet mais il y a deux vid\u00e9os mises en ligne par l\u2019INA qui reprennent en partie ces explications. <\/span><\/p>\n<p><span style=\"color: #777777; font-family: arial;\">Dans un premier extrait il est question de \u00ab <a href=\"https:\/\/fresques.ina.fr\/soulages\/fiche-media\/Soulag00023\/pierre-soulages-et-la-conception-technique-des-vitraux-de-conques.html\"><span style=\"color: #0000ff;\">La conception technique des vitraux de conques<\/span><\/a> \u00bb et dans le second d\u2019une dur\u00e9e de 11 mn, vous verrez notamment l\u2019installation des vitraux : \u00ab <a href=\"https:\/\/fresques.ina.fr\/soulages\/fiche-media\/Soulag00025\/pierre-soulages-et-les-vitraux-de-l-abbatiale-de-conques.html\"><span style=\"color: #0000ff;\">Pierre Soulages et les vitraux de l&rsquo;abbatiale de Conques<\/span><\/a> \u00bb<\/span><\/p>\n<p><span style=\"color: #777777; font-family: arial;\">Pour r\u00e9aliser le vitrail qui lui convient, il ne va pas teinter le verre mais utiliser du verre blanc et changer la structure du verre. <\/span><\/p>\n<p><span style=\"color: #777777; font-family: arial;\">Il va cr\u00e9er du verre broy\u00e9 obtenu en versant du verre en fusion dans un liquide froid qui le fait \u00e9clater en nombreux petits fragments. <\/span><\/p>\n<p><span style=\"color: #777777; font-family: arial;\"><img loading=\"lazy\" decoding=\"async\" class=\" wp-image-15924 alignright\" src=\"https:\/\/lemotdujour.fr\/wp-content\/uploads\/2024\/09\/Travail-sur-le-verre.jpg\" alt=\"\" width=\"350\" height=\"747\" srcset=\"https:\/\/lemotdujour.fr\/wp-content\/uploads\/2024\/09\/Travail-sur-le-verre.jpg 328w, https:\/\/lemotdujour.fr\/wp-content\/uploads\/2024\/09\/Travail-sur-le-verre-141x300.jpg 141w\" sizes=\"auto, (max-width: 350px) 100vw, 350px\" \/>Et comme on le constate sur les photos ci-contre, il va ensuite r\u00e9partir ces grains de verre de diff\u00e9rentes grosseurs. En passant ensuite ces \u00e9clats \u00e0 la cuisson qui les cristallise, on obtient un verre dont la luminosit\u00e9 est modul\u00e9e en fonction de la taille des grains et de leur r\u00e9partition dans le moule. <\/span><\/p>\n<p><span style=\"color: #777777; font-family: arial;\">Dans un deuxi\u00e8me temps, ils travailleront dans l&rsquo;Unit\u00e9 de recherche de Saint-Gobain \u00e0 Aubervilliers. Les translucidit\u00e9s recherch\u00e9es proviendront d&rsquo;une variation des temp\u00e9ratures de cuisson, du calibrage des grains et du type de four utilis\u00e9.<br \/>\n<\/span><\/p>\n<p><span style=\"color: #777777; font-family: arial;\">Mais quand il s\u2019agira de fabriquer, en nombre, toutes les plaques n\u00e9cessaires pour r\u00e9aliser les vitraux des 104 ouvertures de l\u2019abbatiale, Saint-Gobain tergiversera pour investir dans un four de 50 000 F, pour un march\u00e9 global de 8 000 000 de francs. <\/span><\/p>\n<p><span style=\"color: #777777; font-family: arial;\">Soulages et Fleury trouveront la solution en Allemagne, \u00e0 Rheine, pr\u00e8s de Munster o\u00f9 l\u2019entreprise Glaskunst Klinge poss\u00e8de les installations recherch\u00e9es. Cette entreprise avait d\u00e9velopp\u00e9, \u00e0 c\u00f4t\u00e9 d&rsquo;une usine de verrerie traditionnelle, une unit\u00e9 pour produire de grandes plaques de verre \u00ab securit \u00bb permettant de r\u00e9aliser des parois de verre. Les plaques qui sortent de l\u2019usine font environ 8 millim\u00e8tres d\u2019\u00e9paisseur et mesurent 90 sur 150 centim\u00e8tres. Leur texture est diff\u00e9rente selon leur face\u2009: lisse, elle sera orient\u00e9e vers l\u2019ext\u00e9rieur et r\u00e9fl\u00e9chira le soleil\u2009; granuleuse, elle sera r\u00e9serv\u00e9e \u00e0 l\u2019int\u00e9rieur et entretiendra une sorte de continuit\u00e9 avec les murs.<br \/>\n<\/span><\/p>\n<p><span style=\"color: #777777; font-family: arial;\">Cette \u00e9paisseur a permis de renoncer \u00e0 la bordure du vitrail traditionnel, chaque vitrail peut directement toucher la pierre. Chaque baie diffuse ainsi de la clart\u00e9 sur toute sa surface et non sur la seule partie centrale. <\/span><\/p>\n<p><span style=\"color: #777777; font-family: arial;\">Dans ses notes de travail publi\u00e9es dans le livre publi\u00e9 par Seuil, \u00ab <strong>Conques les vitraux de Soulages<\/strong> \u00bb de Christian Heck, Pierre Soulages explique page 57 :<\/span><\/p>\n<p style=\"margin-left: 28pt;\"><span style=\"color: #c00000; font-family: Arial;\">\u00ab J\u2019ai voulu que la transmission diffuse provienne non d\u2019un \u00e9tat de surface comme avec le verre d\u00e9poli, mais de la masse m\u00eame de la mati\u00e8re. J\u2019ai voulu aussi qu\u2019elle soit vari\u00e9e, c\u2019est-\u00e0-dire produisant des modulations de luminosit\u00e9 sur la paroi de la fen\u00eatre. Une lumi\u00e8re vivante en quelque sorte, prise dans le verre m\u00eame, celui-ci devenant \u00e9metteur de clart\u00e9.<br \/>\nCette lumi\u00e8re que l\u2019on pourrait dire \u00ab transmut\u00e9e \u00bb a une valeur \u00e9motionnelle, une int\u00e9riorit\u00e9, une qualit\u00e9 m\u00e9taphysique en accord avec la po\u00e9sie de cette architecture comme avec sa fonction : lieu de contemplation, lieu de m\u00e9ditation \u00bb<\/span><\/p>\n<p><span style=\"color: #777777; font-family: arial;\">Apr\u00e8s avoir \u00e9t\u00e9 fabriqu\u00e9es en Allemagne les lourdes plaques de verre sont envoy\u00e9es \u00e0 Toulouse, dans l&rsquo;atelier de Jean-Dominique Fleury, ma\u00eetre verrier qui accompagne Pierre Soulages depuis le d\u00e9but de sa recherche. L\u2019artiste dessine des formes en accord avec la lumi\u00e8re consentie par le verre et avec l\u2019architecture. Des formes qui sont \u00ab comme un souffle \u00bb, des lignes fluides qui ne viennent pas r\u00e9p\u00e9ter les grandes structures verticales de l\u2019\u00e9difice mais le parcourent, comme un flottement, obliques, courbes, tendues vers le haut.<\/span><br \/>\n<span style=\"color: #777777; font-family: arial;\">Dans l\u2019atelier de Toulouse, les artisans s\u2019attellent donc \u00e0 d\u00e9couper ces plaques sous l\u2019\u0153il vigilant et d\u00e9cideur de Pierre Soulages. <\/span><br \/>\n<span style=\"color: #777777; font-family: arial;\">Une scie \u00e0 ruban gigantesque, command\u00e9e expr\u00e8s, est vite abandonn\u00e9e au profit d\u2019une taille \u00e0 la main, au diamant ou \u00e0 la molette. Il faut pr\u00e9ciser que les 104 ouvertures qu&rsquo;il s&rsquo;agit de fermer par des baies de vitraux sont toutes de tailles diff\u00e9rentes. C&rsquo;est un travail d&rsquo;artisan non d&rsquo;industriel.<img loading=\"lazy\" decoding=\"async\" class=\"wp-image-15955 alignleft\" src=\"https:\/\/lemotdujour.fr\/wp-content\/uploads\/2024\/09\/Des-Plombs2-1.jpg\" alt=\"\" width=\"528\" height=\"258\" srcset=\"https:\/\/lemotdujour.fr\/wp-content\/uploads\/2024\/09\/Des-Plombs2-1.jpg 610w, https:\/\/lemotdujour.fr\/wp-content\/uploads\/2024\/09\/Des-Plombs2-1-300x147.jpg 300w\" sizes=\"auto, (max-width: 528px) 100vw, 528px\" \/><\/span><br \/>\n<span style=\"color: #777777; font-family: arial;\">Sur la table couverte d\u2019un drap noir, chaque pi\u00e8ce est choisie pour ses variations de translucidit\u00e9, qui chanteront avec ses voisines. <\/span><br \/>\n<span style=\"color: #777777; font-family: arial;\">Puis il faut les assembler, avec des plombs d\u2019une taille inhabituelle car le verre in\u00e9dit de Soulages est \u00e9pais de 8 millim\u00e8tres, quatre fois plus qu\u2019un vitrail classique ! Le plomb est fondu afin de pourvoir l&rsquo;incurver selon les d\u00e9sirs de l&rsquo;artiste. les panneaux de vitrail sont ainsi r\u00e9alis\u00e9s en associant le plomb et le verre.<\/span><br \/>\n<span style=\"color: #777777; font-family: arial;\"><img loading=\"lazy\" decoding=\"async\" class=\"wp-image-15962 alignright\" src=\"https:\/\/lemotdujour.fr\/wp-content\/uploads\/2024\/09\/Installation-dun-panneau.jpg\" alt=\"\" width=\"508\" height=\"381\" srcset=\"https:\/\/lemotdujour.fr\/wp-content\/uploads\/2024\/09\/Installation-dun-panneau.jpg 680w, https:\/\/lemotdujour.fr\/wp-content\/uploads\/2024\/09\/Installation-dun-panneau-300x225.jpg 300w\" sizes=\"auto, (max-width: 508px) 100vw, 508px\" \/>Ces panneaux fabriqu\u00e9s en atelier seront accroch\u00e9s, sur site, aux barloti\u00e8res.<br \/>\nLa \u00ab barloti\u00e8re \u00bb est une traverse <strong>en fer<\/strong> qui est fix\u00e9 sur la ma\u00e7onnerie et qui tient les panneaux de vitrail. <\/span><br \/>\n<span style=\"color: #777777; font-family: arial;\">Lors de ce travail, les artisans vont avoir une surprise : <\/span><\/p>\n<p style=\"margin-left: 28pt;\"><span style=\"color: #c00000; font-family: arial;\">\u00ab Un des premiers jours de l\u2019installation, les verriers s\u2019appr\u00eataient \u00e0 creuser les trous de fixation des barloti\u00e8res. Stup\u00e9faits, ils se sont aper\u00e7us que les trous existaient d\u00e9j\u00e0. Donc, les barloti\u00e8res avaient d\u00e9j\u00e0 \u00e9t\u00e9 fix\u00e9es exactement aux m\u00eames endroits. \u00bb<br \/>\n<em>(Pierre Soulages, Outrenoir. Entretiens avec Fran\u00e7oise Jaunin. La Biblioth\u00e8que des Arts, 2012, p.112)<\/em><\/span><\/p>\n<p><span style=\"color: #777777; font-family: arial;\">Les artisans d\u00e9couvrent donc que les nouvelles mesures correspondent aux trous des barloti\u00e8res m\u00e9di\u00e9vales, qu\u2019on avait abandonn\u00e9s au cours des restaurations successives\u2026<br \/>\n<img loading=\"lazy\" decoding=\"async\" class=\" wp-image-15934 alignleft\" src=\"https:\/\/lemotdujour.fr\/wp-content\/uploads\/2024\/09\/PUB-IMG_9423.jpg\" alt=\"\" width=\"303\" height=\"455\" srcset=\"https:\/\/lemotdujour.fr\/wp-content\/uploads\/2024\/09\/PUB-IMG_9423.jpg 415w, https:\/\/lemotdujour.fr\/wp-content\/uploads\/2024\/09\/PUB-IMG_9423-200x300.jpg 200w\" sizes=\"auto, (max-width: 303px) 100vw, 303px\" \/> <\/span><\/p>\n<p><span style=\"color: #777777; font-family: arial;\">Deux livres de <strong>Christian Heck<\/strong> m&rsquo;ont particuli\u00e8rement inspir\u00e9 pour \u00e9crire ces trois mots du jour : <\/span><\/p>\n<p><span style=\"color: #777777; font-family: arial;\">\u00ab <a href=\"https:\/\/www.librairie-gallimard.com\/livre\/9782020225939-conques-les-vitraux-de-soulages-pierre-soulages-christian-heck-georges-duby\/\"><span style=\"color: #0000ff;\">Conques : les vitraux de Soulages<\/span><\/a> \u00bb qui contient des notes de travail de Pierre Soulages avec une pr\u00e9face de Georges Duby et \u00ab <a href=\"https:\/\/www.fage-editions.com\/livre\/presence-de-la-lumiere-inaccessible\/\"><span style=\"color: #0000ff;\">Pr\u00e9sence de la lumi\u00e8re inaccessible, les vitraux de Conques et la peinture de Soulages<\/span><\/a> \u00bb<\/span><\/p>\n<p><span style=\"color: #777777; font-family: arial;\">J&rsquo;ai aussi recopi\u00e9 des extraits de ce long et passionnant article de \u00ab Connaissance des Arts \u00bb : <span style=\"color: #777777; font-family: arial;\">\u00ab <a href=\"https:\/\/www.connaissancedesarts.com\/monuments-patrimoine\/pierre-soulages-un-peintre-cistercien-11129508\/ \"><span style=\"color: #0000ff;\"> Pierre Soulages : un peintre cistercien <\/span><\/a> \u00bb. <\/span><\/span><\/p>\n<p><span style=\"color: #777777; font-family: arial;\"><span style=\"color: #777777; font-family: arial;\"><span style=\"color: #777777; font-family: arial;\"> Des informations sont issues de ce site consacr\u00e9 au : <span style=\"color: #777777; font-family: arial;\">\u00ab <a href=\" https:\/\/infovitrail.com\/contenu.php\/fr\/d\/---le-plomb-des-vitraux\/23560fef-0006-4175-8fe7-c73f57036514\"><span style=\"color: #0000ff;\"> travail du vitrail <\/span><\/a> \u00bb<\/span><\/span><\/span><\/span><\/p>\n<p><span style=\"color: #777777; font-family: arial;\">D\u2019autres ressources sont encore disponibles pour celles et ceux qui souhaitent approfondir :<br \/>\n<a href=\"https:\/\/www.tourisme-conques.fr\/fr\/conques\/vitraux-de-soulages#creer-le-verre-moduler-la-lumiere\"><span style=\"color: #0000ff;\">&lt;Cr\u00e9er le verre et moduler la lumi\u00e8re&gt;<\/span><\/a><\/span><\/p>\n<p><span style=\"color: #777777; font-family: arial;\">Et trois \u00e9pisodes de l\u2019\u00e9mission de France Inter : \u00ab <strong>La marche de l\u2019Histoire<\/strong> \u00bb : <\/span><\/p>\n<p><span style=\"color: #777777; font-family: arial;\"><a title=\"https:\/\/www.radiofrance.fr\/franceinter\/podcasts\/la-marche-de-l-histoire\/l-abbaye-de-conques-serie-pierre-soulages-episode-3-9954172\" href=\"https:\/\/www.radiofrance.fr\/franceinter\/podcasts\/la-marche-de-l-histoire\/l-abbaye-de-conques-serie-pierre-soulages-episode-3-9954172\">&lt;<span style=\"color: #0000ff;\">Pierre Soulages et l&rsquo;abbaye de Conques&gt;<\/span><\/a><span style=\"color: #0000ff;\">, <\/span><\/span><\/p>\n<p><span style=\"color: #777777; font-family: arial;\"><a title=\"https:\/\/www.radiofrance.fr\/franceinter\/podcasts\/la-marche-de-l-histoire\/christian-bobin-le-visiteur-de-sete-serie-pierre-soulages-episode-4-1947650\" href=\"https:\/\/www.radiofrance.fr\/franceinter\/podcasts\/la-marche-de-l-histoire\/christian-bobin-le-visiteur-de-sete-serie-pierre-soulages-episode-4-1947650\"><span style=\"color: #0000ff;\">&lt;Christian Bobin, le visiteur de S\u00e8te&gt;<\/span><\/a><span style=\"color: #0000ff;\">, <\/span><\/span><\/p>\n<p><span style=\"color: #777777; font-family: arial;\"><a title=\"https:\/\/www.radiofrance.fr\/franceinter\/podcasts\/la-marche-de-l-histoire\/lumiere-sur-le-noir-serie-pierre-soulages-episode-5-7318323\" href=\"https:\/\/www.radiofrance.fr\/franceinter\/podcasts\/la-marche-de-l-histoire\/lumiere-sur-le-noir-serie-pierre-soulages-episode-5-7318323\"><span style=\"color: #0000ff;\">&lt;Pierre Soulages, le noir est une couleur&gt;<\/span><\/a><\/span><br \/>\n<span style=\"color: #777777; font-family: arial;\"><br \/>\nJe laisserai le mot de la fin \u00e0 Jean-Dominique Fleury : <\/span><\/p>\n<p style=\"margin-left: 28pt;\"><span style=\"color: #c00000; font-family: arial;\">\u00ab Lorsqu\u2019on termine un chantier pareil, c\u2019est comme un deuil. Mais quelle exp\u00e9rience aussi ! Soulages m\u2019a appris \u00e0 savoir attendre. \u00c0 l\u2019heure de la retraite, je mesure le prix de sa relation au temps\u2026 \u00bb<br \/>\n<\/span><\/p>\n","protected":false},"excerpt":{"rendered":"<p>\u00ab Cette lumi\u00e8re [&#8230;] a une valeur \u00e9motionnelle, une int\u00e9riorit\u00e9, une qualit\u00e9 m\u00e9taphysique en accord avec la po\u00e9sie de cette architecture comme avec sa fonction : lieu de contemplation, lieu de m\u00e9ditation. \u00bb Pierre Soulages J\u2019ai expliqu\u00e9 dans le mot<\/p>\n","protected":false},"author":1,"featured_media":0,"comment_status":"open","ping_status":"closed","sticky":false,"template":"","format":"standard","meta":{"footnotes":""},"categories":[1],"tags":[37,46,212],"class_list":["post-15919","post","type-post","status-publish","format-standard","hentry","category-motdujour","tag-architecture","tag-art","tag-spiritualite"],"_links":{"self":[{"href":"https:\/\/lemotdujour.fr\/index.php?rest_route=\/wp\/v2\/posts\/15919","targetHints":{"allow":["GET"]}}],"collection":[{"href":"https:\/\/lemotdujour.fr\/index.php?rest_route=\/wp\/v2\/posts"}],"about":[{"href":"https:\/\/lemotdujour.fr\/index.php?rest_route=\/wp\/v2\/types\/post"}],"author":[{"embeddable":true,"href":"https:\/\/lemotdujour.fr\/index.php?rest_route=\/wp\/v2\/users\/1"}],"replies":[{"embeddable":true,"href":"https:\/\/lemotdujour.fr\/index.php?rest_route=%2Fwp%2Fv2%2Fcomments&post=15919"}],"version-history":[{"count":26,"href":"https:\/\/lemotdujour.fr\/index.php?rest_route=\/wp\/v2\/posts\/15919\/revisions"}],"predecessor-version":[{"id":15975,"href":"https:\/\/lemotdujour.fr\/index.php?rest_route=\/wp\/v2\/posts\/15919\/revisions\/15975"}],"wp:attachment":[{"href":"https:\/\/lemotdujour.fr\/index.php?rest_route=%2Fwp%2Fv2%2Fmedia&parent=15919"}],"wp:term":[{"taxonomy":"category","embeddable":true,"href":"https:\/\/lemotdujour.fr\/index.php?rest_route=%2Fwp%2Fv2%2Fcategories&post=15919"},{"taxonomy":"post_tag","embeddable":true,"href":"https:\/\/lemotdujour.fr\/index.php?rest_route=%2Fwp%2Fv2%2Ftags&post=15919"}],"curies":[{"name":"wp","href":"https:\/\/api.w.org\/{rel}","templated":true}]}}