{"id":1586,"date":"2016-01-25T01:00:00","date_gmt":"2016-01-24T22:00:00","guid":{"rendered":"http:\/\/lemotdujour.fr\/?p=1586"},"modified":"2017-06-17T23:04:28","modified_gmt":"2017-06-17T21:04:28","slug":"lundi-25-janvier-2016","status":"publish","type":"post","link":"https:\/\/lemotdujour.fr\/?p=1586","title":{"rendered":"Lundi 25 Janvier 2016"},"content":{"rendered":"<div class=\"mdjDate\">Lundi 25 Janvier 2016<\/div>\n<div class=\"mdjTexte\">\u00ab La nuit des chasseurs \u00bb<\/div>\n<div class=\"mdjAuteur\">Annick Cojean<\/div>\n<div class=\"mdjComplements\">Il s\u2019est donc pass\u00e9 des agressions contre des femmes, \u00e0 grande \u00e9chelle, par des bandes organis\u00e9es dans la ville de Cologne le 31 d\u00e9cembre.<\/div>\n<div class=\"mdjComplements\">Les forces de l&rsquo;ordre n&rsquo;ont pas su ma\u00eetriser ces actes de violence et dans un premier temps ont communiqu\u00e9 dans un d\u00e9ni de la r\u00e9alit\u00e9. Ils ont os\u00e9 affirmer que la nuit du r\u00e9veillon s\u2019est bien pass\u00e9e.<\/div>\n<div class=\"mdjComplements\">\u00ab La nuit des chasseurs \u00bb est le titre d\u2019un article o\u00f9 la journaliste du Monde, Annick Cojean, donne la parole \u00e0 des victimes. Vous trouverez cet article <span style=\"color: #0000ff;\"><a style=\"color: #0000ff;\" href=\"http:\/\/www.ledevoir.com\/international\/europe\/460990\/la-nuit-des-chasseurs\">derri\u00e8re ce lien<\/a>.<\/span><\/div>\n<div class=\"mdjComplements\">Pour une fois je n\u2019en citerai aucun extrait, car ce ne sont pas ces faits que je vais d\u00e9velopper, mais un sujet beaucoup plus large, qui vient de loin, qui est toujours pr\u00e9sent dans le monde entier, \u00e0 des stades diff\u00e9rents, mais toujours pr\u00e9sent : je veux parler de la violence faite aux femmes&#8230;<\/div>\n<div class=\"mdjComplements\">C\u2019est dans la sph\u00e8re priv\u00e9e que cette violence est la plus forte, la plus pr\u00e9sente, la plus extr\u00eame.<\/div>\n<div class=\"mdjComplements\"><span style=\"color: #0000ff;\"><a style=\"color: #0000ff;\" href=\"http:\/\/www.terrafemina.com\/societe\/societe\/articles\/52900--femmes-sur-10-connaissent-leur-violeur-la-campagne-choc-.html\">8 femmes viol\u00e9es sur 10 connaissent leur violeur <\/a><\/span>et le viol se passe \u00e0 leur domicile ou au domicile du criminel.<\/div>\n<div class=\"mdjComplements\">En France, on estime il y aurait <span style=\"color: #0000ff;\"><a style=\"color: #0000ff;\" href=\"http:\/\/www.slate.fr\/story\/65729\/75000-viols-an-chiffres\">un viol toutes les 6,3 minutes<\/a><\/span>, ce qui fait \u00e0 peu pr\u00e8s 230 viols par jour.<\/div>\n<div class=\"mdjComplements\">Concernant les meurtres et les autres violences commises \u00e0 l\u2019\u00e9gard des femmes, en France, c\u2019est aussi et massivement le domicile qui est le lieu de l\u2019acte et le criminel un proche, souvent le compagnon de la victime.<\/div>\n<div class=\"mdjComplements\">Mais ce n\u2019est pas de la sph\u00e8re priv\u00e9e que je vais prioritairement parler.<\/div>\n<div class=\"mdjComplements\">Cette semaine j&rsquo;ai l&rsquo;intention de parler, plus particuli\u00e8rement, de la violence contre les femmes dans l&rsquo;espace public.<\/div>\n<div class=\"mdjComplements\">Ce n\u2019est pas la premi\u00e8re fois que je parle de ce probl\u00e8me.<\/div>\n<div class=\"mdjComplements\">J&rsquo;avais d\u00e9j\u00e0 fait appel \u00e0 Annick Cojean, cette grande journaliste du Monde le 8 septembre 2014 pour ce mot du jour : \u00ab C\u2019est juste pas de chance d\u2019\u00eatre une femme dans la plupart des pays du Monde \u00bb<\/div>\n<div class=\"mdjComplements\">Et le mot du jour du 18 novembre 2014 parlait d\u2019une \u00e9tude pilot\u00e9e par Sylvie Ayral et Yves Raibaud \u00ab la\u00a0 fabrique des gar\u00e7ons \u00bb.<\/div>\n<div class=\"mdjComplements\">Mais que s\u2019est-il r\u00e9ellement pass\u00e9 \u00e0 Cologne ? On ne le sait toujours pas tr\u00e8s bien 25 jours apr\u00e8s les faits.<\/div>\n<div class=\"mdjComplements\">Et n\u2019est-ce pas cela le plus surprenant dans cette affaire ?<\/div>\n<div class=\"mdjComplements\">Certaines choses sont s\u00fbres :\u00a0 de mani\u00e8re massive des femmes ont \u00e9t\u00e9 harcel\u00e9es sexuellement et pour certaines viol\u00e9es par des hommes en groupe et d&rsquo;origine immigr\u00e9e semble-t-il majoritairement.<\/div>\n<div class=\"mdjComplements\">Mais il y a aussi eu beaucoup de vols.<\/div>\n<div class=\"mdjComplements\">Dans l\u2019\u00e9mission<span style=\"color: #0000ff;\"><a style=\"color: #0000ff;\" href=\"http:\/\/www.franceculture.fr\/emission-la-grande-table-2eme-partie-apres-cologne-les-ressorts-des-violences-faites-aux-femmes-2016%C2%BB\"> la Grande Table de France Culture du 20 janvier<\/a> <\/span>L\u2019anthropologue des mondes contemporains V\u00e9ronique Nahoum-Grappe, ancienne \u00e9l\u00e8ve de Fran\u00e7ois H\u00e9ritier qui a beaucoup travaill\u00e9 sur la question des diff\u00e9rences des sexes, sur la domination masculine et la violence faite aux femmes explique qu\u2019en Occident on pensait plut\u00f4t que les foules \u00e9taient protectrices, qu\u2019avec du monde on ne risquait rien<\/div>\n<div class=\"mdjComplements\">Et ce fut la sid\u00e9ration de Cologne. Le fait de constater que cette foule peut devenir hostile, cr\u00e9er un mur qui va vous isoler pour vous peloter, vous d\u00e9shabiller, vous menacer sexuellement pour mieux\u00a0 vous voler votre sac \u00e0 main et peut \u00eatre m\u00eame vous violer, est terrifiant.<\/div>\n<div class=\"mdjComplements\">Les femmes n\u2019\u00e9taient pas pr\u00e9par\u00e9es \u00e0 cela.<\/div>\n<div class=\"mdjComplements\">Peloter, s\u2019en prendre aux attributs physiques de la femme pour la fragiliser et lui voler son sac dans une manipulation mafieuse, qu\u2019est ce qui est premier ? S\u2019en prendre au corps des femmes ou voler ?<\/div>\n<div class=\"mdjComplements\">V\u00e9ronique Nahoum-Grappe parle d\u2019une ratonnade d\u2019un nouveau type. \u00ab Les mafias entrent dans toutes les failles, c\u2019est une mafia un peu proto-prox\u00e9n\u00e8te qui allie le rapt et le racket \u00bb<\/div>\n<div class=\"mdjComplements\">Alors on a parl\u00e9 du choc des cultures. Ces arabes et ces migrants qui ne savaient pas se tenir !<\/div>\n<div class=\"mdjComplements\">Il ne s\u2019agit pas de nier que les pays arabo-musulman du golfe, du moyen orient comme les pays du Maghreb \u00e0 l\u2019exception de la Tunisie ont une pratique des relations homme-femme bien pire que dans nos pays.<\/div>\n<div class=\"mdjComplements\">Dans l\u2019\u00e9mission des matins du 20\/01 l\u2019\u00e9crivaine et <span style=\"color: #0000ff;\"><a style=\"color: #0000ff;\" href=\"http:\/\/www.franceculture.fr\/emission-les-matins-les-violences-faites-aux-femmes-une-arme-politique-2016-01-20\">une militante f\u00e9ministe alg\u00e9rienne Wassyla Tamzali a reconnu\u00a0<\/a><\/span> : \u00ab Il y a un rapport sp\u00e9cifique d\u2019in\u00e9galit\u00e9 dans les pays musulmans. Ce sont les seuls pays qui ne reconnaissent pas l\u2019\u00e9galit\u00e9 des hommes et des femmes \u00bb<\/div>\n<div class=\"mdjComplements\">Je ne d\u00e9velopperai pas cette pol\u00e9mique concernant la provenance des agresseurs. Pour l\u2019instant il semblerait plut\u00f4t qu\u2019il viendrait\u00a0 du Maghreb et donc de ces bandes mafieuses \u00e9voqu\u00e9es ci-avant.<\/div>\n<div class=\"mdjComplements\">Mais apr\u00e8s ce malaise de se dire qu\u2019apr\u00e8s 25 jours on ne sait toujours pas pr\u00e9cis\u00e9ment ce qui s\u2019est pass\u00e9, c\u2019est-\u00e0-dire qui l\u2019a fait ? Pourquoi ? Y a-t-il eu pr\u00e9m\u00e9ditation ? Quel \u00e9tait l\u2019objectif ?<\/div>\n<div class=\"mdjComplements\">Il y a un second malaise, c\u2019est pourquoi ce silence ? Pourquoi les autorit\u00e9s n\u2019ont-ils rien dit ?<\/div>\n<div class=\"mdjComplements\">Et on a appris <span style=\"color: #0000ff;\"><a style=\"color: #0000ff;\" href=\"http:\/\/www.liberation.fr\/planete\/2016\/01\/11\/comme-cologne-stockholm-touchee-par-une-vague-d-agressions-sexuelles_1425711\">qu\u2019en Su\u00e8de, aussi des \u00e9v\u00e8nements se sont pass\u00e9s en ao\u00fbt et que les autorit\u00e9s n\u2019ont rien dit.<\/a><\/span><\/div>\n<div class=\"mdjComplements\">Alors l\u2019explication para\u00eet \u00e9vidente : les autorit\u00e9s ne voulaient pas stigmatiser les r\u00e9fugi\u00e9s !<\/div>\n<div class=\"mdjComplements\">Ils avaient peur, parce que quelques-uns avaient commis des \u00ab mauvais actes \u00bb la population pouvait vouloir se retourner contre tous.<\/div>\n<div class=\"mdjComplements\">Peut-\u00eatre.<\/div>\n<div class=\"mdjComplements\">Constatons que c\u2019est rat\u00e9. Le fait de n\u2019avoir rien dit rend la situation beaucoup plus dangereuse : \u00ab\u00a0Ils nous l\u2019ont cach\u00e9 ! Qu\u2019est ce qu\u2019il nous cache d\u2019autre ?\u00a0\u00bb<\/div>\n<div class=\"mdjComplements\">Mais l\u2019explication principale n\u2019est-elle pas le fait qu\u2019il s\u2019agit de violences faites aux femmes ?<\/div>\n<div class=\"mdjComplements\">Marianne Meunier, journaliste \u00e0 la Croix et invit\u00e9 des matins de France Culture a expliqu\u00e9 : \u00ab Les \u00e9v\u00e8nements\u00a0 de Cologne ont entrain\u00e9 des r\u00e9v\u00e9lations en Su\u00e8de. L\u2019extr\u00eame droite a pris ce pr\u00e9texte pour expliquer que ce sont ses noires pr\u00e9visions qui se sont r\u00e9alis\u00e9s : l\u2019afflux de personnes qui ne respectent pas nos standards de vie. Mais d\u2019autres qui sont des associations f\u00e9ministes rapportent que la violence faite aux femmes n\u2019est pas seulement le fait des \u00e9migr\u00e9s. C\u2019est une exp\u00e9rience quotidienne et beaucoup plus r\u00e9currente qu\u2019\u00e9prouve les femmes en Europe et pas seulement \u00e0\u00a0 Cologne. \u00bb<\/div>\n<div class=\"mdjComplements\">Et, on apprend ainsi qu<a href=\"http:\/\/www.slate.fr\/story\/112881\/oktoberfest-boit-chante-viole\">&lsquo;<span style=\"color: #0000ff;\">\u00e0 la f\u00eate de la bi\u00e8re \u00e0 Munich, on boit, on chante et on viole !<\/span><\/a><\/div>\n<div class=\"mdjComplements\">Vous en avez entendu parler ?<\/div>\n<div class=\"mdjComplements\">La violence faite aux femmes c\u2019est moins grave, semble-t-il\u00a0!<\/div>\n<div class=\"mdjComplements\">Si cela est arriv\u00e9, c\u2019est qu\u2019elles ont \u00e9t\u00e9 imprudentes et autres explications scandaleuses !<\/div>\n<div class=\"mdjComplements\">V\u00e9ronique Nahoum-Grappe fustige ces attitudes :<\/div>\n<div class=\"mdjCiter\">\u00a0\u00ab Fureur ! Fureur de fond !<\/div>\n<div class=\"mdjCiter\">Parce que cela touche \u00e0 la libert\u00e9, \u00e0 la libert\u00e9 de sortir, le soir entre copines !<\/div>\n<div class=\"mdjCiter\">[\u2026] je suis sid\u00e9r\u00e9 par ce silence.<\/div>\n<div class=\"mdjCiter\">Parce qu\u2019on ne veut pas dire du mal sur ces personnes sur ces migrants, parce que \u00e7a g\u00e8ne.<\/div>\n<div class=\"mdjCiter\">Ne parlons pas de ce qui d\u00e9range ! Restons politiquement correct !<\/div>\n<div class=\"mdjCiter\">Parce que ces violences sont faites aux femmes on peut les cacher ?<\/div>\n<div class=\"mdjCiter\">\u00c7a c\u2019est inou\u00ef !<\/div>\n<div class=\"mdjCiter\">Ce silence montre que les violences faites aux femmes ne sont jamais per\u00e7ues aussi violentes que celles qui sont commises \u00e0 l\u2019\u00e9gard d\u2019autres groupes ! \u00bb<\/div>\n<div class=\"mdjComplements\">Oui je crois profond\u00e9ment que c\u2019est une des raisons du silence et aussi du peu d\u2019empressement pour intervenir et enqu\u00eater sur ces \u00e9v\u00e8nements.<\/div>\n<div class=\"mdjComplements\">La maire de Cologne, une femme ! a imm\u00e9diatement donn\u00e9 des conseils<span style=\"color: #0000ff;\"><a style=\"color: #0000ff;\" href=\"http:\/\/rue89.nouvelobs.com\/2016\/01\/06\/les-curieux-conseils-maire-cologne-eviter-les-viols-262730\"> qui laissaient entendre qu\u2019il fallait \u00eatre plus prudent&#8230;<\/a><\/span><\/div>\n<div class=\"mdjComplements\">Quand ce sont des violences faites aux femmes, il y a toujours un peu de la responsabilit\u00e9 de la fille d&rsquo;Eve &#8230;<\/div>\n<div class=\"mdjComplements\">Fureur ! fureur oui !<\/div>\n<div class=\"mdjComplements\"><span style=\"color: #800000;\">&lt;634&gt;<\/span><\/div>\n","protected":false},"excerpt":{"rendered":"<p>Lundi 25 Janvier 2016 \u00ab La nuit des chasseurs \u00bb Annick Cojean Il s\u2019est donc pass\u00e9 des agressions contre des femmes, \u00e0 grande \u00e9chelle, par des bandes organis\u00e9es dans la ville de Cologne le 31 d\u00e9cembre. Les forces de l&rsquo;ordre<\/p>\n","protected":false},"author":1,"featured_media":0,"comment_status":"closed","ping_status":"closed","sticky":false,"template":"","format":"standard","meta":{"footnotes":""},"categories":[1],"tags":[24,36,7],"class_list":["post-1586","post","type-post","status-publish","format-standard","hentry","category-motdujour","tag-actualite","tag-feminisme","tag-societe"],"_links":{"self":[{"href":"https:\/\/lemotdujour.fr\/index.php?rest_route=\/wp\/v2\/posts\/1586","targetHints":{"allow":["GET"]}}],"collection":[{"href":"https:\/\/lemotdujour.fr\/index.php?rest_route=\/wp\/v2\/posts"}],"about":[{"href":"https:\/\/lemotdujour.fr\/index.php?rest_route=\/wp\/v2\/types\/post"}],"author":[{"embeddable":true,"href":"https:\/\/lemotdujour.fr\/index.php?rest_route=\/wp\/v2\/users\/1"}],"replies":[{"embeddable":true,"href":"https:\/\/lemotdujour.fr\/index.php?rest_route=%2Fwp%2Fv2%2Fcomments&post=1586"}],"version-history":[{"count":4,"href":"https:\/\/lemotdujour.fr\/index.php?rest_route=\/wp\/v2\/posts\/1586\/revisions"}],"predecessor-version":[{"id":2550,"href":"https:\/\/lemotdujour.fr\/index.php?rest_route=\/wp\/v2\/posts\/1586\/revisions\/2550"}],"wp:attachment":[{"href":"https:\/\/lemotdujour.fr\/index.php?rest_route=%2Fwp%2Fv2%2Fmedia&parent=1586"}],"wp:term":[{"taxonomy":"category","embeddable":true,"href":"https:\/\/lemotdujour.fr\/index.php?rest_route=%2Fwp%2Fv2%2Fcategories&post=1586"},{"taxonomy":"post_tag","embeddable":true,"href":"https:\/\/lemotdujour.fr\/index.php?rest_route=%2Fwp%2Fv2%2Ftags&post=1586"}],"curies":[{"name":"wp","href":"https:\/\/api.w.org\/{rel}","templated":true}]}}