{"id":15844,"date":"2024-09-17T01:14:00","date_gmt":"2024-09-16T23:14:00","guid":{"rendered":"https:\/\/lemotdujour.fr\/?p=15844"},"modified":"2024-09-24T10:53:56","modified_gmt":"2024-09-24T08:53:56","slug":"mardi-17-septembre-2024","status":"publish","type":"post","link":"https:\/\/lemotdujour.fr\/?p=15844","title":{"rendered":"Mardi 17 septembre 2024"},"content":{"rendered":"<div class=\"mdjTexte\">\u00ab A la place de l&rsquo;\u00e9blouissement des yeux tu trouves l&rsquo;indicible, l&rsquo;invisible. \u00bb<\/div>\n<div class=\"mdjAuteur\">Pierre Soulages dans \u00ab les dits de Pierre Soulages \u00bb de Marie Rouanet page 39<\/div>\n<p><span style=\"color: #777777; font-family: Arial;\">Nous nous trouvons enfin, en ce lundi 9 septembre, dans l\u2019Abbatiale Sainte Foy de Conques. <\/span><\/p>\n<p><span style=\"color: #777777; font-family: Arial;\">Dehors, il fait gris, nul bleu dans le ciel, un l\u00e9ger crachin tombe par intermittence. <\/span><\/p>\n<p><span style=\"color: #777777; font-family: Arial;\"><img loading=\"lazy\" decoding=\"async\" class=\"wp-image-15849 alignleft\" src=\"https:\/\/lemotdujour.fr\/wp-content\/uploads\/2024\/09\/PUB-S05-IMG_9443.jpg\" alt=\"\" width=\"163\" height=\"245\" srcset=\"https:\/\/lemotdujour.fr\/wp-content\/uploads\/2024\/09\/PUB-S05-IMG_9443.jpg 605w, https:\/\/lemotdujour.fr\/wp-content\/uploads\/2024\/09\/PUB-S05-IMG_9443-200x300.jpg 200w\" sizes=\"auto, (max-width: 163px) 100vw, 163px\" \/>Les vitraux gris de Soulages, en l\u2019absence de soleil ne s\u2019embrasent pas. <\/span><\/p>\n<p><span style=\"color: #777777; font-family: Arial;\">Je suis d\u2019abord un peu d\u00e9\u00e7u, ces vitraux avec leurs milles nuances de gris ne subjuguent pas. <\/span><\/p>\n<p><span style=\"color: #777777; font-family: Arial;\">Mais bient\u00f4t, je comprends mon erreur, l\u2019abbatiale ne constitue pas un \u00e9crin, \u00e0 l\u2019\u00e9gal d\u2019un mus\u00e9e, pour mettre en valeur l\u2019\u0153uvre du peintre. <\/span><\/p>\n<p><span style=\"color: #777777; font-family: Arial;\">Bien au contraire, ce sont les vitraux et leurs lumi\u00e8res qui forment un \u00e9crin pour r\u00e9v\u00e9ler l\u2019abbatiale dans toute sa splendeur. <\/span><\/p>\n<p><span style=\"color: #777777; font-family: Arial;\">Dans le petit livre o\u00f9 <strong>Marie Rouanet<\/strong> a not\u00e9 ce que Soulages disait, elle cite ses propos sur les vitraux de Conques :<br \/>\n<\/span><\/p>\n<p style=\"margin-left: 28pt;\"><span style=\"color: #c00000; font-family: Arial;\"><img loading=\"lazy\" decoding=\"async\" class=\"wp-image-15860 alignright\" src=\"https:\/\/lemotdujour.fr\/wp-content\/uploads\/2024\/09\/PUB-S04-IMG_9460.jpg\" alt=\"\" width=\"387\" height=\"581\" srcset=\"https:\/\/lemotdujour.fr\/wp-content\/uploads\/2024\/09\/PUB-S04-IMG_9460.jpg 756w, https:\/\/lemotdujour.fr\/wp-content\/uploads\/2024\/09\/PUB-S04-IMG_9460-200x300.jpg 200w, https:\/\/lemotdujour.fr\/wp-content\/uploads\/2024\/09\/PUB-S04-IMG_9460-683x1024.jpg 683w\" sizes=\"auto, (max-width: 387px) 100vw, 387px\" \/>\u00ab Il est temps d&rsquo;oublier le monde ext\u00e9rieur.<br \/>\nC&rsquo;est le sens sacr\u00e9 des vitraux.<br \/>\nVue de dehors, ils ont l&rsquo;air d&rsquo;une porte close.<br \/>\nAu-dedans ils maintiennent une lumi\u00e8re voil\u00e9e.<br \/>\nTu ne rencontreras pas l&rsquo;explosion de couleurs attendue, aucun orgue tonitruant ne saluera le cort\u00e8ge des moines et leur psalmodie presque un murmure. Ne sois pas trop d\u00e9\u00e7u. A la place de l&rsquo;\u00e9blouissement des yeux tu trouves l&rsquo;indicible, l&rsquo;invisible. \u00bb<br \/>\n<em>opuscule cit\u00e9 pages 38 et 39<\/em> <\/span><\/p>\n<p><span style=\"color: #777777; font-family: Arial;\">Soulages est pour moi, une d\u00e9couverte tardive.<\/span><\/p>\n<p><span style=\"color: #777777; font-family: Arial;\">Il est vrai que l&rsquo;art que j&rsquo;ai investi depuis mes plus jeunes ann\u00e9es est la musique, non la peinture. J&rsquo;avais vaguement entendu l&rsquo;association de Pierre Soulages et de la peinture noire, rien de plus.<\/span><\/p>\n<p><span style=\"color: #777777; font-family: Arial;\">Mais, trois \u00ab rencontres \u00bb, je ne trouve pas de mot plus pertinent, vont me conduire en ce lieu dans lequel nous retournerons trois jours de suite, tout en allant aussi au mus\u00e9e Soulages \u00e0 Rodez. <\/span><\/p>\n<p><span style=\"color: #777777; font-family: Arial;\">La premi\u00e8re de ces rencontres a eu lieu dans ma cuisine. Ma sensible belle-soeur, Josiane, m&rsquo;a demand\u00e9 : <\/span><\/p>\n<p style=\"margin-left: 28pt;\"><span style=\"color: #c00000; font-family: Arial;\">\u00ab As-tu d\u00e9j\u00e0 vu l&rsquo;abbatiale de Conques, avec les vitraux de Soulages ? \u00bb.<\/span><\/p>\n<p><span style=\"color: #777777; font-family: Arial;\">Apr\u00e8s ma r\u00e9ponse n\u00e9gative, elle m&rsquo;a racont\u00e9 son exp\u00e9rience intense dans cette \u00e9glise qui baigne dans une lumi\u00e8re qui permet de tutoyer les forces de l&rsquo;esprit. <\/span><\/p>\n<p><span style=\"color: #777777; font-family: Arial;\">La seconde rencontre a \u00e9t\u00e9 provoqu\u00e9e par ma lecture de <strong>Christian Bobin<\/strong> qui lui a consacr\u00e9 un livre \u00ab Pierre, \u00bb dans lequel il raconte son voyage, une nuit de No\u00ebl, depuis Le Creusot jusqu\u2019\u00e0 S\u00e8te, pour rencontrer le peintre et lui remettre, en cadeau de son 99\u00e8me anniversaire, le manuscrit de \u00ab La nuit du c\u0153ur \u00bb.\u00a0 <\/span><\/p>\n<p><span style=\"color: #777777; font-family: Arial;\">Dans cet ouvrage, il \u00e9crit ces mots qui font vibrer mes cordes int\u00e9rieures : <\/span><\/p>\n<p style=\"margin-left: 28pt;\"><span style=\"color: #c00000; font-family: Arial;\">\u00ab Les morts ne sont pas plus loin de nous que les vivants.<br \/>\nJe voyage dans cette parole. Elle serre mes tempes, elle va durer trois heures, le temps du trajet.<br \/>\nAller vers ceux qu&rsquo;on aime, c&rsquo;est toujours aller dans l&rsquo;au-del\u00e0. \u00bb<br \/>\n<em>\u00ab Pierre \u00bb dans \u00ab Les diff\u00e9rentes r\u00e9gions du ciel \u00bb page 986.<\/em> <\/span><\/p>\n<p><span style=\"color: #777777; font-family: Arial;\">Ce livre, date de 2019, l&rsquo;ann\u00e9e pr\u00e9c\u00e9dente il avait donc \u00e9crit \u00ab <strong>La nuit du c\u0153ur<\/strong> \u00bb. <\/span><\/p>\n<p><span style=\"color: #777777; font-family: Arial;\">Il se trouve, une nuit, dans l&rsquo;h\u00f4tel Sainte Foy \u00e0 Conques. Une des fen\u00eatres de sa chambre donne sur un flanc de l\u2019abbatiale. Il \u00e9crit : <\/span><\/p>\n<p style=\"margin-left: 28pt;\"><span style=\"color: #c00000; font-family: Arial;\"><img loading=\"lazy\" decoding=\"async\" class=\"wp-image-15859 alignright\" src=\"https:\/\/lemotdujour.fr\/wp-content\/uploads\/2024\/09\/Hotel-Sainte-Foy.jpg\" alt=\"\" width=\"406\" height=\"260\" srcset=\"https:\/\/lemotdujour.fr\/wp-content\/uploads\/2024\/09\/Hotel-Sainte-Foy.jpg 1191w, https:\/\/lemotdujour.fr\/wp-content\/uploads\/2024\/09\/Hotel-Sainte-Foy-300x192.jpg 300w, https:\/\/lemotdujour.fr\/wp-content\/uploads\/2024\/09\/Hotel-Sainte-Foy-1024x656.jpg 1024w, https:\/\/lemotdujour.fr\/wp-content\/uploads\/2024\/09\/Hotel-Sainte-Foy-768x492.jpg 768w\" sizes=\"auto, (max-width: 406px) 100vw, 406px\" \/>\u00ab C\u2019est dans cette chambre, se glissant par la fen\u00eatre la plus proche du grand lit, que dans la nuit du mercredi 26 juillet 2017, un ange est venu me fermer les yeux pour me donner \u00e0 voir.<br \/>\nDans l\u2019abbatiale, on donnait un concert.<br \/>\nJe regardais la nuit d\u2019\u00e9t\u00e9 par la fen\u00eatre, ce drap\u00e9 d\u2019\u00e9toiles et de noir.<br \/>\nUn livre m\u2019attendait sur la table de chevet. Mon projet \u00e9tait d\u2019en lire une dizaine de pages, puis de glisser mon \u00e2me sous la couverture d\u00e9licieusement fra\u00eeche de la Voie lact\u00e9e.<br \/>\nMais.<br \/>\nMais en me penchant pour fermer les volets de bois, je vis les vitraux jaunis devenir plus fins que du papier et s\u2019envoler.<br \/>\nLe plomb, le verre et l\u2019acier qui les composaient, plus l\u00e9gers que l\u2019air, n\u2019\u00e9taient plus que jeux d\u2019abeilles, miel pour les yeux qui sont \u00e0 l\u2019int\u00e9rieur des yeux.<br \/>\nDes lanternes japonaises flottant sur le noir, \u00e9pelant le nom des morts. \u00c0 cette vue je connus l\u2019inqui\u00e9tude apaisante que donne un premier amour. \u00bb. <\/span><\/p>\n<p><span style=\"color: #777777; font-family: Arial;\">Dans ce livre il raconte sa rencontre avec l&rsquo;Abbatiale, avec Conques. <span style=\"color: #c00000; font-family: Arial;\">\u00ab Conques est un village introuvable. Les routes qui y m\u00e8nent imposent une lenteur dont le monde n&rsquo;a plus go\u00fbt. \u00bb <em>page 15 <\/em><\/span><span style=\"color: #777777; font-family: Arial;\">et avec les vitraux de Soulages. <\/span><\/span><\/p>\n<p><span style=\"color: #777777; font-family: Arial;\"><span style=\"color: #777777; font-family: Arial;\"><img loading=\"lazy\" decoding=\"async\" class=\"wp-image-15863 alignleft\" src=\"https:\/\/lemotdujour.fr\/wp-content\/uploads\/2024\/09\/PUB-IMG_9303.jpg\" alt=\"\" width=\"498\" height=\"382\" srcset=\"https:\/\/lemotdujour.fr\/wp-content\/uploads\/2024\/09\/PUB-IMG_9303.jpg 1127w, https:\/\/lemotdujour.fr\/wp-content\/uploads\/2024\/09\/PUB-IMG_9303-300x230.jpg 300w, https:\/\/lemotdujour.fr\/wp-content\/uploads\/2024\/09\/PUB-IMG_9303-1024x785.jpg 1024w, https:\/\/lemotdujour.fr\/wp-content\/uploads\/2024\/09\/PUB-IMG_9303-768x589.jpg 768w\" sizes=\"auto, (max-width: 498px) 100vw, 498px\" \/>Page 113, il donne cette cl\u00e9 : <\/span> <\/span><\/p>\n<p style=\"margin-left: 28pt;\"><span style=\"color: #c00000; font-family: Arial;\">\u00ab A Conques on l\u00e8ve la t\u00eate pour voir au fond de soi. \u00bb<\/span><\/p>\n<p><span style=\"color: #777777; font-family: Arial;\">Et puis, il y a eu une troisi\u00e8me rencontre, ou plut\u00f4t le croisement du chemin de vie avec le ruisseau du hasard&#8230; <\/span><\/p>\n<p><span style=\"color: #777777; font-family: Arial;\">Un signe, dont je ne fais pas un r\u00e9cit et pour lequel je ne pr\u00e9tends donner aucun sens mystique. <\/span><\/p>\n<p><span style=\"color: #777777; font-family: Arial;\">J&rsquo;\u00e9tais plong\u00e9 dans un deuil profond, mon fr\u00e8re G\u00e9rard venait de mourir.<\/span><\/p>\n<p><span style=\"color: #777777; font-family: Arial;\">Le lendemain, le 25 octobre 2022, Pierre Soulages quittait aussi le monde des vivants. <\/span><\/p>\n<p><span style=\"color: #777777; font-family: Arial;\">En y regardant de plus pr\u00e8s, je m&rsquo;apercevais qu&rsquo;il \u00e9tait n\u00e9 le 24 d\u00e9cembre 1919, 14 jours apr\u00e8s la naissance de notre p\u00e8re. <\/span><\/p>\n<p><span style=\"color: #777777; font-family: Arial;\">La vie de Pierre Soulages qui a dur\u00e9 102 ans et 10 mois recouvrait quasi exactement la vie de mon p\u00e8re et de mon fr\u00e8re. <\/span><\/p>\n<p><span style=\"color: #777777; font-family: Arial;\">Toutes ces rencontres m&rsquo;ont pouss\u00e9 \u00e0 aller \u00e0 la rencontre de l\u2019\u0153uvre de Pierre Soulages et particuli\u00e8rement ses vitraux.<br \/>\n<\/span><br \/>\n<span style=\"color: #777777; font-family: Arial;\">Dans sa pr\u00e9face du livre \u00ab Les vitraux de Conques \u00bb, le grand Historien m\u00e9di\u00e9viste <strong>Georges Duby<\/strong> d\u00e9crit ainsi cette architecture venue du moyen-\u00e2ge : <\/span><\/p>\n<p style=\"margin-left: 28pt;\"><span style=\"color: #c00000; font-family: Arial;\">\u00ab Les hommes de tr\u00e8s haute culture qui d\u00e9cid\u00e8rent il y a neuf si\u00e8cles de reb\u00e2tir la basilique de Conques entendaient d&rsquo;abord honorer sainte Foy, pr\u00e9sente en ce lieu par ce qui restait de son corps [&#8230;]La basilique de Conques fut con\u00e7ue [&#8230;] pour \u00eatre le lieu du passage de la transition, de la sublimation. Il faut voir en elle une sorte d&rsquo;antichambre du Paradis, une r\u00e9plique imparfaite de la J\u00e9rusalem c\u00e9leste, et se rappeler que les harmonies de son espace interne fut calcul\u00e9es de mani\u00e8re \u00e0 susciter la vision pr\u00e9monitoire des perfections intemporelles.<br \/>\n<strong>Franchir son seuil devait \u00eatre v\u00e9cu comme une rupture, comme une conversion de l&rsquo;\u00eatre<\/strong>. \u00bb.<\/span><\/p>\n<p><span style=\"color: #777777; font-family: Arial;\">Dans ce m\u00eame livre, Pierre Soulages compare l&rsquo;abbatiale Sainte Foy et la basilique Saint Sernin de Toulouse, toutes deux \u00e9tapes sur les chemins de p\u00e8lerinage vers Saint Jacques de Compostelle. <\/span><\/p>\n<p><span style=\"color: #777777; font-family: Arial;\"><img loading=\"lazy\" decoding=\"async\" class=\"wp-image-15867 alignleft\" src=\"https:\/\/lemotdujour.fr\/wp-content\/uploads\/2024\/09\/saint-sernin-conques003.jpg\" alt=\"\" width=\"364\" height=\"555\" srcset=\"https:\/\/lemotdujour.fr\/wp-content\/uploads\/2024\/09\/saint-sernin-conques003.jpg 638w, https:\/\/lemotdujour.fr\/wp-content\/uploads\/2024\/09\/saint-sernin-conques003-197x300.jpg 197w\" sizes=\"auto, (max-width: 364px) 100vw, 364px\" \/>Cette comparaison montre ce que l&rsquo;\u00e9glise de Conques a de particulier. Saint Sernin est immense 120 m de long, Sainte Foy n&rsquo;a que 56 m, moins de la moiti\u00e9.<\/span><\/p>\n<p><span style=\"color: #777777; font-family: Arial;\">En revanche, la nef de Saint Sernin a une hauteur de 21,10 m pour une largeur de 8,60m. Alors que Conques poss\u00e8de une nef de 22,10m, soit un m\u00e8tre de plus pour 6,80 de large, ce qui la fait paraitre encore plus \u00e9lanc\u00e9e. Nous sommes dans un \u00e9difice qui porte haut la force de la verticalit\u00e9. <\/span><\/p>\n<p><span style=\"color: #777777; font-family: Arial;\">C&rsquo;est cet \u00e9lan vers le haut qui pousse \u00e0 \u00e9lever l\u2019esprit et pour celui qui sait recevoir, accueillir le spirituel. La lumi\u00e8re qu&rsquo;offre les 104 vitraux de Soulages \u00e9claire ces immenses colonnes surmont\u00e9es de chapiteaux et illumine les espaces derri\u00e8re les colonnes. <\/span><\/p>\n<p><span style=\"color: #777777; font-family: Arial;\">Christian Heck dans son livre : \u00ab Pr\u00e9sence de la Lumi\u00e8re inaccessible. Les vitraux de Conques et la peinture de Soulages. \u00bb cite le peintre <\/span><\/p>\n<p style=\"margin-left: 28pt;\"><span style=\"color: #c00000; font-family: Arial;\">\u00ab C&rsquo;est ce qui m&rsquo;a fortement impressionn\u00e9 dans cette aventure : cr\u00e9er pour un tel lieu une mati\u00e8re qui marque l&rsquo;\u00e9coulement du temps est une rencontre qui a un sens profond et qui a beaucoup compt\u00e9 dans la suite de mon travail. \u00bb<br \/>\n<em>page 35.<\/em> <\/span><\/p>\n<p><span style=\"color: #777777; font-family: Arial;\">Et il a ajout\u00e9 : <\/span><\/p>\n<p style=\"margin-left: 28pt;\"><span style=\"color: #c00000; font-family: Arial;\">\u00ab On ne se rend pas compte \u00e0 quel point tout ce que je fais est li\u00e9 aux vitraux que j&rsquo;ai r\u00e9alis\u00e9s \u00e0 Conques, c&rsquo;est \u00e0 dire la lumi\u00e8re. \u00bb. <\/span><\/p>\n<p><img loading=\"lazy\" decoding=\"async\" class=\"alignnone  wp-image-15868\" src=\"https:\/\/lemotdujour.fr\/wp-content\/uploads\/2024\/09\/PUB-IMG_9305.jpg\" alt=\"\" width=\"741\" height=\"1086\" srcset=\"https:\/\/lemotdujour.fr\/wp-content\/uploads\/2024\/09\/PUB-IMG_9305.jpg 1256w, https:\/\/lemotdujour.fr\/wp-content\/uploads\/2024\/09\/PUB-IMG_9305-205x300.jpg 205w, https:\/\/lemotdujour.fr\/wp-content\/uploads\/2024\/09\/PUB-IMG_9305-699x1024.jpg 699w, https:\/\/lemotdujour.fr\/wp-content\/uploads\/2024\/09\/PUB-IMG_9305-768x1126.jpg 768w, https:\/\/lemotdujour.fr\/wp-content\/uploads\/2024\/09\/PUB-IMG_9305-1048x1536.jpg 1048w\" sizes=\"auto, (max-width: 741px) 100vw, 741px\" \/><\/p>\n","protected":false},"excerpt":{"rendered":"<p>\u00ab A la place de l&rsquo;\u00e9blouissement des yeux tu trouves l&rsquo;indicible, l&rsquo;invisible. \u00bb Pierre Soulages dans \u00ab les dits de Pierre Soulages \u00bb de Marie Rouanet page 39 Nous nous trouvons enfin, en ce lundi 9 septembre, dans l\u2019Abbatiale Sainte<\/p>\n","protected":false},"author":1,"featured_media":0,"comment_status":"open","ping_status":"closed","sticky":false,"template":"","format":"standard","meta":{"footnotes":""},"categories":[1],"tags":[37,46,212],"class_list":["post-15844","post","type-post","status-publish","format-standard","hentry","category-motdujour","tag-architecture","tag-art","tag-spiritualite"],"_links":{"self":[{"href":"https:\/\/lemotdujour.fr\/index.php?rest_route=\/wp\/v2\/posts\/15844","targetHints":{"allow":["GET"]}}],"collection":[{"href":"https:\/\/lemotdujour.fr\/index.php?rest_route=\/wp\/v2\/posts"}],"about":[{"href":"https:\/\/lemotdujour.fr\/index.php?rest_route=\/wp\/v2\/types\/post"}],"author":[{"embeddable":true,"href":"https:\/\/lemotdujour.fr\/index.php?rest_route=\/wp\/v2\/users\/1"}],"replies":[{"embeddable":true,"href":"https:\/\/lemotdujour.fr\/index.php?rest_route=%2Fwp%2Fv2%2Fcomments&post=15844"}],"version-history":[{"count":18,"href":"https:\/\/lemotdujour.fr\/index.php?rest_route=\/wp\/v2\/posts\/15844\/revisions"}],"predecessor-version":[{"id":15918,"href":"https:\/\/lemotdujour.fr\/index.php?rest_route=\/wp\/v2\/posts\/15844\/revisions\/15918"}],"wp:attachment":[{"href":"https:\/\/lemotdujour.fr\/index.php?rest_route=%2Fwp%2Fv2%2Fmedia&parent=15844"}],"wp:term":[{"taxonomy":"category","embeddable":true,"href":"https:\/\/lemotdujour.fr\/index.php?rest_route=%2Fwp%2Fv2%2Fcategories&post=15844"},{"taxonomy":"post_tag","embeddable":true,"href":"https:\/\/lemotdujour.fr\/index.php?rest_route=%2Fwp%2Fv2%2Ftags&post=15844"}],"curies":[{"name":"wp","href":"https:\/\/api.w.org\/{rel}","templated":true}]}}