{"id":15813,"date":"2024-07-23T00:06:00","date_gmt":"2024-07-22T22:06:00","guid":{"rendered":"https:\/\/lemotdujour.fr\/?p=15813"},"modified":"2024-10-05T23:15:43","modified_gmt":"2024-10-05T21:15:43","slug":"mardi-23-juillet-2024","status":"publish","type":"post","link":"https:\/\/lemotdujour.fr\/?p=15813","title":{"rendered":"Mardi 23 juillet 2024"},"content":{"rendered":"<div class=\"mdjTexte\">\u00ab Une lumi\u00e8re si tendre qu&rsquo;elle semble s&rsquo;adresser aux morts plus qu&rsquo;\u00e0 nous. \u00bb<\/div>\n<div class=\"mdjAuteur\">Christian Bobin \u00ab Ressusciter \u00bb<\/div>\n<p><span style=\"color: #777777; font-family: arial;\">C\u2019\u00e9tait un immense cadeau que nous nous offrions l\u2019un \u00e0 l\u2019autre : du temps.<br \/>\n<\/span><\/p>\n<p><span style=\"color: #777777; font-family: arial;\"><img loading=\"lazy\" decoding=\"async\" class=\"wp-image-15816 alignleft\" src=\"https:\/\/lemotdujour.fr\/wp-content\/uploads\/2024\/07\/Restaurant-Bulle-Fourviere-15.jpg\" alt=\"\" width=\"533\" height=\"356\" srcset=\"https:\/\/lemotdujour.fr\/wp-content\/uploads\/2024\/07\/Restaurant-Bulle-Fourviere-15.jpg 886w, https:\/\/lemotdujour.fr\/wp-content\/uploads\/2024\/07\/Restaurant-Bulle-Fourviere-15-300x200.jpg 300w, https:\/\/lemotdujour.fr\/wp-content\/uploads\/2024\/07\/Restaurant-Bulle-Fourviere-15-768x512.jpg 768w\" sizes=\"auto, (max-width: 533px) 100vw, 533px\" \/>Deux fois par an, l\u2019\u00e9t\u00e9 et l\u2019hiver, Fabien et moi convenions d\u2019un jour : un vendredi, d\u2019un lieu : un restaurant pour nous offrir ce qu\u2019un \u00eatre humain a de plus pr\u00e9cieux : du temps de vie.<br \/>\n<\/span><\/p>\n<p><span style=\"color: #777777; font-family: arial;\">La derni\u00e8re fois o\u00f9 nous avons eu cet \u00e9change \u00e0 deux, ce fut au restaurant Bulle qui est situ\u00e9 juste \u00e0 c\u00f4t\u00e9 de la basilique de Fourvi\u00e8re.<br \/>\nLa qualit\u00e9 du repas \u00e9tait importante, mais n\u2019\u00e9tait pas principale.<\/span><\/p>\n<p><span style=\"color: #777777; font-family: arial;\">Le cadre, l\u2019\u00e9crin du dialogue, \u00e9tait plus essentiel.<br \/>\n<\/span><\/p>\n<p><span style=\"color: #777777; font-family: arial;\">A la fin du repas, comme nous avions pr\u00e9lev\u00e9 1\/2 journ\u00e9e sur notre portefeuille de cong\u00e9, nous nous accordions encore le reste de l\u2019apr\u00e8s-midi, pour continuer la discussion en marchant et en finissant par nous asseoir \u00e0 la terrasse d\u2019un caf\u00e9.<br \/>\n<\/span><\/p>\n<p><span style=\"color: #777777; font-family: arial;\">Nous parlions de tout, de politique, d\u2019\u00e9conomie, d\u2019Histoire, des relations humaines, de la sant\u00e9, des id\u00e9es et de la vie.<br \/>\nEt puis nous parlions aussi de notre finitude, la mort s\u2019invitait \u00e0 notre dialogue. <\/span><\/p>\n<p><span style=\"color: #777777; font-family: arial;\">Surtout depuis un \u00e9pisode qu\u2019il avait v\u00e9cu.<br \/>\n<\/span><\/p>\n<p><span style=\"color: #777777; font-family: arial;\"><img loading=\"lazy\" decoding=\"async\" class=\"wp-image-15818 alignright\" src=\"https:\/\/lemotdujour.fr\/wp-content\/uploads\/2024\/07\/LEs-telephones.jpg\" alt=\"\" width=\"380\" height=\"506\" srcset=\"https:\/\/lemotdujour.fr\/wp-content\/uploads\/2024\/07\/LEs-telephones.jpg 605w, https:\/\/lemotdujour.fr\/wp-content\/uploads\/2024\/07\/LEs-telephones-225x300.jpg 225w\" sizes=\"auto, (max-width: 380px) 100vw, 380px\" \/>Le 30 novembre 2018, notre rendez-vous avait eu lieu au Restaurant \u00ab Les t\u00e9l\u00e9phones \u00bb situ\u00e9 rue Radisson dans le 5\u00e8me arrondissement de Lyon, pr\u00e8s des ruines romaines.<br \/>\nQuelques semaines plus tard, en plein d\u00e9jeuner, lors de la pause m\u00e9ridienne professionnelle, Fabien s\u2019est \u00e9croul\u00e9 victime d\u2019un arr\u00eat cardiaque.<br \/>\n<\/span><\/p>\n<p><span style=\"color: #777777; font-family: arial;\">Un coll\u00e8gue, initi\u00e9 dans cette technique, a imm\u00e9diatement pratiqu\u00e9 des massages cardiaques pendant que d\u2019autres appelaient le SAMU.<br \/>\nIl fut sauv\u00e9 ! <\/span><\/p>\n<p><span style=\"color: #777777; font-family: arial;\">Lors de notre rencontre suivante, il eut ce mot :<\/span><\/p>\n<p style=\"margin-left: 28pt;\"><span style=\"color: #c00000; font-family: arial;\">\u00ab Je suis mort, mais j\u2019ai ressuscit\u00e9 ! \u00bb<\/span><\/p>\n<p><span style=\"color: #777777; font-family: arial;\">Il faut croire qu\u2019on ne peut ressusciter qu\u2019une fois.<\/span><br \/>\n<span style=\"color: #777777; font-family: arial;\">Fabien a quitt\u00e9 d\u00e9finitivement la communaut\u00e9 des vivants le 20 juillet 2024, il avait 62 ans.<br \/>\n<\/span><\/p>\n<p><span style=\"color: #777777; font-family: arial;\">\u00ab Ressusciter \u00bb est un verbe particulier, il se conjugue \u00e0 la fois avec l\u2019auxiliaire \u00eatre et avec l\u2019auxiliaire avoir et il est surtout l\u2019apanage d\u2019une grande communaut\u00e9 de croyants qui racontent une histoire dans laquelle un homme, mais qui dans ce r\u00e9cit \u00e9tait aussi un dieu, est ressuscit\u00e9, le 3\u00e8me jour apr\u00e8s sa mort.<\/span><\/p>\n<p><span style=\"color: #777777; font-family: arial;\"><strong>Christian Bobin<\/strong> a \u00e9crit un ouvrage en 2001 qui a pour titre \u00ab <strong>Ressusciter<\/strong> \u00bb, on peut y lire ces mots dont j\u2019ai extrait l\u2019exergue du mot du jour.<br \/>\n<\/span><\/p>\n<p style=\"margin-left: 28pt;\"><span style=\"color: #c00000; font-family: arial;\">\u00ab Il y a ce matin sur les arbres, les murs et dans le ciel, une lumi\u00e8re si tendre<br \/>\nqu&rsquo;elle semble s&rsquo;adresser aux morts plus qu&rsquo;\u00e0 nous.<br \/>\n\u00e0 moins que ce ne soient les morts qui nous l&rsquo;envoient,<br \/>\ncomme on \u00e9crit une lettre rassurante \u00e0 des parents un peu inquiets. \u00bb<br \/>\n<em>\u00ab Ressusciter \u00bb Page 79 dans la version Folio<\/em><\/span><\/p>\n<p><span style=\"color: #777777; font-family: arial;\">La derni\u00e8re fois que nous nous sommes vus c\u2019\u00e9tait le 17 mai, Pierre s\u2019\u00e9tait joint \u00e0 nous. Fabien se plaignait bien de quelques douleurs mais il ignorait alors qu\u2019un cancer terriblement agressif \u00e9tait \u00e0 l\u2019\u0153uvre. La m\u00e9decine s\u2019est r\u00e9v\u00e9l\u00e9e impuissante \u00e0 stopper le mal.<br \/>\n<\/span><\/p>\n<p><span style=\"color: #777777; font-family: arial;\"><img loading=\"lazy\" decoding=\"async\" class=\"wp-image-15820 alignleft\" src=\"https:\/\/lemotdujour.fr\/wp-content\/uploads\/2024\/07\/Auberge-de-la-Place.jpg\" alt=\"\" width=\"433\" height=\"305\" srcset=\"https:\/\/lemotdujour.fr\/wp-content\/uploads\/2024\/07\/Auberge-de-la-Place.jpg 784w, https:\/\/lemotdujour.fr\/wp-content\/uploads\/2024\/07\/Auberge-de-la-Place-300x212.jpg 300w, https:\/\/lemotdujour.fr\/wp-content\/uploads\/2024\/07\/Auberge-de-la-Place-768x542.jpg 768w\" sizes=\"auto, (max-width: 433px) 100vw, 433px\" \/>Nos agapes et nos causeries f\u00e9condes nous \u00e9loignaient parfois de Lyon comme ce vendredi de juin 2020, au milieu de deux confinements, o\u00f9 notre lieu de rencontre se situait \u00e0 Ville-sur-Jarnioux, dans la petite r\u00e9gion appel\u00e9e \u00ab Pierres dor\u00e9es \u00bb.<\/span><\/p>\n<p><span style=\"color: #777777; font-family: arial;\">Il venait de d\u00e9couvrir ce petit restaurant plein de charme : \u00ab L&rsquo;Auberge de la place \u00bb situ\u00e9 7 route de Theiz\u00e9.<br \/>\nCette fois-l\u00e0, apr\u00e8s le restaurant, nos pas nous ont amen\u00e9 \u00e0 Chasselay.<br \/>\n<\/span><\/p>\n<p><span style=\"color: #777777; font-family: arial;\">7 jours auparavant, j\u2019avais \u00e9crit un mot du jour sur \u00ab<a href=\"https:\/\/lemotdujour.fr\/?p=9329\"><span style=\"color: #0000ff;\">Le Tata s\u00e9n\u00e9galais de Chasselay<\/span><\/a>\u00bb parce que 80 ans plus t\u00f4t, le 20 juin 1940, des soldats allemands de la Wehrmacht et non des SS comme on l\u2019a cru pendant longtemps, ont assassin\u00e9 des soldats fran\u00e7ais parce qu\u2019ils avaient la peau noire et qu\u2019ils avaient r\u00e9sist\u00e9 avec force et courage \u00e0 l\u2019arm\u00e9e blanche des bons aryens<br \/>\n<\/span><\/p>\n<p><span style=\"color: #777777; font-family: arial;\"><img loading=\"lazy\" decoding=\"async\" class=\"wp-image-15822 alignright\" src=\"https:\/\/lemotdujour.fr\/wp-content\/uploads\/2024\/07\/Le-tata-senegalais-de-Chasselay.jpg\" alt=\"\" width=\"538\" height=\"389\" srcset=\"https:\/\/lemotdujour.fr\/wp-content\/uploads\/2024\/07\/Le-tata-senegalais-de-Chasselay.jpg 853w, https:\/\/lemotdujour.fr\/wp-content\/uploads\/2024\/07\/Le-tata-senegalais-de-Chasselay-300x217.jpg 300w, https:\/\/lemotdujour.fr\/wp-content\/uploads\/2024\/07\/Le-tata-senegalais-de-Chasselay-768x555.jpg 768w\" sizes=\"auto, (max-width: 538px) 100vw, 538px\" \/>Dans ce mot du jour j\u2019expliquais que \u00ab Tata \u00bb signifie enceinte fortifi\u00e9e en Afrique. L\u2019\u00e9difice, enti\u00e8rement ocre rouge, est constitu\u00e9 de pierres tombales entour\u00e9es d\u2019une enceinte rectangulaire de 2,8 m\u00e8tres de hauteur. Son porche et ses quatre angles sont surmont\u00e9s de pyramides bard\u00e9es de pieux. Le portail en claire-voie, en ch\u00eane massif, est orn\u00e9 de huit masques africains.<br \/>\nOn a fait venir de la terre de Dakar par avion, pour la m\u00e9langer \u00e0 la terre fran\u00e7aise.<br \/>\n<\/span><\/p>\n<p><span style=\"color: #777777; font-family: arial;\">188 tirailleurs \u00ab s\u00e9n\u00e9galais \u00bb ainsi que six tirailleurs nord-africains et deux l\u00e9gionnaires (un Albanais et un Russe) y sont inhum\u00e9s. Nous nous sommes rendus, plein d&rsquo;\u00e9motion, dans ce lieu de m\u00e9moire.<br \/>\n<\/span><\/p>\n<p><span style=\"color: #777777; font-family: arial;\">L\u2019Histoire \u00e9tait un de nos sujets de discussion pr\u00e9f\u00e9r\u00e9s. Fabien lisait \u00e9norm\u00e9ment, c\u2019\u00e9tait un puits de culture.<br \/>\n<\/span><\/p>\n<p><span style=\"color: #777777; font-family: arial;\">Au d\u00e9but de notre rencontre, lors des pauses m\u00e9ridiennes de notre service, Fabien m\u2019\u00e9tonnait par l\u2019\u00e9tendue de son savoir qu\u2019il pr\u00e9sentait avec assurance mais sans aucune arrogance.<\/span><\/p>\n<p><span style=\"color: #777777; font-family: arial;\">J\u2019\u00e9tais tellement interpell\u00e9 qu\u2019apr\u00e8s la pause j\u2019allais v\u00e9rifier ses dires, c\u2019\u00e9tait quasi toujours parfaitement exact. Quand il y avait quelques impr\u00e9cisions, il pouvait s\u2019expliquer facilement par de petites confusions jamais essentielles. Il reconnaissait d\u2019ailleurs facilement ces quelques erreurs minimes.<br \/>\n<\/span><\/p>\n<p><span style=\"color: #777777; font-family: arial;\">Un coll\u00e8gue Louis B. avait eu cette description, finalement assez juste :<\/span><\/p>\n<p style=\"margin-left: 28pt;\"><span style=\"color: #c00000; font-family: arial;\">\u00ab Fabien, c\u2019est ce coll\u00e8gue qui, alors que tu lui demandes l\u2019heure, te narre l\u2019histoire de l\u2019horlogerie \u00bb<\/span><\/p>\n<p><span style=\"color: #777777; font-family: arial;\">Mais Fabien \u00e9tait bien plus que cela.Il \u00e9tait d\u2019une profonde humanit\u00e9 et ce que nous \u00e9changions ce n\u2019\u00e9tait pas essentiellement nos savoirs mais bien davantage ce que nous avions appris et continuions d\u2019apprendre de la vie.<\/span><\/p>\n<p><span style=\"color: #777777; font-family: arial;\">Apr\u00e8s le mot du jour, dans lequel je laissais entrevoir une aggravation de mon \u00e9tat de sant\u00e9, je lui envoyais un message pour l\u2019inciter \u00e0 rapidement fixer une date de rencontre car je lui disais que nous ne savions pas combien de rencontres nous pourrions encore nous offrir. <\/span><\/p>\n<p><span style=\"color: #777777; font-family: arial;\">Il m\u2019a alors r\u00e9pondu par ce message : <\/span><\/p>\n<p style=\"margin-left: 28pt;\"><span style=\"color: #c00000; font-family: arial;\">\u00ab Comme tu l&rsquo;as exprim\u00e9 dans ton mot du jour du 21 janvier sur \u00ab\u00a0l&rsquo;attente\u00a0\u00bb, la solitude et le silence peuvent \u00eatre habit\u00e9s.<br \/>\n<span style=\"color: #c00000; font-family: arial;\">J&rsquo;ai ressenti ce mot du jour dans toute sa profondeur comme tu l&rsquo;auras sans doute devin\u00e9, une profondeur qui s&rsquo;inscrit certes dans mais aussi au-del\u00e0 de nos histoires et trajectoires personnelles et nous renvoie \u00e0 l&rsquo;humaine condition, c&rsquo;est \u00e0 dire \u00e0 l&rsquo;essentiel.<\/span><\/span><\/p>\n<p style=\"margin-left: 28pt;\"><span style=\"color: #c00000; font-family: arial;\">Si \u00ab\u00a0La solitude et le silence peuvent \u00eatre habit\u00e9s \u00a0\u00bb c&rsquo;est aussi en partie parce que les mots ne permettent pas toujours d&rsquo;exprimer avec exactitude la complexit\u00e9 de ce que nous ressentons &#8230;<\/span><\/p>\n<p style=\"margin-left: 28pt;\"><span style=\"color: #c00000; font-family: arial;\">Cher Alain, nous n&rsquo;allons pas pour autant sacrifier au culte de la vitesse et tu comprendras que je me refuse tout particuli\u00e8rement \u00e0 \u00e9valuer le nombre de repas qu&rsquo;il nous resterait \u00e0 partager\u00a0 faisons comme nous le ressentons.<\/span><\/p>\n<p style=\"margin-left: 28pt;\"><span style=\"color: #c00000; font-family: arial;\">Comme d&rsquo;habitude, pour le choix du lieu de nos agapes, je m&rsquo;en remets l\u00e2chement et pleinement \u00e0 ton choix, ..aussi propose moi ( et c&rsquo;est un ordre ! ) une prochaine date de rencontre. Il n&rsquo;appartient qu&rsquo;\u00e0 nous de faire de ces moments de vrais moments d&rsquo;amiti\u00e9 et de libert\u00e9. \u00bb<\/span><\/p>\n<p><span style=\"color: #777777; font-family: arial;\"><img loading=\"lazy\" decoding=\"async\" class=\"wp-image-15826 alignleft\" src=\"https:\/\/lemotdujour.fr\/wp-content\/uploads\/2024\/07\/Il-vient-me-rendre-visite-a-mon-bureau-1.jpg\" alt=\"\" width=\"361\" height=\"441\" srcset=\"https:\/\/lemotdujour.fr\/wp-content\/uploads\/2024\/07\/Il-vient-me-rendre-visite-a-mon-bureau-1.jpg 945w, https:\/\/lemotdujour.fr\/wp-content\/uploads\/2024\/07\/Il-vient-me-rendre-visite-a-mon-bureau-1-245x300.jpg 245w, https:\/\/lemotdujour.fr\/wp-content\/uploads\/2024\/07\/Il-vient-me-rendre-visite-a-mon-bureau-1-838x1024.jpg 838w, https:\/\/lemotdujour.fr\/wp-content\/uploads\/2024\/07\/Il-vient-me-rendre-visite-a-mon-bureau-1-768x939.jpg 768w\" sizes=\"auto, (max-width: 361px) 100vw, 361px\" \/>Tous ceux qui l\u2019ont connu, ont appr\u00e9ci\u00e9 sa bonhomie, sa bienveillance, sa rectitude. Il \u00e9tait de ceux \u00e0 qui on pouvait toujours faire confiance, on savait que cette confiance \u00e9tait entre de bonnes mains.<br \/>\n<\/span><\/p>\n<p><span style=\"color: #777777; font-family: arial;\">Il savait \u00e9couter avant de parler. <\/span><\/p>\n<p><span style=\"color: #777777; font-family: arial;\">Nous n\u2019\u00e9tions pas toujours d\u2019accord, mais nous savions accepter nos d\u00e9saccords et aussi \u00e9voluer \u00e0 cause de l\u2019argumentation de l\u2019autre. <\/span><\/p>\n<p><span style=\"color: #777777; font-family: arial;\">Fabien \u00e9tait mon coll\u00e8gue. <\/span><\/p>\n<p><span style=\"color: #777777; font-family: arial;\">Il est devenu mon ami, un ami pr\u00e9cieux, un ami qui fait progresser. <\/span><\/p>\n<p><span style=\"color: #777777; font-family: arial;\">Nous n\u2019irons plus ensemble dans tous ces restaurants comme \u00ab l\u2019\u00c9tage \u00bb place des terreaux auquel on acc\u00e8de apr\u00e8s avoir mont\u00e9 un escalier d\u2019un autre temps. <\/span><\/p>\n<p><span style=\"color: #777777; font-family: arial;\">Le serveur \u00e0 l\u2019humour \u00ab pince sans rire \u00bb nous r\u00e9v\u00e9lait qu\u2019il \u00e9tait encore plus difficile \u00e0 descendre qu\u2019\u00e0 monter et que parfois apr\u00e8s des repas arros\u00e9s, des convives descendaient tr\u00e8s vite en roulant plut\u00f4t qu\u2019en marchant. <\/span><\/p>\n<figure id=\"attachment_15827\" aria-describedby=\"caption-attachment-15827\" style=\"width: 479px\" class=\"wp-caption alignright\"><img loading=\"lazy\" decoding=\"async\" class=\"wp-image-15827\" src=\"https:\/\/lemotdujour.fr\/wp-content\/uploads\/2024\/07\/Ainay.jpg\" alt=\"\" width=\"479\" height=\"639\" srcset=\"https:\/\/lemotdujour.fr\/wp-content\/uploads\/2024\/07\/Ainay.jpg 907w, https:\/\/lemotdujour.fr\/wp-content\/uploads\/2024\/07\/Ainay-225x300.jpg 225w, https:\/\/lemotdujour.fr\/wp-content\/uploads\/2024\/07\/Ainay-768x1025.jpg 768w\" sizes=\"auto, (max-width: 479px) 100vw, 479px\" \/><figcaption id=\"caption-attachment-15827\" class=\"wp-caption-text\">Photo prise en d\u00e9cembre 2021 apr\u00e8s notre repas \u00e0 l&rsquo;Artichaut, je prends en photo Fabien en train de prendre une photo de la basilique d&rsquo;Ainay<\/figcaption><\/figure>\n<p><span style=\"color: #777777; font-family: arial;\" data-wp-editing=\"1\">Ou encore \u00ab l\u2019Artichaut \u00bb qui se situe \u00e0 c\u00f4t\u00e9 de la merveilleuse Basilique d\u2019Ainay, endroit qui incite au recueillement, \u00e0 la m\u00e9ditation. <\/span><\/p>\n<p><span style=\"color: #777777; font-family: arial;\">C\u2019est lors de ce repas que Fabien m\u2019a parl\u00e9 de Jules Supervielle et comme un moment, hors du temps, m\u2019a r\u00e9cit\u00e9, d&rsquo;un trait, ce po\u00e8me : <\/span><\/p>\n<p style=\"margin-left: 28pt;\"><span style=\"color: #c00000; font-family: arial;\">\u00ab Encore frissonnant<br \/>\nSous la peau des t\u00e9n\u00e8bres<br \/>\nTous les matins je dois<br \/>\nRecomposer un homme<br \/>\nAvec tout ce m\u00e9lange<br \/>\nDe mes jours pr\u00e9c\u00e9dents<br \/>\nEt le peu qui me reste<br \/>\nDe mes jours \u00e0 venir.<br \/>\nMe voici tout entier,<br \/>\nJe vais vers la fen\u00eatre.<br \/>\nLumi\u00e8re de ce jour,<br \/>\nJe viens du fond des temps,<br \/>\nRespecte avec douceur<br \/>\nMes minutes obscures,<br \/>\n\u00c9pargne encore un peu<br \/>\nCe que j\u2019ai de nocturne,<br \/>\nD\u2019\u00e9toil\u00e9 en dedans<br \/>\nEt de pr\u00eat \u00e0 mourir<br \/>\nSous le soleil montant<br \/>\nQui ne sait que grandir. \u00bb<\/span><\/p>\n<p><span style=\"color: #777777; font-family: arial;\">J\u2019en avais fait l\u2019objet du <a href=\"https:\/\/lemotdujour.fr\/?p=13057\"><span style=\"color: #0000ff;\">mot du jour du 23 d\u00e9cembre 2021<\/span><\/a><span style=\"color: #0000ff;\">.<\/span><\/span><\/p>\n<p><span style=\"color: #777777; font-family: arial;\">Il reste la richesse de tout ce que nous avons \u00e9chang\u00e9, des souvenirs \u00e0 jamais dans mon c\u0153ur de vivant.<\/span><\/p>\n<p style=\"margin-left: 28pt;\"><span style=\"color: #c00000; font-family: arial;\">\u00ab J&rsquo;\u00e9cris pour me quitter,<br \/>\naussi pour inventer une maison pour les vivants,<br \/>\navec une chambre d&rsquo;amis pour les morts \u00bb<br \/>\n<em>Christian Bobin, \u00ab Ressusciter \u00bb Page 83 dans la version Folio<\/em><\/span><\/p>\n","protected":false},"excerpt":{"rendered":"<p>\u00ab Une lumi\u00e8re si tendre qu&rsquo;elle semble s&rsquo;adresser aux morts plus qu&rsquo;\u00e0 nous. \u00bb Christian Bobin \u00ab Ressusciter \u00bb C\u2019\u00e9tait un immense cadeau que nous nous offrions l\u2019un \u00e0 l\u2019autre : du temps. Deux fois par an, l\u2019\u00e9t\u00e9 et l\u2019hiver,<\/p>\n","protected":false},"author":1,"featured_media":0,"comment_status":"open","ping_status":"closed","sticky":false,"template":"","format":"standard","meta":{"footnotes":""},"categories":[1],"tags":[29,19,6],"class_list":["post-15813","post","type-post","status-publish","format-standard","hentry","category-motdujour","tag-hommage","tag-personnel","tag-philosophie"],"_links":{"self":[{"href":"https:\/\/lemotdujour.fr\/index.php?rest_route=\/wp\/v2\/posts\/15813","targetHints":{"allow":["GET"]}}],"collection":[{"href":"https:\/\/lemotdujour.fr\/index.php?rest_route=\/wp\/v2\/posts"}],"about":[{"href":"https:\/\/lemotdujour.fr\/index.php?rest_route=\/wp\/v2\/types\/post"}],"author":[{"embeddable":true,"href":"https:\/\/lemotdujour.fr\/index.php?rest_route=\/wp\/v2\/users\/1"}],"replies":[{"embeddable":true,"href":"https:\/\/lemotdujour.fr\/index.php?rest_route=%2Fwp%2Fv2%2Fcomments&post=15813"}],"version-history":[{"count":12,"href":"https:\/\/lemotdujour.fr\/index.php?rest_route=\/wp\/v2\/posts\/15813\/revisions"}],"predecessor-version":[{"id":15996,"href":"https:\/\/lemotdujour.fr\/index.php?rest_route=\/wp\/v2\/posts\/15813\/revisions\/15996"}],"wp:attachment":[{"href":"https:\/\/lemotdujour.fr\/index.php?rest_route=%2Fwp%2Fv2%2Fmedia&parent=15813"}],"wp:term":[{"taxonomy":"category","embeddable":true,"href":"https:\/\/lemotdujour.fr\/index.php?rest_route=%2Fwp%2Fv2%2Fcategories&post=15813"},{"taxonomy":"post_tag","embeddable":true,"href":"https:\/\/lemotdujour.fr\/index.php?rest_route=%2Fwp%2Fv2%2Ftags&post=15813"}],"curies":[{"name":"wp","href":"https:\/\/api.w.org\/{rel}","templated":true}]}}