{"id":15792,"date":"2024-07-12T00:08:00","date_gmt":"2024-07-11T22:08:00","guid":{"rendered":"https:\/\/lemotdujour.fr\/?p=15792"},"modified":"2024-07-12T00:46:30","modified_gmt":"2024-07-11T22:46:30","slug":"vendredi-12-juillet-2024","status":"publish","type":"post","link":"https:\/\/lemotdujour.fr\/?p=15792","title":{"rendered":"Vendredi 12 juillet 2024"},"content":{"rendered":"<div class=\"mdjTexte\">\u00ab Gagner \u00bb<\/div>\n<div class=\"mdjAuteur\">Comment gagner ?<\/div>\n<p><span style=\"color: #777777; font-family: arial;\">Qui gagne ? <\/span><\/p>\n<p><span style=\"color: #777777; font-family: arial;\">Qui perd ? <\/span><\/p>\n<p><span style=\"color: #777777; font-family: arial;\">Jean-Luc Melenchon affirme que le Nouveau Front populaire a gagn\u00e9 et, qu\u2019\u00e0 l\u2019int\u00e9rieur du NFP, son parti a gagn\u00e9 . <\/span><\/p>\n<p><span style=\"color: #777777; font-family: arial;\">Il en conclut que c\u2019est au sein du parti le plus \u00e0 gauche de l\u2019\u00e9chiquier politique qu\u2019il faut d\u00e9signer le premier ministre. Et avec tout cela, il veut appliquer son programme, tout son programme.<br \/>\nLa secr\u00e9taire g\u00e9n\u00e9rale de la CGT Sophie Binet <a href=\"https:\/\/www.liberation.fr\/economie\/social\/sophie-binet-emmanuel-macron-veut-nous-voler-la-victoire-20240709_V5EQ64AE3FDYNK5GV7WRERLONY\/?redirected=1\"><span style=\"color: #0000ff;\">s\u2019insurge<\/span><\/a>\u00a0 <\/span><\/p>\n<p style=\"margin-left: 28pt;\"><span style=\"color: #c00000; font-family: arial;\">\u00ab Emmanuel Macron veut nous voler la victoire ! \u00bb.<\/span><\/p>\n<p><span style=\"color: #777777; font-family: arial;\"><img loading=\"lazy\" decoding=\"async\" class=\"alignnone size-full wp-image-15797\" src=\"https:\/\/lemotdujour.fr\/wp-content\/uploads\/2024\/07\/Hemicyle-2024.jpg\" alt=\"\" width=\"923\" height=\"459\" srcset=\"https:\/\/lemotdujour.fr\/wp-content\/uploads\/2024\/07\/Hemicyle-2024.jpg 923w, https:\/\/lemotdujour.fr\/wp-content\/uploads\/2024\/07\/Hemicyle-2024-300x149.jpg 300w, https:\/\/lemotdujour.fr\/wp-content\/uploads\/2024\/07\/Hemicyle-2024-768x382.jpg 768w\" sizes=\"auto, (max-width: 923px) 100vw, 923px\" \/>D\u2019autres pensent que c\u2019est le Rassemblement National qui a gagn\u00e9.<br \/>\nD\u2019abord au premier tour comme au second, c\u2019est ce bloc d\u2019extr\u00eame droite qui a a obtenu le plus de voix.<br \/>\nEnsuite \u00e0 l\u2019int\u00e9rieur de l\u2019h\u00e9micycle, si on s\u2019int\u00e9resse aux groupes politiques, c\u2019est \u00e0 dire aux d\u00e9put\u00e9s qui ont suffisamment de convergence pour accepter de si\u00e9ger dans un ensemble homog\u00e8ne et identifi\u00e9 au Parlement, le RN est nettement le premier groupe.<br \/>\nEn outre,\u00a0 sa progression entre la l\u00e9gislature pr\u00e9c\u00e9dente et celle d\u2019aujourd\u2019hui est la plus importante de toutes les formations.<\/span><\/p>\n<p><span style=\"color: #777777; font-family: arial;\">Il existe aussi des hommes politiques comme <a href=\"https:\/\/www.lepoint.fr\/politique\/retailleau-macron-a-confondu-l-autorite-et-le-narcissisme-17-04-2021-2422549_20.php\"><span style=\"color: #0000ff;\">Bruno Retailleau<\/span><\/a>\u00a0 qui pr\u00e9tendent que c\u2019est \u00ab la Droite \u00bb qui a gagn\u00e9 et qu\u2019il est impossible de nommer un premier ministre de gauche :<\/span><\/p>\n<p style=\"margin-left: 28pt;\"><span style=\"color: #c00000; font-family: arial;\">\u00ab Notre pays est majoritairement \u00e0 droite ! \u00bb<\/span><\/p>\n<p><span style=\"color: #777777; font-family: arial;\">Personne ne s\u2019aventure \u00e0 dire qu\u2019Ensemble, les formations politiques qui, avant la dissolution, formaient la majorit\u00e9 pr\u00e9sidentielle,\u00a0 a gagn\u00e9. Il y a des limites \u00e0 l\u2019outrance. Toutefois, le pr\u00e9sident de la r\u00e9publique pour quelques mois encore, au maximum 34, a \u00e9crit <a href=\"https:\/\/www.elysee.fr\/emmanuel-macron\/2024\/07\/10\/lettre-du-president-emmanuel-macron-aux-francais\"><span style=\"color: #0000ff;\">une lettre le 10 juillet<\/span><\/a>, dans laquelle on trouve cette phrase : <\/span><\/p>\n<p style=\"margin-left: 28pt;\"><span style=\"color: #c00000; font-family: arial;\">\u00ab Personne ne l\u2019a emport\u00e9. \u00bb<\/span><\/p>\n<p><span style=\"color: #777777; font-family: arial;\">Et, avec tous ces braves gens comment est-il possible de gouverner la France ? <\/span><\/p>\n<p><span style=\"color: #777777; font-family: arial;\">Emmanuel Macron, Marine Le Pen, Jean-Luc Melenchon et quelques autres sont fondamentalement des autocrates, des bonapartistes, non des d\u00e9mocrates.<br \/>\nIl consid\u00e8re qu\u2019il faut un processus de d\u00e9signation d\u2019un vainqueur, selon des m\u00e9thodes quelconques.<\/span><\/p>\n<p><span style=\"color: #777777; font-family: arial;\">Le fait que des \u00e9lecteurs votent pour leur parti pour \u00e9viter une catastrophe plus grande, sans partager leurs options politiques fait partie de ces m\u00e9thodes. Une fois \u00ab ce truc de prestidigitateur \u00bb ayant donn\u00e9 un r\u00e9sultat, celui qui est premier pense pouvoir gouverner \u00e0 sa guise, sans tenir compte des autres. Les institutions de la cinqui\u00e8me r\u00e9publique donne d\u2019ailleurs quelques outils pour ce faire.<\/span><\/p>\n<p><span style=\"color: #777777; font-family: arial;\">Dans sa lettre du 10 juillet, Emmanuel Macron, exprime des r\u00e9ticences par rapport \u00e0 cette m\u00e9thode. Le probl\u00e8me c\u2019est qu\u2019il l\u2019a appliqu\u00e9e depuis 2022, alors que lui aussi n\u2019avait pas gagn\u00e9 les l\u00e9gislatives, sa majorit\u00e9 pr\u00e9sidentielle \u00e9tait seulement le groupe le plus important de l\u2019Assembl\u00e9e.<\/span><\/p>\n<p><span style=\"color: #777777; font-family: arial;\">Que ferait des d\u00e9mocrates ?<\/span><\/p>\n<p><span style=\"color: #777777; font-family: arial;\">Les diff\u00e9rents groupes se r\u00e9uniraient pour discuter d\u2019un programme. Non pas pour choisir dans une liste de distribution de gratification,\u00a0 mais pour r\u00e9pondre \u00e0\u00a0 des questions :<\/span><\/p>\n<ul>\n<li>Comment envisagez vous la dette de la France ?<\/li>\n<li>Que pensez vous qu\u2019on puisse faire pour le pouvoir d\u2019achat des fran\u00e7ais ?<\/li>\n<li>Quel est votre plan pour affronter le d\u00e9fi climatique et \u00e9cologique ?<\/li>\n<li>Quel est votre plan \u00e9nerg\u00e9tique, sur les \u00e9nergies renouvelables, sur le nucl\u00e9aire ?<\/li>\n<li>Que pensez vous faire pour la r\u00e9industrialisation de la France et l\u2019attractivit\u00e9 du territoire ?<\/li>\n<li>Quelle est votre politique europ\u00e9enne ?<\/li>\n<li>Quelle est votre position sur la guerre en Ukraine ? et \u00e0 Gaza ? Quelle est votre position sur le budget de la d\u00e9fense ? Quelle est votre vision par rapport \u00e0 l\u2019OTAN ?<\/li>\n<li>Que proposez vous pour diminuer les tensions \u00e0 l\u2019int\u00e9rieur de la soci\u00e9t\u00e9 fran\u00e7aise ? Comment peut on rendre l\u2019immigration compatible avec les craintes des fran\u00e7ais ? Quelle est votre mod\u00e8le r\u00e9publicain et votre conception de la la\u00efcit\u00e9 ?<\/li>\n<li>Quelle est votre position sur la demande de s\u00e9curit\u00e9 des fran\u00e7ais ?<\/li>\n<li>Consid\u00e9rez vous qu\u2019il existe un sujet d\u2019ins\u00e9curit\u00e9 culturelle des fran\u00e7ais ou cette question est-elle en dehors de votre analyse ?<\/li>\n<\/ul>\n<p><span style=\"color: #777777; font-family: arial;\">On pourrait continuer et notamment parler du scrutin proportionnel qui constitue, dans l\u2019\u00e9tat actuel des choses, une arme efficace contre les autocrates.<\/span><\/p>\n<p><span style=\"color: #777777; font-family: arial;\">Qui a gagn\u00e9 ? Qui a perdu ?<\/span><\/p>\n<p><span style=\"color: #777777; font-family: arial;\">Peut \u00eatre faut il poser la question autrement comment gagne t\u2019on vraiment ?<\/span><\/p>\n<p><span style=\"color: #777777; font-family: arial;\">Et comment perd t\u2019on dignement. ?<\/span><\/p>\n<p><span style=\"color: #777777; font-family: arial;\">Pour donner une piste, je voudrai \u00e9voquer un \u00e9pisode sportif.<\/span><\/p>\n<p><a href=\"https:\/\/www.ouest-france.fr\/europe\/espagne\/video-une-belle-histoire-de-fair-play-lors-dune-course-pied-393372\"><span style=\"color: #0000ff;\">Le 2 d\u00e9cembre 2012<\/span>,<\/a> <span style=\"color: #777777; font-family: arial;\">une \u00e9preuve de cross-country se d\u00e9roulait \u00e0 Burlada, en Espagne.<\/span><\/p>\n<p><span style=\"color: #777777; font-family: arial;\"><img loading=\"lazy\" decoding=\"async\" class=\" wp-image-15794 alignleft\" src=\"https:\/\/lemotdujour.fr\/wp-content\/uploads\/2024\/07\/Lespagnol-qui-ne-veut-pas-gagner-par-erreur.jpg\" alt=\"\" width=\"320\" height=\"322\" srcset=\"https:\/\/lemotdujour.fr\/wp-content\/uploads\/2024\/07\/Lespagnol-qui-ne-veut-pas-gagner-par-erreur.jpg 535w, https:\/\/lemotdujour.fr\/wp-content\/uploads\/2024\/07\/Lespagnol-qui-ne-veut-pas-gagner-par-erreur-298x300.jpg 298w, https:\/\/lemotdujour.fr\/wp-content\/uploads\/2024\/07\/Lespagnol-qui-ne-veut-pas-gagner-par-erreur-150x150.jpg 150w, https:\/\/lemotdujour.fr\/wp-content\/uploads\/2024\/07\/Lespagnol-qui-ne-veut-pas-gagner-par-erreur-230x230.jpg 230w\" sizes=\"auto, (max-width: 320px) 100vw, 320px\" \/>Le premier de la course, le Kenyan Abel Mutai (m\u00e9daill\u00e9 de bronze du 3 000m steeple cet \u00e9t\u00e9 aux JO de Londres), s\u2019appr\u00eate \u00e0 remporter la course. Pensant avoir franchi la ligne, il coupe sa foul\u00e9e et regarde son chronom\u00e8tre\u2026 Seulement, il s\u2019est tromp\u00e9, et la ligne d\u2019arriv\u00e9e r\u00e9elle est \u00e0 quelques dizaines de m\u00e8tres.<\/span><\/p>\n<p><span style=\"color: #777777; font-family: arial;\">Derri\u00e8re lui, l\u2019Espagnol Ivan Fernandez Anaya arrive en pleine lanc\u00e9e. Il s\u2019aper\u00e7oit imm\u00e9diatement de la m\u00e9prise de Mutai, et lui fait signe que la ligne est plus loin. Il essaye de dire\u00a0 au Kenyan de continuer \u00e0 courir.<\/span><\/p>\n<p><span style=\"color: #777777; font-family: arial;\">Mutai ne connaissait pas l&rsquo;espagnol et ne comprenait pas. Alors Fernandez a pouss\u00e9 Mutai \u00e0 la victoire. A ceux qui lui ont demand\u00e9 pourquoi il a fait cela, Ivan Fernandez Anaya a d\u00e9clar\u00e9 qu\u2019il ne m\u00e9ritait pas de gagner, car il n\u2019aurait jamais pu rattraper Abel Mutai sans son erreur.<\/span><\/p>\n<p><span style=\"color: #777777; font-family: arial;\">Ivan Fernandez Anaya, 24 ans, a \u00e9t\u00e9 champion d\u2019Espagne espoirs du 5 000 m\u00e8tres en 2010.<\/span><\/p>\n<p><span style=\"color: #777777; font-family: arial;\">On trouve sur les r\u00e9seaux sociaux cette belle histoire avec des photos erron\u00e9es ou des r\u00e9flexions pleines de sagesse qui aurait \u00e9t\u00e9 prononc\u00e9es par l\u2019espagnol et qui ne sont pas exactes.<\/span><\/p>\n<p><span style=\"color: #777777; font-family: arial;\">L\u2019histoire montre simplement un homme qui a une \u00e9thique et qui se pose la question : Comment gagne- t-on ? Je crois que c\u2019est une bonne question.<\/span><\/p>\n","protected":false},"excerpt":{"rendered":"<p>\u00ab Gagner \u00bb Comment gagner ? Qui gagne ? Qui perd ? Jean-Luc Melenchon affirme que le Nouveau Front populaire a gagn\u00e9 et, qu\u2019\u00e0 l\u2019int\u00e9rieur du NFP, son parti a gagn\u00e9 . Il en conclut que c\u2019est au sein du<\/p>\n","protected":false},"author":1,"featured_media":0,"comment_status":"open","ping_status":"closed","sticky":false,"template":"","format":"standard","meta":{"footnotes":""},"categories":[1],"tags":[141,15,3],"class_list":["post-15792","post","type-post","status-publish","format-standard","hentry","category-motdujour","tag-elections","tag-france","tag-politique"],"_links":{"self":[{"href":"https:\/\/lemotdujour.fr\/index.php?rest_route=\/wp\/v2\/posts\/15792","targetHints":{"allow":["GET"]}}],"collection":[{"href":"https:\/\/lemotdujour.fr\/index.php?rest_route=\/wp\/v2\/posts"}],"about":[{"href":"https:\/\/lemotdujour.fr\/index.php?rest_route=\/wp\/v2\/types\/post"}],"author":[{"embeddable":true,"href":"https:\/\/lemotdujour.fr\/index.php?rest_route=\/wp\/v2\/users\/1"}],"replies":[{"embeddable":true,"href":"https:\/\/lemotdujour.fr\/index.php?rest_route=%2Fwp%2Fv2%2Fcomments&post=15792"}],"version-history":[{"count":5,"href":"https:\/\/lemotdujour.fr\/index.php?rest_route=\/wp\/v2\/posts\/15792\/revisions"}],"predecessor-version":[{"id":15801,"href":"https:\/\/lemotdujour.fr\/index.php?rest_route=\/wp\/v2\/posts\/15792\/revisions\/15801"}],"wp:attachment":[{"href":"https:\/\/lemotdujour.fr\/index.php?rest_route=%2Fwp%2Fv2%2Fmedia&parent=15792"}],"wp:term":[{"taxonomy":"category","embeddable":true,"href":"https:\/\/lemotdujour.fr\/index.php?rest_route=%2Fwp%2Fv2%2Fcategories&post=15792"},{"taxonomy":"post_tag","embeddable":true,"href":"https:\/\/lemotdujour.fr\/index.php?rest_route=%2Fwp%2Fv2%2Ftags&post=15792"}],"curies":[{"name":"wp","href":"https:\/\/api.w.org\/{rel}","templated":true}]}}