{"id":1578,"date":"2016-01-19T01:00:00","date_gmt":"2016-01-18T22:00:00","guid":{"rendered":"http:\/\/lemotdujour.fr\/?p=1578"},"modified":"2017-05-08T13:42:05","modified_gmt":"2017-05-08T11:42:05","slug":"mardi-19-janvier-2016","status":"publish","type":"post","link":"https:\/\/lemotdujour.fr\/?p=1578","title":{"rendered":"Mardi 19 janvier 2016"},"content":{"rendered":"<div class=\"mdjDate\">Mardi 19 janvier 2016<\/div>\n<div class=\"mdjTexte\">\u00ab Avec ses start-up, la France devient la 1\u00e8re nation \u00e9trang\u00e8re du CES de Las Vegas \u00bb<\/div>\n<div class=\"mdjAuteur\">Article <a href=\"http:\/\/www.capital.fr\/bourse\/actualites\/avec-ses-start-up-la-france-devient-la-2eme-nation-etrangere-du-ces-de-las-vegas-1094838\">du site Capital.fr<\/a><\/div>\n<div class=\"mdjComplements\">Le CES de Las Vegas, c&rsquo;est \u00e0 dire le\u00a0 Consumer Electronics Show est le salon de r\u00e9f\u00e9rence en mati\u00e8re d\u2019\u00e9lectronique et de num\u00e9rique. Il fixe les tendances technologiques \u00e0 venir au niveau mondial<\/div>\n<div class=\"mdjComplements\">Il s&rsquo;est d\u00e9roul\u00e9 du 6 au 9 janvier et la France peut en tirer fiert\u00e9 car sur le podium des Etats ayant le plus de repr\u00e9sentants, la France occupe la deuxi\u00e8me place derri\u00e8re les intouchables Etats-Unis et devant Isra\u00ebl.<\/div>\n<div class=\"mdjComplements\">Capital nous apprend :\u00a0<strong>\u00ab<\/strong>Un \u00e9v\u00e9nement incontournable pour les entreprises fran\u00e7aises, qui vont constituer cette ann\u00e9e la 2\u00e8me d\u00e9l\u00e9gation derri\u00e8re les Etats-Unis (5\u00e8me en 2015). En effet, la France d\u00e9barque en force avec pas moins de 190 soci\u00e9t\u00e9s, soit 60% de plus qu\u2019en 2015. Surtout, 128 d\u2019entre elles sont des start-up, qui exposeront au sein d\u2019un espace d\u00e9di\u00e9, alors qu\u2019elles n\u2019\u00e9taient que 66 l\u2019an dernier. En 2016, un tiers des jeunes pousses pr\u00e9sentes au CES seront fran\u00e7aises. Cette explosion de la pr\u00e9sence fran\u00e7aise \u00e0 Las Vegas s\u2019explique principalement par le bon positionnement de nos entreprises dans un domaine en plein boom : les objets connect\u00e9s.<strong>\u00bb<\/strong><\/div>\n<div class=\"mdjComplements\">Les objets connect\u00e9s disposent de plusieurs sites pour comprendre \u00e0 quoi ils peuvent servir et les grandes tendances dans ce domaine : <\/div>\n<div class=\"mdjComplements\"><a href=\"http:\/\/webdesobjets.fr\/\">http:\/\/webdesobjets.fr\/<\/a><\/div>\n<div class=\"mdjComplements\"><a href=\"http:\/\/www.objetconnecte.net\/&quot; \\t &quot;_blank\">http:\/\/www.objetconnecte.net\/<\/a><\/div>\n<div class=\"mdjComplements\"><a href=\"http:\/\/webdesobjets.fr\/http:\/www.les-objets-connectes.fr\/http:\/www.objetconnecte.net\/\">Le Parisien nous apprend ainsi l&rsquo;arriv\u00e9e du bracelet anti-d\u00e9pression. :<\/a> \u00ab dans une France accro aux T\u00e9mesta, Valium, Xanax, Lexomil et autres pilules pour traiter l&rsquo;anxi\u00e9t\u00e9, trouver le sommeil ou lutter contre ses id\u00e9es noires, cet outil bourr\u00e9 de capteurs \u2014 dont l&rsquo;exp\u00e9rimentation va d\u00e9marrer ce mois de f\u00e9vrier \u2014 ouvre de nouveaux horizons pour bien diagnostiquer cette maladie souvent mal rep\u00e9r\u00e9e, et donc mal trait\u00e9e, qui frappe pr\u00e8s de 20 % de la population fran\u00e7aise.<\/div>\n<div class=\"mdjComplements\">\u00ab Ce bracelet vise \u00e0 donner l&rsquo;alerte quand la sant\u00e9 psychique flanche \u00bb, explique Philippe Nuss, psychiatre \u00e0 l&rsquo;h\u00f4pital Saint-Antoine (XIIe), qui va superviser l&rsquo;exp\u00e9rimentation. Tension art\u00e9rielle, temp\u00e9rature corporelle&#8230; les capteurs de ce bracelet \u2014 qu&rsquo;on pourra garder sous la douche \u2014 vont enregistrer quantit\u00e9 de donn\u00e9es physiologiques et comportementales. Pour donner, au final, un bel algorithme, une sorte de profil num\u00e9rique du patient.<\/div>\n<div class=\"mdjComplements\">En cas d&rsquo;anomalie, un sommeil d\u00e9grad\u00e9, une respiration plus courte, une peau plus acide, stop ! Le m\u00e9decin devra s&rsquo;interroger. Est-ce un simple coup de blues, trop de stress ? De la fatigue ? \u00ab Ce bracelet nous aidera \u00e0 faire le tri. Et si c&rsquo;est alarmant, cela permettra une meilleure prise en charge, assure Philippe Nuss. Cela peut aussi d\u00e9culpabiliser le patient, ajoute-t-il, car la d\u00e9pression, ce n&rsquo;est pas que dans la t\u00eate, elle engendre de vraies douleurs physiques. Aujourd&rsquo;hui, on sait que ce n&rsquo;est pas qu&rsquo;une simple histoire de neurotransmetteurs qui fonctionnent mal, de signaux chimiques perturb\u00e9s. En fait, plusieurs zones du cerveau sont concern\u00e9es et il y a une anomalie de distribution de l&rsquo;information entre elles. Ce bracelet permet de d\u00e9terminer \u00e0 quel type de d\u00e9pression on se trouve confront\u00e9 \u00bb, pr\u00e9cise-t-il.\u00bb<\/div>\n<div class=\"mdjComplements\">Si vous allez lire l&rsquo;article, vous pourrez aussi voir une vid\u00e9o de pr\u00e9sentation et un dessin humoristique o\u00f9 un homme qui n&rsquo;a pas l&rsquo;air en grande forme dit \u00abJ&rsquo;ai essay\u00e9 le bracelet qui d\u00e9tecte la d\u00e9pression &#8230;\u00bb et ajoute \u00abChaque fois que je regarde les indicateurs, \u00e7a me d\u00e9prime\u00bb. Je ne sais pas vous, mais pour ma part je pense que l&rsquo;on assiste peu \u00e0 peu au triomphe du docteur Knock, celui qui pr\u00e9tendait que tout homme en bonne sant\u00e9 \u00e9tait un malade qui s&rsquo;ignorait.<\/div>\n<div class=\"mdjComplements\">En attendant la France devient une vraie championne plan\u00e9taire des Start up.<\/div>\n<div class=\"mdjComplements\">C&rsquo;est l&rsquo;\u00e9mission de RTL : <a href=\"http:\/\/www.rtl.fr\/actu\/economie\/comment-paris-veut-devenir-la-silicon-valley-a-la-francaise-7781411905\">&lt;3 Minutes pour comprendre&gt;<\/a> qui m&rsquo;a appris\u00a0 que Xavier Niel, PDG de Free est \u00e0 l&rsquo;origine d&rsquo;un projet qui se passe dans le XIII\u00e8me arrondissement de Paris : \u00ab\u00a0la Halle Freyssinet\u00a0\u00bb. On y r\u00e9nove un ancien hall de la SNCF pour le transformer en un des plus grands incubateurs de start-ups au monde.\u00a0 34.000 m\u00e8tres carr\u00e9s d&rsquo;espace qui vont accueillir pr\u00e8s de 1.000 entreprises <\/div>\n<div class=\"mdjComplements\">\u00ab\u00a0Cela s&rsquo;ins\u00e8re dans un \u00e9cosyst\u00e8me parisien avec plein de start-ups diss\u00e9min\u00e9es un peu partout dans Paris qui marchent super bien et font d\u00e9j\u00e0 une grande partie de notre succ\u00e8s, explique Xavier Niel. On rajoute des briques suppl\u00e9mentaires \u00e0 ce succ\u00e8s et donner envie \u00e0 encore plus de jeunes \u00e0 cr\u00e9er leur propre entreprise et leur propre job.\u00a0\u00bb<\/div>\n<div class=\"mdjComplements\">Xavier Niel veut tout simplement cr\u00e9er la \u00ab\u00a0Silicon valley\u00a0\u00bb fran\u00e7aise. Ce nouvel immeuble se veut le vaisseau amiral de la modernit\u00e9. 200 millions d&rsquo;euros ont \u00e9t\u00e9 investis, dont 90 % proviennent du PDG de Free et les 10 % restants de la Caisse des d\u00e9p\u00f4ts. Selon la maire de Paris, Anne Hidalgo, ces coop\u00e9rations public\/priv\u00e9 sont n\u00e9cessaires pour l&rsquo;avenir de la capitale. \u00ab\u00a0Arriver \u00e0 conjuguer le g\u00e9nie la force l\u2019inventivit\u00e9 d&rsquo;entreprises, d&rsquo;architectes cr\u00e9ateurs du secteur priv\u00e9 avec le public, c&rsquo;est gagnant-gagnant, affirme-t-elle. Avec trois personnes par start-up, c&rsquo;est de l&rsquo;ordre de 3.000 emplois minimum.\u00a0\u00bb<\/div>\n<div class=\"mdjComplements\">Dans l&rsquo;enceinte, tout a \u00e9t\u00e9 fait pour sauvegarder l&rsquo;esprit du hall de gare. Tout est fait pour cr\u00e9er l&rsquo;\u00e9mulation comme l&rsquo;explique Nancy charg\u00e9e de projet sur le chantier. \u00ab\u00a0On l&rsquo;a con\u00e7u de fa\u00e7on \u00e0 privil\u00e9gier les rencontres et les accidents heureux, les \u00e9changes\u00a0\u00bb, souligne-t-elle. Pour le moment, les ouvriers sont encore \u00e0 l&rsquo;\u0153uvre et laisseront bient\u00f4t place aux mille start-ups pour l&rsquo;inauguration pr\u00e9vue d&rsquo;ici la fin de l&rsquo;ann\u00e9e.<\/div>\n<div class=\"mdjComplements\">Ce projet a un site Web : <a href=\"http:\/\/1000startups.fr\/\">http:\/\/1000startups.fr\/ <\/a>o\u00f9 d\u00e8s la page d\u2019accueil l&rsquo;ambition est d\u00e9voil\u00e9e : <strong>\u00ab<\/strong>Bienvenue dans le plus grand incubateur num\u00e9rique au monde.<strong>\u00bb<\/strong><\/div>\n<div class=\"mdjComplements\">La France sera t&rsquo;elle sauv\u00e9e par ses start-up ?<\/div>\n","protected":false},"excerpt":{"rendered":"<p>Mardi 19 janvier 2016 \u00ab Avec ses start-up, la France devient la 1\u00e8re nation \u00e9trang\u00e8re du CES de Las Vegas \u00bb Article du site Capital.fr Le CES de Las Vegas, c&rsquo;est \u00e0 dire le\u00a0 Consumer Electronics Show est le salon<\/p>\n","protected":false},"author":1,"featured_media":0,"comment_status":"closed","ping_status":"closed","sticky":false,"template":"","format":"standard","meta":{"footnotes":""},"categories":[1],"tags":[],"class_list":["post-1578","post","type-post","status-publish","format-standard","hentry","category-motdujour"],"_links":{"self":[{"href":"https:\/\/lemotdujour.fr\/index.php?rest_route=\/wp\/v2\/posts\/1578","targetHints":{"allow":["GET"]}}],"collection":[{"href":"https:\/\/lemotdujour.fr\/index.php?rest_route=\/wp\/v2\/posts"}],"about":[{"href":"https:\/\/lemotdujour.fr\/index.php?rest_route=\/wp\/v2\/types\/post"}],"author":[{"embeddable":true,"href":"https:\/\/lemotdujour.fr\/index.php?rest_route=\/wp\/v2\/users\/1"}],"replies":[{"embeddable":true,"href":"https:\/\/lemotdujour.fr\/index.php?rest_route=%2Fwp%2Fv2%2Fcomments&post=1578"}],"version-history":[{"count":1,"href":"https:\/\/lemotdujour.fr\/index.php?rest_route=\/wp\/v2\/posts\/1578\/revisions"}],"predecessor-version":[{"id":1579,"href":"https:\/\/lemotdujour.fr\/index.php?rest_route=\/wp\/v2\/posts\/1578\/revisions\/1579"}],"wp:attachment":[{"href":"https:\/\/lemotdujour.fr\/index.php?rest_route=%2Fwp%2Fv2%2Fmedia&parent=1578"}],"wp:term":[{"taxonomy":"category","embeddable":true,"href":"https:\/\/lemotdujour.fr\/index.php?rest_route=%2Fwp%2Fv2%2Fcategories&post=1578"},{"taxonomy":"post_tag","embeddable":true,"href":"https:\/\/lemotdujour.fr\/index.php?rest_route=%2Fwp%2Fv2%2Ftags&post=1578"}],"curies":[{"name":"wp","href":"https:\/\/api.w.org\/{rel}","templated":true}]}}