{"id":1576,"date":"2016-01-18T01:00:00","date_gmt":"2016-01-17T22:00:00","guid":{"rendered":"http:\/\/lemotdujour.fr\/?p=1576"},"modified":"2022-08-29T12:15:53","modified_gmt":"2022-08-29T10:15:53","slug":"lundi-18-janvier-2016","status":"publish","type":"post","link":"https:\/\/lemotdujour.fr\/?p=1576","title":{"rendered":"Lundi 18 janvier 2016"},"content":{"rendered":"<div class=\"mdjTexte\">\u00ab Daech va m&rsquo;arr\u00eater et me tuer [&#8230;] ils vont me d\u00e9capiter,<br \/>\nmais je garderai ma dignit\u00e9 car c&rsquo;est mieux que de vivre humili\u00e9e\u00bb<\/div>\n<div class=\"mdjAuteur\">Ruqia Hassan journaliste syrienne assassin\u00e9e par le califat<\/div>\n<p><span style=\"color: #777777; font-family: Arial;\">Elle s&rsquo;appelait <strong>Ruqia Hassan<\/strong>, elle avait 30 ans et \u00e9tait connue pour son franc parler contre les djihadistes de Raqqa.<br \/>\n<\/span><\/p>\n<p><span style=\"color: #777777; font-family: Arial;\">Depuis la fin de l&rsquo;\u00e9t\u00e9, elle est la cinqui\u00e8me journaliste syrienne (connue \u00e0 ce jour) tu\u00e9e par l&rsquo;organisation extr\u00e9miste dont elle d\u00e9non\u00e7ait quotidiennement les exactions \u2013 et selon certains, probablement la premi\u00e8re femme reporter assassin\u00e9e par Daech.<br \/>\n<\/span><\/p>\n<p><span style=\"color: #777777; font-family: Arial;\">D&rsquo;apr\u00e8s les t\u00e9moignages \u00e9manant des r\u00e9seaux sociaux, la jeune rebelle \u00e9tait une kurde syrienne de Raqqa, dipl\u00f4m\u00e9e de philosophie \u00e0 l&rsquo;Universit\u00e9 d&rsquo;Alep. Quand l&rsquo;organisation de \u00c9tat islamique imposa sa loi \u00e0 Raqqa, en 2014, cette r\u00e9volutionnaire anti-Assad de la premi\u00e8re heure avait refus\u00e9 de quitter sa ville.<br \/>\n<\/span><\/p>\n<p><span style=\"color: #777777; font-family: Arial;\">Sous le pseudonyme de \u00ab Nissan Ibrahim \u00bb, elle avait alors fait le courageux choix de raconter, notamment via Twitter et Facebook, le quotidien des habitants sous Daech. Sa mort remonte vraisemblablement \u00e0 septembre, mais la nouvelle de son assassinat n&rsquo;a commenc\u00e9 \u00e0 circuler que ce week-end [du 3 janvier 2016].<br \/>\n<\/span><\/p>\n<p><span style=\"color: #777777; font-family: Arial;\">Selon plusieurs media de l&rsquo;opposition syrienne en langue arabe, l&rsquo;EI aurait inform\u00e9, en fin de semaine derni\u00e8re, sa famille de son ex\u00e9cution pour \u00ab espionnage \u00bb.<br \/>\n<\/span><\/p>\n<p style=\"margin-left: 28pt;\"><span style=\"color: #c00000; font-family: Arial;\">\u00ab M\u00eame si la date exacte de sa mort demeure m\u00e9connue, l&rsquo;activit\u00e9 de Hassan sur les r\u00e9seaux sociaux s&rsquo;est brutalement interrompue le 21 juillet 2015. Entre juillet et d\u00e9cembre, Hassan a disparu de la ville de Raqqa. \u00bb,<br \/>\n<\/span><\/p>\n<p><span style=\"color: #777777; font-family: Arial;\">[\u2026] Sous son compte Twitter, Abu Mohammed \u2013 un internaute connu pour \u00eatre le fondateur du groupe \u00ab\u00a0Raqqa est \u00e9gorg\u00e9e en silence\u00a0\u00bb \u2013 a reproduit les derniers \u00e9crits que la jeune femme avait publi\u00e9s sur Facebook :<br \/>\n<\/span><\/p>\n<p style=\"margin-left: 28pt;\"><span style=\"color: #c00000; font-family: Arial;\">\u00abL\u00e0, je suis \u00e0 Raqqa. J&rsquo;ai re\u00e7u des menaces de mort. Et quand Daech va m&rsquo;arr\u00eater et me tuer, c&rsquo;est OK parce qu&rsquo;ils vont me d\u00e9capiter, mais je garderai ma dignit\u00e9 car c&rsquo;est mieux que de vivre humili\u00e9e par l&rsquo;EI\u00bb.<br \/>\n<\/span><\/p>\n<p><span style=\"color: #777777; font-family: Arial;\">C&rsquo;est le journal \u00ab\u00a0Le Figaro\u00a0\u00bb qui raconte cette histoire\u00a0:\u00a0<a href=\"https:\/\/www.lefigaro.fr\/international\/2016\/01\/06\/01003-20160106ARTFIG00133-ruqia-hassan-une-journaliste-executee-par-l-etat-islamique.php\"><span style=\"color: #0000ff;\">&lt;Ruqia Hassan une journaliste ex\u00e9cut\u00e9e par l&rsquo;\u00e9tat islamique&gt;<\/span><\/a><br \/>\n<\/span><\/p>\n<p><span style=\"color: #777777; font-family: Arial;\">Cette information vous a peut-\u00eatre \u00e9chapp\u00e9.<br \/>\n<\/span><\/p>\n<p><span style=\"color: #777777; font-family: Arial;\">Il est vrai qu&rsquo;elle \u00e9tait en comp\u00e9tition avec la comm\u00e9moration des attentats de Charlie et surtout de deux autres informations d&rsquo;une grande importance : Michel Platini a renonc\u00e9 \u00e0 se pr\u00e9senter \u00e0 la t\u00eate de la FIFA et Zinedine Zidane a \u00e9t\u00e9 nomm\u00e9 entra\u00eeneur du Real de Madrid.<br \/>\n<\/span><\/p>\n<p><span style=\"color: #777777; font-family: Arial;\">Mais cette information me conduit surtout \u00e0 deux r\u00e9flexions<br \/>\n<\/span><\/p>\n<p><span style=\"color: #777777; font-family: Arial;\">La premi\u00e8re est qu&rsquo;aujourd&rsquo;hui dans notre soci\u00e9t\u00e9, il apparait que la valeur supr\u00eame est la vie, la mort apparait comme un scandale. M\u00eame quand un militaire, dont la mort semble \u00eatre un risque du m\u00e9tier, meurt, toute la nation est fig\u00e9e et en compassion devant ce fait inacceptable !<br \/>\n<\/span><\/p>\n<p><span style=\"color: #777777; font-family: Arial;\">Un courant de pens\u00e9e occidentale, \u00ab\u00a0le transhumanisme\u00a0\u00bb soutenu par Google et d&rsquo;autres g\u00e9ants du Web tente m\u00eame de mettre fin \u00e0 la mort.<br \/>\n<\/span><\/p>\n<p><span style=\"color: #777777; font-family: Arial;\">Il n&rsquo;en a pas toujours \u00e9t\u00e9 ainsi dans notre civilisation.<br \/>\n<\/span><\/p>\n<p><img loading=\"lazy\" decoding=\"async\" class=\"alignleft\" src=\"https:\/\/lemotdujour.fr\/wp-content\/uploads\/2022\/08\/082922_0957_Lundixxmars1.jpg\" alt=\"\" width=\"387\" height=\"387\" align=\"left\" \/><span style=\"color: #777777; font-family: Arial;\">Et cette mani\u00e8re de penser n&rsquo;est pas g\u00e9n\u00e9ralis\u00e9e sur la plan\u00e8te. Aujourd&rsquo;hui des fous de Dieu, pour r\u00e9aliser les noirs desseins de leurs gourous, sacrifient leurs vies dans des attentats meurtriers. Mais, il existe aussi d&rsquo;autres femmes et hommes, parce qu&rsquo;ils croient en des valeurs sup\u00e9rieures qui acceptent de risquer leur vie et de la sacrifier. \u00ab\u00a0<span style=\"color: #c00000;\">Plut\u00f4t mourir que vivre humili\u00e9e<span style=\"color: #777777;\">\u00a0\u00bb.<br \/>\n<\/span><\/span><\/span><\/p>\n<p><span style=\"color: #777777; font-family: Arial;\">Tel \u00e9tait le cas de <strong>Ruqia Hassan<\/strong> qui voulait informer le Monde de ce qui se passe dans la capitale du califat auto-proclam\u00e9.<br \/>\n<\/span><\/p>\n<p><span style=\"color: #777777; font-family: Arial;\">La vie \u00e9tait certainement importante \u00e0 ces yeux, mais elle n&rsquo;\u00e9tait pas la valeur supr\u00eame.<br \/>\n<\/span><\/p>\n<p><span style=\"color: #777777; font-family: Arial;\">Ils existaient des valeurs qui m\u00e9ritaient qu&rsquo;on meure pour elles.<br \/>\n<\/span><\/p>\n<p><span style=\"color: #777777; font-family: Arial;\">La seconde est celle de comparer la vie et les actes de cette femme avec ceux de ces jeunes filles qui vivent dans le m\u00eame pays que nous et qui font exactement la d\u00e9marche inverse.<br \/>\n<\/span><\/p>\n<p><a href=\"http:\/\/www.lexpress.fr\/actualite\/societe\/l-inquietante-progression-du-nombre-de-femmes-parmi-les-djihadistes-francais_1751633.html\"><span style=\"font-family: Arial;\"><span style=\"color: #0000ff;\">L&rsquo;express nous apprend<\/span><\/span><\/a><span style=\"color: #777777; font-family: Arial;\"> qu&rsquo;\u00ab<span style=\"color: #c00000;\">un djihadiste fran\u00e7ais sur trois, sur le sol syrien ou irakien, est une femme. En effet, sur les 600 Fran\u00e7ais partis grossir les rangs de l&rsquo;organisation Etat Islamique, les services de renseignements tricolores recensaient 220 femmes en d\u00e9cembre 2015, contre 164 en septembre 2015. Leur part est pass\u00e9e de 10% du contingent fran\u00e7ais en 2013 \u00e0 35% fin 2015, toujours selon France Info. La part de femmes converties \u00e0 l&rsquo;islam parmi elles est aussi plus importante que celle des hommes convertis (un tiers contre un sixi\u00e8me).<span style=\"color: #777777;\"> \u00bb<br \/>\n<\/span><\/span><\/span><\/p>\n<p><span style=\"color: #777777; font-family: Arial;\">Bien s\u00fbr tout n&rsquo;est pas parfait dans notre pays, mais on y vit libre, surtout si on compare \u00e0 Raqqa, on est soign\u00e9 presque gratuitement quand on est malade, on peut dire \u00e0 peu pr\u00e8s ce que l&rsquo;on veut, on peut danser, chanter, boire de l&rsquo;alcool ou ne pas boire et tant de choses\u2026<br \/>\n<\/span><\/p>\n<p><span style=\"color: #777777; font-family: Arial;\">Et ces filles choisissent l&rsquo;asservissement, le r\u00f4le d&rsquo;\u00e9pouse soumise et reproductrice de m\u00e2les violents et psycho-rigides.<br \/>\n<\/span><\/p>\n<p><span style=\"color: #777777; font-family: Arial;\">Le plus simple et probablement le plus rassurant est de dire qu&rsquo;elles sont folles et d\u00e9s\u00e9quilibr\u00e9es.<br \/>\n<\/span><\/p>\n<p><span style=\"color: #777777; font-family: Arial;\">Comme il est rassurant, dans nos r\u00e9flexions, de consid\u00e9rer que<span style=\"color: #0000ff;\"><a style=\"color: #0000ff;\" href=\"http:\/\/www.sudouest.fr\/2016\/01\/11\/agression-d-un-enseignant-juif-a-marseille-l-adolescent-se-reclame-de-daesh-2239724-6093.php\"> le jeune adolescent de religion musulmane qui a attaqu\u00e9 et voulu tuer un autre homme qui portait la kippa<\/a><\/span> est un fou, un d\u00e9s\u00e9quilibr\u00e9.<br \/>\n<\/span><\/p>\n<p><span style=\"color: #777777; font-family: Arial;\">J&rsquo;ai peur que ces explications simples et \u00ab\u00a0occidentalement convenable\u00a0\u00bb ne suffisent pas \u00e0 analyser ces actes qui directement ou indirectement constituent des actes de sauvagerie et de destruction.<br \/>\n<\/span><\/p>\n<p><span style=\"color: #777777; font-family: Arial;\">Il existe bien des dogmes et des doctrines qui sont suffisamment attirantes aux yeux de ces jeunes pour les pousser \u00e0 emprunter les chemins de la violence et du chaos.<br \/>\n<\/span><\/p>\n<p><span style=\"color: #777777; font-family: Arial;\">Le nom et le destin de Ruqia Hassan sont tr\u00e8s pr\u00e9sents sur le Web. Voici quelques-uns des sites qui parlent de ce sujet :<br \/>\n<\/span><\/p>\n<p><span style=\"color: #0000ff;\"><a style=\"color: #0000ff;\" href=\"http:\/\/www.huffingtonpost.fr\/2016\/01\/07\/ruqia-hassan-femme-journaliste-execute-daech_n_8927572.html\"><span style=\"font-family: Arial;\">http:\/\/www.huffingtonpost.fr\/2016\/01\/07\/ruqia-hassan-femme-journaliste-execute-daech<\/span><\/a><span style=\"font-family: Arial;\"><br \/>\n<\/span><\/span><\/p>\n<p><span style=\"color: #0000ff;\"><a style=\"color: #0000ff;\" href=\"http:\/\/www.theguardian.com\/world\/2016\/jan\/13\/ruqia-hassan-killed-for-telling-truth-about-isis-facebook\"><span style=\"font-family: Arial;\">http:\/\/www.theguardian.com\/world\/2016\/jan\/13\/ruqia-hassan-killed-for-telling-truth-about-isis-facebook<\/span><\/a><span style=\"font-family: Arial;\"><br \/>\n<\/span><\/span><\/p>\n<p><span style=\"color: #0000ff;\"><a style=\"color: #0000ff;\" href=\"http:\/\/journaldesgrandesecoles.com\/la-jeune-journaliste-syrienne-ruqia-hassan-executee-par-daesh\/%22%20\/t%20%22_blank\"><span style=\"font-family: Arial;\">http:\/\/journaldesgrandesecoles.com\/la-jeune-journaliste-syrienne-ruqia-hassan-executee-par-daesh\/<\/span><\/a><span style=\"font-family: Arial;\"><br \/>\n<\/span><\/span><\/p>\n<p><span style=\"color: #0000ff;\"><a style=\"color: #0000ff;\" href=\"http:\/\/femmesdumaroc.com\/actualite\/daech-execute-la-journaliste-syrienne-ruqia-hassan-25411\"><span style=\"font-family: Arial;\">http:\/\/femmesdumaroc.com\/actualite\/daech-execute-la-journaliste-syrienne-ruqia-hassan-25411<\/span><\/a><span style=\"font-family: Arial;\"><br \/>\n<\/span><\/span><\/p>\n<p><span style=\"color: #0000ff;\"><a style=\"color: #0000ff;\" href=\"http:\/\/www.humanite.fr\/une-journaliste-kurde-assassinee-par-daech-594936\"><span style=\"font-family: Arial;\">http:\/\/www.humanite.fr\/une-journaliste-kurde-assassinee-par-daech-594936<\/span><\/a><\/span><span style=\"color: #777777; font-family: Arial;\"><br \/>\n<\/span><\/p>\n<p><span style=\"color: #777777; font-family: Arial;\">Pour finir ce mot du jour, je fais appel \u00e0 Camus et \u00e0 cet extrait de l&rsquo;homme r\u00e9volt\u00e9 :<br \/>\n<\/span><\/p>\n<p style=\"margin-left: 28pt;\"><span style=\"color: #c00000; font-family: Arial;\"><strong>\u00ab <\/strong>La mesure n&rsquo;est pas le contraire de la r\u00e9volte. C&rsquo;est la r\u00e9volte qui est la mesure, qui l&rsquo;ordonne, la d\u00e9fend et la recr\u00e9e \u00e0 travers l&rsquo;histoire et ses d\u00e9sordres. L&rsquo;origine m\u00eame de cette valeur nous garantit qu&rsquo;elle ne peut \u00eatre que d\u00e9chir\u00e9e. La mesure, n\u00e9e de la r\u00e9volte, ne peut se vivre que par la r\u00e9volte. Elle est un conflit constant, perp\u00e9tuellement suscit\u00e9 et ma\u00eetris\u00e9 par l&rsquo;intelligence. Elle ne triomphe ni de l&rsquo;impossible ni de l&rsquo;ab\u00eeme. Elle s&rsquo;\u00e9quilibre \u00e0 eux. Quoi que nous fassions, la d\u00e9mesure gardera toujours sa place dans le c\u0153ur de l&rsquo;homme, \u00e0 l&rsquo;endroit de la solitude. Nous portons tous en nous nos bagnes, nos crimes et nos ravages. Mais notre t\u00e2che n&rsquo;est pas de les d\u00e9cha\u00eener \u00e0 travers le monde ; elle est de les combattre en nous-m\u00eame et dans les autres.\u00bb<br \/>\n<\/span><\/p>\n<p><span style=\"color: #777777; font-family: Arial;\">Vous trouverez cette r\u00e9flexion ainsi que bien d&rsquo;autres sur cette magnifique page de France Culture o\u00f9 cette radio a fait appel \u00e0 ses formidables archives pour laisser parler des hommes de r\u00e9flexion et de sagesse -Castoriadis, Camus, Krishnamurti, Michaud et Baudrillard \u2013 :<br \/>\n<\/span><\/p>\n<p><span style=\"color: #0000ff;\"><a style=\"color: #0000ff;\" href=\"http:\/\/www.franceculture.fr\/2015-11-16-si-le-mal-etait-ce-qui-est-refoule-ce-serait-facile-jean-baudrillard-1990\"><span style=\"font-family: Arial;\">&lt;C&rsquo;est ici&gt;<\/span><\/a><\/span><span style=\"color: #777777; font-family: Arial;\"><br \/>\n<\/span><\/p>\n<p><span style=\"color: #777777; font-family: Arial;\">Nous portons tous en nous nos crimes et nos ravages. Mais notre t\u00e2che n&rsquo;est pas de les d\u00e9cha\u00eener \u00e0 travers le monde ; elle est de les combattre en nous-m\u00eame et dans les autres.<\/span><br \/>\n<span style=\"color: maroon; font-family: Arial;\">&lt;629&gt;<\/span><\/p>\n","protected":false},"excerpt":{"rendered":"<p>\u00ab Daech va m&rsquo;arr\u00eater et me tuer [&#8230;] ils vont me d\u00e9capiter, mais je garderai ma dignit\u00e9 car c&rsquo;est mieux que de vivre humili\u00e9e\u00bb Ruqia Hassan journaliste syrienne assassin\u00e9e par le califat Elle s&rsquo;appelait Ruqia Hassan, elle avait 30 ans<\/p>\n","protected":false},"author":1,"featured_media":0,"comment_status":"closed","ping_status":"closed","sticky":false,"template":"","format":"standard","meta":{"footnotes":""},"categories":[1],"tags":[86,41,224],"class_list":["post-1576","post","type-post","status-publish","format-standard","hentry","category-motdujour","tag-islam","tag-liberte","tag-syrie"],"_links":{"self":[{"href":"https:\/\/lemotdujour.fr\/index.php?rest_route=\/wp\/v2\/posts\/1576","targetHints":{"allow":["GET"]}}],"collection":[{"href":"https:\/\/lemotdujour.fr\/index.php?rest_route=\/wp\/v2\/posts"}],"about":[{"href":"https:\/\/lemotdujour.fr\/index.php?rest_route=\/wp\/v2\/types\/post"}],"author":[{"embeddable":true,"href":"https:\/\/lemotdujour.fr\/index.php?rest_route=\/wp\/v2\/users\/1"}],"replies":[{"embeddable":true,"href":"https:\/\/lemotdujour.fr\/index.php?rest_route=%2Fwp%2Fv2%2Fcomments&post=1576"}],"version-history":[{"count":8,"href":"https:\/\/lemotdujour.fr\/index.php?rest_route=\/wp\/v2\/posts\/1576\/revisions"}],"predecessor-version":[{"id":13881,"href":"https:\/\/lemotdujour.fr\/index.php?rest_route=\/wp\/v2\/posts\/1576\/revisions\/13881"}],"wp:attachment":[{"href":"https:\/\/lemotdujour.fr\/index.php?rest_route=%2Fwp%2Fv2%2Fmedia&parent=1576"}],"wp:term":[{"taxonomy":"category","embeddable":true,"href":"https:\/\/lemotdujour.fr\/index.php?rest_route=%2Fwp%2Fv2%2Fcategories&post=1576"},{"taxonomy":"post_tag","embeddable":true,"href":"https:\/\/lemotdujour.fr\/index.php?rest_route=%2Fwp%2Fv2%2Ftags&post=1576"}],"curies":[{"name":"wp","href":"https:\/\/api.w.org\/{rel}","templated":true}]}}