{"id":1574,"date":"2016-01-15T01:00:00","date_gmt":"2016-01-14T22:00:00","guid":{"rendered":"http:\/\/lemotdujour.fr\/?p=1574"},"modified":"2022-08-29T11:43:40","modified_gmt":"2022-08-29T09:43:40","slug":"vendredi-15-janvier-2016","status":"publish","type":"post","link":"https:\/\/lemotdujour.fr\/?p=1574","title":{"rendered":"Vendredi 15 Janvier 2016"},"content":{"rendered":"<div class=\"mdjTexte\">\u00abJ&rsquo;ai toujours \u00e9t\u00e9 orient\u00e9 par la modernit\u00e9\u00bb<\/div>\n<div class=\"mdjAuteur\">Pierre Boulez (1925-2016)<\/div>\n<p><span style=\"color: #777777; font-family: Arial;\">Pierre Boulez est mort le 5 janvier 2016.<br \/>\n<\/span><\/p>\n<p><img decoding=\"async\" class=\"alignleft\" src=\"https:\/\/lemotdujour.fr\/wp-content\/uploads\/2022\/08\/082922_0930_Lundixxmars1.jpg\" alt=\"\" align=\"left\"><span style=\"color: #777777; font-family: Arial;\">Ce d\u00e9but d&rsquo;ann\u00e9e a \u00e9t\u00e9 marqu\u00e9 par beaucoup de d\u00e9c\u00e8s d&rsquo;artistes c\u00e9l\u00e8bres. Cette accumulation a m\u00eame eu pour cons\u00e9quence que le compte twitter du pr\u00e9sident de la r\u00e9publique est devenu un journal d&rsquo;avis de d\u00e9c\u00e8s, \u00e0 force d&rsquo;hommages.<br \/>\n<\/span><\/p>\n<p><span style=\"color: #777777; font-family: Arial;\">Pour ma part, je ne saurai avoir un avis, un minimum original, que sur Pierre Boulez.<br \/>\n<\/span><\/p>\n<p><span style=\"color: #777777; font-family: Arial;\">Pour moi, c&rsquo;est d&rsquo;abord un souvenir de 1987, je venais d&rsquo;arriver \u00e0 Paris pour travailler au Minist\u00e8re des Finances.<br \/>\n<\/span><\/p>\n<p><span style=\"color: #777777; font-family: Arial;\">Je m&rsquo;\u00e9tais abonn\u00e9 aux concerts de l&rsquo;Orchestre de Paris, salle Pleyel.<br \/>\n<\/span><\/p>\n<p><span style=\"color: #777777; font-family: Arial;\">A mon premier concert,&nbsp;Daniel Barenboim dirigeait l&rsquo;orchestre. J&rsquo;\u00e9tais loin d&rsquo;\u00eatre convaincu, je ne trouvais pas l&rsquo;orchestre tr\u00e8s bon, ni d&rsquo;ailleurs l&rsquo;acoustique de Pleyel.<br \/>\n<\/span><\/p>\n<p><span style=\"color: #777777; font-family: Arial;\">Et puis, moins d&rsquo;une semaine plus tard, le m\u00eame orchestre, la m\u00eame salle et Boulez qui dirigeait Petrouchka de Stravinsky.<br \/>\n<\/span><\/p>\n<p><span style=\"color: #777777; font-family: Arial;\">Je me souviens d&rsquo;\u00eatre all\u00e9 \u00e0 ce concert tr\u00e8s fatigu\u00e9 et ma crainte de m&rsquo;endormir. D\u00e8s les premi\u00e8res mesures j&rsquo;ai \u00e9t\u00e9 subjugu\u00e9, un orchestre fabuleux, pr\u00e9cis, dont le son remplissait la salle. Une exp\u00e9rience unique.<br \/>\n<\/span><\/p>\n<p><span style=\"color: #777777; font-family: Arial;\">Mon fr\u00e8re qui avait jou\u00e9 sous sa direction \u00e0 l&rsquo;Op\u00e9ra de Paris, m&rsquo;avait confi\u00e9 que l&rsquo;Orchestre de l&rsquo;Op\u00e9ra avait r\u00e9p\u00e9t\u00e9 et jou\u00e9 le sacre du printemps de Stravinski avec lui. Exp\u00e9rience remarquable, mais c&rsquo;est surtout la suite qui est int\u00e9ressante :<br \/>\n<\/span><\/p>\n<p style=\"margin-left: 28pt;\"><span style=\"color: #c00000; font-family: Arial;\">\u00ab&nbsp;Lorsque nous jouions, par la suite, le sacre avec un autre chef, il n&rsquo;arrivait pas \u00e0 nous faire jouer le sacre autrement que de la fa\u00e7on avec laquelle Boulez nous avait appris \u00e0 l&rsquo;interpr\u00e9ter.&nbsp;\u00bb<br \/>\n<\/span><\/p>\n<p><span style=\"color: #777777; font-family: Arial;\">C&rsquo;est justement par l&rsquo;interpr\u00e9tation du Sacre du Printemps de Stravinsky que Pierre Boulez fut d\u00e9couvert par le Tout-Paris m\u00e9lomane. C&rsquo;est \u00e0 lui qu&rsquo;il fut demand\u00e9, le 18 juin 1963, de diriger cette \u0153uvre au Th\u00e9\u00e2tre des Champs Elys\u00e9es avec l&rsquo;Orchestre National de l&rsquo;ORTF.<br \/>\n<\/span><\/p>\n<p><span style=\"color: #777777; font-family: Arial;\"><img loading=\"lazy\" decoding=\"async\" class=\"size-full wp-image-13864 alignright\" src=\"https:\/\/lemotdujour.fr\/wp-content\/uploads\/2016\/01\/pierre_boulez3.jpg\" alt=\"\" width=\"324\" height=\"450\" srcset=\"https:\/\/lemotdujour.fr\/wp-content\/uploads\/2016\/01\/pierre_boulez3.jpg 324w, https:\/\/lemotdujour.fr\/wp-content\/uploads\/2016\/01\/pierre_boulez3-216x300.jpg 216w\" sizes=\"auto, (max-width: 324px) 100vw, 324px\" \/>Le critique musical du Monde <strong>Jacques Lonchampt<\/strong> \u00e9crivit alors cet article dithyrambique : &lt;<a href=\"https:\/\/www.lemonde.fr\/archives\/article\/1963\/06\/22\/un-grand-chef-d-orchestre-pierre-boulez_2232475_1819218.html\"><span style=\"color: #0000ff;\">Un grand chef d&rsquo;orchestre : Pierre Boulez<\/span><\/a> &gt;<br \/>\n<\/span><\/p>\n<p style=\"margin-left: 28pt;\"><span style=\"color: #c00000; font-family: Arial;\">\u00ab&nbsp;Quel beau spectacle nous a donn\u00e9 Boulez ! Tr\u00e8s droit, ramass\u00e9 sur lui-m\u00eame, toujours pr\u00eat \u00e0 bondir mais dompt\u00e9, la t\u00eate vigoureuse un peu \u00e9cras\u00e9e sur l&rsquo;encolure, il dirige sans baguette avec des gestes d&rsquo;une puret\u00e9 vraiment lumineuse, non pas en p\u00e9trisseur de glaise, mais avec une sorte de perfection, comme un vol d&rsquo;oiseau dans ses vastes mouvements planants ou ses plus fines arabesques. Les doigts sont expressifs comme dans une \u00e9tude de Durer ou de L\u00e9onard, et tant\u00f4t s&rsquo;\u00e9cartent en d\u00e9grad\u00e9, le pouce et l&rsquo;index se touchant en forme d&rsquo;anneau, tant\u00f4t se rassemblant, la main tr\u00e8s droite, coupante \u00e0 la verticale, ou bien \u00e0 l&rsquo;horizontale pacifiante et protectrice.<br \/>\n<\/span><\/p>\n<p style=\"margin-left: 28pt;\"><span style=\"color: #c00000; font-family: Arial;\">En tout cela, pas l&rsquo;ombre de contorsion, de cabotinage ou de recherche de l&rsquo;effet ; c&rsquo;est la beaut\u00e9 ferme du geste parfaitement harmonis\u00e9 \u00e0 sa fonction. La magie de l&rsquo;art de Boulez est une po\u00e9sie de l&rsquo;exactitude, inform\u00e9e par une science extr\u00eame et une extr\u00eame sensibilit\u00e9, o\u00f9 la subtilit\u00e9 et la force de la polyrythmie, les progressions et les ruptures dynamiques, et au supr\u00eame degr\u00e9 l&rsquo;\u00e9quilibre et le m\u00e9lange des timbres, se recomposent comme par miracle dans une vision tant\u00f4t apollinienne, tant\u00f4t dionysiaque, et toujours vivante.&nbsp;\u00bb<br \/>\n<\/span><\/p>\n<p><span style=\"color: #777777; font-family: Arial;\">Tel \u00e9tait Pierre Boulez un homme avec une autorit\u00e9 et une personnalit\u00e9 hors norme.<br \/>\n<\/span><\/p>\n<p><span style=\"color: #777777; font-family: Arial;\">Un extraordinaire interpr\u00e8te de Stravinsky, de Bartok, de la nouvelle \u00e9cole de Vienne, de Debussy, de Ravel et aussi de Wagner et de Mahler.<br \/>\n<\/span><\/p>\n<p><span style=\"color: #777777; font-family: Arial;\">Mais comme Gustav Mahler, ce n&rsquo;est pas cet aspect de son art qui lui \u00e9tait le plus cher.<br \/>\n<\/span><\/p>\n<p><span style=\"color: #777777; font-family: Arial;\">Lui se vivait, avant tout, comme compositeur, un compositeur \u00e0 la pointe de la modernit\u00e9. L&rsquo;exergue du mot du jour est cit\u00e9 par&nbsp;<a href=\"http:\/\/www.franceculture.fr\/2016-01-06-pierre-boulez-j-ai-toujours-ete-oriente-par-la-modernite\">&lt;<span style=\"color: #0000ff;\">Par le site de France Culture<\/span>&gt;<\/a><br \/>\n<\/span><\/p>\n<p><span style=\"color: #777777; font-family: Arial;\">Il \u00e9tait n\u00e9 \u00e0 Monbrison \u00e0 40 km de Saint Etienne et \u00e0 100 km de Lyon.<br \/>\n<\/span><\/p>\n<p><span style=\"color: #777777; font-family: Arial;\">Il \u00e9tait entr\u00e9 en math\u00e9matiques sup\u00e9rieures aux Lazaristes de Lyon, mais avait rapidement quitt\u00e9 cette voie pour aller apprendre la musique \u00e0 Paris. Et dans la musique qu&rsquo;il a d\u00e9fendu et cr\u00e9\u00e9, les math\u00e9matiques n&rsquo;\u00e9taient jamais tr\u00e8s loin.<br \/>\n<\/span><\/p>\n<p><span style=\"color: #777777; font-family: Arial;\"><img loading=\"lazy\" decoding=\"async\" class=\"size-full wp-image-13865 alignleft\" src=\"https:\/\/lemotdujour.fr\/wp-content\/uploads\/2016\/01\/pierre_boulez2.jpg\" alt=\"\" width=\"280\" height=\"320\" srcset=\"https:\/\/lemotdujour.fr\/wp-content\/uploads\/2016\/01\/pierre_boulez2.jpg 280w, https:\/\/lemotdujour.fr\/wp-content\/uploads\/2016\/01\/pierre_boulez2-263x300.jpg 263w\" sizes=\"auto, (max-width: 280px) 100vw, 280px\" \/>Il a \u00e9t\u00e9 dans un courant musical dont il est devenu le chef de file. Pour ces compositeurs, les math\u00e9matiques, l&rsquo;intellect, les exp\u00e9riences sonores \u00e9taient premiers.<br \/>\n<\/span><\/p>\n<p><span style=\"color: #777777; font-family: Arial;\">Et ces gens-l\u00e0, dont Boulez consid\u00e9raient que tous ceux qui n&rsquo;\u00e9taient pas dans cette r\u00e9flexion et dans cette recherche \u00e9taient dans l&rsquo;erreur.<br \/>\n<\/span><\/p>\n<p><span style=\"color: #777777; font-family: Arial;\">Ainsi Boulez n&rsquo;a jamais interpr\u00e9t\u00e9 ni dit des choses positives sur les deux compositeurs que je consid\u00e8re comme les plus grands du XX\u00e8me si\u00e8cle \u00e0 savoir Benjamin Britten et Dimitri Chostakovitch.<br \/>\n<\/span><\/p>\n<p><span style=\"color: #777777; font-family: Arial;\">Par exemple en 1989, Pierre Boulez d\u00e9clarait (dans des propos recueillis par la revue Diapason) :<br \/>\n<\/span><\/p>\n<p style=\"margin-left: 28pt;\"><span style=\"color: #c00000; font-family: Arial;\">\u00ab&nbsp;Quant \u00e0 Chostakovitch, l&rsquo;ombre de Mahler p\u00e8se lourdement sur lui, ce qui n&rsquo;arrange rien. Je ne pense pas du tout qu&rsquo;il y ait actuellement n\u00e9cessit\u00e9 d&rsquo;un retour vers la tonalit\u00e9. Faire du pseudo-Mahler, est-ce bien n\u00e9cessaire ? Ce qui est fait et bien fait, pourquoi le refaire dans l&rsquo;inactualit\u00e9 et l&rsquo;amoindrissement ?&nbsp;\u00bb.<br \/>\n<\/span><\/p>\n<p><span style=\"color: #777777; font-family: Arial;\">Et m\u00eame la musique de son ma\u00eetre Messiaen ne trouvait pas gr\u00e2ce \u00e0 ses oreilles, il a trait\u00e9 sa <em>Turangal\u00eela<\/em>\u2013<em>Symphonie<\/em> (1946-1948) de \u00ab&nbsp;<span style=\"color: #c00000;\">musique de bordel<span style=\"color: #777777;\">&nbsp;\u00bb.<br \/>\n<\/span><\/span><\/span><\/p>\n<p><span style=\"color: #777777; font-family: Arial;\">Messiaen qui \u00e9tait un homme plus bienveillant a dit de lui :<br \/>\n<\/span><\/p>\n<p style=\"margin-left: 28pt;\"><span style=\"color: #c00000; font-family: Arial;\">\u00ab&nbsp;Lorsqu&rsquo;il entra dans la classe pour la premi\u00e8re fois, il \u00e9tait tr\u00e8s gentil. Mais il devint bient\u00f4t en col\u00e8re contre le monde entier.&nbsp;\u00bb<br \/>\n<\/span><\/p>\n<p><span style=\"color: #777777; font-family: Arial;\">Il d\u00e9testait aussi le compositeur Andr\u00e9 Jolivet, <a href=\"http:\/\/tempsreel.nouvelobs.com\/culture\/20160106.OBS2319\/mes-souvenirs-de-pierre-boulez-petite-note-par-petite-note.html\">&lt;<span style=\"color: #0000ff;\">Jacques Drillon rapporte<\/span>&gt;<\/a> que son ire d\u00e9bordait m\u00eame sur la femme de ce compositeur \u00e0 qui il a dit :<br \/>\n<\/span><\/p>\n<p style=\"margin-left: 28pt;\"><span style=\"color: #c00000; font-family: Arial;\">\u00ab&nbsp;Madame, avec un chapeau comme le v\u00f4tre, on ne parle pas, on p\u00e8te.&nbsp;\u00bb<br \/>\n<\/span><\/p>\n<p><span style=\"color: #777777; font-family: Arial;\">Le m\u00eame Drillon raconte aussi son humour : ainsi le percussionniste de son ensemble<strong>,<\/strong> arriv\u00e9 en retard \u00e0 la r\u00e9p\u00e9tition parce qu&rsquo;il ne s&rsquo;\u00e9tait pas r\u00e9veill\u00e9, donne son premier coup de timbale, et cr\u00e8ve la peau de l&rsquo;instrument. Boulez&nbsp;:<br \/>\n<\/span><\/p>\n<p style=\"margin-left: 28pt;\"><span style=\"color: #c00000; font-family: Arial;\">\u00ab&nbsp;Si je comprends bien, toi, tu n&rsquo;as pas le sommeil r\u00e9parateur&nbsp;!&nbsp;\u00bb<br \/>\n<\/span><\/p>\n<p><span style=\"color: #777777; font-family: Arial;\">Il avait synth\u00e9tis\u00e9 son attitude en affirmant :<a href=\"http:\/\/www.lefigaro.fr\/musique\/2016\/01\/06\/03006-20160106ARTFIG00207-pierre-boulez-l-homme-qui-preferait-la-polemique-a-la-politesse.php\">&nbsp;<span style=\"color: #0000ff;\">\u00abpr\u00e9f\u00e9rer une bonne pol\u00e9mique avec les \u00e9p\u00e9es et les sabres qu&rsquo;une esp\u00e8ce de politesse de convenance\u00bb<\/span><\/a><br \/>\n<\/span><\/p>\n<p><span style=\"color: #777777; font-family: Arial;\">C&rsquo;\u00e9tait ainsi un pol\u00e9miste qui pouvait traiter les autres avec un souverain m\u00e9pris, ce qui lui a cr\u00e9\u00e9 bien des inimiti\u00e9s.<br \/>\n<\/span><\/p>\n<p><span style=\"color: #777777; font-family: Arial;\">Andr\u00e9 Malraux a nomm\u00e9 directeur de la musique Marcel Landowski, alors que Pierre Boulez consid\u00e9rait que ce poste lui revenait de droit.<br \/>\n<\/span><\/p>\n<p><span style=\"color: #777777; font-family: Arial;\">Mais il ne faut pas s&rsquo;arr\u00eater \u00e0 cet aspect de sa personnalit\u00e9 qui je pense s&rsquo;\u00e9tait beaucoup adouci avec l&rsquo;\u00e2ge qui n&rsquo;est pas toujours un naufrage.<br \/>\n<\/span><\/p>\n<p><span style=\"color: #777777; font-family: Arial;\">C&rsquo;\u00e9tait aussi un homme tr\u00e8s intelligent, d&rsquo;une tr\u00e8s grande culture, un p\u00e9dagogue et un b\u00e2tisseur.<br \/>\n<\/span><\/p>\n<p><span style=\"color: #777777; font-family: Arial;\"><img loading=\"lazy\" decoding=\"async\" class=\"size-full wp-image-13861 alignright\" src=\"https:\/\/lemotdujour.fr\/wp-content\/uploads\/2022\/08\/082922_0930_Lundixxmars2.jpg\" alt=\"\" width=\"479\" height=\"312\" srcset=\"https:\/\/lemotdujour.fr\/wp-content\/uploads\/2022\/08\/082922_0930_Lundixxmars2.jpg 479w, https:\/\/lemotdujour.fr\/wp-content\/uploads\/2022\/08\/082922_0930_Lundixxmars2-300x195.jpg 300w\" sizes=\"auto, (max-width: 479px) 100vw, 479px\" \/>Il a cr\u00e9\u00e9 l&rsquo;<strong>IRCAM<\/strong>, <strong>l&rsquo;ensemble intercontemporain<\/strong> et c&rsquo;est gr\u00e2ce \u00e0 son impulsion que la cit\u00e9 de la musique et il y a peu de temps la Philharmonie de Paris ont \u00e9t\u00e9 b\u00e2tis.<br \/>\n<\/span><\/p>\n<p><span style=\"color: #777777; font-family: Arial;\">Selon de nombreux t\u00e9moignages, il savait \u00eatre tr\u00e8s bienveillant et disponible pour tous ceux qui acceptaient d&rsquo;entrer dans son monde.<br \/>\n<\/span><\/p>\n<p><span style=\"color: #777777; font-family: Arial;\">C&rsquo;\u00e9tait aussi un perfectionniste qui plut\u00f4t que de multiplier les \u0153uvres, revenait sans cesse sur celle qu&rsquo;il avait d\u00e9j\u00e0 \u00e9crite pour les modifier et les approfondir.<br \/>\n<\/span><\/p>\n<p><span style=\"color: #777777; font-family: Arial;\">Comme j&rsquo;\u00e9tais en cong\u00e9, j&rsquo;ai \u00e9cout\u00e9 la musique de Boulez, je n&rsquo;en avais jamais \u00e9cout\u00e9 autant.<br \/>\n<\/span><\/p>\n<p><span style=\"color: #777777; font-family: Arial;\">Et finalement on peut y trouver du plaisir.<br \/>\n<\/span><\/p>\n<p><span style=\"color: #777777; font-family: Arial;\">J&rsquo;ai particuli\u00e8rement aim\u00e9 une \u0153uvre assez courte (8mn) pour 7 violoncelles \u00ab\u00a0<strong>Messagesquisse<\/strong>\u00a0\u00bb dont vous trouverez une interpr\u00e9tation \u00e9tonnante <span style=\"color: #0000ff;\"><a style=\"color: #0000ff;\" href=\"https:\/\/www.youtube.com\/watch?v=hfwNYN8v3uc\">&lt;ICI&gt;<\/a><\/span>.<br \/>\n<\/span><\/p>\n<p><span style=\"color: #777777; font-family: Arial;\">Et puis <span style=\"color: #0000ff;\"><a style=\"color: #0000ff;\" href=\"https:\/\/www.youtube.com\/watch?v=OQE5TYnD58k\">&lt;Vous trouverez enregistr\u00e9 \u00e0 la Philharmonie de Paris le 11 juin 2015 et jou\u00e9 par l&rsquo;Ensemble intercontemporain une de ses \u0153uvres majeures <span style=\"text-decoration: underline;\"><strong>REPONS<\/strong>&gt;<\/span><\/a><\/span><br \/>\n<\/span><\/p>\n<p><span style=\"color: #777777; font-family: Arial;\">Au premier rang se trouve la lumineuse&nbsp;fl\u00fbtiste&nbsp;<strong>Emmanuelle Oph\u00e8le<\/strong> qui fut notre voisine lorsque nous habitions Montreuil sous-bois. Alors que je lui conc\u00e9dais mon peu de&nbsp;go\u00fbt pour la musique de Boulez et de ses \u00e9pigones, elle me r\u00e9p\u00e9tait ce conseil&nbsp;:<br \/>\n<\/span><\/p>\n<p style=\"margin-left: 28pt;\"><span style=\"color: #c00000; font-family: Arial;\">\u00ab&nbsp;Alain, il faut que tu viennes nous \u00e9couter en live, l&rsquo;exp\u00e9rience est alors compl\u00e8tement diff\u00e9rente&nbsp;\u00bb.<br \/>\n<\/span><\/p>\n<p><span style=\"color: #777777; font-family: Arial;\">Je n&rsquo;ai pas suivi ce conseil, aujourd&rsquo;hui je le regrette.<br \/>\n<\/span><\/p>\n<p><span style=\"color: #777777; font-family: Arial;\">Quoi qu&rsquo;il en soit Pierre Boulez restera un musicien et une r\u00e9f\u00e9rence incontournable de la musique m\u00eame si la voie qu&rsquo;il a creus\u00e9e a peut-\u00eatre men\u00e9 vers une impasse.<br \/>\n<\/span><\/p>\n<p><a href=\"https:\/\/www.youtube.com\/watch?v=-WsqK1mCGeY\"><span style=\"font-family: Arial;\"><span style=\"color: #0000ff;\">&lt;Pour finir je vous donne ce lien vers le final de l&rsquo;Oiseau de feu avec la Philharmonie de Vienne o\u00f9 vous admirerez la gestuelle sobre et d&rsquo;une pr\u00e9cision absolue du ma\u00eetre qui dirigeait toujours sans baguette&gt;<\/span><\/span><\/a><span style=\"color: #777777; font-family: Arial;\"><br \/>\n<\/span><\/p>\n<p><span style=\"color: maroon; font-family: Arial;\">&lt;628&gt;<\/span><\/p>\n","protected":false},"excerpt":{"rendered":"<p>\u00abJ&rsquo;ai toujours \u00e9t\u00e9 orient\u00e9 par la modernit\u00e9\u00bb Pierre Boulez (1925-2016) Pierre Boulez est mort le 5 janvier 2016. Ce d\u00e9but d&rsquo;ann\u00e9e a \u00e9t\u00e9 marqu\u00e9 par beaucoup de d\u00e9c\u00e8s d&rsquo;artistes c\u00e9l\u00e8bres. Cette accumulation a m\u00eame eu pour cons\u00e9quence que le compte<\/p>\n","protected":false},"author":1,"featured_media":0,"comment_status":"closed","ping_status":"closed","sticky":false,"template":"","format":"standard","meta":{"footnotes":""},"categories":[1],"tags":[15,29,20],"class_list":["post-1574","post","type-post","status-publish","format-standard","hentry","category-motdujour","tag-france","tag-hommage","tag-musique"],"_links":{"self":[{"href":"https:\/\/lemotdujour.fr\/index.php?rest_route=\/wp\/v2\/posts\/1574","targetHints":{"allow":["GET"]}}],"collection":[{"href":"https:\/\/lemotdujour.fr\/index.php?rest_route=\/wp\/v2\/posts"}],"about":[{"href":"https:\/\/lemotdujour.fr\/index.php?rest_route=\/wp\/v2\/types\/post"}],"author":[{"embeddable":true,"href":"https:\/\/lemotdujour.fr\/index.php?rest_route=\/wp\/v2\/users\/1"}],"replies":[{"embeddable":true,"href":"https:\/\/lemotdujour.fr\/index.php?rest_route=%2Fwp%2Fv2%2Fcomments&post=1574"}],"version-history":[{"count":3,"href":"https:\/\/lemotdujour.fr\/index.php?rest_route=\/wp\/v2\/posts\/1574\/revisions"}],"predecessor-version":[{"id":13869,"href":"https:\/\/lemotdujour.fr\/index.php?rest_route=\/wp\/v2\/posts\/1574\/revisions\/13869"}],"wp:attachment":[{"href":"https:\/\/lemotdujour.fr\/index.php?rest_route=%2Fwp%2Fv2%2Fmedia&parent=1574"}],"wp:term":[{"taxonomy":"category","embeddable":true,"href":"https:\/\/lemotdujour.fr\/index.php?rest_route=%2Fwp%2Fv2%2Fcategories&post=1574"},{"taxonomy":"post_tag","embeddable":true,"href":"https:\/\/lemotdujour.fr\/index.php?rest_route=%2Fwp%2Fv2%2Ftags&post=1574"}],"curies":[{"name":"wp","href":"https:\/\/api.w.org\/{rel}","templated":true}]}}