{"id":15732,"date":"2024-07-08T14:29:45","date_gmt":"2024-07-08T12:29:45","guid":{"rendered":"https:\/\/lemotdujour.fr\/?p=15732"},"modified":"2024-07-08T15:21:04","modified_gmt":"2024-07-08T13:21:04","slug":"lundi-8-juillet-2024","status":"publish","type":"post","link":"https:\/\/lemotdujour.fr\/?p=15732","title":{"rendered":"Lundi 8 juillet 2024"},"content":{"rendered":"<div class=\"mdjTexte\">\u00ab La Gauche est tr\u00e8s minoritaire dans le pays ! \u00bb<\/div>\n<div class=\"mdjAuteur\">Des chiffres et une analyse factuelle<\/div>\n<p><span style=\"color: #777777; font-family: arial;\">Certains propos de hier soir ont profond\u00e9ment irrit\u00e9 mon \u00e2me d\u00e9mocrate.<\/span><\/p>\n<p><span style=\"color: #777777; font-family: arial;\"><span style=\"color: #777777; font-family: arial;\">Si je me suis r\u00e9jouis que les citoyens fran\u00e7ais ont une nouvelle fois, et j&rsquo;esp\u00e8re que ce ne sera pas la derni\u00e8re, repouss\u00e9 la menace de l&rsquo;arriv\u00e9e au pouvoir de gens x\u00e9nophobes, illib\u00e9raux et incomp\u00e9tents, il n&rsquo;est pas d\u00e9cent que des hommes politiques qui combattent cette menace plongent dans la d\u00e9magogie et le d\u00e9ni.<\/span><\/span><\/p>\n<p><span style=\"color: #777777; font-family: arial;\"><span style=\"color: #777777; font-family: arial;\">Quand Jean-Luc Melenchon affirme que son camp a gagn\u00e9 et que le seul choix est d&rsquo;appliquer son programme, tout son programme et rien que son programme il tient des propos hors sol et dangereux pour la d\u00e9mocratie, parce qu&rsquo;il ne tient pas compte des autres \u00e9lecteurs.<br \/>\n<\/span><\/span><\/p>\n<p><span style=\"color: #777777; font-family: arial;\"><span style=\"color: #777777; font-family: arial;\">Revenons simplement \u00e0 ce qui s&rsquo;est pass\u00e9 lors de ces deux tours d&rsquo;\u00e9lections l\u00e9gislatives qui ont permis d&rsquo;\u00e9lire une Assembl\u00e9e nationale dont la dur\u00e9e de vie se situe entre 1 et 5 ans. Et n&rsquo;oublions pas qu&rsquo;il ne s&rsquo;agit pas d&rsquo;un jeu mais de gouverner notre vieux pays qui est menac\u00e9 par la guerre, par les dettes, par le d\u00e9fi climatique, par la d\u00e9tresse sociale, par l&rsquo;ins\u00e9curit\u00e9 physique et culturelle.<\/span><\/span><\/p>\n<p><span style=\"color: #777777; font-family: arial;\">Tous les r\u00e9sultats se trouvent sur le site du Minist\u00e8re de l&rsquo;Int\u00e9rieur \u00e0 l&rsquo;adresse suivante : <a href=\"https:\/\/www.resultats-elections.interieur.gouv.fr\/legislatives2024\/ensemble_geographique\/index.html\"><span style=\"color: #0000ff;\">&lt;R\u00e9sultats l\u00e9gislatives 2024&gt;<\/span><\/a><\/span><\/p>\n<p><span style=\"color: #777777; font-family: Arial;\">Voici d\u2019abord le tableau des r\u00e9sultats du premier tour qui s\u2019est d\u00e9roul\u00e9 le dimanche 30 juin 2024. J\u2019ai ajout\u00e9 une colonne regroupement, pour tenter d\u2019inscrire tous ces mouvements politiques dans notre grammaire r\u00e9publicaine qui classe les tendances politiques entre l\u2019extr\u00eame gauche et l\u2019extr\u00eame droite. Il est n\u00e9cessaire, pour une petite part, de distinguer une tendance &lt;autre&gt; notamment pour les divers et r\u00e9gionalistes.<\/span><\/p>\n<p><img loading=\"lazy\" decoding=\"async\" class=\"alignnone size-full wp-image-15745\" src=\"https:\/\/lemotdujour.fr\/wp-content\/uploads\/2024\/07\/Resultats-Premier-tour-en-voix-1.png\" alt=\"\" width=\"847\" height=\"567\" srcset=\"https:\/\/lemotdujour.fr\/wp-content\/uploads\/2024\/07\/Resultats-Premier-tour-en-voix-1.png 847w, https:\/\/lemotdujour.fr\/wp-content\/uploads\/2024\/07\/Resultats-Premier-tour-en-voix-1-300x201.png 300w, https:\/\/lemotdujour.fr\/wp-content\/uploads\/2024\/07\/Resultats-Premier-tour-en-voix-1-768x514.png 768w\" sizes=\"auto, (max-width: 847px) 100vw, 847px\" \/><br \/>\n<span style=\"color: #777777; font-family: arial;\">D\u00e8s lors lorsque qu\u2019on pr\u00e9sente les r\u00e9sultats en voix selon cette typologie on obtient ce tableau. Mais visuellement, c\u2019est par l\u2019interm\u00e9diaire d\u2019un graphique qu\u2019on peut le mieux discerner l\u2019\u00e9tat des forces en pr\u00e9sence.<\/span><\/p>\n<p><img loading=\"lazy\" decoding=\"async\" class=\"alignnone size-full wp-image-15749\" src=\"https:\/\/lemotdujour.fr\/wp-content\/uploads\/2024\/07\/Premier-Tour-avec-tableau.png\" alt=\"\" width=\"1551\" height=\"368\" srcset=\"https:\/\/lemotdujour.fr\/wp-content\/uploads\/2024\/07\/Premier-Tour-avec-tableau.png 1551w, https:\/\/lemotdujour.fr\/wp-content\/uploads\/2024\/07\/Premier-Tour-avec-tableau-300x71.png 300w, https:\/\/lemotdujour.fr\/wp-content\/uploads\/2024\/07\/Premier-Tour-avec-tableau-1024x243.png 1024w, https:\/\/lemotdujour.fr\/wp-content\/uploads\/2024\/07\/Premier-Tour-avec-tableau-768x182.png 768w, https:\/\/lemotdujour.fr\/wp-content\/uploads\/2024\/07\/Premier-Tour-avec-tableau-1536x364.png 1536w\" sizes=\"auto, (max-width: 1551px) 100vw, 1551px\" \/><br \/>\n<span style=\"color: #777777; font-family: arial;\">D\u00e8s lors, il est clair que les mouvements qui se r\u00e9clament de la gauche sont nettement minoritaires dans l\u2019\u00e9lectorat. Pour esp\u00e9rer obtenir une majorit\u00e9 il faudrait que ces mouvements puissent s\u2019adjoindre, convaincre, s\u2019allier avec la quasi l\u2019int\u00e9gralit\u00e9 du mouvement de centre droit, plut\u00f4t \u00e0 droite de ce qui reste de la majorit\u00e9 pr\u00e9sidentielle macroniste.<\/span><\/p>\n<p><span style=\"color: #777777; font-family: arial;\">Il me semble que toutes les personnes raisonnables qui ont r\u00e9fl\u00e9chi \u00e0 situation politique dans notre pays ont conclu qu\u2019il faudrait abandonner le scrutin uninominal \u00e0 deux tours qui n\u2019est plus pratiqu\u00e9 qu\u2019en France pour passer au scrutin proportionnel. <\/span><\/p>\n<p><span style=\"color: #777777; font-family: arial;\">Le scrutin proportionnel a \u00e9galement des d\u00e9fauts, notamment celui d\u2019interdire au corps \u00e9lectoral d\u2019\u00e9carter un candidat dont il ne veut pas. En effet, la confection des listes \u00e9tant entre les mains des dirigeants des partis politiques, les d\u00e9put\u00e9s sont ceux qui sont choisis par ces dirigeants .<\/span><\/p>\n<p><span style=\"color: #777777; font-family: arial;\">En revanche, et cela me semble la qualit\u00e9 essentielle de ce mode de scrutin, il ne permettra jamais \u00e0 un force politique qui dispose de l\u2019appui d\u2019un tiers de l\u2019\u00e9lectorat,\u00a0 d\u2019obtenir la majorit\u00e9 absolue des si\u00e8ges de l\u2019Assembl\u00e9e nationale et de poursuivre une politique contraire \u00e0 la volont\u00e9 des deux tiers des citoyens.<\/span><\/p>\n<p><span style=\"color: #777777; font-family: arial;\"> En outre, ce mode de scrutin rend inutile des alliances contre nature entre des partis politiques qui sont en d\u00e9saccord sur des points fondamentaux. Enfin, il rend indispensable une autre mani\u00e8re de conduire la politique puisqu\u2019il induit la n\u00e9cessit\u00e9 de coalitions apr\u00e8s les \u00e9lections. D\u00e8s lors si on avait appliqu\u00e9 un scrutin proportionnel aux r\u00e9sultats du premier tour, en prenant comme r\u00e8gle que seuls les mouvements disposant au minimum de 5% des voix peuvent obtenir des d\u00e9put\u00e9s, on arrive \u00e0 cette assembl\u00e9e :<\/span><\/p>\n<p><img loading=\"lazy\" decoding=\"async\" class=\"alignnone size-full wp-image-15755\" src=\"https:\/\/lemotdujour.fr\/wp-content\/uploads\/2024\/07\/Une-assemblee-a-la-proportionnelle-selon-premier-Tour-avec-tableau.png\" alt=\"\" width=\"864\" height=\"252\" srcset=\"https:\/\/lemotdujour.fr\/wp-content\/uploads\/2024\/07\/Une-assemblee-a-la-proportionnelle-selon-premier-Tour-avec-tableau.png 864w, https:\/\/lemotdujour.fr\/wp-content\/uploads\/2024\/07\/Une-assemblee-a-la-proportionnelle-selon-premier-Tour-avec-tableau-300x88.png 300w, https:\/\/lemotdujour.fr\/wp-content\/uploads\/2024\/07\/Une-assemblee-a-la-proportionnelle-selon-premier-Tour-avec-tableau-768x224.png 768w\" sizes=\"auto, (max-width: 864px) 100vw, 864px\" \/><\/p>\n<p><span style=\"color: #777777; font-family: arial;\">Arriv\u00e9 \u00e0 ce stade, il\u00a0 apparait normal de vouloir comparer l\u2019image de cette assembl\u00e9e avec celle qui est issue du second tour. <\/span><\/p>\n<p><span style=\"color: #777777; font-family: arial;\"><img loading=\"lazy\" decoding=\"async\" class=\" wp-image-15761 alignleft\" src=\"https:\/\/lemotdujour.fr\/wp-content\/uploads\/2024\/07\/Les-Deux-Assemblees.png\" alt=\"\" width=\"403\" height=\"459\" srcset=\"https:\/\/lemotdujour.fr\/wp-content\/uploads\/2024\/07\/Les-Deux-Assemblees.png 489w, https:\/\/lemotdujour.fr\/wp-content\/uploads\/2024\/07\/Les-Deux-Assemblees-263x300.png 263w\" sizes=\"auto, (max-width: 403px) 100vw, 403px\" \/>Le scrutin uninominal autorise des candidatures locales qui ne se rattachent pas formellement \u00e0 un des grands partis.<\/span><\/p>\n<p><span style=\"color: #777777; font-family: arial;\"> En outre, des dissidents de l\u2019un ou l\u2019autre parti peuvent aussi obtenir le succ\u00e8s qui leur serait refus\u00e9 dans un scrutin proportionnel. <\/span><\/p>\n<p><span style=\"color: #777777; font-family: arial;\">Pour pouvoir comparer les deux assembl\u00e9es, il faut \u00e9videmment faire des rapprochements que j\u2019ai effectu\u00e9 ci-contre selon les classements du minist\u00e8re l\u2019int\u00e9rieur qui a rang\u00e9 ces d\u00e9put\u00e9s selon une r\u00e9partition gauche, droite, centre. Il reste des r\u00e9gionalistes divers qui sont plus difficilement classables. On constate donc que le Rassemblement national a \u00e9t\u00e9 tr\u00e8s d\u00e9favoris\u00e9 par le scrutin actuel. Il me semble tr\u00e8s pernicieux que celles et ceux qui se r\u00e9jouissent de cet effet, en raison de leur opposition radicale \u00e0 ce parti, consid\u00e8rent qu&rsquo;il ne faut pas changer le mode de scrutin qui permet cela. Pour ma part, je n&rsquo;ai pas de doute, il arrivera un jour o\u00f9 le RN profitera \u00e0 son tour des effets pervers du scrutin uninominal \u00e0 deux tours pour obtenir un nombre de si\u00e8ges disproportionn\u00e9 par rapport \u00e0 son ancrage \u00e9lectoral.<br \/>\n<\/span><\/p>\n<p><span style=\"color: #777777; font-family: arial;\">Hier nous avons donc v\u00e9cu le second tour, car il restait 501 d\u00e9put\u00e9s \u00e0 \u00e9lire. Pour certains ce fut une divine surprise. De mani\u00e8re factuelle voil\u00e0 la r\u00e9partition en voix, en si\u00e8ge et en pourcentage. J\u2019ai repris les m\u00eames regroupements que pour le premier tour.<\/span><\/p>\n<p><img loading=\"lazy\" decoding=\"async\" class=\"alignnone size-full wp-image-15766\" src=\"https:\/\/lemotdujour.fr\/wp-content\/uploads\/2024\/07\/Resultats-Second-tour-en-voix.png\" alt=\"\" width=\"773\" height=\"655\" srcset=\"https:\/\/lemotdujour.fr\/wp-content\/uploads\/2024\/07\/Resultats-Second-tour-en-voix.png 773w, https:\/\/lemotdujour.fr\/wp-content\/uploads\/2024\/07\/Resultats-Second-tour-en-voix-300x254.png 300w, https:\/\/lemotdujour.fr\/wp-content\/uploads\/2024\/07\/Resultats-Second-tour-en-voix-768x651.png 768w\" sizes=\"auto, (max-width: 773px) 100vw, 773px\" \/><\/p>\n<p><span style=\"color: #777777; font-family: arial;\">Nous constatons les effets d\u00e9formants qu&rsquo;induit ce mode de scrutin dans la distribution des si\u00e8ges. Le Rassemblement national arrive encore largement en t\u00eate du scrutin avec plus de 10 millions d&rsquo;\u00e9lecteurs, il fait mieux qu&rsquo;au premier tour avec 37% des exprim\u00e9s contre 33% au premier tour. <\/span><\/p>\n<p><span style=\"color: #777777; font-family: arial;\">Avant de lire ces chiffres, \u00e9tiez vous conscients de cette r\u00e9alit\u00e9 ? <\/span><\/p>\n<p><span style=\"color: #777777; font-family: arial;\"><img loading=\"lazy\" decoding=\"async\" class=\"size-full wp-image-15771 alignleft\" src=\"https:\/\/lemotdujour.fr\/wp-content\/uploads\/2024\/07\/Disproportion-des-sieges-au-second-tour.png\" alt=\"\" width=\"499\" height=\"183\" srcset=\"https:\/\/lemotdujour.fr\/wp-content\/uploads\/2024\/07\/Disproportion-des-sieges-au-second-tour.png 499w, https:\/\/lemotdujour.fr\/wp-content\/uploads\/2024\/07\/Disproportion-des-sieges-au-second-tour-300x110.png 300w\" sizes=\"auto, (max-width: 499px) 100vw, 499px\" \/>501 si\u00e8ges \u00e9taient \u00e0 distribuer. Si on ne s&rsquo;int\u00e9resse qu&rsquo;au trois grands blocs de cette \u00e9lection, on constate que si 37% des \u00e9lecteurs lui ont donn\u00e9 leur bulletin, ils n&rsquo;ont r\u00e9cup\u00e9r\u00e9 que 20,8 % des si\u00e8ges. En parall\u00e8le la majorit\u00e9 pr\u00e9sidentielle avec 23,15% des voix a r\u00e9cup\u00e9r\u00e9 pr\u00e8s de 30% des si\u00e8ges. Le nouveau front populaire a obtenu 25,7% des voix, si on a \u00e9cout\u00e9 le d\u00e9magogue Melenchon, hier juste apr\u00e8s 20:00, on avait le sentiment qu&rsquo;il croyait avoir obtenu 50% des suffrages. Et si on refait un graphique des forces en pr\u00e9sence comme pour le premier tour on obtient le sch\u00e9ma suivant :<br \/>\n<\/span><\/p>\n<p><img loading=\"lazy\" decoding=\"async\" class=\"alignnone size-full wp-image-15777\" src=\"https:\/\/lemotdujour.fr\/wp-content\/uploads\/2024\/07\/Second-tour-avec-Tableau.png\" alt=\"\" width=\"916\" height=\"310\" srcset=\"https:\/\/lemotdujour.fr\/wp-content\/uploads\/2024\/07\/Second-tour-avec-Tableau.png 916w, https:\/\/lemotdujour.fr\/wp-content\/uploads\/2024\/07\/Second-tour-avec-Tableau-300x102.png 300w, https:\/\/lemotdujour.fr\/wp-content\/uploads\/2024\/07\/Second-tour-avec-Tableau-768x260.png 768w\" sizes=\"auto, (max-width: 916px) 100vw, 916px\" \/><\/p>\n<p><span style=\"color: #777777; font-family: arial;\">Hier, La gauche n\u2019\u00e9tait pas minoritaire, elle est <strong>tr\u00e8s minoritaire<\/strong>. Hier soir, apr\u00e8s que mon ancien camarade du PS, Philippe Prieto se r\u00e9jouissait de la victoire de la candidate socialiste dans la circonscription o\u00f9 je vote, je lui \u00e9crivais ce message :<\/span><\/p>\n<p style=\"margin-left: 28pt;\"><span style=\"color: #c00000; font-family: arial;\">\u00ab\u00a0 Il y a un peu de r\u00e9pit. Mais attention ce sera tr\u00e8s compliqu\u00e9. Certaines prises de position, ce soir, par des membres de NFP sont totalement hors sol. La Gauche est minoritaire en voix en France. Au premier tour elle repr\u00e9sente \u00e0 peu pr\u00e8s 32% des exprim\u00e9s. Au second tour elle p\u00e8se encore moins. Ce n&rsquo;est pas avec cela qu&rsquo;on applique \u00ab son programme \u00bb, \u00ab tout son programme. \u00bb.<br \/>\nC&rsquo;est le temps de l&rsquo;humilit\u00e9, des discussions et des compromis intelligents.<br \/>\nEst ce qu&rsquo;il y a des hommes de gauche lucides et convaincants qui peuvent prendre ce r\u00f4le\u00a0 \u00bb. <\/span><\/p>\n<p><span style=\"color: #777777; font-family: arial;\">Oui, il faut de l\u2019humilit\u00e9 et le sens du compromis. Sinon ce que nous redoutions reviendra en boomerang, plus fort encore.<\/span><\/p>\n","protected":false},"excerpt":{"rendered":"<p>\u00ab La Gauche est tr\u00e8s minoritaire dans le pays ! \u00bb Des chiffres et une analyse factuelle Certains propos de hier soir ont profond\u00e9ment irrit\u00e9 mon \u00e2me d\u00e9mocrate. Si je me suis r\u00e9jouis que les citoyens fran\u00e7ais ont une nouvelle<\/p>\n","protected":false},"author":1,"featured_media":0,"comment_status":"open","ping_status":"closed","sticky":false,"template":"","format":"standard","meta":{"footnotes":""},"categories":[1],"tags":[141,15,3],"class_list":["post-15732","post","type-post","status-publish","format-standard","hentry","category-motdujour","tag-elections","tag-france","tag-politique"],"_links":{"self":[{"href":"https:\/\/lemotdujour.fr\/index.php?rest_route=\/wp\/v2\/posts\/15732","targetHints":{"allow":["GET"]}}],"collection":[{"href":"https:\/\/lemotdujour.fr\/index.php?rest_route=\/wp\/v2\/posts"}],"about":[{"href":"https:\/\/lemotdujour.fr\/index.php?rest_route=\/wp\/v2\/types\/post"}],"author":[{"embeddable":true,"href":"https:\/\/lemotdujour.fr\/index.php?rest_route=\/wp\/v2\/users\/1"}],"replies":[{"embeddable":true,"href":"https:\/\/lemotdujour.fr\/index.php?rest_route=%2Fwp%2Fv2%2Fcomments&post=15732"}],"version-history":[{"count":26,"href":"https:\/\/lemotdujour.fr\/index.php?rest_route=\/wp\/v2\/posts\/15732\/revisions"}],"predecessor-version":[{"id":15791,"href":"https:\/\/lemotdujour.fr\/index.php?rest_route=\/wp\/v2\/posts\/15732\/revisions\/15791"}],"wp:attachment":[{"href":"https:\/\/lemotdujour.fr\/index.php?rest_route=%2Fwp%2Fv2%2Fmedia&parent=15732"}],"wp:term":[{"taxonomy":"category","embeddable":true,"href":"https:\/\/lemotdujour.fr\/index.php?rest_route=%2Fwp%2Fv2%2Fcategories&post=15732"},{"taxonomy":"post_tag","embeddable":true,"href":"https:\/\/lemotdujour.fr\/index.php?rest_route=%2Fwp%2Fv2%2Ftags&post=15732"}],"curies":[{"name":"wp","href":"https:\/\/api.w.org\/{rel}","templated":true}]}}