{"id":15724,"date":"2024-06-28T00:48:00","date_gmt":"2024-06-27T22:48:00","guid":{"rendered":"https:\/\/lemotdujour.fr\/?p=15724"},"modified":"2024-06-27T20:00:46","modified_gmt":"2024-06-27T18:00:46","slug":"vendredi-28-juin-2024","status":"publish","type":"post","link":"https:\/\/lemotdujour.fr\/?p=15724","title":{"rendered":"Vendredi 28 juin 2024"},"content":{"rendered":"<div class=\"mdjTexte\">\u00ab En politique le choix est rarement entre le bien et le mal, mais entre le pire et le moindre mal. \u00bb<\/div>\n<div class=\"mdjAuteur\">Nicholas Machiavel<\/div>\n<p><span style=\"color: #777777; font-family: arial;\">Je n\u2019ai pas retrouv\u00e9 cette citation d\u2019un ministre allemand qui avait dit :<\/span><\/p>\n<p style=\"margin-left: 28pt;\"><span style=\"color: #c00000; font-family: arial;\">\u00ab Les gens croient que mon job est de choisir entre une bonne d\u00e9cision et une mauvaise d\u00e9cision. Presque toujours je dois choisir entre une mauvaise d\u00e9cision et une d\u00e9cision pire. \u00bb <\/span><\/p>\n<p><span style=\"color: #777777; font-family: arial;\">Mais je me suis souvenu de cette phrase que j\u2019ai souvent vu attribuer \u00e0 Machiavel, sans citer la source exacte.<\/span><\/p>\n<p><span style=\"color: #777777; font-family: arial;\">Il me semble que c\u2019est tr\u00e8s juste. Je peux donner un exemple r\u00e9cent. L\u2019Union europ\u00e9enne a augment\u00e9 les droits de douane sur les v\u00e9hicules \u00e9lectriques chinois. &lt;<a href=\"https:\/\/www.lemonde.fr\/economie\/article\/2024\/06\/12\/l-union-europeenne-augmente-les-droits-de-douane-sur-les-vehicules-electriques-chinois-pekin-menace-de-represailles_6239217_3234.html\"><span style=\"color: #0000ff;\">Le Monde<\/span><\/a>&gt; donne des pr\u00e9cisions \u00e0 ce sujet. <\/span><\/p>\n<p><span style=\"color: #777777; font-family: arial;\">Le probl\u00e8me vient du fait que l&rsquo;Union europ\u00e9enne est submerg\u00e9e par ces voitures chinoises et qu&rsquo;il est quasi certain que les industries qui les produisent, soient largement subventionn\u00e9es par l&rsquo;Etat chinois. Donc bonne d\u00e9cision ! <\/span><\/p>\n<p><span style=\"color: #777777; font-family: arial;\">Mais non, mauvaise, car la Chine<span style=\"color: #0000ff;\"> <a style=\"color: #0000ff;\" href=\"https:\/\/www.francetvinfo.fr\/economie\/commerce\/agriculture-le-porc-francais-dans-le-collimateur-de-la-chine_6613335.html\">va r\u00e9pliquer<\/a> <\/span>:<\/span><\/p>\n<p style=\"margin-left: 28pt;\"><span style=\"color: #c00000; font-family: arial;\">\u00ab la viande de porc provenant de l&rsquo;Union europ\u00e9enne est d\u00e9sormais dans la ligne de mire de P\u00e9kin. Une enqu\u00eate antidumping sur les importations de produits porcins est au c\u0153ur d&rsquo;un bras de fer commercial entre l&rsquo;Europe et la Chine.<br \/>\nLa France pourrait-elle perdre des parts de march\u00e9 ?<br \/>\nUn \u00e9leveur de truie en Ille-et-Vilaine r\u00e9alise 10 \u00e0 15% de ses ventes gr\u00e2ce \u00e0 des exportations en Chine. Les Chinois sont en effet friands de parties du cochon qui sont peu consomm\u00e9es ailleurs dans le monde, comme les oreilles ou les pieds.<br \/>\nUne douche froide pour la fili\u00e8re fran\u00e7aise porcine\u00a0 [\u2026]<br \/>\nAu total, l&rsquo;an pass\u00e9, la France a export\u00e9 115 700 tonnes de viande de porc vers la Chine, soit plus de 16% de ses exportations.\u00bb <\/span><\/p>\n<p><span style=\"color: #777777; font-family: arial;\">Il faudra donc arbitrer entre deux mauvaises d\u00e9cisions. <\/span><\/p>\n<p><span style=\"color: #777777; font-family: arial;\">On pourrait dire de m\u00eame pour la guerre en Ukraine, il n\u2019y a pas de bonne d\u00e9cision mais une d\u00e9cision \u00ab entre le pire et le moindre mal.\u00bb<\/span><\/p>\n<p><span style=\"color: #777777; font-family: arial;\">Il en va de m\u00eame pour nous, en tant qu\u2019\u00e9lecteur, ce dimanche : nous devrons choisir entre le pire et le moindre mal. La seule chose que nous devrions nous interdire, c\u2019est de ne pas choisir. <\/span><\/p>\n<p>Pour finir ces pens\u00e9es de <strong>Christian Bobin<\/strong> :<\/p>\n<p style=\"margin-left: 28pt;\"><span style=\"color: #c00000; font-family: arial;\">\u00ab Il semblerait que la nuit doive s&rsquo;\u00e9paissir encore un peu plus pour qu&rsquo;on puisse apercevoir quelques \u00e9toiles.<br \/>\nApr\u00e8s, on verra les \u00e9toiles, par contraste.<br \/>\nIl faut que le noir s&rsquo;accentue encore pour que les premi\u00e8res \u00e9toiles &#8211; les premi\u00e8res, \u00e7a veut dire qu&rsquo;il y en aura d&rsquo;autres &#8211; apparaissent.<br \/>\nIl est possible qu&rsquo;une catastrophe \u00e9conomique soit une gr\u00e2ce, une chance.<br \/>\n\u00c7a nous dessoulera, \u00e7a nous sortira d&rsquo;une ivresse, de l&rsquo;irr\u00e9el, de l&rsquo;avidit\u00e9, de la consommation. Mais on n&rsquo;y est pas encore \u00bb<br \/>\n<em>Le Pl\u00e2trier siffleur, page 13<\/em> <\/span><\/p>\n<p><img loading=\"lazy\" decoding=\"async\" class=\"alignnone size-full wp-image-15728\" src=\"https:\/\/lemotdujour.fr\/wp-content\/uploads\/2024\/06\/Nuit-noire.jpg\" alt=\"\" width=\"917\" height=\"516\" srcset=\"https:\/\/lemotdujour.fr\/wp-content\/uploads\/2024\/06\/Nuit-noire.jpg 917w, https:\/\/lemotdujour.fr\/wp-content\/uploads\/2024\/06\/Nuit-noire-300x169.jpg 300w, https:\/\/lemotdujour.fr\/wp-content\/uploads\/2024\/06\/Nuit-noire-768x432.jpg 768w\" sizes=\"auto, (max-width: 917px) 100vw, 917px\" \/><\/p>\n","protected":false},"excerpt":{"rendered":"<p>\u00ab En politique le choix est rarement entre le bien et le mal, mais entre le pire et le moindre mal. \u00bb Nicholas Machiavel Je n\u2019ai pas retrouv\u00e9 cette citation d\u2019un ministre allemand qui avait dit : \u00ab Les gens<\/p>\n","protected":false},"author":1,"featured_media":0,"comment_status":"open","ping_status":"closed","sticky":false,"template":"","format":"standard","meta":{"footnotes":""},"categories":[1],"tags":[141,15,3],"class_list":["post-15724","post","type-post","status-publish","format-standard","hentry","category-motdujour","tag-elections","tag-france","tag-politique"],"_links":{"self":[{"href":"https:\/\/lemotdujour.fr\/index.php?rest_route=\/wp\/v2\/posts\/15724","targetHints":{"allow":["GET"]}}],"collection":[{"href":"https:\/\/lemotdujour.fr\/index.php?rest_route=\/wp\/v2\/posts"}],"about":[{"href":"https:\/\/lemotdujour.fr\/index.php?rest_route=\/wp\/v2\/types\/post"}],"author":[{"embeddable":true,"href":"https:\/\/lemotdujour.fr\/index.php?rest_route=\/wp\/v2\/users\/1"}],"replies":[{"embeddable":true,"href":"https:\/\/lemotdujour.fr\/index.php?rest_route=%2Fwp%2Fv2%2Fcomments&post=15724"}],"version-history":[{"count":4,"href":"https:\/\/lemotdujour.fr\/index.php?rest_route=\/wp\/v2\/posts\/15724\/revisions"}],"predecessor-version":[{"id":15729,"href":"https:\/\/lemotdujour.fr\/index.php?rest_route=\/wp\/v2\/posts\/15724\/revisions\/15729"}],"wp:attachment":[{"href":"https:\/\/lemotdujour.fr\/index.php?rest_route=%2Fwp%2Fv2%2Fmedia&parent=15724"}],"wp:term":[{"taxonomy":"category","embeddable":true,"href":"https:\/\/lemotdujour.fr\/index.php?rest_route=%2Fwp%2Fv2%2Fcategories&post=15724"},{"taxonomy":"post_tag","embeddable":true,"href":"https:\/\/lemotdujour.fr\/index.php?rest_route=%2Fwp%2Fv2%2Ftags&post=15724"}],"curies":[{"name":"wp","href":"https:\/\/api.w.org\/{rel}","templated":true}]}}