{"id":15720,"date":"2024-06-26T17:45:50","date_gmt":"2024-06-26T15:45:50","guid":{"rendered":"https:\/\/lemotdujour.fr\/?p=15720"},"modified":"2024-06-27T17:48:56","modified_gmt":"2024-06-27T15:48:56","slug":"mercredi-26-juin-2024","status":"publish","type":"post","link":"https:\/\/lemotdujour.fr\/?p=15720","title":{"rendered":"Mercredi 26 juin 2024"},"content":{"rendered":"<div class=\"mdjTexte\">\u00ab Moi ou le chaos \u00bb et en fait \u00ab moi et le chaos \u00bb<\/div>\n<div class=\"mdjAuteur\">Daniel Muraz dans le journal \u00ab Courrier Picard \u00bb du 18 juin<\/div>\n<p><span style=\"color: #777777; font-family: arial;\">Et maintenant, il parle du risque de guerre civile !<\/span><\/p>\n<p><span style=\"color: #777777; font-family: arial;\">En effet, dans un entretien au podcast \u00abG\u00e9n\u00e9ration Do It Yourself\u00bb diffus\u00e9 lundi 24 juin, le pr\u00e9sident de la R\u00e9publique a attaqu\u00e9 ses rivaux des \u00abdeux extr\u00eames\u00bb, et pour ajouter \u00e0 l\u2019angoisse g\u00e9n\u00e9rale, proph\u00e9tise la possibilit\u00e9 de la guerre civile ! <\/span><\/p>\n<p><span style=\"color: #777777; font-family: arial;\">Nous sommes pass\u00e9s de la promesse de \u00ab Moi ou le chaos \u00bb au constat du \u00ab Moi et le chaos \u00bb. <\/span><\/p>\n<p><span style=\"color: #777777; font-family: arial;\">Un Pr\u00e9sident de la R\u00e9publique ne devrait pas dire cela ! <\/span><\/p>\n<p><span style=\"color: #777777; font-family: arial;\">Il ne devrait pas attiser les braises mais au contraire apaiser, essayer de rassembler. <strong> Daniel Muraz<\/strong> \u00e9crit dans le journal \u00ab <a href=\"https:\/\/www.courrier-picard.fr\/id534266\/article\/2024-06-18\/moi-et-le-chaos\"><span style=\"color: #0000ff;\">Courrier Picard<\/span><\/a> \u00bb du 18 juin : <\/span><\/p>\n<p style=\"margin-left: 28pt;\"><span style=\"color: #c00000; font-family: arial;\">\u00ab En dramatisant les enjeux et en renvoyant caricaturalement dos-\u00e0-dos le front populaire de gauche et l\u2019extr\u00eame droite. Face \u00e0 ces \u00ab<em> extr\u00eames<\/em> \u00bb \u00e9galement diabolis\u00e9es et trait\u00e9s de \u00ab<em> fous<\/em> \u00bb, le chef de l\u2019extr\u00eame centre en a appel\u00e9 \u00e0 cr\u00e9er ce \u00ab bloc central \u00bb qu\u2019il n\u2019a jamais r\u00e9ussi \u00e0 construire depuis deux ans.<br \/>\nQuant au projet politique, rien de neuf. Bref, c\u2019est juste \u00ab moi ou le chaos \u00bb. Et en fait \u00ab moi <em>et<\/em> le chaos \u00bb.<br \/>\nChaos sinon cr\u00e9\u00e9, du moins accentu\u00e9 par sa dissolution. Chaos \u00e9vident \u00e0 droite chez les R\u00e9publicains. Chaos \u00e0 gauche ou les ranc\u0153urs r\u00e9apparaissent. Une clarification politique r\u00e9pondrait certes l\u2019\u00c9lys\u00e9e. Mais chaos aussi au sein d\u2019une ex-majorit\u00e9 pr\u00e9sidentielle d\u00e9boussol\u00e9e, qui a subi deux ans \u00e9prouvants \u00e0 l\u2019Assembl\u00e9e et qui se voit contrainte de repartir au front dans la pire des situations, avec un RN au plus haut et une gauche qui, d\u00e9jouant les esp\u00e9rances \u00e9lys\u00e9ennes des \u00ab gauches irr\u00e9conciliables \u00bb, est quand m\u00eame parvenue \u00e0 afficher son unit\u00e9.<br \/>\nImage chaotique encore renvoy\u00e9e \u00e0 l\u2019\u00e9tranger, notamment aux partenaires europ\u00e9ens, affaiblissant le poids de la France dans les n\u00e9gociations qui s\u2019ouvrent \u00e0 Bruxelles pour renouveler les instances europ\u00e9ennes. Chaos et K.O. politique surtout pour un pr\u00e9sident qui s\u2019engageait en 2017 \u00e0 tout faire pour que les Fran\u00e7ais n\u2019aient plus aucune raison de voter pour le RN\u2026 \u00bb <\/span><\/p>\n<p><span style=\"color: #777777; font-family: arial;\">Parmi toutes les nombreuses causes \u00e0 la pr\u00e9sence de l\u2019Extr\u00eame droite aux portes du pouvoir, ce pr\u00e9sident ne se rend il pas compte de ce que sa mani\u00e8re d\u2019agir, de gouverner en solitaire et de parler a pu irriter au plus haut point les fran\u00e7ais ?<\/span><\/p>\n<p><span style=\"color: #777777; font-family: arial;\">Il n\u2019aurait pas pu gagner les \u00e9lections pr\u00e9sidentielles de 2017 ou de 2022 sans l\u2019apport de millions d\u2019\u00e9lecteurs qui n\u2019\u00e9taient pas d\u2019accord avec les solutions qu\u2019il proposait,\u00a0 mais voulaient juste \u00e9viter le chaos. <\/span><\/p>\n<p><span style=\"color: #777777; font-family: arial;\">En 2022, les \u00e9lecteurs sont all\u00e9s plus loin, il n\u2019ont donn\u00e9 qu\u2019une majorit\u00e9 relative \u00e0 son camp. En r\u00e9ponse, il n\u2019a jamais cherch\u00e9 \u00e0 faire une coalition, il voulait des ralliements pour pouvoir continuer \u00e0 agir comme lors de son premier mandat, avec une assembl\u00e9e de d\u00e9put\u00e9s soumis qui votaient tout ce que ses conseillers et lui proposaient.<\/span><\/p>\n<p><span style=\"color: #777777; font-family: arial;\">Et le sommet de cette d\u00e9rive fut la gestion de la Loi sur les retraites. Il n\u2019a m\u00eame pas voulu parler et n\u00e9gocier avec Laurent Berger, l\u2019homme du compromis et de la mod\u00e9ration. <\/span><\/p>\n<p><span style=\"color: #777777; font-family: arial;\">Au moment de son d\u00e9part de la CFDT Laurent Berger a expliqu\u00e9 <a href=\"https:\/\/www.lejdd.fr\/politique\/avant-de-quitter-la-tete-de-la-cfdt-laurent-berger-attaque-une-derniere-fois-emmanuel-macron-137009\"><span style=\"color: #0000ff;\">au JDD<\/span><\/a><span style=\"color: #0000ff;\">,<\/span> en parlant d\u2019Emmanuel Macron : <\/span><\/p>\n<p style=\"margin-left: 28pt;\"><span style=\"color: #c00000; font-family: arial;\"><em>\u00ab <\/em>Je ne veux pas tomber dans l\u2019ultra personnalisation des choses, mais on n\u2019a pas la m\u00eame conception de la d\u00e9mocratie sociale, ni sans doute de la d\u00e9mocratie [\u2026] On n\u2019a pas la m\u00eame conception du mod\u00e8le social qui doit \u00eatre le n\u00f4tre pour accompagner les Fran\u00e7ais, les parcours \u00bb. <\/span><\/p>\n<p><span style=\"color: #777777; font-family: arial;\">Emmanuel Macron ne nous a pas pr\u00e9serv\u00e9 du chaos, il a \u00e9t\u00e9 un acc\u00e9l\u00e9rateur de chaos. <\/span><\/p>\n","protected":false},"excerpt":{"rendered":"<p>\u00ab Moi ou le chaos \u00bb et en fait \u00ab moi et le chaos \u00bb Daniel Muraz dans le journal \u00ab Courrier Picard \u00bb du 18 juin Et maintenant, il parle du risque de guerre civile ! En effet, dans<\/p>\n","protected":false},"author":1,"featured_media":0,"comment_status":"open","ping_status":"closed","sticky":false,"template":"","format":"standard","meta":{"footnotes":""},"categories":[1],"tags":[141,15,3],"class_list":["post-15720","post","type-post","status-publish","format-standard","hentry","category-motdujour","tag-elections","tag-france","tag-politique"],"_links":{"self":[{"href":"https:\/\/lemotdujour.fr\/index.php?rest_route=\/wp\/v2\/posts\/15720","targetHints":{"allow":["GET"]}}],"collection":[{"href":"https:\/\/lemotdujour.fr\/index.php?rest_route=\/wp\/v2\/posts"}],"about":[{"href":"https:\/\/lemotdujour.fr\/index.php?rest_route=\/wp\/v2\/types\/post"}],"author":[{"embeddable":true,"href":"https:\/\/lemotdujour.fr\/index.php?rest_route=\/wp\/v2\/users\/1"}],"replies":[{"embeddable":true,"href":"https:\/\/lemotdujour.fr\/index.php?rest_route=%2Fwp%2Fv2%2Fcomments&post=15720"}],"version-history":[{"count":2,"href":"https:\/\/lemotdujour.fr\/index.php?rest_route=\/wp\/v2\/posts\/15720\/revisions"}],"predecessor-version":[{"id":15723,"href":"https:\/\/lemotdujour.fr\/index.php?rest_route=\/wp\/v2\/posts\/15720\/revisions\/15723"}],"wp:attachment":[{"href":"https:\/\/lemotdujour.fr\/index.php?rest_route=%2Fwp%2Fv2%2Fmedia&parent=15720"}],"wp:term":[{"taxonomy":"category","embeddable":true,"href":"https:\/\/lemotdujour.fr\/index.php?rest_route=%2Fwp%2Fv2%2Fcategories&post=15720"},{"taxonomy":"post_tag","embeddable":true,"href":"https:\/\/lemotdujour.fr\/index.php?rest_route=%2Fwp%2Fv2%2Ftags&post=15720"}],"curies":[{"name":"wp","href":"https:\/\/api.w.org\/{rel}","templated":true}]}}