{"id":15702,"date":"2024-06-14T19:04:00","date_gmt":"2024-06-14T17:04:00","guid":{"rendered":"https:\/\/lemotdujour.fr\/?p=15702"},"modified":"2024-06-23T23:42:33","modified_gmt":"2024-06-23T21:42:33","slug":"vendredi-14-juin-2024","status":"publish","type":"post","link":"https:\/\/lemotdujour.fr\/?p=15702","title":{"rendered":"Vendredi 14 juin 2024"},"content":{"rendered":"<div class=\"mdjTexte\">\u00ab\u00a0Consultation \u00bb<\/div>\n<div class=\"mdjAuteur\">Que signifie ce mot ?<\/div>\n<p><span style=\"color: #777777; font-family: Arial;\">Quelquefois on se pose des questions sur des mots qui nous semblent de la langue courante, mots qu&rsquo;on utilise sans y penser.<br \/>\n<\/span><\/p>\n<p><span style=\"color: #777777; font-family: Arial;\">Et puis arrive un \u00e9v\u00e8nement qui nous interpelle et on commence \u00e0 douter du sens de ce mot.<br \/>\n<\/span><\/p>\n<p><span style=\"color: #777777; font-family: Arial;\">R\u00e9cemment c&rsquo;est le mot \u00ab\u00a0consultation\u00a0\u00bb qui m&rsquo;a conduit \u00e0 une telle interrogation.<br \/>\n<\/span><\/p>\n<p><span style=\"color: #777777; font-family: Arial;\">Au d\u00e9part, il y a cet article du \u00ab\u00a0<strong>Canard encha\u00een\u00e9<\/strong>\u00a0\u00bb du 12 juin 2024\u00a0:<br \/>\n<\/span><\/p>\n<p style=\"margin-left: 28pt;\"><span style=\"color: #c00000; font-family: Arial;\">\u00ab Apr\u00e8s avoir annonc\u00e9 aux t\u00e9nors de la majorit\u00e9 sa d\u00e9cision de dissoudre, Macron leur donne la parole, comme s&rsquo;ils avaient encore leur mot \u00e0 dire. Premi\u00e8re \u00e0 s&rsquo;exprimer, pour des raisons protocolaires Ya\u00ebl Braun-Pivet, sonn\u00e9e par la nouvelle, jette un pav\u00e9 dans la mare.<br \/>\n\u00ab\u00a0Monsieur le Pr\u00e9sident, selon l&rsquo;article 12 de la Constitution , vous devez consulter les Pr\u00e9sidents de l&rsquo;Assembl\u00e9e nationale et du S\u00e9nat.\u00a0\u00bb<br \/>\nR\u00e9ponse dudit Pr\u00e9sident\u00a0:<br \/>\n<\/span><span style=\"color: #c00000; font-family: Arial;\">\u00ab\u00a0Je suis en train de te consulter\u2026<br \/>\n&#8211; Pas comme \u00e7a. Je vous demande un entretien en t\u00eate \u00e0 t\u00eate\u00a0\u00bb<br \/>\nDemande accord\u00e9e, Macron et Braun-Pivet s&rsquo;\u00e9clipsent dans un salon voisin, o\u00f9 la pr\u00e9sidente de l&rsquo;Assembl\u00e9e dit tout le mal qu&rsquo;elle pense de la dissolution.<br \/>\n\u00ab J&rsquo;ai fait mon choix \u00ab\u00a0 r\u00e9plique le chef de l\u2019\u00c9tat qui appelle dans la foul\u00e9e G\u00e9rard Larcher, pr\u00e9sident du S\u00e9nat, pour le \u00ab consulter \u00bb lui aussi. \u00bb<br \/>\n<\/span><\/p>\n<p><span style=\"color: #777777; font-family: Arial;\">Nous avons bien entendu le Pr\u00e9sident de la R\u00e9publique nous dire le 9 juin<br \/>\n<\/span><\/p>\n<p style=\"margin-left: 28pt;\"><span style=\"color: #c00000; font-family: Arial;\"><em>\u00ab\u00a0<\/em>C&rsquo;est pourquoi, apr\u00e8s avoir proc\u00e9d\u00e9 aux consultations pr\u00e9vues \u00e0 l&rsquo;article\u00a012\u00a0de notre Constitution, j&rsquo;ai d\u00e9cid\u00e9 de vous redonner le choix de notre avenir parlementaire par le vote\u00a0\u00bb,<br \/>\n<\/span><\/p>\n<p><span style=\"color: #777777; font-family: Arial;\">Que dit cet article 12\u00a0?<br \/>\n<\/span><\/p>\n<p><span style=\"color: #777777; font-family: Arial;\">Article 12 de la Constitution :<br \/>\n<\/span><\/p>\n<p style=\"margin-left: 28pt;\"><span style=\"color: #c00000; font-family: Arial;\">\u00ab\u00a0 Le Pr\u00e9sident de la R\u00e9publique peut, <strong>apr\u00e8s consultation du Premier ministre et des pr\u00e9sidents des assembl\u00e9es<\/strong>, prononcer la dissolution de l&rsquo;Assembl\u00e9e nationale. Les \u00e9lections g\u00e9n\u00e9rales ont lieu vingt jours au moins et quarante jours au plus apr\u00e8s la dissolution.\u00a0\u00bb<br \/>\n<\/span><\/p>\n<p><span style=\"color: #777777; font-family: Arial;\">Ya\u00ebl Braun-Pivet, avait donc raison, en omettant toutefois le premier ministre, il faut une consultation pr\u00e9alable de trois autorit\u00e9s avant la d\u00e9cision par le Pr\u00e9sident de la R\u00e9publique.<br \/>\n<\/span><\/p>\n<p><span style=\"color: #777777; font-family: Arial;\">Mais que signifie consultation\u00a0?<br \/>\n<\/span><\/p>\n<p><span style=\"color: #777777; font-family: Arial;\">Selon le dictionnaire Larousse, \u00ab\u00a0<strong>consultation<\/strong>\u00a0\u00bb est un nom f\u00e9minin dont la d\u00e9finition est la suivante\u00a0:<br \/>\n<\/span><\/p>\n<p style=\"margin-left: 28pt;\"><span style=\"color: #c00000; font-family: Arial;\">\u00ab\u00a0Action de consulter quelqu&rsquo;un, de lui demander son avis\u00a0\u00bb<br \/>\n<\/span><\/p>\n<p><span style=\"color: #777777; font-family: Arial;\">Selon ce m\u00eame dictionnaire \u00ab\u00a0<strong>consulter\u00a0<\/strong>\u00bb r\u00e9pond \u00e0 la d\u00e9finition suivante\u00a0:<br \/>\n<\/span><\/p>\n<p style=\"margin-left: 28pt;\"><span style=\"color: #c00000; font-family: Arial;\">\u00ab\u00a0Demander \u00e0 quelqu&rsquo;un son avis, son conseil, chercher des renseignements aupr\u00e8s de lui, interroger\u00a0\u00bb.<br \/>\n<\/span><\/p>\n<p><span style=\"color: #777777; font-family: Arial;\">&lt;<span style=\"color: #000080;\"><a style=\"color: #000080;\" href=\"https:\/\/www.cnrtl.fr\/etymologie\/consulter\">Le dictionnaire du CNRS<\/a><\/span>&gt;<span style=\"color: #777777; font-family: Arial;\"> donne l&rsquo;\u00e9tymologie\u00a0:<br \/>\n<\/span><\/span><\/p>\n<p style=\"margin-left: 28pt;\"><span style=\"color: #c00000; font-family: Arial;\">\u00ab\u00a0Empr. au lat. class. consultare \u00ab d\u00e9lib\u00e9rer \u00bb<br \/>\n<\/span><\/p>\n<p><span style=\"color: #777777; font-family: Arial;\">Il s&rsquo;agit donc de d\u00e9lib\u00e9rer, de discuter, d&rsquo;\u00e9changer des arguments&#8230;<\/span><\/p>\n<p><span style=\"color: #777777; font-family: Arial;\">Le Canard encha\u00een\u00e9 a racont\u00e9 la r\u00e9action du Pr\u00e9sident du S\u00e9nat :<br \/>\n<\/span><\/p>\n<p style=\"margin-left: 28pt;\"><span style=\"color: #c00000; font-family: Arial;\">\u00ab En fait de consultation a racont\u00e9 G\u00e9rard Larcher, vingt-quatre heures plus tard en Conf\u00e9rence des pr\u00e9sidents, \u00ab J&rsquo;ai eu un coup de fil du chef de l\u2019\u00c9tat pour \u00ab m&rsquo;informer \u00bb qu&rsquo;il allait dissoudre. Je n&rsquo;ai pu qu&rsquo;en prendre acte \u00bb. Larcher, afin qu&rsquo;il y ait \u00ab une trace \u00bb de cette conversation en a fait consigner le contenu dans les archives du S\u00e9nat \u00bb<br \/>\n<\/span><\/p>\n<p><span style=\"color: #777777; font-family: Arial;\">Le Pr\u00e9sident a inform\u00e9 les trois autorit\u00e9s, il ne les a pas consult\u00e9s.<br \/>\n<\/span><\/p>\n<p><span style=\"color: #777777; font-family: Arial;\">L&rsquo;esprit de l&rsquo;article 12 et donc de la Constitution n&rsquo;a pas \u00e9t\u00e9 respect\u00e9.<br \/>\n<\/span><\/p>\n<p><span style=\"color: #777777; font-family: Arial;\">Soazig de la Moissonni\u00e8re, la photographe officielle de la Pr\u00e9sidence, a immortalis\u00e9 l&rsquo;annonce de la d\u00e9cision de dissolution lors de la fameuse r\u00e9union de l\u2019\u00c9lys\u00e9e :<br \/>\n<\/span><\/p>\n<p><img decoding=\"async\" src=\"https:\/\/lemotdujour.fr\/wp-content\/uploads\/2024\/06\/062224_1704_Vendredi14j1.jpg\" alt=\"\" \/><span style=\"color: #777777; font-family: Arial;\">On y voit la sid\u00e9ration de Ya\u00ebl Braun-Pivet, de Gabriel Attal et de G\u00e9rald Darmanin.<br \/>\n<\/span><\/p>\n<p><span style=\"color: #777777; font-family: Arial;\">Que signifie, en terme de communication, le fait de rendre public cette photo officielle ? <\/span><\/p>\n<p><span style=\"color: #777777; font-family: Arial;\">Je trouve cela \u00e9trange.<br \/>\n<\/span><\/p>\n<p><span style=\"color: #777777; font-family: Arial;\">Autre incongruit\u00e9 de l&rsquo;organisation de la R\u00e9publique fran\u00e7aise, que j&rsquo;ai essay\u00e9e de d\u00e9crire dans un mot du jour de 2017 : <a href=\"https:\/\/lemotdujour.fr\/?p=420\"><span style=\"color: navy;\">\u00ab La cinqui\u00e8me R\u00e9publique \u00bb<\/span><\/a><br \/>\n<\/span><\/p>\n<p><span style=\"color: #777777; font-family: Arial;\">Le vote sanction des \u00e9lecteurs fran\u00e7ais a \u00e9t\u00e9 r\u00e9alis\u00e9 contre le Pr\u00e9sident de la R\u00e9publique puisque c&rsquo;est lui qui d\u00e9cide de tout.<br \/>\n<\/span><\/p>\n<p><span style=\"color: #777777; font-family: Arial;\">Mais la r\u00e9ponse n&rsquo;est pas sa dissolution, c&rsquo;est-\u00e0-dire sa d\u00e9mission, mais la dissolution et donc le renvoi des d\u00e9put\u00e9s. Il faut savoir sacrifier les autres\u00a0! <\/span><\/p>\n<p><span style=\"color: #777777; font-family: Arial;\">Il y a quelques jours, le premier ministre britannique, Rishi Sunak, a demand\u00e9 la dissolution du Parlement. Mais cette d\u00e9cision s&rsquo;applique \u00e0 lui, si le peuple britannique envoie une autre majorit\u00e9 au Parlement, Rishi Sunak ne sera plus premier ministre.<br \/>\n<\/span><\/p>\n<p><span style=\"color: #777777; font-family: Arial;\">Et il en irait de m\u00eame en Allemagne, en Espagne, en Italie, au Danemark, bref dans tous les pays comparables.<br \/>\n<\/span><\/p>\n<p><span style=\"color: #777777; font-family: Arial;\">Sauf aux \u00c9tats Unis, o\u00f9 le Pr\u00e9sident a beaucoup de pouvoirs comme en France, mais ne peut pas dissoudre la chambre des repr\u00e9sentants.<br \/>\n<\/span><\/p>\n<p><span style=\"color: #777777; font-family: Arial;\">\u00ab\u00a0Il y a quelque chose de pourri au Royaume du Danemark\u00a0\u00bb \u00e9crivait Shakespeare dans \u00ab\u00a0Hamlet\u00a0\u00bb.<br \/>\n<\/span><\/p>\n<p><span style=\"color: #777777; font-family: Arial;\">Peut-\u00eatre y a-t-il quelque chose de pourri dans la V\u00e8me R\u00e9publique fran\u00e7aise ?<br \/>\n<\/span><\/p>\n","protected":false},"excerpt":{"rendered":"<p>\u00ab\u00a0Consultation \u00bb Que signifie ce mot ? Quelquefois on se pose des questions sur des mots qui nous semblent de la langue courante, mots qu&rsquo;on utilise sans y penser. Et puis arrive un \u00e9v\u00e8nement qui nous interpelle et on commence<\/p>\n","protected":false},"author":1,"featured_media":0,"comment_status":"open","ping_status":"closed","sticky":false,"template":"","format":"standard","meta":{"footnotes":""},"categories":[1],"tags":[141,15,3],"class_list":["post-15702","post","type-post","status-publish","format-standard","hentry","category-motdujour","tag-elections","tag-france","tag-politique"],"_links":{"self":[{"href":"https:\/\/lemotdujour.fr\/index.php?rest_route=\/wp\/v2\/posts\/15702","targetHints":{"allow":["GET"]}}],"collection":[{"href":"https:\/\/lemotdujour.fr\/index.php?rest_route=\/wp\/v2\/posts"}],"about":[{"href":"https:\/\/lemotdujour.fr\/index.php?rest_route=\/wp\/v2\/types\/post"}],"author":[{"embeddable":true,"href":"https:\/\/lemotdujour.fr\/index.php?rest_route=\/wp\/v2\/users\/1"}],"replies":[{"embeddable":true,"href":"https:\/\/lemotdujour.fr\/index.php?rest_route=%2Fwp%2Fv2%2Fcomments&post=15702"}],"version-history":[{"count":5,"href":"https:\/\/lemotdujour.fr\/index.php?rest_route=\/wp\/v2\/posts\/15702\/revisions"}],"predecessor-version":[{"id":15709,"href":"https:\/\/lemotdujour.fr\/index.php?rest_route=\/wp\/v2\/posts\/15702\/revisions\/15709"}],"wp:attachment":[{"href":"https:\/\/lemotdujour.fr\/index.php?rest_route=%2Fwp%2Fv2%2Fmedia&parent=15702"}],"wp:term":[{"taxonomy":"category","embeddable":true,"href":"https:\/\/lemotdujour.fr\/index.php?rest_route=%2Fwp%2Fv2%2Fcategories&post=15702"},{"taxonomy":"post_tag","embeddable":true,"href":"https:\/\/lemotdujour.fr\/index.php?rest_route=%2Fwp%2Fv2%2Ftags&post=15702"}],"curies":[{"name":"wp","href":"https:\/\/api.w.org\/{rel}","templated":true}]}}