{"id":1570,"date":"2016-01-13T01:00:00","date_gmt":"2016-01-12T22:00:00","guid":{"rendered":"http:\/\/lemotdujour.fr\/?p=1570"},"modified":"2017-05-08T13:42:02","modified_gmt":"2017-05-08T11:42:02","slug":"mercredi-13-janvier-2016","status":"publish","type":"post","link":"https:\/\/lemotdujour.fr\/?p=1570","title":{"rendered":"Mercredi 13 Janvier 2016"},"content":{"rendered":"<div class=\"mdjDate\">Mercredi 13 Janvier 2016<\/div>\n<div class=\"mdjTexte\">\u00ab\u00a0La d\u00e9finition de la sant\u00e9\u00a0\u00bb<\/div>\n<div class=\"mdjAuteur\">Michel Serres<\/div>\n<div class=\"mdjComplements\">En restant sur le sujet des v\u0153ux de bonne ann\u00e9e, le mot qui apparait le plus souvent c&rsquo;est \u00abbonne sant\u00e9\u00bb.<\/div>\n<div class=\"mdjComplements\">Dans l&rsquo;esprit de beaucoup cela signifie probablement absence de maladie.<\/div>\n<div class=\"mdjComplements\">Mais est-ce bien la bonne d\u00e9finition de la sant\u00e9 ?<\/div>\n<div class=\"mdjComplements\">Par ce mot du jour, je partage une r\u00e9flexion de Michel Serres qu&rsquo;il a d\u00e9ploy\u00e9e dans son \u00e9mission hebdomadaire sur France Info <a href=\"http:\/\/www.franceinfo.fr\/emission\/le-sens-de-l-info\/2015-2016\/la-sante-20-12-2015-05-20\">&lt;Le sens de l&rsquo;info du 20 d\u00e9cembre 2015&gt;<\/a><\/div>\n<div class=\"mdjComplements\">\u00a0<\/div>\n<div class=\"mdjComplements\">Michel Serres :\u00a0 <\/div>\n<div class=\"mdjCiter\">\u00ab\u00a0La sant\u00e9 il faudrait d&rsquo;abord la d\u00e9finir [&#8230;]<\/div>\n<div class=\"mdjCiter\">Je voudrais citer un livre fameux livre paru en 1940, sign\u00e9 d&rsquo;un certain docteur &lt;<a href=\"https:\/\/fr.wikipedia.org\/wiki\/Ren%C3%A9_Leriche\">Ren\u00e9 Leriche<\/a>&gt; (1879-1955) qui \u00e9tait issu d\u2019une famille de m\u00e9decins lyonnais et qui s&rsquo;intitulait \u00ab\u00a0Chirurgie de la douleur\u00a0\u00bb.<\/div>\n<div class=\"mdjCiter\">Ce m\u00e9decin avait v\u00e9cu les horreurs de la guerre 14-18 et avait tent\u00e9 de cr\u00e9er une chirurgie moins agressive, moins douloureuse, un peu plus anesth\u00e9sique. Il \u00e9tait devenu le champion de la lutte contre la douleur.<\/div>\n<div class=\"mdjCiter\">Dans ce livre, il cite une phrase qu\u2019il avait prononc\u00e9e en 1937 et qui l\u2019avait rendu tr\u00e8s c\u00e9l\u00e8bre\u00a0: [\u2026] <strong>\u00ab\u00a0La sant\u00e9, c\u2019est la vie dans le silence des organes\u00a0\u00bb<\/strong><\/div>\n<div class=\"mdjCiter\">Cette d\u00e9finition est simple, elle est g\u00e9niale et correspond au v\u00e9cu des gens qui oublient leur corps quand ils sont en bonne sant\u00e9. Car quand vous \u00eates en bonne sant\u00e9, aucun geste ne vous co\u00fbte, ce qui signifie qu\u2019aucun organe ne proteste contre le geste que vous faites, l\u2019action que vous menez. C\u2019est bien le silence des organes. [\u2026].<\/div>\n<div class=\"mdjCiter\">J\u2019ai une objection maintenant.<\/div>\n<div class=\"mdjCiter\">Cette phrase signifie que quand les organes bougent, s\u2019expriment, parlent, ils n\u2019expriment que la douleur, que la souffrance. Ce serait donc une d\u00e9finition que n\u00e9gative [&#8230;].<\/div>\n<div class=\"mdjCiter\">Il y a eu une r\u00e9volution m\u00e9dicale avec l\u2019invention de la <a href=\"https:\/\/fr.wikipedia.org\/wiki\/P%C3%A9nicilline\">p\u00e9nicilline<\/a> [1928], des<a href=\"https:\/\/fr.wikipedia.org\/wiki\/Antibiotique\"> antibiotiques<\/a> [dont la p\u00e9nicilline fut le premier d&rsquo;entre eux] et d\u2019autres m\u00e9dicaments qui ont compl\u00e9tement boulevers\u00e9 notre rapport \u00e0 la maladie car il permettait la gu\u00e9rison de la maladie.<\/div>\n<div class=\"mdjCiter\">Et sont apparus \u00e0 la m\u00eame \u00e9poque les <a href=\"http:\/\/www.doctissimo.fr\/html\/medicaments\/articles\/sa_4083_antalgiques.htm\">antalgiques<\/a>, <a href=\"http:\/\/www.pharmacorama.com\/therapeutique\/antalgiques-analgesiques.php\">les analg\u00e9siques<\/a>, les anesth\u00e9siques etc qui ont compl\u00e9ment boulevers\u00e9 notre rapport \u00e0 la souffrance et \u00e0 la douleur. [&#8230;] D\u00e8s lors, la d\u00e9finition de la sant\u00e9 change et la [d\u00e9finition du docteur Leriche n\u2019est plus exacte.] <\/div>\n<div class=\"mdjCiter\">Collectivement, l\u2019esp\u00e9rance de vie se met \u00e0 croitre, l\u2019arriv\u00e9e des gu\u00e9risons et des recouvrements de la sant\u00e9 augmentent consid\u00e9rablement.<\/div>\n<div class=\"mdjCiter\">On parle aujourd\u2019hui de ce silence-l\u00e0, du bien-\u00eatre, de l\u2019\u00e9tat de forme. Et par cons\u00e9quence on dit bien que lorsque les organes parlent, ils expriment le plaisir.<\/div>\n<div class=\"mdjCiter\">Dans le pass\u00e9 la sant\u00e9 \u00e9tait d\u00e9finie individuellement par le rapport \u00e0 la douleur et aujourd\u2019hui la sant\u00e9 est d\u00e9finie collectivement dans les statistiques par rapport \u00e0 l\u2019esp\u00e9rance de vie et individuellement par rapport au bien-\u00eatre.<\/div>\n<div class=\"mdjCiter\">Il y a eu un changement colossal, comme un renversement de la d\u00e9finition de la sant\u00e9 [de n\u00e9gatif \u00e0 positif]. [\u2026]<\/div>\n<div class=\"mdjCiter\">On a d\u00e9montr\u00e9 d\u00e9sormais que l\u2019action des diff\u00e9rents minist\u00e8res, \u00a0la cr\u00e9ation de l\u2019OMS, la cr\u00e9ation de la s\u00e9curit\u00e9 sociale ont tellement chang\u00e9 notre rapport au corps qu\u2019on pense m\u00eame que ces actions collectives sont plus importantes dans la r\u00e9volution que je parle que les [inventions m\u00e9dicales] \u00e0 proprement parler.<\/div>\n<div class=\"mdjCiter\">Autrefois la sant\u00e9 \u00e9tait un don du ciel, un don de la nature, un don du hasard et on ne faisait que se battre contre [la maladie] alors qu\u2019aujourd\u2019hui notre sant\u00e9 est entre nos mains en grande partie.<\/div>\n<div class=\"mdjCiter\">La d\u00e9finition aujourd\u2019hui de la sant\u00e9 est statistiquement collective, deuxi\u00e8mement le bien-\u00eatre et troisi\u00e8mement nous en sommes responsables. [\u2026]<\/div>\n<div class=\"mdjCiter\">En 2013, par exemple aux Etats-Unis, 17 citoyens am\u00e9ricains sont morts pour cause de terrorisme et 400\u00a0000 sont morts pour cause de tabac.<\/div>\n<div class=\"mdjCiter\">Si 400\u00a0000 sont morts pour cause de tabac, c\u2019est qu\u2019ils fumaient et s\u2019ils fumaient, c\u2019est qu\u2019ils voulaient bien fumer.<\/div>\n<div class=\"mdjCiter\">La sant\u00e9 devient un probl\u00e8me \u00e9thique, elle est grandement entre nos mains.<\/div>\n<div class=\"mdjCiter\">On voit donc combien la d\u00e9finition du professeur Leriche devient d\u00e9su\u00e8te.<\/div>\n<div class=\"mdjCiter\">Nous avons chang\u00e9 de m\u00e9decine, nous avons chang\u00e9 de soci\u00e9t\u00e9 et nous avons chang\u00e9 de morale.\u00a0\u00bb<\/div>\n<div class=\"mdjComplements\">Bonne sant\u00e9 \u00e0 tous pour 2016<\/div>\n","protected":false},"excerpt":{"rendered":"<p>Mercredi 13 Janvier 2016 \u00ab\u00a0La d\u00e9finition de la sant\u00e9\u00a0\u00bb Michel Serres En restant sur le sujet des v\u0153ux de bonne ann\u00e9e, le mot qui apparait le plus souvent c&rsquo;est \u00abbonne sant\u00e9\u00bb. Dans l&rsquo;esprit de beaucoup cela signifie probablement absence de<\/p>\n","protected":false},"author":1,"featured_media":0,"comment_status":"closed","ping_status":"closed","sticky":false,"template":"","format":"standard","meta":{"footnotes":""},"categories":[1],"tags":[],"class_list":["post-1570","post","type-post","status-publish","format-standard","hentry","category-motdujour"],"_links":{"self":[{"href":"https:\/\/lemotdujour.fr\/index.php?rest_route=\/wp\/v2\/posts\/1570","targetHints":{"allow":["GET"]}}],"collection":[{"href":"https:\/\/lemotdujour.fr\/index.php?rest_route=\/wp\/v2\/posts"}],"about":[{"href":"https:\/\/lemotdujour.fr\/index.php?rest_route=\/wp\/v2\/types\/post"}],"author":[{"embeddable":true,"href":"https:\/\/lemotdujour.fr\/index.php?rest_route=\/wp\/v2\/users\/1"}],"replies":[{"embeddable":true,"href":"https:\/\/lemotdujour.fr\/index.php?rest_route=%2Fwp%2Fv2%2Fcomments&post=1570"}],"version-history":[{"count":1,"href":"https:\/\/lemotdujour.fr\/index.php?rest_route=\/wp\/v2\/posts\/1570\/revisions"}],"predecessor-version":[{"id":1571,"href":"https:\/\/lemotdujour.fr\/index.php?rest_route=\/wp\/v2\/posts\/1570\/revisions\/1571"}],"wp:attachment":[{"href":"https:\/\/lemotdujour.fr\/index.php?rest_route=%2Fwp%2Fv2%2Fmedia&parent=1570"}],"wp:term":[{"taxonomy":"category","embeddable":true,"href":"https:\/\/lemotdujour.fr\/index.php?rest_route=%2Fwp%2Fv2%2Fcategories&post=1570"},{"taxonomy":"post_tag","embeddable":true,"href":"https:\/\/lemotdujour.fr\/index.php?rest_route=%2Fwp%2Fv2%2Ftags&post=1570"}],"curies":[{"name":"wp","href":"https:\/\/api.w.org\/{rel}","templated":true}]}}