{"id":15690,"date":"2024-06-18T23:36:57","date_gmt":"2024-06-18T21:36:57","guid":{"rendered":"https:\/\/lemotdujour.fr\/?p=15690"},"modified":"2024-06-21T23:42:59","modified_gmt":"2024-06-21T21:42:59","slug":"mardi-18-juin-2024","status":"publish","type":"post","link":"https:\/\/lemotdujour.fr\/?p=15690","title":{"rendered":"Mardi 18 juin 2024"},"content":{"rendered":"<div class=\"mdjTexte\">\u00ab\u00a0Deux fran\u00e7ais sur trois. \u00bb<\/div>\n<div class=\"mdjAuteur\">Val\u00e9ry Giscard d&rsquo;Estaing<\/div>\n<p><span style=\"color: #777777; font-family: Arial;\">Val\u00e9ry Giscard d&rsquo;Estaing avait \u00e9crit un livre en 1984 : \u00ab\u00a0<strong>Deux fran\u00e7ais sur trois\u00a0<\/strong>\u00bb dans lequel il estimait que pour gouverner la France, il fallait convaincre deux fran\u00e7ais sur trois.<\/span><\/p>\n<p><img decoding=\"async\" class=\"alignleft\" src=\"https:\/\/lemotdujour.fr\/wp-content\/uploads\/2024\/06\/062124_2135_Mardi18juin1.png\" alt=\"\" align=\"left\" \/><span style=\"color: #777777; font-family: Arial;\">Aujourd&rsquo;hui, nous en sommes loin.<br \/>\n<\/span><\/p>\n<p><span style=\"color: #777777; font-family: Arial;\">Nous savons qu&rsquo;il y a trois blocs qui sont, selon leurs programmes, leurs alliances et les hommes qui les composent, totalement incapables de travailler ensemble ou simplement d&rsquo;accepter de dire que le programme des deux autres blocs, bien que diff\u00e9rent, constitue une alternative acceptable. Les autres sont soient des salauds, des incomp\u00e9tents ou des factieux.<br \/>\n<\/span><\/p>\n<p><span style=\"color: #777777; font-family: Arial;\">Le bloc le mieux plac\u00e9 peut esp\u00e9rer 33% des voix.<br \/>\n<\/span><\/p>\n<p><span style=\"color: #777777; font-family: Arial;\">Comment peut-on esp\u00e9rer rassembler les fran\u00e7ais ainsi.<br \/>\n<\/span><\/p>\n<p><span style=\"color: #777777; font-family: Arial;\">J&rsquo;ai d\u00e9j\u00e0 \u00e9crit deux mots du jour ancien qui d&rsquo;une part montrait toutes les limites de la 5<sup>\u00e8me<\/sup> r\u00e9publique\u00a0: &lt;<a href=\"https:\/\/lemotdujour.fr\/?p=420\"><span style=\"color: #000080;\">mot du 8 f\u00e9vrier 2017<\/span><\/a>&gt; et un autre, en 2022, qui expliquait la perversit\u00e9, dans le contexte actuel, du scrutin uninominal \u00e0 deux tours : <\/span><span style=\"color: #777777; font-family: Arial;\">\u00ab <a href=\"https:\/\/lemotdujour.fr\/?p=13562\"><span style=\"color: #000080;\">Les 16 \u00e9lections l\u00e9gislatives de la V\u00e8me R\u00e9publique\u00a0: Un regard historique sur un scrutin qui se d\u00e9lite\u00a0<\/span><\/a>\u00bb<br \/>\n<\/span><\/p>\n<p><span style=\"color: #777777; font-family: Arial;\">Ce scrutin pouvait se concevoir tant que la France \u00e9tait divis\u00e9e en deux coalitions qui se combattaient mais se respectaient.<br \/>\n<\/span><\/p>\n<p><span style=\"color: #777777; font-family: Arial;\">Aujourd&rsquo;hui c&rsquo;est une catastrophe.<br \/>\n<\/span><\/p>\n<p><span style=\"color: #777777; font-family: Arial;\">Parce qu&rsquo;il est envisageable que le Rassemblement National avec 33% des voix puissent, au second tour, avoir la majorit\u00e9 absolue des si\u00e8ges, alors de 77% des \u00e9lecteurs ne veulent pas de ce programme. Je veux dire qu&rsquo;ils n&rsquo;en veulent absolument pas.<br \/>\n<\/span><\/p>\n<p><span style=\"color: #777777; font-family: Arial;\">Il en va de m\u00eame pour le nouveau front populaire, qui pourrait avoir, avec 30% des voix, la majorit\u00e9 absolue des si\u00e8ges alors que tous les autres sont radicalement contre.<br \/>\n<\/span><\/p>\n<p><span style=\"color: #777777; font-family: Arial;\">Nous avons d\u00e9j\u00e0 suffisamment de probl\u00e8mes pour ne pas y ajouter un type de scrutin qui permet une telle distorsion de la volont\u00e9 du corps \u00e9lectoral.<br \/>\n<\/span><\/p>\n<p><span style=\"color: #777777; font-family: Arial;\">Dans l&rsquo;Union europ\u00e9enne, nous sommes les seuls \u00e0 ne pas avoir le scrutin proportionnel et nous avons tort.<br \/>\n<\/span><\/p>\n<p><span style=\"color: #777777; font-family: Arial;\">Avec un scrutin proportionnel, le PS, le PC et les verts n&rsquo;auraient pas besoin de s&rsquo;associer \u00e0 LFI.<br \/>\n<\/span><\/p>\n<p><span style=\"color: #777777; font-family: Arial;\">Les r\u00e9publicains ne se rallieraient pas au Rassemblement National.<br \/>\n<\/span><\/p>\n<p><span style=\"color: #777777; font-family: Arial;\">Et les divers partis ne s&rsquo;ostraciserait pas comme actuellement, car ils sauraient qu&rsquo;apr\u00e8s les \u00e9lections il faudrait trouver des coalitions.<br \/>\n<\/span><\/p>\n<p><span style=\"color: #777777; font-family: Arial;\">Ces coalitions \u00e9viteraient les mesures excessives et trop d\u00e9cal\u00e9es par rapport aux autres mouvements politiques.<br \/>\n<\/span><\/p>\n<p><span style=\"color: #777777; font-family: Arial;\">Il est urgent de passer \u00e0 la Proportionnelle.<br \/>\n<\/span><\/p>\n","protected":false},"excerpt":{"rendered":"<p>\u00ab\u00a0Deux fran\u00e7ais sur trois. \u00bb Val\u00e9ry Giscard d&rsquo;Estaing Val\u00e9ry Giscard d&rsquo;Estaing avait \u00e9crit un livre en 1984 : \u00ab\u00a0Deux fran\u00e7ais sur trois\u00a0\u00bb dans lequel il estimait que pour gouverner la France, il fallait convaincre deux fran\u00e7ais sur trois. Aujourd&rsquo;hui, nous<\/p>\n","protected":false},"author":1,"featured_media":0,"comment_status":"open","ping_status":"closed","sticky":false,"template":"","format":"standard","meta":{"footnotes":""},"categories":[1],"tags":[141,15,3],"class_list":["post-15690","post","type-post","status-publish","format-standard","hentry","category-motdujour","tag-elections","tag-france","tag-politique"],"_links":{"self":[{"href":"https:\/\/lemotdujour.fr\/index.php?rest_route=\/wp\/v2\/posts\/15690","targetHints":{"allow":["GET"]}}],"collection":[{"href":"https:\/\/lemotdujour.fr\/index.php?rest_route=\/wp\/v2\/posts"}],"about":[{"href":"https:\/\/lemotdujour.fr\/index.php?rest_route=\/wp\/v2\/types\/post"}],"author":[{"embeddable":true,"href":"https:\/\/lemotdujour.fr\/index.php?rest_route=\/wp\/v2\/users\/1"}],"replies":[{"embeddable":true,"href":"https:\/\/lemotdujour.fr\/index.php?rest_route=%2Fwp%2Fv2%2Fcomments&post=15690"}],"version-history":[{"count":4,"href":"https:\/\/lemotdujour.fr\/index.php?rest_route=\/wp\/v2\/posts\/15690\/revisions"}],"predecessor-version":[{"id":15695,"href":"https:\/\/lemotdujour.fr\/index.php?rest_route=\/wp\/v2\/posts\/15690\/revisions\/15695"}],"wp:attachment":[{"href":"https:\/\/lemotdujour.fr\/index.php?rest_route=%2Fwp%2Fv2%2Fmedia&parent=15690"}],"wp:term":[{"taxonomy":"category","embeddable":true,"href":"https:\/\/lemotdujour.fr\/index.php?rest_route=%2Fwp%2Fv2%2Fcategories&post=15690"},{"taxonomy":"post_tag","embeddable":true,"href":"https:\/\/lemotdujour.fr\/index.php?rest_route=%2Fwp%2Fv2%2Ftags&post=15690"}],"curies":[{"name":"wp","href":"https:\/\/api.w.org\/{rel}","templated":true}]}}