{"id":1568,"date":"2016-01-12T01:00:00","date_gmt":"2016-01-11T22:00:00","guid":{"rendered":"http:\/\/lemotdujour.fr\/?p=1568"},"modified":"2021-10-17T14:52:44","modified_gmt":"2021-10-17T12:52:44","slug":"mardi-12-janvier-2016","status":"publish","type":"post","link":"https:\/\/lemotdujour.fr\/?p=1568","title":{"rendered":"Mardi 12 Janvier 2016"},"content":{"rendered":"<div class=\"mdjTexte\">\u00ab\u00a0Bonne Ann\u00e9e\u00a0\u00bb<\/div>\n<div class=\"mdjAuteur\">V\u0153u que l\u2019on formule le premier jour de l\u2019ann\u00e9e.<\/div>\n<p><span style=\"color: #777777; font-family: Arial;\">Je vous convie aujourd&rsquo;hui \u00e0 une r\u00e9flexion sur la relativit\u00e9. R\u00e9flexion qui n&rsquo;a rien \u00e0 voir avec la th\u00e9orie d&rsquo;Einstein sur l&rsquo;espace et le temps.<br \/>\n<\/span><\/p>\n<p><span style=\"color: #777777; font-family: Arial;\">Quoique \u2026<br \/>\n<\/span><\/p>\n<p><span style=\"color: #777777; font-family: Arial;\">Si nous revenons \u00e0 cette question qui occupe tellement l&rsquo;espace public ces derniers temps\u00a0: la religion et que nous posons de mani\u00e8re rationnelle la question pourquoi un \u00eatre humain a-t-il une telle religion\u00a0?<br \/>\n<\/span><\/p>\n<p><span style=\"color: #777777; font-family: Arial;\">Du point de vue scientifique et donc statistique, l&rsquo;explication quasi unique est\u00a0: Parce qu&rsquo;il est n\u00e9 dans une famille qui avait cette religion et plus largement dans un pays qui est majoritairement de cette religion. Les conversions existent mais sont, \u00e0 l&rsquo;aune de cette premi\u00e8re r\u00e9flexion, tr\u00e8s marginales.<br \/>\n<\/span><\/p>\n<p><span style=\"color: #777777; font-family: Arial;\">Je pense que cette prise de conscience ne peut qu&rsquo;avoir une grande influence sur notre analyse de la croyance religieuse.<br \/>\n<\/span><\/p>\n<p><span style=\"color: #777777; font-family: Arial;\">Mais ce n&rsquo;est pas de cela que je souhaite parler aujourd&rsquo;hui.<br \/>\n<\/span><\/p>\n<p><span style=\"color: #777777; font-family: Arial;\">Quoique \u2026<br \/>\n<\/span><\/p>\n<p><span style=\"color: #777777; font-family: Arial;\">Bonne ann\u00e9e, c&rsquo;est le premier jour de la nouvelle ann\u00e9e. Qui dit ann\u00e9e, dit calendrier. Souvent le calendrier est li\u00e9 \u00e0 une religion.<br \/>\n<\/span><\/p>\n<p><span style=\"color: #777777; font-family: Arial;\">Et nous sommes \u00e0 nouveau plong\u00e9s dans la relativit\u00e9.<br \/>\n<\/span><\/p>\n<p><span style=\"color: #777777; font-family: Arial;\">Notre bonne ann\u00e9e est la bonne ann\u00e9e de l&rsquo;\u00e8re et du calendrier chr\u00e9tien. Plus pr\u00e9cis\u00e9ment le <a href=\"https:\/\/fr.wikipedia.org\/wiki\/Calendrier_gr%C3%A9gorien\"><span style=\"color: blue; text-decoration: underline;\">calendrier gr\u00e9gorien<\/span><\/a> [du pape Gr\u00e9goire XIII] qui a compl\u00e9t\u00e9 et modifi\u00e9 en 1582<a href=\"https:\/\/fr.wikipedia.org\/wiki\/Calendrier_julien\"><span style=\"color: blue; text-decoration: underline;\"> le calendrier Julien<\/span><\/a> cr\u00e9\u00e9 sous Jules C\u00e9sar.<br \/>\n<\/span><\/p>\n<p><a href=\"https:\/\/fr.wikipedia.org\/wiki\/Calendrier_r%C3%A9publicain\"><span style=\"color: blue; font-family: Arial; text-decoration: underline;\">La tentative des r\u00e9volutionnaires fran\u00e7ais <\/span><\/a><span style=\"color: #777777; font-family: Arial;\">\u00e0 modifier cette institution chr\u00e9tienne a \u00e9chou\u00e9.<br \/>\n<\/span><\/p>\n<p><span style=\"color: #777777; font-family: Arial;\">Pour les chinois, les cor\u00e9ens et les vietnamiens, c&rsquo;est-\u00e0-dire 1\/5 de l&rsquo;humanit\u00e9, la bonne ann\u00e9e se souhaitera le 8 f\u00e9vrier qui correspond au premier jour de leur calendrier.<br \/>\n<\/span><\/p>\n<p><span style=\"color: #777777; font-family: Arial;\">Pour une beaucoup plus petite communaut\u00e9, les sikhs, ce sera le 14 mars.<br \/>\n<\/span><\/p>\n<p><span style=\"color: #777777; font-family: Arial;\">Et le 20 mars ce seront les iraniens et les kurdes qui souhaiteront la bonne ann\u00e9e avec Norouz.<br \/>\n<\/span><\/p>\n<p><span style=\"color: #777777; font-family: Arial;\">Le 15 avril ce sera le tour des tha\u00eflandais, des birmans, des sri lankais et d&rsquo;une partie des indiens.<br \/>\n<\/span><\/p>\n<p><span style=\"color: #777777; font-family: Arial;\">Le Nouvel an juif, ce sera du deux au quatre octobre, \u00e0 peu pr\u00e8s en m\u00eame temps que le nouvel an musulman, du premier au trois octobre.<br \/>\n<\/span><\/p>\n<p><span style=\"color: #777777; font-family: Arial;\">Enfin, le trente octobre, ce sera Diwali, la f\u00eate des lumi\u00e8res, pour plus d&rsquo;un milliard d&rsquo;Indiens.<br \/>\n<\/span><\/p>\n<p><span style=\"color: #777777; font-family: Arial;\">Je serai, comme toujours, franc avec vous, je n&rsquo;ai pas v\u00e9rifi\u00e9 l&rsquo;exactitude de toutes ces dates, j&rsquo;ai fait confiance \u00e0 <a href=\"http:\/\/www.franceinter.fr\/emission-geopolitique-petites-previsions-pour-2016\"><span style=\"color: blue; text-decoration: underline;\">Anthony Bellanger sur France Inter<\/span><\/a> qui a donn\u00e9 cette \u00e9num\u00e9ration<em>.<\/em><br \/>\n<\/span><\/p>\n<p><span style=\"color: #777777; font-family: Arial;\">Mais ce qui m&rsquo;int\u00e9resse ainsi est la prise de conscience que ce que je pensais universelle, la bonne ann\u00e9e pour tous les terriens, comme l&rsquo;exprime souvent nos chaines de t\u00e9l\u00e9vision notamment en annon\u00e7ant le matin du 31 d\u00e9cembre en France, <a href=\"http:\/\/fr.euronews.com\/nocomment\/2015\/12\/31\/c-est-deja-la-nouvelle-annee-en-nouvelle-zelande\/\"><span style=\"color: blue; text-decoration: underline;\">\u00ab\u00a0C&rsquo;est d\u00e9j\u00e0 la nouvelle ann\u00e9e en Nouvelle-Z\u00e9lande\u00a0\u00bb<\/span><\/a> avec ce postulat que tous les terriens vont passer, en suivant les m\u00e9ridiens, dans un m\u00eame r\u00e9f\u00e9rentiel, \u00e0 la nouvelle ann\u00e9e, unique et universelle.<br \/>\n<\/span><\/p>\n<p><span style=\"color: #777777; font-family: Arial;\">Ainsi, si je vous souhaite une bonne ann\u00e9e, c&rsquo;est une bonne ann\u00e9e du calendrier chr\u00e9tien.<br \/>\n<\/span><\/p>\n<p><span style=\"color: #777777; font-family: Arial;\">Et encore pas de tous les chr\u00e9tiens, car <a href=\"https:\/\/fr.wikipedia.org\/wiki\/Calendrier_liturgique_orthodoxe\"><span style=\"color: blue; text-decoration: underline;\">certains chr\u00e9tiens orthodoxes<\/span><\/a> ont conserv\u00e9 le calendrier julien.<br \/>\n<\/span><\/p>\n<p><span style=\"color: #777777; font-family: Arial;\">Et si on souhaite aller encore plus loin dans l&rsquo;\u00e9rudition on constatera que le premier janvier n&rsquo;a pas toujours \u00e9t\u00e9 le premier jour de l&rsquo;ann\u00e9e en France et qu&rsquo;il existait m\u00eame des jours diff\u00e9renci\u00e9s selon les provinces\u00a0: \u00e0 Lyon, c&rsquo;\u00e9tait le 25 d\u00e9cembre, \u00e0 Vienne [France], le 25 mars.<br \/>\n<\/span><\/p>\n<p><span style=\"color: #777777; font-family: Arial;\">Et c&rsquo;est <a href=\"https:\/\/fr.wikipedia.org\/wiki\/%C3%89dit_de_Roussillon\"><span style=\"color: blue; text-decoration: underline;\">\u00a0l&rsquo;\u00e9dit de Roussillon de 1564<\/span><\/a> de Charles IX [le roi de la Sainte Barth\u00e9l\u00e9my] qui harmonisa les pratiques et fixa le nouvel an au premier janvier.<br \/>\n<\/span><\/p>\n<p><span style=\"color: #777777; font-family: Arial;\">En conclusion, dans un monde de relativit\u00e9 <strong>je vous souhaite une bonne ann\u00e9e selon le calendrier actuel du plus grand nombre des chr\u00e9tiens.<\/strong><br \/>\n<\/span><\/p>\n<p><span style=\"color: #800000; font-family: Arial;\">&lt;625&gt;<\/span><\/p>\n","protected":false},"excerpt":{"rendered":"<p>\u00ab\u00a0Bonne Ann\u00e9e\u00a0\u00bb V\u0153u que l\u2019on formule le premier jour de l\u2019ann\u00e9e. Je vous convie aujourd&rsquo;hui \u00e0 une r\u00e9flexion sur la relativit\u00e9. R\u00e9flexion qui n&rsquo;a rien \u00e0 voir avec la th\u00e9orie d&rsquo;Einstein sur l&rsquo;espace et le temps. Quoique \u2026 Si nous<\/p>\n","protected":false},"author":1,"featured_media":0,"comment_status":"closed","ping_status":"closed","sticky":false,"template":"","format":"standard","meta":{"footnotes":""},"categories":[1],"tags":[17,34],"class_list":["post-1568","post","type-post","status-publish","format-standard","hentry","category-motdujour","tag-histoire","tag-religion"],"_links":{"self":[{"href":"https:\/\/lemotdujour.fr\/index.php?rest_route=\/wp\/v2\/posts\/1568","targetHints":{"allow":["GET"]}}],"collection":[{"href":"https:\/\/lemotdujour.fr\/index.php?rest_route=\/wp\/v2\/posts"}],"about":[{"href":"https:\/\/lemotdujour.fr\/index.php?rest_route=\/wp\/v2\/types\/post"}],"author":[{"embeddable":true,"href":"https:\/\/lemotdujour.fr\/index.php?rest_route=\/wp\/v2\/users\/1"}],"replies":[{"embeddable":true,"href":"https:\/\/lemotdujour.fr\/index.php?rest_route=%2Fwp%2Fv2%2Fcomments&post=1568"}],"version-history":[{"count":2,"href":"https:\/\/lemotdujour.fr\/index.php?rest_route=\/wp\/v2\/posts\/1568\/revisions"}],"predecessor-version":[{"id":12401,"href":"https:\/\/lemotdujour.fr\/index.php?rest_route=\/wp\/v2\/posts\/1568\/revisions\/12401"}],"wp:attachment":[{"href":"https:\/\/lemotdujour.fr\/index.php?rest_route=%2Fwp%2Fv2%2Fmedia&parent=1568"}],"wp:term":[{"taxonomy":"category","embeddable":true,"href":"https:\/\/lemotdujour.fr\/index.php?rest_route=%2Fwp%2Fv2%2Fcategories&post=1568"},{"taxonomy":"post_tag","embeddable":true,"href":"https:\/\/lemotdujour.fr\/index.php?rest_route=%2Fwp%2Fv2%2Ftags&post=1568"}],"curies":[{"name":"wp","href":"https:\/\/api.w.org\/{rel}","templated":true}]}}