{"id":15679,"date":"2024-06-13T22:26:46","date_gmt":"2024-06-13T20:26:46","guid":{"rendered":"https:\/\/lemotdujour.fr\/?p=15679"},"modified":"2025-01-12T23:19:07","modified_gmt":"2025-01-12T22:19:07","slug":"jeudi-13-juin-2024","status":"publish","type":"post","link":"https:\/\/lemotdujour.fr\/?p=15679","title":{"rendered":"Jeudi 13 juin 2024"},"content":{"rendered":"<div class=\"mdjTexte\">\u00ab Le sexe d&rsquo;un c\u00f4t\u00e9 et le fric de l&rsquo;autre et on arrive \u00e0 \u00e7a\u00a0! \u00bb<\/div>\n<div class=\"mdjAuteur\">Roselyne Bachelot<\/div>\n<p><span style=\"color: #777777; font-family: Arial;\">C&rsquo;est dans l&rsquo;\u00e9mission &lt;<span style=\"color: #000080;\"><a style=\"color: #000080;\" href=\"https:\/\/www.bfmtv.com\/replay-emissions\/face-a-duhamel\/face-a-duhamel-roselyne-bachelot-ciotti-peut-il-tenir-longtemps-12-06_VN-202406120869.html\">Face \u00e0 Alain Duhamel<\/a><\/span>&gt; du 12 juin que <strong>Roselyne Bachelot<\/strong> explique le chaos actuel de la mani\u00e8re suivante :<br \/>\n<\/span><\/p>\n<p style=\"margin-left: 28pt;\"><span style=\"color: #c00000; font-family: Arial;\">\u00ab\u00a0Cette dilution de la vie politique fran\u00e7aise vient de loin. Elle n&rsquo;est pas \u00e0 imputer \u00e0 Emmanuel Macron. Emmanuel Macron est l&rsquo;effet de cette dilution, il n&rsquo;est pas la cause.<br \/>\nParce que les ferments de la distorsion de la vie politique fran\u00e7aise, ils ont commenc\u00e9 avec le scandale de Dominique Strauss Kahn, qui fait que l&rsquo;\u00e9lection pr\u00e9sidentielle de 2012 choisit Fran\u00e7ois Hollande qui n&rsquo;\u00e9tait pas le bon candidat et qui scelle la mort du PS. Ils ont continu\u00e9 avec le scandale de Fran\u00e7ois Fillon qui tue la Droite r\u00e9publiaine. Donc ces deux \u00e9l\u00e9ments, ces deux colonnes vertr\u00e9brales de la vie politique fran\u00e7aise s&rsquo;effondrent \u00e0 cause de la faute de deux hommes.<br \/>\nLe sexe d&rsquo;un c\u00f4t\u00e9 et le fric de l&rsquo;autre et on arrive \u00e0 \u00e7a.\u00a0\u00bb<\/span><\/p>\n<p><span style=\"color: #777777; font-family: Arial;\">Ainsi parle Roselyne Bachelot avec sa gouaille et son sens des formules.<br \/>\n<\/span><\/p>\n<p><span style=\"color: #777777; font-family: Arial;\">Elle, qui fut ministre de la Culture, post COVID, sous la pr\u00e9sidence d&rsquo;Emmanuel Macron, de 2020 \u00e0 2022.<br \/>\n<\/span><\/p>\n<p><span style=\"color: #777777; font-family: Arial;\">Mais elle fut pr\u00e9alablement, ministre de la Sant\u00e9 et des Sports de 2007 \u00e0 2010 et ministre des Solidarit\u00e9s et de la Coh\u00e9sion sociale de 2010 \u00e0 2012 sous la pr\u00e9sidence de Nicolas Sarkozy<br \/>\n<\/span><\/p>\n<p><span style=\"color: #777777; font-family: Arial;\">Et encore avant, cette Docteure en pharmacie, n\u00e9e le 24 d\u00e9cembre 1946 \u00e0 Nevers, eut sa premi\u00e8re exp\u00e9rience gouvernementale, de 2002 \u00e0 2004, comme ministre de l&rsquo;\u00c9cologie et du D\u00e9veloppement durable. Jacques Chirac \u00e9tait alors Pr\u00e9sident de la R\u00e9publique.<br \/>\n<\/span><\/p>\n<p><span style=\"color: #777777; font-family: Arial;\">Elle a raison sur un point, Emmanuel Macron est devenu Pr\u00e9sident de la R\u00e9publique suite \u00e0 un concours de circonstances : un quinquennat rat\u00e9 de Fran\u00e7ois Hollande et une campagne rat\u00e9e de Fran\u00e7ois Fillon qui proclamait qu&rsquo;il fallait faire des \u00e9conomies drastiques dans le train de vie de l\u2019\u00c9tat mais qui n&rsquo;appliquait pas cette r\u00e8gle pour ses besoins personnels et familiaux.<br \/>\n<\/span><\/p>\n<p><span style=\"color: #777777; font-family: Arial;\">Sans ces deux aventures, Emmanuel Macron n&rsquo;aurait jamais \u00e9t\u00e9 \u00e9lu Pr\u00e9sident de la R\u00e9publique en 2017, malgr\u00e9 ses talents, son ambition et sa bonne \u00e9toile.<br \/>\n<\/span><\/p>\n<p><img decoding=\"async\" src=\"https:\/\/lemotdujour.fr\/wp-content\/uploads\/2024\/06\/062124_1914_Lundixxfvri1.jpg\" alt=\"\" \/><span style=\"color: #777777; font-family: Arial;\">Dans son discours de la victoire de 2017, il avait fait la <a href=\"https:\/\/www.vie-publique.fr\/discours\/202850-declaration-de-m-emmanuel-macron-candidat-elu-lelection-presidentie\"><span style=\"color: #000080;\">promesse suivante<\/span>\u00a0<\/a>:<br \/>\n<\/span><\/p>\n<p style=\"margin-left: 28pt;\"><span style=\"color: #c00000; font-family: Arial;\">\u00ab\u00a0Je veux avoir un mot pour les Fran\u00e7ais qui ont vot\u00e9 simplement pour d\u00e9fendre la R\u00e9publique face \u00e0 l&rsquo;extr\u00e9misme. Je sais nos d\u00e9saccords, je les respecterai, mais je serai fid\u00e8le \u00e0 cet engagement pris : je prot\u00e8gerai la R\u00e9publique.<br \/>\n<\/span><span style=\"color: #c00000; font-family: Arial;\">Et je veux enfin avoir un mot pour ceux qui ont vot\u00e9 aujourd&rsquo;hui pour Madame LE PEN &#8211; ne les sifflez pas, ils ont exprim\u00e9 aujourd&rsquo;hui une col\u00e8re, un d\u00e9sarroi, parfois des convictions. Je les respecte. <strong>Mais je ferai tout, durant les cinq ann\u00e9es qui viennent, pour qu&rsquo;ils n&rsquo;aient plus aucune raison de voter pour les extr\u00eames.<\/strong>\u00a0\u00bb<br \/>\n<\/span><\/p>\n<p><span style=\"color: #777777; font-family: Arial;\">Le r\u00e9sultat des \u00e9lections europ\u00e9ennes du 9 juin 2024 qui a fait monter le Parti de Mme Le Pen \u00e0 31,4% des suffrages exprim\u00e9s et en y incluant les autres mouvements, l&rsquo;extr\u00eame droite \u00e0 pr\u00e8s de 40% des voix, montre que la promesse n&rsquo;a pas \u00e9t\u00e9 tenue.<br \/>\n<\/span><\/p>\n<p><span style=\"color: #777777; font-family: Arial;\">Mais \u00ab\u00a0Le sexe d&rsquo;un c\u00f4t\u00e9 et le fric de l&rsquo;autre\u00a0\u00bb ne suffisent pas \u00e0 expliquer pourquoi \u00ab\u00a0<strong>on arrive \u00e0 \u00e7a\u00a0!<\/strong>\u00a0\u00bb, c&rsquo;est-\u00e0-dire \u00e0 une extr\u00eame droite devant la porte entrouverte du pouvoir.<br \/>\n<\/span><\/p>\n<p><span style=\"color: #777777; font-family: Arial;\">Rappelez-vous les derni\u00e8res ann\u00e9es cr\u00e9pusculaires de Fran\u00e7ois Mitterrand, puis les 12 ans de Chirac pour lesquels on se rappelle avec reconnaissance l&rsquo;opposition \u00e0 la guerre en Irak, mais qui sur le plan interne ne sut et ne put rien faire sur l&rsquo;inexorable d\u00e9clin de la France, l&rsquo;angoisse de la classe moyenne et l&rsquo;augmentation des tensions au sein de la soci\u00e9t\u00e9 fran\u00e7aise.<br \/>\n<\/span><\/p>\n<p><span style=\"color: #777777; font-family: Arial;\">Son successeur, Nicolas Sarkozy, qui a trait\u00e9 son pr\u00e9d\u00e9cesseur de \u00ab\u00a0roi fain\u00e9ant\u00a0\u00bb malgr\u00e9 son activisme et son \u00e9nergie n&rsquo;a pas davantage r\u00e9ussi \u00e0 rendre confiance aux fran\u00e7ais.<br \/>\n<\/span><\/p>\n<p><span style=\"color: #777777; font-family: Arial;\">Entre temps, il y eut les 5 ans de cohabitation de 1997 \u00e0 2002 pendant lesquels Lionel Jospin fut un premier ministre s\u00e9rieux, rigoureux qui pensait que ses r\u00e9sultats \u00e9conomiques lui permettraient d&rsquo;acc\u00e9der, sans difficult\u00e9s, \u00e0 la Pr\u00e9sidence de la r\u00e9publique contre \u00ab un Chirac fatigu\u00e9 \u00bb.<br \/>\n<\/span><\/p>\n<p><span style=\"color: #777777; font-family: Arial;\">Que Nenni\u2026<br \/>\n<\/span><\/p>\n<p><span style=\"color: #777777; font-family: Arial;\">Pour la premi\u00e8re fois un repr\u00e9sentant de l&rsquo;extr\u00eame droite s&rsquo;invita au second tour de la Pr\u00e9sidentielle.<br \/>\n<\/span><\/p>\n<p><span style=\"color: #777777; font-family: Arial;\">Puis il y eut Fran\u00e7ois Hollande qui \u00e9choua jusqu&rsquo;au point de ne pouvoir se pr\u00e9senter \u00e0 sa r\u00e9\u00e9lection, trahi il est vrai, par un jeune fougueux qui croyait conna\u00eetre la solution aux probl\u00e8mes et qui s&rsquo;est fracass\u00e9, \u00e0 son tour, au mur des r\u00e9alit\u00e9s de son impuissance politique, plomb\u00e9 et rejet\u00e9 avec d&rsquo;autant plus de force que son arrogance apparait grande.<br \/>\n<\/span><\/p>\n<p><span style=\"color: #777777; font-family: Arial;\">Je ne crois pas un instant que l&rsquo;\u00e9lection de Strauss Kahn en 2012 ou de Fillon en 2017 aurait chang\u00e9 quoi que ce soit de fondamental dans cette \u00e9volution.<br \/>\n<\/span><\/p>\n<p><span style=\"color: #777777; font-family: Arial;\">Pourquoi\u00a0?<br \/>\n<\/span><\/p>\n<p><span style=\"color: #777777; font-family: Arial;\">Je peux essayer d&rsquo;avancer quelques pistes\u00a0:<br \/>\n<\/span><\/p>\n<p><span style=\"color: #777777; font-family: Arial;\">Nous sommes en face d&rsquo;une impuissance politique, dans laquelle pour se faire \u00e9lire les politiques promettent des choses qu&rsquo;ils ne pourront tenir.<br \/>\n<\/span><\/p>\n<p><span style=\"color: #777777; font-family: Arial;\">Nous n&rsquo;avons plus ni la d\u00e9mographie, ni la productivit\u00e9, ni la croissance \u00e9conomique pour faire progresser notre \u00c9tat providence et m\u00eame le maintenir.<br \/>\n<\/span><\/p>\n<p><span style=\"color: #777777; font-family: Arial;\">Concernant la d\u00e9mographie, nous avons besoin d&rsquo;immigration mais nous n&rsquo;avons plus l&rsquo;\u00e9nergie et la force pour int\u00e9grer ceux qui viennent et m\u00eame les enfants de ceux qui sont d\u00e9j\u00e0 l\u00e0. Cette situation cr\u00e9e des tensions identitaires, une mont\u00e9e du communautarisme, aliment\u00e9e par des groupuscules qui sont hostiles \u00e0 nos valeurs occidentales, cr\u00e9ant en r\u00e9action, un rejet de plus en plus fort d&rsquo;une soci\u00e9t\u00e9 en plein doute.<br \/>\n<\/span><\/p>\n<p><span style=\"color: #777777; font-family: Arial;\">Notre pays s&rsquo;est d\u00e9sindustrialis\u00e9 et se trouve bien faible dans un monde interd\u00e9pendant, mondialis\u00e9 et financiaris\u00e9.<br \/>\n<\/span><\/p>\n<p><span style=\"color: #777777; font-family: Arial;\">Et je n&rsquo;ai m\u00eame pas \u00e9voqu\u00e9 le d\u00e9fi climatique et plus g\u00e9n\u00e9ralement de la biodiversit\u00e9 et de l&rsquo;\u00e9cologie.<br \/>\n<\/span><\/p>\n<p><span style=\"color: #777777; font-family: Arial;\">Il faudrait encore parler de notre faiblesse militaire dans un monde de pr\u00e9dateurs carnivores qui se moquent de notre comportement d&rsquo;herbivores feignant de croire que les normes, les r\u00e8gles de droit sont en capacit\u00e9 d&rsquo;arr\u00eater ou de faire fl\u00e9chir ces fauves, ces empires qui nous regardent d&rsquo;un air narquois.<br \/>\n<\/span><\/p>\n<p><span style=\"color: #777777; font-family: Arial;\">Mais de tout cela les Politiques ne veulent pas parler et les fran\u00e7ais probablement ne veulent pas en entendre parler.<br \/>\n<\/span><\/p>\n<p><span style=\"color: #777777; font-family: Arial;\">Quand des hommes politiques, non d\u00e9magogues, ont tent\u00e9 de se faire \u00e9lire, ils ont \u00e9t\u00e9 balay\u00e9s ou emp\u00each\u00e9s de se pr\u00e9senter. On peut parler de Rocard et de Delors \u00e0 gauche ou de Barre et de Balladur \u00e0 droite. <\/span><span style=\"color: #777777; font-family: Arial;\">Ils n&rsquo;avaient pas de solutions miracles \u00e0 proposer, bien s\u00fbr, mais ils disaient davantage la v\u00e9rit\u00e9.<br \/>\n<\/span><\/p>\n<p><span style=\"color: #777777; font-family: Arial;\">Interrog\u00e9 par <span style=\"color: #000080;\"><a style=\"color: #000080;\" href=\"https:\/\/www.radiofrance.fr\/franceinter\/podcasts\/l-invite-de-8h20-le-grand-entretien\/l-invite-de-8h20-le-grand-entretien-du-mardi-11-juin-2024-6597012\">France Inter<\/a><\/span> <strong>Jean-Louis Bourlanges <\/strong>que je qualifierai aussi de Politique \u00e0 d\u00e9magogie tr\u00e8s mod\u00e9r\u00e9e, a eu cette phrase\u00a0:<br \/>\n<\/span><\/p>\n<p style=\"margin-left: 28pt;\"><span style=\"color: #c00000; font-family: Arial;\">\u00ab Ce que je constate et c&rsquo;est tr\u00e8s dur \u00e0 dire : c&rsquo;est un divorce profond entre les besoins du pays et les attentes du pays. Les attentes c&rsquo;est plus de pouvoir d&rsquo;achat, c&rsquo;est plus de subvention, c&rsquo;est plus de \u00ab\u00a0care\u00a0\u00bb comme disait Mme Martine Aubry. Tout un ensemble de soins et de choses. Et les besoins c&rsquo;est renforcer les budgets militaires, renforcer l&rsquo;investissement, renforcer la technologie, accroitre la comp\u00e9titivit\u00e9 des entreprises. \u00bb<br \/>\n<\/span><\/p>\n","protected":false},"excerpt":{"rendered":"<p>\u00ab Le sexe d&rsquo;un c\u00f4t\u00e9 et le fric de l&rsquo;autre et on arrive \u00e0 \u00e7a\u00a0! \u00bb Roselyne Bachelot C&rsquo;est dans l&rsquo;\u00e9mission &lt;Face \u00e0 Alain Duhamel&gt; du 12 juin que Roselyne Bachelot explique le chaos actuel de la mani\u00e8re suivante :<\/p>\n","protected":false},"author":1,"featured_media":0,"comment_status":"open","ping_status":"closed","sticky":false,"template":"","format":"standard","meta":{"footnotes":""},"categories":[1],"tags":[15,3],"class_list":["post-15679","post","type-post","status-publish","format-standard","hentry","category-motdujour","tag-france","tag-politique"],"_links":{"self":[{"href":"https:\/\/lemotdujour.fr\/index.php?rest_route=\/wp\/v2\/posts\/15679","targetHints":{"allow":["GET"]}}],"collection":[{"href":"https:\/\/lemotdujour.fr\/index.php?rest_route=\/wp\/v2\/posts"}],"about":[{"href":"https:\/\/lemotdujour.fr\/index.php?rest_route=\/wp\/v2\/types\/post"}],"author":[{"embeddable":true,"href":"https:\/\/lemotdujour.fr\/index.php?rest_route=\/wp\/v2\/users\/1"}],"replies":[{"embeddable":true,"href":"https:\/\/lemotdujour.fr\/index.php?rest_route=%2Fwp%2Fv2%2Fcomments&post=15679"}],"version-history":[{"count":9,"href":"https:\/\/lemotdujour.fr\/index.php?rest_route=\/wp\/v2\/posts\/15679\/revisions"}],"predecessor-version":[{"id":15700,"href":"https:\/\/lemotdujour.fr\/index.php?rest_route=\/wp\/v2\/posts\/15679\/revisions\/15700"}],"wp:attachment":[{"href":"https:\/\/lemotdujour.fr\/index.php?rest_route=%2Fwp%2Fv2%2Fmedia&parent=15679"}],"wp:term":[{"taxonomy":"category","embeddable":true,"href":"https:\/\/lemotdujour.fr\/index.php?rest_route=%2Fwp%2Fv2%2Fcategories&post=15679"},{"taxonomy":"post_tag","embeddable":true,"href":"https:\/\/lemotdujour.fr\/index.php?rest_route=%2Fwp%2Fv2%2Ftags&post=15679"}],"curies":[{"name":"wp","href":"https:\/\/api.w.org\/{rel}","templated":true}]}}