{"id":15675,"date":"2024-06-21T00:15:00","date_gmt":"2024-06-20T22:15:00","guid":{"rendered":"https:\/\/lemotdujour.fr\/?p=15675"},"modified":"2024-06-20T20:28:19","modified_gmt":"2024-06-20T18:28:19","slug":"vendredi-21-juin-2024","status":"publish","type":"post","link":"https:\/\/lemotdujour.fr\/?p=15675","title":{"rendered":"Vendredi 21 juin 2024"},"content":{"rendered":"<div class=\"mdjTexte\">\u00ab\u00a0Timeo hominem unius libri \u00bb<\/div>\n<div class=\"mdjAuteur\">Parole attribu\u00e9e \u00e0 Saint Thomas d&rsquo;Aquin et qui signifie \u00ab\u00a0Je crains l&rsquo;homme d&rsquo;un seul livre\u00a0\u00bb<\/div>\n<p><span style=\"color: #777777; font-family: Arial;\">Thomas d&rsquo;Aquin est consid\u00e9r\u00e9 comme l&rsquo;un des plus grands ma\u00eetres de la th\u00e9ologie catholique. Les proc\u00e9dures religieuses l&rsquo;ont proclam\u00e9 \u00ab\u00a0Docteur de l&rsquo;Eglise\u00a0\u00bb catholique.<br \/>\n<\/span><\/p>\n<p><span style=\"color: #777777; font-family: Arial;\">Il est n\u00e9 autour des ann\u00e9es 1225 en Italie et il est mort le 7 mars 1274 \u00e0 l&rsquo;abbaye de Fossanova dans les \u00c9tats pontificaux. C&rsquo;\u00e9tait un religieux de l&rsquo;ordre dominicain.<br \/>\n<\/span><\/p>\n<p><span style=\"color: #777777; font-family: Arial;\">Il aurait dit\u00a0:<br \/>\n<\/span><\/p>\n<p style=\"margin-left: 28pt;\"><span style=\"color: #c00000; font-family: Arial;\">\u00ab\u00a0Je crains l&rsquo;homme d&rsquo;un seul livre.\u00a0\u00bb<br \/>\n<\/span><\/p>\n<p><span style=\"color: #777777; font-family: Arial;\">La rigueur nous oblige \u00e0 dire qu&rsquo;il n&rsquo;est pas certain que cette citation soit exacte.<br \/>\n<\/span><\/p>\n<p><span style=\"color: #777777; font-family: Arial;\">&lt;<a href=\"https:\/\/en.wikipedia.org\/wiki\/Homo_unius_libri\"><span style=\"color: #000080;\">Cette page anglaise<\/span><\/a>&gt; pr\u00e9tend que c&rsquo;est l&rsquo;\u00e9v\u00eaque Jeremy Taylor (1613-1667), qui affirmait que Thomas d&rsquo;Aquin aurait prononc\u00e9 cette phrase.<br \/>\n<\/span><\/p>\n<p><span style=\"color: #777777; font-family: Arial;\">Aujourd&rsquo;hui, il est devenu banal de citer cette phrase et de l&rsquo;attribuer au th\u00e9ologien dominicain du XIII\u00e8me si\u00e8cle.<br \/>\n<\/span><\/p>\n<p><img decoding=\"async\" class=\"alignleft\" src=\"https:\/\/lemotdujour.fr\/wp-content\/uploads\/2024\/06\/062024_1815_Vendredi21j1.png\" alt=\"\" align=\"left\" \/><span style=\"color: #777777; font-family: Arial;\">Ainsi <strong>Delphine Horvilleur<\/strong> a \u00e9crit sur un r\u00e9seau social, en utilisant un dessin de Plantu, le 29 octobre 2020\u00a0:<br \/>\n<\/span><\/p>\n<p style=\"margin-left: 28pt;\"><span style=\"color: #c00000; font-family: Arial;\"> \u00ab\u00a0Thomas d&rsquo;Aquin a \u00e9crit un jour: \u00ab je crains l&rsquo;homme d&rsquo;un seul livre \u00bb. Le fanatique est toujours un mono-lecteur. Ce soir, tandis que nos portes se ferment, promettons-nous de lire DES livres, et surtout ceux qui nous d\u00e9livrent.\u00a0\u00bb<br \/>\n<\/span><\/p>\n<p><span style=\"color: #777777; font-family: Arial;\">La citation n&rsquo;est pas certaine, mais l&rsquo;Histoire nous a appris qu&rsquo;elle \u00e9tait juste.<br \/>\n<\/span><\/p>\n<p><span style=\"color: #777777; font-family: Arial;\">Un &lt;<a href=\"https:\/\/lemotdujour.fr\/?p=15608\"><span style=\"color: #000080;\">mot du jour r\u00e9cent<\/span><\/a>&gt; a rappel\u00e9 le combat noble, visionnaire et juste de <strong>Simon Leys <\/strong>contre Mao et les mao\u00efstes. <\/span><span style=\"color: #777777; font-family: Arial;\">Ces fanatiques intol\u00e9rants \u00e9taient les prisonniers intellectuels du \u00ab\u00a0Petit livre Rouge\u00a0\u00bb.<br \/>\n<\/span><\/p>\n<p><span style=\"color: #777777; font-family: Arial;\">Spontan\u00e9ment on songe aux livres des religions monoth\u00e9istes\u00a0: La Torah, la Bible, le Coran qui au cours des si\u00e8cles et encore aujourd&rsquo;hui ont nourri des fanatiques qui en croyant comprendre et puiser \u00e0 une seule source ont commis ou commettent des crimes sans l&rsquo;once d&rsquo;un doute ou d&rsquo;une humanit\u00e9.<br \/>\n<\/span><\/p>\n<p><span style=\"color: #777777; font-family: Arial;\">L&rsquo;ironie de cette citation est que son invention dans le monde chr\u00e9tien catholique conduisait \u00e0 une toute autre explication.<br \/>\n<\/span><\/p>\n<p><span style=\"color: #777777; font-family: Arial;\">On voulait souligner par cette phrase que\u00a0:<br \/>\n<\/span><\/p>\n<p style=\"margin-left: 28pt;\"><span style=\"color: #c00000; font-family: Arial;\">\u00ab L&rsquo;homme qui ne conna\u00eet qu&rsquo;un livre unique mais le conna\u00eet \u00e0 fond est redoutable par la parfaite connaissance qu&rsquo;il en a&#8230;. \u00bb<br \/>\n<\/span><\/p>\n<p><span style=\"color: #777777; font-family: Arial;\">Ce sens primitif, sans grand int\u00e9r\u00eat, a donc \u00e9volu\u00e9 vers deux interpr\u00e9tations :<br \/>\n<\/span><\/p>\n<ul>\n<li><span style=\"color: #777777; font-family: Arial;\">Tout d&rsquo;abord l&rsquo;id\u00e9e qu&rsquo;il faut craindre l&rsquo;homme qui ne conna\u00eet ou ne jure que par un seul livre ce qui conduit \u00e0 des visions simplistes et intol\u00e9rantes du monde en pr\u00e9tendant que leur opinion ou leur croyance constitue \u00ab\u00a0la v\u00e9rit\u00e9\u00a0\u00bb.<br \/>\n<\/span><\/li>\n<li><span style=\"color: #777777; font-family: Arial;\">Ensuite pour fustiger ceux qui n&rsquo;ayant lu qu&rsquo;un seul livre croient tout conna\u00eetre et se retrouvent sur la Montagne de la stupidit\u00e9, premi\u00e8re \u00e9tape de <a href=\"https:\/\/lemotdujour.fr\/?p=9601\"><span style=\"color: #000080;\">l&rsquo;effet Dunning-Kruger<\/span><\/a><br \/>\n<\/span><\/li>\n<\/ul>\n<p><span style=\"color: #777777; font-family: Arial;\">Nous sommes dans une situation tr\u00e8s pr\u00e9occupante\u00a0: Par la d\u00e9cision solitaire du Prince \u00e9lu qui nous gouverne, la France peut \u00eatre, le 8 juillet de cette ann\u00e9e, dirig\u00e9e par un parti d\u00e9magogue, x\u00e9nophobe et tr\u00e8s peu outill\u00e9 pour comprendre la complexit\u00e9 de notre monde d&rsquo;interd\u00e9pendance, de conflictualit\u00e9, dans lequel l&rsquo;arrogance de l&rsquo;Occident est de plus en plus d\u00e9nonc\u00e9e et son leadership contest\u00e9 par des forces puissantes et d\u00e9termin\u00e9es.<br \/>\n<\/span><\/p>\n<p><span style=\"color: #777777; font-family: Arial;\">Et pour expliquer cette situation, beaucoup ne donne qu&rsquo;une raison principale, voire unique.<br \/>\n<\/span><\/p>\n<p><span style=\"color: #777777; font-family: Arial;\">Pour quelles raisons, les citoyens fran\u00e7ais qui se sont exprim\u00e9s, ont donn\u00e9 pr\u00e8s de 40% des suffrages \u00e0 des partis d&rsquo;extr\u00eame droite\u00a0?<br \/>\n<\/span><\/p>\n<p><span style=\"color: #777777; font-family: Arial;\">LFI pr\u00e9tend que c&rsquo;est la question sociale\u00a0: le pouvoir d&rsquo;achat, la peur du d\u00e9classement et les politiques \u00ab\u00a0ultra lib\u00e9rales\u00a0\u00bb du gouvernement fran\u00e7ais.<br \/>\n<\/span><\/p>\n<p><span style=\"color: #777777; font-family: Arial;\">Les m\u00e9dias d&rsquo;extr\u00eame droite pr\u00e9tendent que cette raison est \u00e0 trouver dans les flux migratoires qui submergent notre pays, l&rsquo;ins\u00e9curit\u00e9 qu&rsquo;ils provoqueraient et l&rsquo;attaque de notre identit\u00e9 nationale par des groupes venant d&rsquo;autres pays et portant une vision de la soci\u00e9t\u00e9 et des valeurs incompatibles avec la R\u00e9publique.<br \/>\n<\/span><\/p>\n<p><span style=\"color: #777777; font-family: Arial;\">D&rsquo;autres font porter toute la responsabilit\u00e9 \u00e0 l&rsquo;Union europ\u00e9enne et son droit de la concurrence libre et non fauss\u00e9e et les trait\u00e9s de libre \u00e9change qu&rsquo;elle n\u00e9gocie.<br \/>\n<\/span><\/p>\n<p><span style=\"color: #777777; font-family: Arial;\">Enfin les plus simplistes expliqueront que tout est de la faute d&rsquo;Emmanuel Macron.<br \/>\n<\/span><\/p>\n<p><span style=\"color: #777777; font-family: Arial;\">Je crois qu&rsquo;il est alors possible de reprendre la citation attribu\u00e9e \u00e0 Saint Thomas d&rsquo;Aquin en l&rsquo;adaptant de la mani\u00e8re suivante\u00a0: \u00ab\u00a0<strong>Je crains l&rsquo;humain qui croit que le probl\u00e8me complexe qui se pose \u00e0 lui n&rsquo;est la cons\u00e9quence que d&rsquo;une seule cause.<\/strong>\u00a0\u00bb<br \/>\n<\/span><\/p>\n<p><span style=\"color: #777777; font-family: Arial;\">Parce que si on est persuad\u00e9 comme je le suis que l&rsquo;arriv\u00e9e au pouvoir du RN serait une catastrophe pour la France, parce qu&rsquo;il n&rsquo;a aucune solution r\u00e9aliste aux probl\u00e8mes qui se posent et qu&rsquo;en outre les valeurs qui sous-tendent son action sont x\u00e9nophobes, racistes, il faut bien comprendre les raisons de ce vote pour essayer de trouver des solutions r\u00e9alistes et conformes aux valeurs humanistes.<br \/>\n<\/span><\/p>\n<p><span style=\"color: #777777; font-family: Arial;\">La complexit\u00e9 du vote RN, notamment dans les campagnes, est un peu approch\u00e9e par <strong>Camille Bordenet<\/strong>, journaliste au Monde, charg\u00e9e des ruralit\u00e9s et <strong>Benoit Coquard<\/strong> Sociologue \u00e0 l&rsquo;INRAE \u00e0 Dijon dans \u00ab\u00a0les Matins de France Culture\u00a0\u00bb du mercredi 19 juin 2024\u00a0: &lt;<span style=\"color: #000080;\"><a style=\"color: #000080;\" href=\"https:\/\/www.radiofrance.fr\/franceculture\/podcasts\/france-culture-va-plus-loin-l-invite-e-des-matins\/vote-rn-grandes-villes-zones-rurales-une-dichotomie-obsolete-8689286\">Vote RN<\/a><\/span>&gt;<br \/>\n<\/span><\/p>\n<p><span style=\"color: #777777; font-family: Arial;\">La premi\u00e8re raison \u00e9voqu\u00e9e est le recul des services publics, la lente d\u00e9saffection des services publics dans nos campagnes.<br \/>\n<\/span><\/p>\n<p><span style=\"color: #777777; font-family: Arial;\">Camille Bordenet a observ\u00e9 ce ph\u00e9nom\u00e8ne et explique\u00a0:<br \/>\n<\/span><\/p>\n<p style=\"margin-left: 28pt;\"><span style=\"color: #c00000; font-family: Arial;\">\u00ab\u00a0Des guichets de poste, \u00e9coles, centres des imp\u00f4ts, services de maternit\u00e9 et d&rsquo;urgence ou encore des tribunaux, ont progressivement ferm\u00e9 au gr\u00e9 des plans de restructurations nationaux des vingt derni\u00e8res ann\u00e9es. [C&rsquo;est un processus] tr\u00e8s douloureusement v\u00e9cu par les habitants et les \u00e9lus et qui entra\u00eene un sentiment de d\u00e9classement et de d\u00e9sengagement de la puissance publique \u00bb<br \/>\n<\/span><\/p>\n<p><span style=\"color: #777777; font-family: Arial;\">Le gouvernement a tent\u00e9 de pallier ce manque par des guichets France Service qui ont pour vocation de constituer, en un lieu unique, un accueil de premier niveau de quasi tous les services publics. Il ne s&rsquo;agit, pour l&rsquo;essentiel, pas de r\u00e9soudre et de r\u00e9pondre aux besoins des gens mais de les accompagner vers des outils num\u00e9riques qui constituent, dans l&rsquo;esprit des technocrates qui nous administrent, le dispositif efficace pour r\u00e9pondre aux demandes de services publics des usagers.<br \/>\n<\/span><\/p>\n<p><span style=\"color: #777777; font-family: Arial;\">Selon la journaliste ni les habitants ni les agents ne sont \u00e0 l&rsquo;aise avec cette organisation\u00a0: pour les uns le service est insuffisant, pour les autres ils se sentent d\u00e9bord\u00e9s par l&rsquo;exigence des populations.<br \/>\n<\/span><\/p>\n<p><span style=\"color: #777777; font-family: Arial;\">Ce dispositif se heurte aussi au probl\u00e8me de la \u00ab fracture num\u00e9rique\u00a0\u00bb car \u00e9norm\u00e9ment de personnes dans notre pays ne sont pas \u00e0 l&rsquo;aise avec le tout num\u00e9rique<br \/>\n<\/span><\/p>\n<p style=\"margin-left: 28pt;\"><span style=\"color: #c00000; font-family: Arial;\">\u00ab\u00a0 Ils sont alors renvoy\u00e9s \u00e0 un sentiment d&rsquo;incapacit\u00e9 qui peut nourrir une aigreur \u00bb.<br \/>\n<\/span><\/p>\n<p><span style=\"color: #777777; font-family: Arial;\">De cette insatisfaction, le Rassemblement national s&rsquo;est nourri construisant le r\u00e9cit des deux France : celle des villages abandonn\u00e9s par l\u2019\u00c9tat face \u00e0 celle de la \u00ab <span style=\"color: #c00000;\">France des banlieues n\u00e9cessairement immigr\u00e9e et trop aid\u00e9e <span style=\"color: #777777;\">\u00bb d\u00e9crit Camille Bordenet.<br \/>\n<\/span><\/span><\/span><\/p>\n<p><span style=\"color: #777777; font-family: Arial;\"><strong>Benoit Coquard<\/strong> insiste sur l&rsquo;implantation locale des militants RN et le message d\u00e9l\u00e9t\u00e8re qu&rsquo;ils propagent\u00a0:<br \/>\n<\/span><\/p>\n<p style=\"margin-left: 28pt;\"><span style=\"color: #c00000; font-family: Arial;\">\u00ab [Le discours] reconnait que les gens ont beaucoup perdu, assure que la France est en d\u00e9cr\u00e9pitude et que plus rien ne fonctionne. Mais il rassure aussi en promettant qu&rsquo;il y aura toujours plus bas socialement que soi \u00bb. Un nouvel bouc \u00e9missaire est donc cr\u00e9\u00e9, la figure de l&rsquo;assist\u00e9 social vivant sur les aides d\u2019\u00c9tat, et dont les repr\u00e9sentations se recoupent souvent avec celles de l&rsquo;immigr\u00e9. \u00bb<br \/>\n<\/span><\/p>\n<p><span style=\"color: #777777; font-family: Arial;\">Il y a donc les difficult\u00e9s \u00e9conomiques, la peur de s&rsquo;appauvrir et que les enfants soient encore plus mal lotis, le sentiment de d\u00e9classement personnel et du pays, le constat d&rsquo;\u00eatre d\u00e9laiss\u00e9 par l\u2019\u00c9tat, si important en France, la fracture num\u00e9rique et plus g\u00e9n\u00e9ralement de la modernit\u00e9.<br \/>\n<\/span><\/p>\n<p><span style=\"color: #777777; font-family: Arial;\">Mais ce n&rsquo;est pas tout.<br \/>\n<\/span><\/p>\n<p><span style=\"color: #777777; font-family: Arial;\">Une grande dame de la Culture, \u00e2g\u00e9e de 85 ans, fondatrice du th\u00e9\u00e2tre du Soleil a publi\u00e9 une Tribune dans <strong>\u00ab\u00a0Lib\u00e9ration<\/strong>\u00a0\u00bb le 12 juin 2024\u00a0:<br \/>\n<\/span><\/p>\n<p><img decoding=\"async\" class=\"alignright\" src=\"https:\/\/lemotdujour.fr\/wp-content\/uploads\/2024\/06\/062024_1815_Vendredi21j2.jpg\" alt=\"\" align=\"left\" \/><span style=\"color: #777777; font-family: Arial;\">\u00ab<a href=\"https:\/\/www.liberation.fr\/idees-et-debats\/tribunes\/ariane-mnouchkine-a-quel-moment-doit-on-cesser-de-faire-du-theatre-sous-un-gouvernement-rn-20240612_SQSP4WGKCBD6VF3ESDB55SSW3M\/?redirected=1\"><span style=\"color: #000080;\">A quel moment doit-on cesser de faire du th\u00e9\u00e2tre sous un gouvernement RN ?<\/span>\u00bb<\/a><br \/>\n<\/span><\/p>\n<p><span style=\"color: #777777; font-family: Arial;\"><strong>Ariane Mnouchkine<\/strong> fustige l&rsquo;acte d&rsquo;Emmanuel Macron\u00a0:<br \/>\n<\/span><\/p>\n<p style=\"margin-left: 28pt;\"><span style=\"color: #c00000; font-family: Arial;\">\u00ab\u00a0et soudain, ce geste du pr\u00e9sident de la R\u00e9publique \u2013 ce geste d&rsquo;adolescent g\u00e2t\u00e9, plein de fureur, de frustration et d&rsquo;hubris [\u2026] Il d\u00e9verse un bidon d&rsquo;essence sur le feu qui, d\u00e9j\u00e0, couvait. Il met le feu \u00e0 notre maison, \u00e0 notre pays, \u00e0 la France. \u00bb<br \/>\n<\/span><\/p>\n<p><span style=\"color: #777777; font-family: Arial;\">Elle exprime un espoir \u00e0 l&rsquo;\u00e9gard du nouveau front populaire, mais dit son rejet de la NUPES\u00a0:<br \/>\n<\/span><\/p>\n<p style=\"margin-left: 28pt;\"><span style=\"color: #c00000; font-family: Arial;\">\u00abJe ne pourrais accepter ce qui ne serait qu&rsquo;un nouveau masque de certains leaders de cette Nupes qui nous a fait tant de mal, car la politique ne doit pas \u00eatre que tactique cynique au service de convictions plus brutales que sinc\u00e8res. Elle doit se fonder sur la v\u00e9rit\u00e9 et l&rsquo;amour de l&rsquo;humanit\u00e9.\u00a0\u00bb<br \/>\n<\/span><\/p>\n<p><span style=\"color: #777777; font-family: Arial;\">Mais elle fait surtout cet aveu\u00a0:<br \/>\n<\/span><\/p>\n<p style=\"margin-left: 28pt;\"><span style=\"color: #c00000; font-family: Arial;\"> \u00abMacron est bien trop petit pour porter, \u00e0 lui seul, la totalit\u00e9 du d\u00e9sastre. Je nous pense, en partie, responsables, nous, gens de gauche, nous, gens de culture. On a l\u00e2ch\u00e9 le peuple, on n&rsquo;a pas voulu \u00e9couter les peurs, les angoisses. Quand les gens disaient ce qu&rsquo;ils voyaient, on leur disait qu&rsquo;ils se trompaient, qu&rsquo;ils ne voyaient pas ce qu&rsquo;ils voyaient. Ce n&rsquo;\u00e9tait qu&rsquo;un sentiment trompeur, leur disait-on. Puis, comme ils insistaient, on leur a dit qu&rsquo;ils \u00e9taient des imb\u00e9ciles, puis, comme ils insistaient de plus belle, on les a trait\u00e9s de salauds. On a insult\u00e9 un gros tiers de la France par manque d&rsquo;imagination. L&rsquo;imagination, c&rsquo;est ce qui permet de se mettre \u00e0 la place de l&rsquo;Autre. Sans imagination, pas de compassion.\u00a0\u00bb<br \/>\n<\/span><\/p>\n<p><span style=\"color: #777777; font-family: Arial;\">Elle parle d&rsquo;un d\u00e9ni.<br \/>\n<\/span><\/p>\n<p><span style=\"color: #777777; font-family: Arial;\">Elle parle aussi d&rsquo;une posture, celle d&rsquo;un camp du bien, d&rsquo;un camp \u00ab\u00a0qui sait\u00a0\u00bb et qui traite de salauds celles et ceux qui ne sont pas d&rsquo;accord.<br \/>\n<\/span><\/p>\n<p><span style=\"color: #777777; font-family: Arial;\">On \u00e9voque l\u00e0 l&rsquo;ins\u00e9curit\u00e9 physique et l&rsquo;ins\u00e9curit\u00e9 culturelle dont la gauche ne veut pas parler.<br \/>\n<\/span><\/p>\n<p><span style=\"color: #777777; font-family: Arial;\">Melenchon vante la vertu de la cr\u00e9olisation, c&rsquo;est-\u00e0-dire du m\u00e9lange des cultures. Cela peut se r\u00e9v\u00e9ler pertinent sur la longue dur\u00e9e, mais pas en l&rsquo;espace d&rsquo;une g\u00e9n\u00e9ration.<br \/>\n<\/span><\/p>\n<p><span style=\"color: #777777; font-family: Arial;\">Le nouveau front populaire, parle de lutte contre \u00ab\u00a0l&rsquo;islamophobie\u00a0\u00bb, c&rsquo;est une erreur, il faudrait parler de la lutte contre le racisme anti-musulman.<br \/>\n<\/span><\/p>\n<p><span style=\"color: #777777; font-family: Arial;\">Il veut abroger la Loi sur le s\u00e9paratisme, c&rsquo;est une autre erreur, il faut peut-\u00eatre l&rsquo;amender, non la supprimer.<br \/>\n<\/span><\/p>\n<p><span style=\"color: #777777; font-family: Arial;\">Il faut d\u00e9fendre avec vigueur et force, la la\u00efcit\u00e9, les sciences, l&rsquo;Histoire dans l&rsquo;\u00e9ducation nationale contre toutes les menaces, les pressions qui s&rsquo;exercent contre elle par des hommes fanatis\u00e9s qui croient trouver toutes les r\u00e9ponses dans un seul livre et dans une seule interpr\u00e9tation de celui-ci.<br \/>\n<\/span><\/p>\n<p><span style=\"color: #777777; font-family: Arial;\">Et puis parall\u00e8lement, \u00ab\u00a0les beaux esprits\u00a0\u00bb de la gauche des villes, exactement comme les croyants d&rsquo;un seul livre, proclament des opinions comme s&rsquo;il s&rsquo;agissait de la v\u00e9rit\u00e9\u00a0: s&rsquo;agissant du colonialisme, du genre, de la culture woke dont ils pr\u00e9tendent, en outre, qu&rsquo;elle n&rsquo;existe pas etc\u2026<br \/>\n<\/span><\/p>\n<p><span style=\"color: #777777; font-family: Arial;\">Sur tous ces sujets, il faut s&rsquo;\u00e9loigner du d\u00e9ni, du dogme et trouver des r\u00e9ponses de gauche, humanistes, universalistes.<br \/>\n<\/span><\/p>\n<p><span style=\"color: #777777; font-family: Arial;\">Ce sont aussi des raisons qui expliquent le vote RN.<\/span><\/p>\n","protected":false},"excerpt":{"rendered":"<p>\u00ab\u00a0Timeo hominem unius libri \u00bb Parole attribu\u00e9e \u00e0 Saint Thomas d&rsquo;Aquin et qui signifie \u00ab\u00a0Je crains l&rsquo;homme d&rsquo;un seul livre\u00a0\u00bb Thomas d&rsquo;Aquin est consid\u00e9r\u00e9 comme l&rsquo;un des plus grands ma\u00eetres de la th\u00e9ologie catholique. Les proc\u00e9dures religieuses l&rsquo;ont proclam\u00e9 \u00ab\u00a0Docteur<\/p>\n","protected":false},"author":1,"featured_media":0,"comment_status":"open","ping_status":"closed","sticky":false,"template":"","format":"standard","meta":{"footnotes":""},"categories":[1],"tags":[141,15,3],"class_list":["post-15675","post","type-post","status-publish","format-standard","hentry","category-motdujour","tag-elections","tag-france","tag-politique"],"_links":{"self":[{"href":"https:\/\/lemotdujour.fr\/index.php?rest_route=\/wp\/v2\/posts\/15675","targetHints":{"allow":["GET"]}}],"collection":[{"href":"https:\/\/lemotdujour.fr\/index.php?rest_route=\/wp\/v2\/posts"}],"about":[{"href":"https:\/\/lemotdujour.fr\/index.php?rest_route=\/wp\/v2\/types\/post"}],"author":[{"embeddable":true,"href":"https:\/\/lemotdujour.fr\/index.php?rest_route=\/wp\/v2\/users\/1"}],"replies":[{"embeddable":true,"href":"https:\/\/lemotdujour.fr\/index.php?rest_route=%2Fwp%2Fv2%2Fcomments&post=15675"}],"version-history":[{"count":2,"href":"https:\/\/lemotdujour.fr\/index.php?rest_route=\/wp\/v2\/posts\/15675\/revisions"}],"predecessor-version":[{"id":15678,"href":"https:\/\/lemotdujour.fr\/index.php?rest_route=\/wp\/v2\/posts\/15675\/revisions\/15678"}],"wp:attachment":[{"href":"https:\/\/lemotdujour.fr\/index.php?rest_route=%2Fwp%2Fv2%2Fmedia&parent=15675"}],"wp:term":[{"taxonomy":"category","embeddable":true,"href":"https:\/\/lemotdujour.fr\/index.php?rest_route=%2Fwp%2Fv2%2Fcategories&post=15675"},{"taxonomy":"post_tag","embeddable":true,"href":"https:\/\/lemotdujour.fr\/index.php?rest_route=%2Fwp%2Fv2%2Ftags&post=15675"}],"curies":[{"name":"wp","href":"https:\/\/api.w.org\/{rel}","templated":true}]}}