{"id":15668,"date":"2024-06-10T02:40:15","date_gmt":"2024-06-10T00:40:15","guid":{"rendered":"https:\/\/lemotdujour.fr\/?p=15668"},"modified":"2024-06-12T19:58:57","modified_gmt":"2024-06-12T17:58:57","slug":"lundi-10-juin-2024","status":"publish","type":"post","link":"https:\/\/lemotdujour.fr\/?p=15668","title":{"rendered":"Lundi 10 juin 2024"},"content":{"rendered":"<div class=\"mdjTexte\">\u00ab Dissoudre le peuple \u00bb<\/div>\n<div class=\"mdjAuteur\">Berthold Brecht<\/div>\n<p><span style=\"color: #777777; font-family: arial;\"> Les \u00e9lections au Parlement europ\u00e9en de ce dimanche ont donc conduit \u00e0 ce que la liste du parti d\u2019extr\u00eame droite obtienne plus de 30% des voix soit deux fois plus que la Liste de la majorit\u00e9 pr\u00e9sidentielle. <\/span><\/p>\n<p><span style=\"color: #777777; font-family: arial;\">Le Pr\u00e9sident de la R\u00e9publique a consid\u00e9r\u00e9 que cette situation devait conduire \u00e0 la dissolution de l\u2019Assembl\u00e9e Nationale. <\/span><\/p>\n<p><span style=\"color: #777777; font-family: arial;\">Si on y pense, c\u2019est un dr\u00f4le de syst\u00e8me que celui de la D\u00e9mocratie. Tous les citoyens ont droit de voter et chaque vote ne compte que pour une voix. Un prix Nobel et un analphab\u00e8te ont chacun une voix, le patron d\u2019une entreprise de 50 000 salari\u00e9s et un \u00e9boueur p\u00e8sent, le jour du vote, le m\u00eame poids, un scientifique et un platiste (quelqu&rsquo;un qui croie que la terre est plate) sont \u00e9gaux face au scrutin. C\u2019est assez d\u00e9stabilisant. <\/span><\/p>\n<p><span style=\"color: #777777; font-family: arial;\">Certains r\u00e9gimes comme le r\u00e9gime chiite iranien ont trouv\u00e9 un moyen pour mod\u00e9rer ces inconv\u00e9nients : pour pouvoir se pr\u00e9senter, les candidats doivent avoir eu l\u2019autorisation par une commission jugeant de leur capacit\u00e9 et surtout de leurs qualit\u00e9s religieuses. <\/span><\/p>\n<p><span style=\"color: #777777; font-family: arial;\">En \u00e9coutant certains commentateurs ou politiques hier, il m\u2019a sembl\u00e9 que pour eux le peuple n\u2019avait pas bien vot\u00e9. Peut \u00eatre que le pr\u00e9sident Macron aurait du dissoudre le peuple, plut\u00f4t que l\u2019Assembl\u00e9e nationale ? <\/span><\/p>\n<p><span style=\"color: #777777; font-family: arial;\">C\u2019est ce qu\u2019avait sugg\u00e9r\u00e9 <strong>Berthold Brecht,<\/strong> dans un po\u00e8me, apr\u00e8s une r\u00e9volte en l\u2019Allemagne de l\u2019Est o\u00f9 il r\u00e9sidait, contre le gouvernement communiste. <\/span><\/p>\n<p><span style=\"color: #777777; font-family: arial;\">Faut-il pr\u00e9ciser que le propos de\u00a0 Berthold Brecht \u00e9tait ironique\u00a0 ?<\/span><\/p>\n<p style=\"margin-left: 28pt;\"><span style=\"color: #c00000; font-family: arial;\"><em>La Solution<\/em><br \/>\nApr\u00e8s l&rsquo;insurrection du 17 juin,<br \/>\nLe secr\u00e9taire de l&rsquo;Union des \u00e9crivains<br \/>\nFit distribuer des tracts dans la Stalinallee.<br \/>\nLe peuple, y lisait-on, a par sa faute<br \/>\nPerdu la confiance du gouvernement<br \/>\nEt ce n&rsquo;est qu&rsquo;en redoublant d&rsquo;efforts<br \/>\nQu&rsquo;il peut la regagner.<br \/>\nNe serait-il pas<br \/>\nPlus simple alors pour le gouvernement<br \/>\nDe dissoudre le peuple<br \/>\nEt d&rsquo;en \u00e9lire un autre ?<\/span><\/p>\n","protected":false},"excerpt":{"rendered":"<p>\u00ab Dissoudre le peuple \u00bb Berthold Brecht Les \u00e9lections au Parlement europ\u00e9en de ce dimanche ont donc conduit \u00e0 ce que la liste du parti d\u2019extr\u00eame droite obtienne plus de 30% des voix soit deux fois plus que la Liste<\/p>\n","protected":false},"author":1,"featured_media":0,"comment_status":"open","ping_status":"closed","sticky":false,"template":"","format":"standard","meta":{"footnotes":""},"categories":[1],"tags":[47,158,3],"class_list":["post-15668","post","type-post","status-publish","format-standard","hentry","category-motdujour","tag-allemagne","tag-communisme","tag-politique"],"_links":{"self":[{"href":"https:\/\/lemotdujour.fr\/index.php?rest_route=\/wp\/v2\/posts\/15668","targetHints":{"allow":["GET"]}}],"collection":[{"href":"https:\/\/lemotdujour.fr\/index.php?rest_route=\/wp\/v2\/posts"}],"about":[{"href":"https:\/\/lemotdujour.fr\/index.php?rest_route=\/wp\/v2\/types\/post"}],"author":[{"embeddable":true,"href":"https:\/\/lemotdujour.fr\/index.php?rest_route=\/wp\/v2\/users\/1"}],"replies":[{"embeddable":true,"href":"https:\/\/lemotdujour.fr\/index.php?rest_route=%2Fwp%2Fv2%2Fcomments&post=15668"}],"version-history":[{"count":4,"href":"https:\/\/lemotdujour.fr\/index.php?rest_route=\/wp\/v2\/posts\/15668\/revisions"}],"predecessor-version":[{"id":15672,"href":"https:\/\/lemotdujour.fr\/index.php?rest_route=\/wp\/v2\/posts\/15668\/revisions\/15672"}],"wp:attachment":[{"href":"https:\/\/lemotdujour.fr\/index.php?rest_route=%2Fwp%2Fv2%2Fmedia&parent=15668"}],"wp:term":[{"taxonomy":"category","embeddable":true,"href":"https:\/\/lemotdujour.fr\/index.php?rest_route=%2Fwp%2Fv2%2Fcategories&post=15668"},{"taxonomy":"post_tag","embeddable":true,"href":"https:\/\/lemotdujour.fr\/index.php?rest_route=%2Fwp%2Fv2%2Ftags&post=15668"}],"curies":[{"name":"wp","href":"https:\/\/api.w.org\/{rel}","templated":true}]}}