{"id":15657,"date":"2024-06-12T01:50:19","date_gmt":"2024-06-11T23:50:19","guid":{"rendered":"https:\/\/lemotdujour.fr\/?p=15657"},"modified":"2024-06-12T02:08:55","modified_gmt":"2024-06-12T00:08:55","slug":"mercredi-12-juin-2024","status":"publish","type":"post","link":"https:\/\/lemotdujour.fr\/?p=15657","title":{"rendered":"Mercredi 12 juin 2024"},"content":{"rendered":"<div class=\"mdjTexte\">\u00ab Le grand rempla\u00e7ant : La face cach\u00e9e de Jordan Bardella\u00bb<\/div>\n<div class=\"mdjAuteur\">Pierre-St\u00e9phane Fort<\/div>\n<p><span style=\"color: #777777; font-family: arial;\">Beaucoup pensent que d\u2019ici un mois, il existe une grande probabilit\u00e9 que le premier ministre de la France soit un homme de 29 ans, puisqu\u2019il est n\u00e9 le 13 septembre 1995, \u00e0 Drancy.<\/span><\/p>\n<p><span style=\"color: #777777; font-family: arial;\">Les premiers ministres sont nomm\u00e9s de plus en plus jeunes.<\/span><\/p>\n<p><span style=\"color: #777777; font-family: arial;\">Le premier ministre actuel Gabriel Attal, avait battu le record puisqu\u2019\u00e0 34 ans, le 9 janvier 2024, il est nomm\u00e9 Premier ministre par Emmanuel Macron, devenant le 25e et plus jeune Premier ministre de la Ve R\u00e9publique, devan\u00e7ant de trois ans Laurent Fabius, nomm\u00e9 \u00e0 37 ans en 1984.<\/span><\/p>\n<p><span style=\"color: #777777; font-family: arial;\">Jordan Bardella serait alors le 26\u00e8me premier ministre et battrait une nouvelle fois le record du premier ministre le plus jeune.<\/span><\/p>\n<p><span style=\"color: #777777; font-family: arial;\">Il parait donc normal de s\u2019int\u00e9resser \u00e0 ce jeune homme plein d\u2019avenir.<\/span><\/p>\n<p><span style=\"color: #777777; font-family: arial;\">Dans les matins de France Culture du mardi 11 juin 2024, Guillaume Erner avait pour invit\u00e9 <strong>Pierre-St\u00e9phane Fort<\/strong> : \u00ab <a href=\"https:\/\/www.radiofrance.fr\/franceculture\/podcasts\/france-culture-va-plus-loin-l-invite-e-des-matins\/le-rn-ere-bardella-anatomie-d-un-succes-electoral-1678045\"><span style=\"color: #0000ff;\">Le RN \u00e8re Bardella : anatomie d\u2019un succ\u00e8s \u00e9lectoral<\/span><\/a> \u00bb<\/span><\/p>\n<p><span style=\"color: #777777; font-family: arial;\"><img loading=\"lazy\" decoding=\"async\" class=\"wp-image-15660 alignleft\" src=\"https:\/\/lemotdujour.fr\/wp-content\/uploads\/2024\/06\/Le-Grand-remplacant-La-face-cachee-de-Jordan-Bardella.jpg\" alt=\"\" width=\"206\" height=\"324\" srcset=\"https:\/\/lemotdujour.fr\/wp-content\/uploads\/2024\/06\/Le-Grand-remplacant-La-face-cachee-de-Jordan-Bardella.jpg 400w, https:\/\/lemotdujour.fr\/wp-content\/uploads\/2024\/06\/Le-Grand-remplacant-La-face-cachee-de-Jordan-Bardella-190x300.jpg 190w\" sizes=\"auto, (max-width: 206px) 100vw, 206px\" \/>Pierre-St\u00e9phane Fort a \u00e9crit \u00ab <strong>Le grand rempla\u00e7ant : la face cach\u00e9e de Jordan Bardella<\/strong> \u00bb<\/span><\/p>\n<p><span style=\"color: #777777; font-family: arial;\">La page Wikipedia consacr\u00e9 \u00e0 Bardella, nous apprend qu\u2019il est enfant unique.<\/span><\/p>\n<p><span style=\"color: #777777; font-family: arial;\">Son p\u00e8re est un patron de PME, n\u00e9 en 1968 \u00e0 Montreuil sous-bois, en Seine-Saint-Denis, d&rsquo;origine italienne et franco-alg\u00e9rienne.<\/span><\/p>\n<p><span style=\"color: #777777; font-family: arial;\">Mais ses parents ayant divorc\u00e9, il grandira avec sa m\u00e8re dans une cit\u00e9 HLM de sa ville natale.<\/span><\/p>\n<p><span style=\"color: #777777; font-family: arial;\">Sa m\u00e8re est une agente territoriale sp\u00e9cialis\u00e9e des \u00e9coles maternelles (ATSEM), Luisa Bertelli-Mota. Elle est n\u00e9e en 1962 \u00e0 Turin en Italie.<\/span><\/p>\n<p><span style=\"color: #777777; font-family: arial;\">Il commence souvent ses discours en rappelant qu\u2019il vient de Seine Saint Denis et insiste sur ses origines populaires.<\/span><\/p>\n<p><span style=\"color: #777777; font-family: arial;\">Mais Pierre-St\u00e9phane Fort juge que \u00ab <a href=\"https:\/\/www.nouvelobs.com\/politique\/20240516.OBS88446\/jordan-bardella-n-est-pas-cosette-extraits-exclusifs-du-grand-remplacant.html\"><span style=\"color: #0000ff;\">Jordan Bardella n\u2019est pas Cosette<\/span><\/a> \u00bb :<\/span><\/p>\n<p style=\"margin-left: 28pt;\"><span style=\"color: #c00000; font-family: arial;\">\u00ab Jordan n\u2019est pas Cosette et son enfance n\u2019aurait sans doute pas inspir\u00e9 un roman social \u00e0 Victor Hugo ou Emile Zola. [Sa m\u00e8re] gagne sa vie modestement et l\u2019\u00e9l\u00e8ve au quotidien avec le soutien de sa grand-m\u00e8re.<br \/>\nJordan Bardella r\u00e9alise l\u2019ensemble de sa scolarit\u00e9 dans le priv\u00e9. Saint-Jean-Baptiste de La Salle, l\u2019\u00e9tablissement catholique qu\u2019il fr\u00e9quente, est \u00e0 deux pas de chez lui, il a bonne r\u00e9putation. V\u00e9rification faite, pour y scolariser son enfant, il faut payer environ 1 200 euros par an, sans la cantine. Pas \u00e9vident quand on touche un petit salaire, il para\u00eet donc probable que le p\u00e8re de Jordan Bardella, jamais cit\u00e9 dans ses discours, leur apportait une aide financi\u00e8re.<br \/>\nSon p\u00e8re travaille dans une PME. Dans la presse, je lis souvent qu\u2019il est patron de cette PME, mais malgr\u00e9 des recherches fouill\u00e9es, la consultation des statuts, etc., je ne peux l\u2019affirmer. Je peux en revanche vous dire qu\u2019il gagne confortablement sa vie et m\u00eame qu\u2019il est copropri\u00e9taire des locaux dans lesquels est install\u00e9e cette entreprise. Selon mes informations, quand Jordan est adolescent, il l\u2019emm\u00e8ne faire un long voyage aux \u00c9tats-Unis. A 19 ans, il lui offre sa premi\u00e8re voiture, une Smart, petite citadine chic et branch\u00e9e. A la m\u00eame \u00e9poque, il le loge gracieusement dans un appartement qu\u2019il d\u00e9tient, sur la coquette commune d\u2019Enghien-les-Bains dans le Val-d\u2019Oise. [&#8230;] Bref, Jordan Bardella, comme bien des enfants de divorc\u00e9s, avait un pied dans deux milieux sociaux diff\u00e9rents, c\u2019est ainsi qu\u2019il a grandi. Et puis g\u00e9n\u00e9ralement, quand on souffre de difficult\u00e9s financi\u00e8res, on travaille d\u00e8s qu\u2019on le peut. Jordan Bardella, lui, ne travaille pas. Enfin si, un mois seulement, \u00e0 18 ans, dans l\u2019entreprise de son p\u00e8re. Point final.<br \/>\nLe mythe de l\u2019enfant pauvre issu des pires quartiers de France, qui a grimp\u00e9 l\u2019\u00e9chelle sociale \u00e0 la seule force de son m\u00e9rite et de son abn\u00e9gation, a du plomb dans l\u2019aile. \u00bb<\/span><\/p>\n<p><span style=\"color: #777777; font-family: arial;\">Ses \u00e9tudes ont \u00e9t\u00e9 courte, il n\u2019a obtenu qu\u2019un baccalaur\u00e9at \u00e9conomique et social toutefois avec la mention tr\u00e8s bien.<\/span><\/p>\n<p><span style=\"color: #777777; font-family: arial;\">Il a tent\u00e9 d\u2019entrer dans l&rsquo;Institut d&rsquo;\u00e9tudes politiques de Paris, mais il \u00e9choue. Il \u00e9tudie alors la g\u00e9ographie \u00e0 l&rsquo;universit\u00e9 Paris-IV mais arr\u00eate ses \u00e9tudes sans obtenir de dipl\u00f4me, indiquant pr\u00e9f\u00e9rer se consacrer \u00e0 la politique.<\/span><\/p>\n<p><span style=\"color: #777777; font-family: arial;\">A part une petite incursion dans l\u2019entreprise de son p\u00e8re, il n\u2019a jamais travaill\u00e9. Son m\u00e9tier a \u00e9t\u00e9 de faire de la politique, rien que de la politique.<\/span><\/p>\n<p><span style=\"color: #777777; font-family: arial;\">Son histoire avec le RN commence en 2012, Il n\u2019a alors que 16 ans lorsqu\u2019il prend sa carte, \u00e0 l\u2019\u00e9poque au FN. Il va \u00eatre remarqu\u00e9 par Marine Le Pen puisqu&rsquo;il arrive \u00e0 int\u00e9grer son deuxi\u00e8me cercle amical, le clan Chatillon. <\/span><\/p>\n<p><span style=\"color: #777777; font-family: arial;\">Jordan Bardella \u00e9tait en couple avec la fille de Fr\u00e9d\u00e9ric Chatillon pendant deux ans, qui elle-m\u00eame est une militante assez radicale. Douze jours apr\u00e8s la rencontre entre lui, Marine Le Pen et la fille Chatillon, M. Bardella est nomm\u00e9 porte-parole du Rassemblement national.<\/span><\/p>\n<p><a href=\"https:\/\/fr.wikipedia.org\/wiki\/Fr%C3%A9d%C3%A9ric_Chatillon\"><span style=\"color: #0000ff;\">&lt;Wikipedia&gt;<\/span><\/a><span style=\"color: #777777; font-family: arial;\"> donne beaucoup d\u2019informations sur Fr\u00e9d\u00e9ric Chatillon, homme de l\u2019extr\u00eame droite dure, ayant travaill\u00e9 pour le r\u00e9gime syrien d\u2019Assad, tristement c\u00e9l\u00e8bre pour ses exactions. Il serait \u00e9galement li\u00e9 avec le Hezbollah libanais dont il est beaucoup question ces temps-ci. Marine Le Pen a une confiance absolue dans Fr\u00e9d\u00e9ric Chatillon.<\/span><\/p>\n<p><span style=\"color: #777777; font-family: arial;\"><span style=\"color: #777777; font-family: arial;\">Marine Le Pen mise tr\u00e8s t\u00f4t sur son storytelling : \u00ab Jordan Bardella est le tout jeune homme issu de Seine-Saint-Denis, d&rsquo;un quartier modeste, d&rsquo;une famille relativement modeste.\u00bb<\/span> <\/span><\/p>\n<p><span style=\"color: #777777; font-family: arial;\">Pierre-St\u00e9phane Fort raconte :<\/span><\/p>\n<p style=\"margin-left: 28pt;\"><span style=\"color: #c00000; font-family: arial;\">\u00ab Elle mise sur lui et va investir beaucoup d&rsquo;argent pour le faire former en m\u00e9dia training. \u00bb<\/span><\/p>\n<p><span style=\"color: #777777; font-family: arial;\">C\u2019est-\u00e0-dire qu\u2019il est form\u00e9 pour devenir un professionnel de la communication dans les m\u00e9dias.<\/span><\/p>\n<p><span style=\"color: #777777; font-family: arial;\">Pour Pierre-St\u00e9phane Fort : <\/span><\/p>\n<p style=\"margin-left: 28pt;\"><span style=\"color: #c00000; font-family: arial;\">\u00ab [Bardella] fait preuve d&rsquo;un opportunisme chronique. Il a commenc\u00e9 avec Florian Philippot sur une ligne nationaliste sociale. Puis, quand l&rsquo;\u00e9toile de Philippot a commenc\u00e9 \u00e0 p\u00e2lir, il est pass\u00e9 chez les identitaires avec Philippe Olivier. Beaucoup de t\u00e9moins que j&rsquo;ai pu rencontrer m&rsquo;ont dit qu&rsquo;il sent le vent tourner et qu&rsquo;il a toujours un coup d&rsquo;avance. Ce n&rsquo;est pas un id\u00e9ologue, mais par contre, c&rsquo;est un strat\u00e8ge \u00bb<\/span><\/p>\n<p><span style=\"color: #777777; font-family: arial;\">Parmi ses talents de communicants, il parvient \u00e0 toucher beaucoup les jeunes gr\u00e2ce \u00e0 son utilisation fr\u00e9quente du m\u00e9dia chinois Tiktok.<br \/>\n<\/span><span style=\"color: #777777; font-family: arial;\">Pierre-St\u00e9phane Fort souligne par ailleurs la contradiction les paroles et les actes du d\u00e9put\u00e9 europ\u00e9en : <\/span><\/p>\n<p style=\"margin-left: 28pt;\"><span style=\"color: #c00000; font-family: arial;\">\u00ab Au Parlement europ\u00e9en, il vote tr\u00e8s souvent le contraire de ce qu&rsquo;il d\u00e9clare sur TikTok ou dans les m\u00e9dias fran\u00e7ais. Par exemple, il fait de grands discours dans lesquels il c\u00e9l\u00e8bre les droits des femmes dans l&rsquo;Union europ\u00e9enne. Dans le m\u00eame temps, il ne s&rsquo;oppose pas \u00e0 l&rsquo;interdiction de l&rsquo;IVG en Pologne. Idem sur l&rsquo;\u00e9galit\u00e9 salariale entre hommes et femmes, il pr\u00e9f\u00e8re s&rsquo;abstenir. Sur les r\u00e9seaux sociaux, c&rsquo;est l&rsquo;un des champions de la lutte contre le r\u00e9chauffement climatique. La v\u00e9rit\u00e9, c&rsquo;est qu&rsquo;il n&rsquo;a jamais vot\u00e9 un texte majeur au Parlement europ\u00e9en en faveur de cette lutte \u00bb.<\/span><\/p>\n<p><span style=\"color: #777777; font-family: arial;\">&lt;<a href=\"https:\/\/www.francetvinfo.fr\/elections\/europeennes\/elections-europeennes-quel-est-le-bilan-du-rassemblement-national-au-parlement-europeen_6319938.html\"><span style=\"color: #0000ff;\">France Info<\/span><\/a>&gt; et le &lt;<a href=\"https:\/\/www.nouvelobs.com\/politique\/20240521.OBS88628\/europeennes-2024-jordan-bardella-eurodepute-fantome-ou-assidu-reponse-en-5-infographies.html\"><span style=\"color: #0000ff;\">Nouvel Obs<\/span><\/a>&gt; analysent le travail mod\u00e9r\u00e9 r\u00e9alis\u00e9 par Bardella au Parlement europ\u00e9en dont il est \u00e9lu depuis 2019.<\/span><\/p>\n<p><span style=\"color: #777777; font-family: arial;\">Est il comp\u00e9tent pour le job de premier ministre ? <\/span><\/p>\n<p><span style=\"color: #777777; font-family: arial;\">Pour r\u00e9pondre \u00e0 cette question, je reprendrai ce passage <a href=\"https:\/\/www.radiofrance.fr\/franceinter\/podcasts\/le-billet-de-francois-morel\/complique-pas-6910846\"><span style=\"color: #0000ff;\">d\u2019un billet d\u2019humeur<\/span><\/a> de Fran\u00e7ois Morel en 2013.<\/span><\/p>\n<p style=\"margin-left: 28pt;\"><span style=\"color: #c00000; font-family: arial;\">\u00ab Je vous r\u00e9pondrai ce que dans le film \u00ab Coup de t\u00eate \u00bb de Jean-Jacques Annaud dialogu\u00e9 par Francis Weber, Michel Aumont r\u00e9pondait \u00e0 Paul Le Person qui se demandait si l\u2019abruti \u00e0 qui on allait offrir un poste de ma\u00eetre-nageur, savait nager : \u00ab complique pas ! \u00bb \u00bb<br \/>\n<\/span><\/p>\n<p><span style=\"color: #777777; font-family: arial;\"><img loading=\"lazy\" decoding=\"async\" class=\"wp-image-15666 alignright\" src=\"https:\/\/lemotdujour.fr\/wp-content\/uploads\/2024\/06\/Francoise-hardy.jpg\" alt=\"\" width=\"201\" height=\"180\" \/>Mais je ne finirai pas ainsi ce mot du jour.<strong> Fran\u00e7oise Hardy<\/strong> qui vient de nous quitter, dans sa chanson \u00ab <a href=\"https:\/\/www.youtube.com\/watch?v=2ICFtXx546A\"><span style=\"color: #0000ff;\">Mon amie la rose<\/span><\/a> \u00bb, chantait : <\/span><\/p>\n<p style=\"margin-left: 28pt;\"><span style=\"color: #c00000; font-family: arial;\">\u00ab Moi j\u2019ai besoin d\u2019espoir<br \/>\nSinon je ne suis rien \u00bb<\/span><\/p>\n<p><span style=\"color: #c00000; font-family: arial;\">&lt;1808&gt;<\/span><\/p>\n","protected":false},"excerpt":{"rendered":"<p>\u00ab Le grand rempla\u00e7ant : La face cach\u00e9e de Jordan Bardella\u00bb Pierre-St\u00e9phane Fort Beaucoup pensent que d\u2019ici un mois, il existe une grande probabilit\u00e9 que le premier ministre de la France soit un homme de 29 ans, puisqu\u2019il est n\u00e9<\/p>\n","protected":false},"author":1,"featured_media":0,"comment_status":"open","ping_status":"closed","sticky":false,"template":"","format":"standard","meta":{"footnotes":""},"categories":[1],"tags":[15,3],"class_list":["post-15657","post","type-post","status-publish","format-standard","hentry","category-motdujour","tag-france","tag-politique"],"_links":{"self":[{"href":"https:\/\/lemotdujour.fr\/index.php?rest_route=\/wp\/v2\/posts\/15657","targetHints":{"allow":["GET"]}}],"collection":[{"href":"https:\/\/lemotdujour.fr\/index.php?rest_route=\/wp\/v2\/posts"}],"about":[{"href":"https:\/\/lemotdujour.fr\/index.php?rest_route=\/wp\/v2\/types\/post"}],"author":[{"embeddable":true,"href":"https:\/\/lemotdujour.fr\/index.php?rest_route=\/wp\/v2\/users\/1"}],"replies":[{"embeddable":true,"href":"https:\/\/lemotdujour.fr\/index.php?rest_route=%2Fwp%2Fv2%2Fcomments&post=15657"}],"version-history":[{"count":6,"href":"https:\/\/lemotdujour.fr\/index.php?rest_route=\/wp\/v2\/posts\/15657\/revisions"}],"predecessor-version":[{"id":15667,"href":"https:\/\/lemotdujour.fr\/index.php?rest_route=\/wp\/v2\/posts\/15657\/revisions\/15667"}],"wp:attachment":[{"href":"https:\/\/lemotdujour.fr\/index.php?rest_route=%2Fwp%2Fv2%2Fmedia&parent=15657"}],"wp:term":[{"taxonomy":"category","embeddable":true,"href":"https:\/\/lemotdujour.fr\/index.php?rest_route=%2Fwp%2Fv2%2Fcategories&post=15657"},{"taxonomy":"post_tag","embeddable":true,"href":"https:\/\/lemotdujour.fr\/index.php?rest_route=%2Fwp%2Fv2%2Ftags&post=15657"}],"curies":[{"name":"wp","href":"https:\/\/api.w.org\/{rel}","templated":true}]}}