{"id":1564,"date":"2015-12-23T01:00:00","date_gmt":"2015-12-23T00:00:00","guid":{"rendered":"http:\/\/lemotdujour.fr\/?p=1564"},"modified":"2018-11-21T23:09:15","modified_gmt":"2018-11-21T22:09:15","slug":"mercredi-22-decembre-2015","status":"publish","type":"post","link":"https:\/\/lemotdujour.fr\/?p=1564","title":{"rendered":"Mercredi 23 d\u00e9cembre 2015"},"content":{"rendered":"<div class=\"mdjDate\">Mercredi 23 d\u00e9cembre 2015<\/div>\n<div class=\"mdjTexte\">\u00abDe ce que j&rsquo;ai v\u00e9cu \u00e0 ce que j&rsquo;imagine<br \/>\nJe n&rsquo;en finirai pas d&rsquo;\u00e9crire ta chanson<br \/>\nMa France \u00bb<\/div>\n<div class=\"mdjAuteur\">Jean Ferrat<\/div>\n<div class=\"mdjComplements\">Comme l&rsquo;ann\u00e9e derni\u00e8re je vais respecter \u00e0 partir de demain<a href=\"https:\/\/fr.wikipedia.org\/wiki\/Tr%C3%AAve_des_confiseurs\"> la tr\u00eave des confiseurs<\/a> et puis je vais prendre quelques jours de cong\u00e9, d\u00e9but janvier ce qui conduit \u00e0 ce que le mot du jour, si tout va bien, reviendra le 11 janvier 2016.<\/div>\n<div class=\"mdjComplements\">J&rsquo;avais arr\u00eat\u00e9 l&rsquo;ann\u00e9e 2014, le 24 d\u00e9cembre par la derni\u00e8re phrase de l&rsquo;Ethique de Spinoza :<strong> \u00abMais tout ce qui est beau est aussi difficile que rare.\u00a0 <\/strong>\u00bb<\/div>\n<div class=\"mdjComplements\">Puis le 7 janvier il y eut l&rsquo;attentat de Charlie Hebdo.<\/div>\n<div class=\"mdjComplements\">Et la France fut \u00e0 nouveau meurtrie le 13 novembre.<\/div>\n<div class=\"mdjComplements\">On a beaucoup chant\u00e9 la marseillaise pendant toute cette p\u00e9riode.<\/div>\n<div class=\"mdjComplements\">Mais pour c\u00e9l\u00e9brer la France je trouve\u00a0 la chanson de Ferrat beaucoup plus po\u00e9tique et belle.<\/div>\n<div class=\"mdjComplements\">Jean Tenenbaum, dit Jean Ferrat, est n\u00e9 le 26 d\u00e9cembre 1930 \u00e0 Vaucresson (Seine-et-Oise). Il y a donc 85 ans, dans 3 jours et il est mort il y a 5 ans, le 13 mars 2010 \u00e0 Aubenas (Ard\u00e8che).<\/div>\n<div class=\"mdjComplements\">Une de ses plus belles chansons a \u00e9t\u00e9 consacr\u00e9e \u00e0 la France, sa France, notre France.<\/div>\n<div class=\"mdjCiter\">\u00ab De plaines en for\u00eats de vallons en collines<\/div>\n<div class=\"mdjCiter\">Du printemps qui va na\u00eetre \u00e0 tes mortes saisons<\/div>\n<div class=\"mdjCiter\">De ce que j&rsquo;ai v\u00e9cu \u00e0 ce que j&rsquo;imagine<\/div>\n<div class=\"mdjCiter\">Je n&rsquo;en finirai pas d&rsquo;\u00e9crire ta chanson<\/div>\n<div class=\"mdjCiter\">Ma France<\/div>\n<div class=\"mdjCiter\">Au grand soleil d&rsquo;\u00e9t\u00e9 qui courbe la Provence<\/div>\n<div class=\"mdjCiter\">Des gen\u00eats de Bretagne aux bruy\u00e8res d&rsquo;Ard\u00e8che<\/div>\n<div class=\"mdjCiter\">Quelque chose dans l&rsquo;air a cette transparence<\/div>\n<div class=\"mdjCiter\">Et ce go\u00fbt du bonheur qui rend ma l\u00e8vre s\u00e8che<\/div>\n<div class=\"mdjCiter\">Ma France<\/div>\n<div class=\"mdjCiter\">Cet air de libert\u00e9 au-del\u00e0 des fronti\u00e8res<\/div>\n<div class=\"mdjCiter\">Aux peuples \u00e9trangers qui donnaient le vertige<\/div>\n<div class=\"mdjCiter\">Et dont vous usurpez aujourd&rsquo;hui le prestige<\/div>\n<div class=\"mdjCiter\">Elle r\u00e9pond toujours du nom de Robespierre<\/div>\n<div class=\"mdjCiter\">Ma France<\/div>\n<div class=\"mdjCiter\">Celle du vieil Hugo tonnant de son exil<\/div>\n<div class=\"mdjCiter\">Des enfants de cinq ans travaillant dans les mines<\/div>\n<div class=\"mdjCiter\">Celle qui construisit de ses mains vos usines<\/div>\n<div class=\"mdjCiter\">Celle dont monsieur Thiers a dit qu&rsquo;on la fusille<\/div>\n<div class=\"mdjCiter\">Ma France<\/div>\n<div class=\"mdjCiter\">Picasso tient le monde au bout de sa palette<\/div>\n<div class=\"mdjCiter\">Des l\u00e8vres d&rsquo;\u00c9luard s&rsquo;envolent des colombes<\/div>\n<div class=\"mdjCiter\">Ils n&rsquo;en finissent pas tes artistes proph\u00e8tes<\/div>\n<div class=\"mdjCiter\">De dire qu&rsquo;il est temps que le malheur succombe<\/div>\n<div class=\"mdjCiter\">Ma France<\/div>\n<div class=\"mdjCiter\">Leurs voix se multiplient \u00e0 n&rsquo;en plus faire qu&rsquo;une<\/div>\n<div class=\"mdjCiter\">Celle qui paie toujours vos crimes vos erreurs<\/div>\n<div class=\"mdjCiter\">En remplissant l&rsquo;histoire et ses fosses communes<\/div>\n<div class=\"mdjCiter\">Que je chante \u00e0 jamais celle des travailleurs<\/div>\n<div class=\"mdjCiter\">Ma France<\/div>\n<div class=\"mdjCiter\">Celle qui ne poss\u00e8de en or que ses nuits blanches<\/div>\n<div class=\"mdjCiter\">Pour la lutte obstin\u00e9e de ce temps quotidien<\/div>\n<div class=\"mdjCiter\">Du journal que l&rsquo;on vend le matin d&rsquo;un dimanche<\/div>\n<div class=\"mdjCiter\">A l&rsquo;affiche qu&rsquo;on colle au mur du lendemain<\/div>\n<div class=\"mdjCiter\">Ma France<\/div>\n<div class=\"mdjCiter\">Qu&rsquo;elle monte des mines descende des collines<\/div>\n<div class=\"mdjCiter\">Celle qui chante en moi la belle la rebelle<\/div>\n<div class=\"mdjCiter\">Elle tient l&rsquo;avenir, serr\u00e9 dans ses mains fines<\/div>\n<div class=\"mdjCiter\">Celle de trente-six \u00e0 soixante-huit chandelles<\/div>\n<div class=\"mdjCiter\">Ma France \u00bb<\/div>\n<div class=\"mdjComplements\"><a href=\"https:\/\/www.youtube.com\/watch?v=qkO7_rhhCbA\">&lt;Et si vous voulez l&rsquo;\u00e9couter&gt;<\/a><\/div>\n<div class=\"mdjComplements\">Je joins le fichier des mots du jour du 501\u00e8me au 600\u00e8me<\/div>\n","protected":false},"excerpt":{"rendered":"<p>Mercredi 23 d\u00e9cembre 2015 \u00abDe ce que j&rsquo;ai v\u00e9cu \u00e0 ce que j&rsquo;imagine Je n&rsquo;en finirai pas d&rsquo;\u00e9crire ta chanson Ma France \u00bb Jean Ferrat Comme l&rsquo;ann\u00e9e derni\u00e8re je vais respecter \u00e0 partir de demain la tr\u00eave des confiseurs et<\/p>\n","protected":false},"author":1,"featured_media":0,"comment_status":"closed","ping_status":"closed","sticky":false,"template":"","format":"standard","meta":{"footnotes":""},"categories":[1],"tags":[],"class_list":["post-1564","post","type-post","status-publish","format-standard","hentry","category-motdujour"],"_links":{"self":[{"href":"https:\/\/lemotdujour.fr\/index.php?rest_route=\/wp\/v2\/posts\/1564","targetHints":{"allow":["GET"]}}],"collection":[{"href":"https:\/\/lemotdujour.fr\/index.php?rest_route=\/wp\/v2\/posts"}],"about":[{"href":"https:\/\/lemotdujour.fr\/index.php?rest_route=\/wp\/v2\/types\/post"}],"author":[{"embeddable":true,"href":"https:\/\/lemotdujour.fr\/index.php?rest_route=\/wp\/v2\/users\/1"}],"replies":[{"embeddable":true,"href":"https:\/\/lemotdujour.fr\/index.php?rest_route=%2Fwp%2Fv2%2Fcomments&post=1564"}],"version-history":[{"count":2,"href":"https:\/\/lemotdujour.fr\/index.php?rest_route=\/wp\/v2\/posts\/1564\/revisions"}],"predecessor-version":[{"id":5789,"href":"https:\/\/lemotdujour.fr\/index.php?rest_route=\/wp\/v2\/posts\/1564\/revisions\/5789"}],"wp:attachment":[{"href":"https:\/\/lemotdujour.fr\/index.php?rest_route=%2Fwp%2Fv2%2Fmedia&parent=1564"}],"wp:term":[{"taxonomy":"category","embeddable":true,"href":"https:\/\/lemotdujour.fr\/index.php?rest_route=%2Fwp%2Fv2%2Fcategories&post=1564"},{"taxonomy":"post_tag","embeddable":true,"href":"https:\/\/lemotdujour.fr\/index.php?rest_route=%2Fwp%2Fv2%2Ftags&post=1564"}],"curies":[{"name":"wp","href":"https:\/\/api.w.org\/{rel}","templated":true}]}}