{"id":15637,"date":"2024-05-23T00:56:23","date_gmt":"2024-05-22T22:56:23","guid":{"rendered":"https:\/\/lemotdujour.fr\/?p=15637"},"modified":"2024-05-23T01:01:55","modified_gmt":"2024-05-22T23:01:55","slug":"jeudi-24-mai-2024","status":"publish","type":"post","link":"https:\/\/lemotdujour.fr\/?p=15637","title":{"rendered":"Jeudi 23 mai 2024"},"content":{"rendered":"<div class=\"mdjTexte\">\u00ab L\u2019entra\u00eeneur sage\u00bb<\/div>\n<div class=\"mdjAuteur\">Un jeu de mots qui parle de Pierre Sage, entra\u00eeneur de football<\/div>\n<p><span style=\"color: #777777; font-family: arial;\">Albert Camus nous l\u2019avait appris : <a href=\"https:\/\/lemotdujour.fr\/?p=4998\"><span style=\"color: #0000ff;\">le football nous permet de comprendre beaucoup<\/span><\/a> de la vie.<br \/>\n<\/span><\/p>\n<p><span style=\"color: #777777; font-family: arial;\"><img loading=\"lazy\" decoding=\"async\" class=\"wp-image-15641 alignleft\" src=\"https:\/\/lemotdujour.fr\/wp-content\/uploads\/2024\/05\/Pierre-Sage.jpg\" alt=\"\" width=\"287\" height=\"288\" srcset=\"https:\/\/lemotdujour.fr\/wp-content\/uploads\/2024\/05\/Pierre-Sage.jpg 479w, https:\/\/lemotdujour.fr\/wp-content\/uploads\/2024\/05\/Pierre-Sage-300x300.jpg 300w, https:\/\/lemotdujour.fr\/wp-content\/uploads\/2024\/05\/Pierre-Sage-150x150.jpg 150w, https:\/\/lemotdujour.fr\/wp-content\/uploads\/2024\/05\/Pierre-Sage-230x230.jpg 230w, https:\/\/lemotdujour.fr\/wp-content\/uploads\/2024\/05\/Pierre-Sage-365x365.jpg 365w\" sizes=\"auto, (max-width: 287px) 100vw, 287px\" \/>J\u2019\u00e9cris \u00ab L\u2019entraineur sage \u00bb pour faire r\u00e9f\u00e9rence \u00e0 l\u2019entraineur<strong> Pierre Sage<\/strong> de l\u2019Olympique lyonnais.<br \/>\n<\/span><\/p>\n<p><span style=\"color: #777777; font-family: arial;\">Pour celles et ceux qui ne suivent pas le football, il me faut narrer un peu cette histoire.<br \/>\n<\/span><\/p>\n<p><span style=\"color: #777777; font-family: arial;\">L\u2019olympique Lyonnais a commenc\u00e9 le championnat cette ann\u00e9e avec un entraineur de renom :\u00a0 Laurent Blanc. Les r\u00e9sultats furent catastrophiques.<br \/>\nIl fut remplac\u00e9 rapidement par un entraineur italien, Fabio Grosso qui fut ce joueur qui marqua le dernier penalty de l\u2019\u00e9quipe d\u2019Italie lors de la finale de la coupe du monde perdue par la France en 2006.<br \/>\n<\/span><\/p>\n<p><span style=\"color: #777777; font-family: arial;\">Cet ancien joueur prestigieux n\u2019arriva pas davantage \u00e0 faire gagner l\u2019\u00e9quipe puisqu\u2019au bout de 13 journ\u00e9es, Lyon \u00e9tait 18\u00e8me et dernier de la Ligue 1 avec 7 pts.<br \/>\n<\/span><\/p>\n<p><span style=\"color: #777777; font-family: arial;\">Les sp\u00e9cialistes ont \u00e9tudi\u00e9 le pass\u00e9 : jamais une \u00e9quipe, ayant ce nombre de points \u00e0 la 13\u00e8me journ\u00e9e, n\u2019\u00e9tait parvenue \u00e0 assurer son maintien \u00e0 l\u2019issue de la saison, c\u2019est-\u00e0-dire \u00e9viter d\u2019\u00eatre class\u00e9e dans les 3 derniers du classement.<br \/>\nAlors on vira aussi Fabio Grosso.<br \/>\n<\/span><\/p>\n<p><span style=\"color: #777777; font-family: arial;\">En attendant et de mani\u00e8re temporaire, il fut d\u00e9cid\u00e9 de prendre <strong>Pierre Sage<\/strong> qui \u00e9tait le responsable du centre de formation de Lyon.<br \/>\nIl n\u2019avait pas \u00e9t\u00e9 un joueur de football de haut niveau, il n\u2019avait m\u00eame pas le dipl\u00f4me permettant d\u2019entra\u00eener.<br \/>\nIl commen\u00e7a tr\u00e8s mal par deux d\u00e9faites, puis une remont\u00e9e historique, dans le sens o\u00f9 cela n\u2019\u00e9tait jamais arriv\u00e9 avant. <\/span><\/p>\n<p><span style=\"color: #777777; font-family: arial;\">L\u2019\u00e9quipe de Lyon a termin\u00e9 6\u00e8me du championnat et s\u2019est aussi qualifi\u00e9 pour la finale de la coupe de France qu\u2019elle jouera samedi.<br \/>\n<\/span><\/p>\n<p><span style=\"color: #777777; font-family: arial;\">Quand on examine le parcours que cet entra\u00eeneur a permis \u00e0 son \u00e9quipe de r\u00e9aliser \u00e0 partir de la quinzi\u00e8me journ\u00e9e, voici ce que cela donne : <\/span><\/p>\n<p><span style=\"color: #777777; font-family: arial;\"><img loading=\"lazy\" decoding=\"async\" class=\"alignnone size-full wp-image-15640\" src=\"https:\/\/lemotdujour.fr\/wp-content\/uploads\/2024\/05\/Fin-de-parcours.png\" alt=\"\" width=\"913\" height=\"520\" srcset=\"https:\/\/lemotdujour.fr\/wp-content\/uploads\/2024\/05\/Fin-de-parcours.png 913w, https:\/\/lemotdujour.fr\/wp-content\/uploads\/2024\/05\/Fin-de-parcours-300x171.png 300w, https:\/\/lemotdujour.fr\/wp-content\/uploads\/2024\/05\/Fin-de-parcours-768x437.png 768w\" sizes=\"auto, (max-width: 913px) 100vw, 913px\" \/><br \/>\nJe compare donc l\u2019\u00e9volution des points accumul\u00e9s depuis la quinzi\u00e8me journ\u00e9e par Lyon et les deux clubs qui ont termin\u00e9 aux deux premi\u00e8res places du championnat.<br \/>\nLyon a r\u00e9alis\u00e9 un meilleur parcours que les deux premiers. En pratique, Lyon est le club qui a gagn\u00e9 le plus de points \u00e0 partir de la quinzi\u00e8me journ\u00e9e.<br \/>\n<\/span><\/p>\n<p><span style=\"color: #777777; font-family: arial;\">Je ne vais pas aller plus loin dans l\u2019analyse footballistique de ce parcours.<br \/>\n<\/span><\/p>\n<p><span style=\"color: #777777; font-family: arial;\">Que nous apprend cette exp\u00e9rience ?<br \/>\nLes journalistes et les sp\u00e9cialistes sportifs ont d\u00e9cortiqu\u00e9 ce qui a fait le succ\u00e8s.<br \/>\n<\/span><\/p>\n<p><span style=\"color: #777777; font-family: arial;\">D\u2019abord il est parvenu \u00e0 redonner confiance aux joueurs.<br \/>\nSon premier succ\u00e8s a \u00e9t\u00e9 de savoir \u00e9couter les joueurs et leur parler.<br \/>\n<\/span><\/p>\n<p><span style=\"color: #777777; font-family: arial;\">Contrairement aux autres entra\u00eeneurs, il n\u2019a pas chang\u00e9 tout le temps son \u00e9quipe et a mis en place une strat\u00e9gie de jeu plut\u00f4t simple.<br \/>\n<\/span><\/p>\n<p><span style=\"color: #777777; font-family: arial;\">Il s\u2019est appuy\u00e9 sur les qualit\u00e9s de ses joueurs et les a fait jouer sur le poste qui leur convenait le mieux.<br \/>\nL\u2019\u00e9quipe a pu recommencer \u00e0 gagner et la dynamique de groupe a pu se r\u00e9enclencher. <\/span><\/p>\n<p><span style=\"color: #777777; font-family: arial;\">Bien s\u00fbr, il a eu un peu de chance de ci de l\u00e0, mais la chance ne se provoque-t-elle pas ?<br \/>\n<\/span><\/p>\n<p><span style=\"color: #777777; font-family: arial;\">Les sp\u00e9cialistes de football pourraient encore expliquer bien des raisons de cette r\u00e9ussite.<br \/>\nPour ma part je retiendrai : humilit\u00e9, savoir \u00e9couter, parler avec bienveillance, rester simple et faire confiance.<br \/>\n<\/span><\/p>\n<p><span style=\"color: #777777; font-family: arial;\">J\u2019ai confiance, je sais faire confiance, on me retourne la confiance.<br \/>\n<\/span><\/p>\n<p><span style=\"color: #777777; font-family: arial;\">Ces r\u00e8gles de r\u00e9ussite peuvent s\u2019appliquer dans bien d\u2019autres domaines que le football.<br \/>\n<\/span><\/p>\n<p><span style=\"color: #777777; font-family: arial;\">Mais pour agir ainsi, il faut \u00eatre sage, je veux dire faire \u0153uvre de sagesse.<br \/>\n<\/span><\/p>\n<p><span style=\"color: #c00000; font-family: arial;\">&lt;1806&gt;<\/span><\/p>\n","protected":false},"excerpt":{"rendered":"<p>\u00ab L\u2019entra\u00eeneur sage\u00bb Un jeu de mots qui parle de Pierre Sage, entra\u00eeneur de football Albert Camus nous l\u2019avait appris : le football nous permet de comprendre beaucoup de la vie. J\u2019\u00e9cris \u00ab L\u2019entraineur sage \u00bb pour faire r\u00e9f\u00e9rence \u00e0<\/p>\n","protected":false},"author":1,"featured_media":0,"comment_status":"open","ping_status":"closed","sticky":false,"template":"","format":"standard","meta":{"footnotes":""},"categories":[1],"tags":[99,62,6],"class_list":["post-15637","post","type-post","status-publish","format-standard","hentry","category-motdujour","tag-football","tag-management","tag-philosophie"],"_links":{"self":[{"href":"https:\/\/lemotdujour.fr\/index.php?rest_route=\/wp\/v2\/posts\/15637","targetHints":{"allow":["GET"]}}],"collection":[{"href":"https:\/\/lemotdujour.fr\/index.php?rest_route=\/wp\/v2\/posts"}],"about":[{"href":"https:\/\/lemotdujour.fr\/index.php?rest_route=\/wp\/v2\/types\/post"}],"author":[{"embeddable":true,"href":"https:\/\/lemotdujour.fr\/index.php?rest_route=\/wp\/v2\/users\/1"}],"replies":[{"embeddable":true,"href":"https:\/\/lemotdujour.fr\/index.php?rest_route=%2Fwp%2Fv2%2Fcomments&post=15637"}],"version-history":[{"count":5,"href":"https:\/\/lemotdujour.fr\/index.php?rest_route=\/wp\/v2\/posts\/15637\/revisions"}],"predecessor-version":[{"id":15646,"href":"https:\/\/lemotdujour.fr\/index.php?rest_route=\/wp\/v2\/posts\/15637\/revisions\/15646"}],"wp:attachment":[{"href":"https:\/\/lemotdujour.fr\/index.php?rest_route=%2Fwp%2Fv2%2Fmedia&parent=15637"}],"wp:term":[{"taxonomy":"category","embeddable":true,"href":"https:\/\/lemotdujour.fr\/index.php?rest_route=%2Fwp%2Fv2%2Fcategories&post=15637"},{"taxonomy":"post_tag","embeddable":true,"href":"https:\/\/lemotdujour.fr\/index.php?rest_route=%2Fwp%2Fv2%2Ftags&post=15637"}],"curies":[{"name":"wp","href":"https:\/\/api.w.org\/{rel}","templated":true}]}}