{"id":15627,"date":"2024-05-16T01:28:33","date_gmt":"2024-05-15T23:28:33","guid":{"rendered":"https:\/\/lemotdujour.fr\/?p=15627"},"modified":"2024-05-16T01:49:53","modified_gmt":"2024-05-15T23:49:53","slug":"jeudi-16-mai-2024","status":"publish","type":"post","link":"https:\/\/lemotdujour.fr\/?p=15627","title":{"rendered":"Jeudi 16 mai 2024"},"content":{"rendered":"<div class=\"mdjTexte\">\u00ab Ce n\u2019est pas un hasard si vous avez le gouvernement le plus radical du point de vue de l\u2019orthodoxie juive d\u2019un c\u00f4t\u00e9 et le Hamas de l\u2019autre c\u00f4t\u00e9 qui perp\u00e9tue le pire crime en mati\u00e8re de barbarie en criant \u00abAllah Akbar\u00bb et non \u00abPalestine libre\u00bb \u00bb<\/div>\n<div class=\"mdjAuteur\">Eric Danon<\/div>\n<p><span style=\"color: #777777; font-family: arial;\">La trag\u00e9die qui se passe \u00e0 Gaza ne laisse que peu de personnes indiff\u00e9rentes. Certains, pour leur s\u00e9r\u00e9nit\u00e9, tentent de se tenir \u00e0 distance.<\/span><\/p>\n<p><span style=\"color: #777777; font-family: arial;\">Pour tous ceux qui ne choisissent pas cette solution, le plus grand nombre se met dans un des deux camps.<\/span><\/p>\n<p><span style=\"color: #777777; font-family: arial;\"><strong>Eric Danon<\/strong>, ambassadeur de France en Isra\u00ebl d\u2019ao\u00fbt 2019 \u00e0 juillet 2023, en introduction de sa \u00ab <a href=\"https:\/\/www.youtube.com\/watch?v=_4BWaurg7P0\"><span style=\"color: #0000ff;\">Conf\u00e9rence publique \u00e0 la Sorbonne, le 25 avril 2024<\/span><\/a> \u00bb <span style=\"color: #777777; font-family: arial;\">enjoint cependant, ceux qui sont dans ce cas, de ne jamais omettre de garder, au fond d\u2019eux, de la compassion et de l\u2019empathie pour ce qu\u2019il se passe de l\u2019autre c\u00f4t\u00e9.<\/span><\/span><\/p>\n<p><span style=\"color: #777777; font-family: arial;\"><span style=\"color: #777777; font-family: arial;\"><img loading=\"lazy\" decoding=\"async\" class=\"wp-image-15632 alignleft\" src=\"https:\/\/lemotdujour.fr\/wp-content\/uploads\/2024\/05\/Eric-Danon.jpg\" alt=\"\" width=\"515\" height=\"338\" srcset=\"https:\/\/lemotdujour.fr\/wp-content\/uploads\/2024\/05\/Eric-Danon.jpg 915w, https:\/\/lemotdujour.fr\/wp-content\/uploads\/2024\/05\/Eric-Danon-300x197.jpg 300w, https:\/\/lemotdujour.fr\/wp-content\/uploads\/2024\/05\/Eric-Danon-768x504.jpg 768w\" sizes=\"auto, (max-width: 515px) 100vw, 515px\" \/>La conf\u00e9rence de ce diplomate de 67 ans qui a \u00e9t\u00e9 ambassadeur en Isra\u00ebl pendant 4 ans, est d\u2019une hauteur de vue et d\u2019une intelligence rare.<\/span><\/span><\/p>\n<p><span style=\"color: #777777; font-family: arial;\"><span style=\"color: #777777; font-family: arial;\">Apr\u00e8s avoir entendu cette conf\u00e9rence, il devient encore plus clair, que le Moyen orient est lieu de complexit\u00e9. Il avoue d\u2019ailleurs que c\u2019est encore plus complexe qu\u2019il ne peut l\u2019expliquer dans une conf\u00e9rence d\u2019une heure trente.<\/span><\/span><\/p>\n<p><span style=\"color: #777777; font-family: arial;\"><span style=\"color: #777777; font-family: arial;\">Je ne peux que vous encourager \u00e0 l\u2019\u00e9couter, surtout qu\u2019\u00e0 la fin de la conf\u00e9rence il esquisse une piste de sortie du conflit gr\u00e2ce \u00e0 l\u2019implication de l\u2019Arabie Saoudite et de son prince h\u00e9ritier qui est, selon lui, le seul dirigeant arabe qui souhaite vraiment la paix et la stabilit\u00e9 de cette r\u00e9gion. Et il a ce souhait parce qu\u2019il en a besoin pour poursuivre la strat\u00e9gie de d\u00e9veloppement de son pays. Il \u00e9voque bri\u00e8vement une autre possibilit\u00e9 qui passerait par une conf\u00e9d\u00e9ration entre la Palestine et la Jordanie.<\/span><\/span><\/p>\n<p><span style=\"color: #777777; font-family: arial;\"><span style=\"color: #777777; font-family: arial;\">Je donne ci-apr\u00e8s quelques \u00e9l\u00e9ments d\u2019\u00e9clairage de cette conf\u00e9rence. Pour ce faire, je me suis largement servi de la synth\u00e8se r\u00e9alis\u00e9e par <strong>Marie-Caroline Reynier<\/strong> et que vous trouverez derri\u00e8re \u00ab <a href=\"https:\/\/www.diploweb.com\/Video-Proche-Orient-la-paix-a-t-elle-encore-un-avenir-E-Danon.html\"><span style=\"color: #0000ff;\">ce lien<\/span><\/a> \u00bb.<\/span><\/span><\/p>\n<p><span style=\"color: #777777; font-family: arial;\"><span style=\"color: #777777; font-family: arial;\">Pour<strong> \u00c9ric Danon<\/strong> cette guerre va durer parce que ni Isra\u00ebl, ni le Hamas n\u2019ont atteint leurs objectifs respectifs.<\/span><\/span><\/p>\n<p><span style=\"color: #777777; font-family: arial;\">Nous connaissons les trois objectifs officiels d\u2019Isra\u00ebl : <\/span><\/p>\n<ul>\n<li><span style=\"color: #777777; font-family: arial;\">\u00e9radiquer le Hamas ou au moins lui infliger des pertes quasi irr\u00e9parables ;<\/span><\/li>\n<li><span style=\"color: #777777; font-family: arial;\">lib\u00e9rer les otages ; <\/span><\/li>\n<li><span style=\"color: #777777; font-family: arial;\">et neutraliser toute menace \u00e9manant de Gaza.<\/span><\/li>\n<\/ul>\n<p><span style=\"color: #777777; font-family: arial;\">Mais Eric Danon pr\u00e9tend qu\u2019Isra\u00ebl poursuit aussi trois objectifs sinon secrets, au moins officieux : <\/span><\/p>\n<ul>\n<li><span style=\"color: #777777; font-family: arial;\">Isra\u00ebl souhaite reb\u00e2tir une dissuasion afin qu\u2019aucun groupe n\u2019ambitionne de faire pareil que le Hamas. Car l\u2019action du Hamas a fissur\u00e9 les racines, la raison d\u2019exister d\u2019Isra\u00ebl : Prot\u00e9ger les juifs, interdire \u00e0 jamais qu\u2019il puisse encore exister des massacres de juifs comme ceux qui ont eu lieu en Europe au XIX\u00e8me et au XX\u00e8me si\u00e8cle. Or le Hamas a non seulement r\u00e9alis\u00e9 un tel massacre et de plus sur le territoire d\u2019Isra\u00ebl. <\/span><\/li>\n<li><span style=\"color: #777777; font-family: arial;\">La guerre de Gaza constitue aussi une catharsis pour surmonter le traumatisme du 7 octobre 2023, certains parleront de vengeance. <\/span><\/li>\n<li><span style=\"color: #777777; font-family: arial;\">Enfin, Netanyahou cherche \u00e0 faire durer la guerre au moins jusqu\u2019au 5 novembre 2024, date de l\u2019\u00e9lection pr\u00e9sidentielle am\u00e9ricaine, car il ne souhaite pas faire le cadeau de la paix au pr\u00e9sident actuel mais \u00e0 Trump dont il attend un soutien plus ind\u00e9fectible que celui offert par Biden.<\/span><\/li>\n<\/ul>\n<p><span style=\"color: #777777; font-family: arial;\">Le Hamas poursuit aussi trois objectifs officiels : <\/span><\/p>\n<ul>\n<li><span style=\"color: #777777; font-family: arial;\">rentrer en Isra\u00ebl et tuer le maximum de personnes ; <\/span><\/li>\n<li><span style=\"color: #777777; font-family: arial;\">capturer le plus d\u2019otages possibles pour les \u00e9changer avec des prisonniers ; <\/span><\/li>\n<li><span style=\"color: #777777; font-family: arial;\">et pr\u00e9empter l\u2019objet \u00ab r\u00e9sistance palestinienne \u00bb en montrant qu\u2019il est le plus cr\u00e9dible pour porter ce combat. <\/span><\/li>\n<\/ul>\n<p><span style=\"color: #777777; font-family: arial;\">Il poursuit \u00e9galement un objectif officieux : \u00eatre pr\u00e9sent \u00e0 la table des n\u00e9gociations du jour d\u2019apr\u00e8s. Ce dernier objectif n\u2019est pas atteint, mais le Hamas pense que plus il parviendra \u00e0 faire durer la guerre et ne pas s\u2019effondrer, plus il parviendra \u00e0 se rendre incontournable pour la suite.<\/span><\/p>\n<p><span style=\"color: #777777; font-family: arial;\">Nous constatons que pour Isra\u00ebl comme pour le Hamas, la vie et la souffrance des gazaouis n\u2019a pas grande valeur. Il me semble que ce m\u00e9pris de la vie palestinienne est beaucoup plus fort encore au Hamas, qui consid\u00e8re que chaque victime suppl\u00e9mentaire, \u00ab martyr \u00bb disent-ils, est une bonne chose car elle fait augmenter le ressentiment contre Isra\u00ebl.<\/span><\/p>\n<p><span style=\"color: #777777; font-family: arial;\">Cette attitude cynique me fait penser \u00e0 la r\u00e9plique que Michel Audiard avait mis dans la bouche de Bernard Blier : <\/span><\/p>\n<p style=\"margin-left: 28pt;\"><span style=\"color: #c00000; font-family: arial;\">\u00ab J&rsquo;ai d\u00e9j\u00e0 vu des faux-culs, mais vous \u00eates une synth\u00e8se ! \u00bb<br \/>\n<em>(\u00ab Elle boit pas, elle fume pas, elle drague pas, mais elle cause, 1969 \u00bb)<\/em><\/span><\/p>\n<p><span style=\"color: #777777; font-family: arial;\">L\u2019ancien ambassadeur parle de la souffrance des deux peuples. I<span style=\"color: #777777; font-family: arial;\">l met en avant une souffrance particuli\u00e8re des Palestiniens qui prennent conscience que les pays arabes, notamment m\u00e9diterran\u00e9ens, ne sont pas int\u00e9ress\u00e9s par la fin du conflit. <\/span><\/span><\/p>\n<p><span style=\"color: #777777; font-family: arial;\">La jeunesse palestinienne r\u00e9alise ainsi qu\u2019ils ont toujours \u00e9t\u00e9 emp\u00each\u00e9s, depuis 1948, d\u2019avoir un \u00c9tat par leurs dirigeants ou par ces pays arabes.<\/span><\/p>\n<p><span style=\"color: #777777; font-family: arial;\">Et il explique pourquoi les pays arabes, et tout particuli\u00e8rement ceux de la M\u00e9diterran\u00e9e, n\u2019ont rien fait pour favoriser l\u2019\u00e9mergence d\u2019un \u00c9tat palestinien. Et il est vrai que d\u00e8s la cr\u00e9ation de l\u2019\u00c9tat d\u2019Isra\u00ebl, les \u00e9tats arabes sont entr\u00e9s en guerre non pour cr\u00e9er un \u00c9tat palestinien mais pour d\u00e9truire l\u2019\u00c9tat d\u2019Isra\u00ebl et s\u2019accaparer les territoires ainsi conquis entre Jordanie, \u00c9gypte, Syrie et Liban.<\/span><\/p>\n<ul>\n<li><span style=\"color: #777777; font-family: arial;\">La premi\u00e8re raison qu\u2019il cite est que la cause palestinienne constitue un puissant levier de politique int\u00e9rieure pour les pays arabes. En effet, elle permet d\u2019entra\u00eener la population en faveur des gouvernements au pouvoir. D\u00e8s qu\u2019un gouvernement se trouve en difficult\u00e9, il \u00e9voque la question palestinienne et parvient \u00e0 recr\u00e9er une unit\u00e9 autour de lui pour d\u00e9fendre cette cause. Aucun gouvernement ne voudrait se priver d\u2019un tel levier.<\/span><\/li>\n<li><span style=\"color: #777777; font-family: arial;\">La seconde raison est que si les populations des pays arabes s\u2019entendent bien, leurs gouvernements ne s\u2019appr\u00e9cient pas, comme le souligne la rivalit\u00e9 entre le Maroc et l\u2019Alg\u00e9rie ou celle entre la Tunisie et l\u2019\u00c9gypte. De fait, le rejet d\u2019Isra\u00ebl contribue \u00e0 rassembler ces pays lorsqu\u2019ils se r\u00e9unissent, par exemple lors des sommets de la Ligue arabe. Pour que cette entente dure, ils ont donc tout int\u00e9r\u00eat \u00e0 ce que le conflit perdure.<\/span><\/li>\n<li><span style=\"color: #777777; font-family: arial;\">Troisi\u00e8mement, si le conflit isra\u00e9lo-palestinien prend fin, Isra\u00ebl pourrait devenir encore plus puissant. Isra\u00ebl est d\u00e9j\u00e0 une puissance d\u00e9terminante du Proche-Orient dont le PIB (525 milliards de dollars) est sup\u00e9rieur \u00e0 l\u2019addition du PIB de tous les pays qui l\u2019entourent. Ce conflit, les d\u00e9penses militaires d\u2019Isra\u00ebl et les pertes \u00e9conomiques repr\u00e9sent\u00e9es par les appels au boycott, demeure un frein qui emp\u00eache Isra\u00ebl de devenir une superpuissance.<\/span><\/li>\n<li><span style=\"color: #777777; font-family: arial;\">Enfin, le statut de J\u00e9rusalem demeure une des r\u00e9ticences essentielles \u00e0 la cr\u00e9ation d\u2019un \u00c9tat palestinien. Le fait que la Palestine r\u00e9cup\u00e8re ce lieu saint (la mosqu\u00e9e Al-Aqsa) pourrait ne pas convenir \u00e0 l\u2019Arabie Saoudite ou \u00e0 l\u2019Iran. Dans leur esprit la Palestine ne m\u00e9rite pas un tel honneur.<\/span><\/li>\n<\/ul>\n<p><span style=\"color: #777777; font-family: arial;\"><img loading=\"lazy\" decoding=\"async\" class=\" wp-image-15634 alignright\" src=\"https:\/\/lemotdujour.fr\/wp-content\/uploads\/2024\/05\/Al-Aqsa_Mosque.jpg\" alt=\"\" width=\"491\" height=\"264\" srcset=\"https:\/\/lemotdujour.fr\/wp-content\/uploads\/2024\/05\/Al-Aqsa_Mosque.jpg 576w, https:\/\/lemotdujour.fr\/wp-content\/uploads\/2024\/05\/Al-Aqsa_Mosque-300x161.jpg 300w\" sizes=\"auto, (max-width: 491px) 100vw, 491px\" \/>La religion prend d\u2019ailleurs de plus en plus de place dans ce conflit.<\/span><\/p>\n<p><span style=\"color: #777777; font-family: arial;\">Car ce conflit n\u2019est plus simplement un conflit territorial, la religion occupe une place de plus en plus pr\u00e9gnante.<\/span><\/p>\n<p><span style=\"color: #777777; font-family: arial;\">Inspir\u00e9s par la religion, des individus sont profond\u00e9ment contre l\u2019id\u00e9e de la paix aussi bien du c\u00f4t\u00e9 palestinien qu\u2019isra\u00e9lien.<\/span><\/p>\n<p><span style=\"color: #777777; font-family: arial;\">Ainsi, du c\u00f4t\u00e9 palestinien, l\u2019attaque du Hamas du 7 octobre 2023 a d\u2019abord \u00e9t\u00e9 revendiqu\u00e9e comme une non-acceptation d\u2019Isra\u00ebl, au sens d\u2019un refus du partage de l\u2019ancienne Palestine mandataire (1923-1948). En ce sens, la difficult\u00e9 originelle, renforc\u00e9e par l\u2019\u00e9chec des nombreuses n\u00e9gociations, tient \u00e0 la non-acceptation de ce partage. <\/span><\/p>\n<p><span style=\"color: #777777; font-family: arial;\">Il rappelle aussi que si on accuse, \u00e0 raison, le Hamas d\u2019avoir sabord\u00e9 les accords d\u2019Oslo par des attentats terroristes faisant notamment exploser des bus isra\u00e9liens, ce sont les messianistes sionistes qui ont commenc\u00e9 le cycle de violence. Ainsi, le massacre du caveau des Patriarches commis par un colon juif fanatique en 1994 a pr\u00e9c\u00e9d\u00e9 les attentats du Hamas. Il explique que ces groupes religieux \u00e9taient motiv\u00e9s par le fait d\u2019\u00e9viter \u00e0 tout prix la cr\u00e9ation d\u2019un Etat palestinien. C\u2019est encore un fanatique issu de ces rangs qui a assassin\u00e9 Yitzhak Rabin en 1995 en ayant pour but de tuer le processus d\u2019Oslo. <\/span><\/p>\n<p><span style=\"color: #777777; font-family: arial;\">Ce sionisme messianique, qui a pris une importance grandissante pour des raisons d\u00e9mographiques et politiques, refuse l\u2019existence d\u2019un \u00c9tat palestinien.<\/span><\/p>\n<p><span style=\"color: #777777; font-family: arial;\">Eric Danon avant d\u2019expliciter la piste qui lui semble la plus susceptible pour avancer vers une stabilisation puis une paix pose ces trois pr\u00e9mices : .<\/span><\/p>\n<ul>\n<li><span style=\"color: #777777; font-family: arial;\">Premi\u00e8rement, il r\u00e9cuse l\u2019utilisation du terme \u00ab solution \u00bb (l\u2019expression \u00ab solution \u00e0 deux \u00c9tats \u00bb \u00e9tant tr\u00e8s pr\u00e9sente dans le d\u00e9bat public) pour parler du conflit isra\u00e9lo-palestinien, et lui pr\u00e9f\u00e8re l\u2019expression de \u00ab tectonique des puissances \u00bb. Selon lui, il ne faut pas penser les dynamiques politiques en termes de \u00ab solution \u00bb mais plut\u00f4t d\u2019\u00e9volution.<\/span><\/li>\n<li><span style=\"color: #777777; font-family: arial;\">Deuxi\u00e8mement, il soutient que la paix est aussi une question de personnes capables de la faire advenir. Or, sortir de ce conflit requiert des gens \u00e0 la hauteur, ce qui n\u2019est pas le cas au premier trimestre 2024.<\/span><\/li>\n<li><span style=\"color: #777777; font-family: arial;\">Troisi\u00e8mement, au vu du rapport de forces d\u00e9s\u00e9quilibr\u00e9 entre Isra\u00ebl et la Palestine, il n\u2019est pas possible de les laisser n\u00e9gocier face-\u00e0-face. Il faut donc une m\u00e9diation. Or, celle-ci ne peut pas s\u2019articuler exclusivement autour des \u00c9tats-Unis, m\u00e9diateur traditionnel, car sa proximit\u00e9 vis-\u00e0-vis des Isra\u00e9liens tend \u00e0 les disqualifier. M. Danon d\u00e9fend donc une double m\u00e9diation men\u00e9e par l\u2019Arabie Saoudite et des \u00c9tats-Unis.<\/span><\/li>\n<\/ul>\n<p><span style=\"color: #777777; font-family: arial;\">Pour le reste je vous renvoie vers la vid\u00e9o de la conf\u00e9rence qui est d\u2019une richesse d\u2019analyse exceptionnelle : <\/span>\u00ab <a href=\"https:\/\/www.youtube.com\/watch?v=_4BWaurg7P0\"><span style=\"color: #0000ff;\">Conf\u00e9rence publique \u00e0 la Sorbonne, le 25 avril 2024<\/span><\/a> \u00bb<\/p>\n<p><span style=\"color: #777777; font-family: arial;\">Dans sa conclusion il revient sur ce constat que beaucoup sous-estime la dimension religieuse qu\u2019a pris ce conflit : <\/span><\/p>\n<p><span style=\"color: #777777; font-family: arial;\">Si le conflit isra\u00e9lo-palestinien est de nature g\u00e9opolitique, il comporte une autre composante d\u00e9terminante, la dimension religieuse. En effet, les Messianiques juifs refusent de l\u00e2cher les territoires pour des raisons religieuses. Une difficult\u00e9 structurelle \u00e0 g\u00e9rer le Mont du Temple persiste. Enfin, les politiques et diplomates souhaitant le compromis se heurtent \u00e0 la radicalit\u00e9 religieuse. L\u2019attentat du 7 octobre 2023 en est le symbole. Par cons\u00e9quent, cette mont\u00e9e du religieux d\u00e9place les fronti\u00e8res du conflit isra\u00e9lo-palestinien. <strong>En effet, le Palestinien est devenu un symbole du refus de l\u2019histoire et des valeurs de l\u2019Occident.<\/strong><\/span><\/p>\n<p><span style=\"color: #777777; font-family: arial;\">Et il a cette phrase :<\/span><\/p>\n<p style=\"margin-left: 28pt;\"><span style=\"color: #c00000; font-family: arial;\">\u00ab Ce n\u2019est pas un hasard si vous avez le gouvernement le plus radical du point de vue de l\u2019orthodoxie juive d\u2019un c\u00f4t\u00e9 et le Hamas de l\u2019autre c\u00f4t\u00e9 qui perp\u00e9tue le pire crime en mati\u00e8re de barbarie en criant Allah Akbar et non Palestine libre \u00bb<\/span><\/p>\n<p><span style=\"color: #777777; font-family: arial;\">Pour Eric Danon, c\u2019est aussi parce que la politique est devenue faible que la religion s\u2019est renforc\u00e9e. La religion appelle \u00e0 l\u2019absolu et interdit le compromis que permet la politique. C\u2019est \u00e0 la politique qu\u2019il faut revenir et dans ce domaine le prince h\u00e9ritier saoudien peut jouer un r\u00f4le utile, selon lui.<\/span><\/p>\n<p><span style=\"color: #c00000; font-family: arial;\">&lt;1805&gt;<\/span><\/p>\n","protected":false},"excerpt":{"rendered":"<p>\u00ab Ce n\u2019est pas un hasard si vous avez le gouvernement le plus radical du point de vue de l\u2019orthodoxie juive d\u2019un c\u00f4t\u00e9 et le Hamas de l\u2019autre c\u00f4t\u00e9 qui perp\u00e9tue le pire crime en mati\u00e8re de barbarie en criant<\/p>\n","protected":false},"author":1,"featured_media":0,"comment_status":"open","ping_status":"closed","sticky":false,"template":"","format":"standard","meta":{"footnotes":""},"categories":[1],"tags":[219,151,201],"class_list":["post-15627","post","type-post","status-publish","format-standard","hentry","category-motdujour","tag-guerre","tag-israel","tag-palestine"],"_links":{"self":[{"href":"https:\/\/lemotdujour.fr\/index.php?rest_route=\/wp\/v2\/posts\/15627","targetHints":{"allow":["GET"]}}],"collection":[{"href":"https:\/\/lemotdujour.fr\/index.php?rest_route=\/wp\/v2\/posts"}],"about":[{"href":"https:\/\/lemotdujour.fr\/index.php?rest_route=\/wp\/v2\/types\/post"}],"author":[{"embeddable":true,"href":"https:\/\/lemotdujour.fr\/index.php?rest_route=\/wp\/v2\/users\/1"}],"replies":[{"embeddable":true,"href":"https:\/\/lemotdujour.fr\/index.php?rest_route=%2Fwp%2Fv2%2Fcomments&post=15627"}],"version-history":[{"count":5,"href":"https:\/\/lemotdujour.fr\/index.php?rest_route=\/wp\/v2\/posts\/15627\/revisions"}],"predecessor-version":[{"id":15636,"href":"https:\/\/lemotdujour.fr\/index.php?rest_route=\/wp\/v2\/posts\/15627\/revisions\/15636"}],"wp:attachment":[{"href":"https:\/\/lemotdujour.fr\/index.php?rest_route=%2Fwp%2Fv2%2Fmedia&parent=15627"}],"wp:term":[{"taxonomy":"category","embeddable":true,"href":"https:\/\/lemotdujour.fr\/index.php?rest_route=%2Fwp%2Fv2%2Fcategories&post=15627"},{"taxonomy":"post_tag","embeddable":true,"href":"https:\/\/lemotdujour.fr\/index.php?rest_route=%2Fwp%2Fv2%2Ftags&post=15627"}],"curies":[{"name":"wp","href":"https:\/\/api.w.org\/{rel}","templated":true}]}}