{"id":15608,"date":"2024-05-14T01:30:33","date_gmt":"2024-05-13T23:30:33","guid":{"rendered":"https:\/\/lemotdujour.fr\/?p=15608"},"modified":"2024-05-16T01:17:47","modified_gmt":"2024-05-15T23:17:47","slug":"mardi-le-7-mai-2024-2","status":"publish","type":"post","link":"https:\/\/lemotdujour.fr\/?p=15608","title":{"rendered":"Mardi 14 mai 2024"},"content":{"rendered":"<div class=\"mdjTexte\">\u00ab Leys, l&rsquo;homme qui a d\u00e9shabill\u00e9 Mao \u00bb<\/div>\n<div class=\"mdjAuteur\">Documentaire consacr\u00e9 \u00e0 Simon Leys, sinologue belge qui, le premier, a regard\u00e9 la r\u00e9alit\u00e9 du mao\u00efsme en face<\/div>\n<p><span style=\"color: #777777; font-family: arial;\">La mort de Bernard Pivot a conduit \u00e0 mettre la lumi\u00e8re sur certaines de ses \u00e9missions qui ont \u00e9t\u00e9 sinon un moment d\u2019Histoire, au moins un moment essentiel de r\u00e9v\u00e9lation. <\/span><\/p>\n<p><span style=\"color: #777777; font-family: arial;\">Il en a \u00e9t\u00e9 ainsi de l\u2019\u00e9mission \u00ab <strong>Apostrophes <\/strong>\u00bb <b>du 27 mai 1983<\/b> dans laquelle il invite, enfin, <b><strong>Simon Leys<\/strong>, <\/b>cet immense sinologue qui a d\u00e9nonc\u00e9 avant tous les autres, les crimes et l\u2019incomp\u00e9tence de Mao Ts\u00e9 Toung et de la politique men\u00e9e par le Parti communiste chinois. <\/span><\/p>\n<p><span style=\"color: #777777; font-family: arial;\">J\u2019avais d\u00e9j\u00e0 consacr\u00e9 un mot du jour \u00e0 cette \u00e9mission : <a href=\"https:\/\/lemotdujour.fr\/?p=1082\">\u00ab <span style=\"color: #0000ff;\">Que les idiots disent des idioties, c\u2019est comme les pommiers qui produisent des pommes, c\u2019est dans la nature. Le probl\u00e8me, c\u2019est qu\u2019il y ait des lecteurs pour les prendre au s\u00e9rieux.<\/span><\/a> \u00bb. <\/span><\/p>\n<p><span style=\"color: #777777; font-family: arial;\">Dans cet \u00e9pisode, Bernard Pivot avait \u00e9galement invit\u00e9 Maria-Antonietta Macciocchi, qui avait \u00e9crit des livres tr\u00e8s \u00e9logieux sur la Chine de Mao et qui \u00e9tait une r\u00e9f\u00e9rence pour les mao\u00efstes fran\u00e7ais. <\/span><\/p>\n<p><span style=\"color: #777777; font-family: arial;\">Simon Leys parviendra sur la cha\u00eene nationale \u00e0 d\u00e9monter l\u2019argumentaire de Mme Macciochi et h\u00e9sitera pour qualifier son dernier ouvrage entre \u00ab stupidit\u00e9 totale \u00bb ou \u00ab escroquerie \u00bb. D&rsquo;apr\u00e8s une interview de Bernard Pivot, ce fut le seul cas o\u00f9, \u00e0 la suite d&rsquo;un passage \u00e0 Apostrophes, les pr\u00e9visions de vente d&rsquo;un livre furent r\u00e9vis\u00e9es \u00e0 la baisse. <\/span><\/p>\n<p><span style=\"color: #777777; font-family: arial;\">Il faut absolument voir le documentaire de 50 minutes diffus\u00e9 sur la Cha\u00eene \u00ab Public S\u00e9nat \u00bb : &lt;<a href=\"https:\/\/www.youtube.com\/watch?v=6bOI2B68GsY\"><span style=\"color: #0000ff;\">Leys, l&rsquo;homme qui a d\u00e9shabill\u00e9 Mao<\/span><\/a>&gt; qui montre le combat de Simon Leys pour d\u00e9voiler la v\u00e9rit\u00e9 sur la Chine de Mao.<\/span><\/p>\n<p><span style=\"color: #777777; font-family: arial;\"><strong>Simon Leys<\/strong> s\u2019appelait dans l\u2019\u00e9tat civil <b>Pierre Ryckmans<\/b>. Il est n\u00e9 en 1935, en Belgique dans une famille de la grande bourgeoisie catholique belge.<\/span><\/p>\n<p><span style=\"color: #777777; font-family: arial;\">En mai 1955, il a l\u2019opportunit\u00e9 de participer au voyage d&rsquo;une d\u00e9l\u00e9gation de dix jeunes Belges invit\u00e9s durant un mois en Chine. La R\u00e9publique populaire de Chine avait \u00e9t\u00e9 proclam\u00e9 par Mao, 6 ans auparavant. Ce s\u00e9jour tr\u00e8s encadr\u00e9 par le Parti communiste chinois lui permet de rencontrer et d\u2019\u00e9changer avec Zhou Enlai, le num\u00e9ro 2 derri\u00e8re Mao. Il en sortira fascin\u00e9. <\/span><\/p>\n<p><span style=\"color: #777777; font-family: arial;\">Il d\u00e9cide d&rsquo;apprendre le chinois afin de pouvoir s&rsquo;ouvrir \u00e0 la langue et \u00e0 la culture du pays et d\u2019aller l\u2019\u00e9tudier dans le monde chinois.<\/span><\/p>\n<p><span style=\"color: #777777; font-family: arial;\">Il commencera \u00e0 \u00e9tudier \u00e0 la section des Beaux-Arts de l\u2019Universit\u00e9 nationale de Ta\u00efwan. Puis il voyagera beaucoup dans le monde et se fixera d\u2019abord \u00e0 Singapour, mais devra en partir car il sera soup\u00e7onn\u00e9 d\u2019\u00eatre pro-communiste et ensuite s\u2019installera, \u00e0 partir de 1963, \u00e0 \u00e0 Hong Kong.<\/span><\/p>\n<p><span style=\"color: #777777; font-family: arial;\">Il \u00e9pousera une journaliste chinoise en 1964 : <strong>Han-fang Chang<\/strong> qui sera sa compagne jusqu\u2019\u00e0 la fin de sa vie et avec qui il aura quatre enfants.<\/span><\/p>\n<p><span style=\"color: #777777; font-family: arial;\">Il \u00e9tudie beaucoup et a du mal \u00e0 trouver des emplois suffisamment r\u00e9mun\u00e9r\u00e9s., il compl\u00e8te son salaire en r\u00e9digeant tous les quinze jours, de 1967 \u00e0 1969, un rapport analysant le d\u00e9roulement des \u00e9v\u00e9nements en Chine, pour le compte de la d\u00e9l\u00e9gation diplomatique belge de Hong-Kong.<\/span><\/p>\n<p><span style=\"color: #777777; font-family: arial;\">Ce sont ces rapports qui se fondent sur les publications officielles du r\u00e9gime communiste, comme sur le t\u00e9moignage des chinois qui ont pu fuir le pays du livre rouge qui lui permettront d\u2019\u00e9crire son premier ouvrage \u00ab <strong>Les Habits neufs du pr\u00e9sident Mao<\/strong> \u00bb dans lequel il d\u00e9nonce ce qu\u2019il sait de ce r\u00e9gime horrible et assassin<\/span><\/p>\n<p><span style=\"color: #777777; font-family: arial;\">Il prendra pour nom d\u2019auteur Simon Leys pour des raisons qui sont expliqu\u00e9es dans le documentaire.<\/span><\/p>\n<p><span style=\"color: #777777; font-family: arial;\">Je ne vais pas \u00e9crire tout ce que le documentaire d\u00e9crit. Il me parait tr\u00e8s important, en revanche, d\u2019insister sur un point essentiel : Le monde des intellectuels et universitaires, le monde des journalistes et des hommes politiques de gauche feront plus que critiquer le travail de Simon Leys : ils le couvriront d\u2019injures, l\u2019ostraciseront et lui fermeront d\u00e9finitivement les portes de l\u2019Universit\u00e9 fran\u00e7aise, alors qu\u2019il \u00e9tait un des sinologues les plus comp\u00e9tents et les plus lucides qui existait alors sur la place.<\/span><\/p>\n<p><span style=\"color: #777777; font-family: arial;\">Je veux donner la liste de ceux qui se sont tromp\u00e9s et qui, au moment o\u00f9 Simon Leys r\u00e9v\u00e9lait la v\u00e9rit\u00e9, se sont trouv\u00e9s dans l\u2019autre camp :<\/span><\/p>\n<ul>\n<li><span style=\"color: #777777; font-family: arial;\">Philippe Sollers et la revue Tel Quel <\/span><\/li>\n<li><span style=\"color: #777777; font-family: arial;\">Le journal Le Monde<\/span><\/li>\n<li><span style=\"color: #777777; font-family: arial;\">Le journal Lib\u00e9ration qui a \u00e9t\u00e9 cr\u00e9\u00e9 par des mao\u00efstes dont Serge July<\/span><\/li>\n<li><span style=\"color: #777777; font-family: arial;\">Jean-Paul Sartre et Simone de Beauvoir<\/span><\/li>\n<li><span style=\"color: #777777; font-family: arial;\">Roland Barthes<\/span><\/li>\n<li><span style=\"color: #777777; font-family: arial;\">Michel Foucault<\/span><\/li>\n<li><span style=\"color: #777777; font-family: arial;\">Louis Althusser et ses disciples Benny L\u00e9vy, les fr\u00e8res Miller (Jacques-Alain et G\u00e9rard),<\/span><\/li>\n<li><span style=\"color: #777777; font-family: arial;\">Andr\u00e9 Glucksmann, p\u00e8re de Rapha\u00ebl qui se distinguera des autres en pratiquant la plus s\u00e9v\u00e8re autocritique, quand il constatera qu\u2019il s\u2019\u00e9tait tromp\u00e9.<\/span><\/li>\n<\/ul>\n<p><span style=\"color: #777777; font-family: arial;\">Il sera cependant soutenu imm\u00e9diatement par <b>Jean-Fran\u00e7ois Revel et Ren\u00e9 \u00c9tiemble. <\/b><\/span><\/p>\n<p><span style=\"color: #777777; font-family: arial;\">Tous ses critiques reconna\u00eetront, plus ou moins, leurs erreurs et la justesse des \u00e9crits de Simon Leys sauf le philosophe Alain Badiou qui continue \u00e0 affirmer que \u00ab Les Habits neufs du pr\u00e9sident Mao \u00bb est une \u00ab brillante improvisation id\u00e9ologique de Simon Leys d\u00e9pourvue de tout rapport au r\u00e9el politique \u00bb <\/span><\/p>\n<p><span style=\"color: #777777; font-family: arial;\"><img loading=\"lazy\" decoding=\"async\" class=\"wp-image-15618 alignleft\" src=\"https:\/\/lemotdujour.fr\/wp-content\/uploads\/2024\/05\/Lecrivain-Simon-Leys-a-Canberra.jpg\" alt=\"\" width=\"441\" height=\"318\" srcset=\"https:\/\/lemotdujour.fr\/wp-content\/uploads\/2024\/05\/Lecrivain-Simon-Leys-a-Canberra.jpg 600w, https:\/\/lemotdujour.fr\/wp-content\/uploads\/2024\/05\/Lecrivain-Simon-Leys-a-Canberra-300x217.jpg 300w\" sizes=\"auto, (max-width: 441px) 100vw, 441px\" \/>En attendant Simon Leys trouvera la s\u00e9r\u00e9nit\u00e9 et la reconnaissance en Australie, o\u00f9 l\u2019Universit\u00e9 ouvrira ses portes \u00e0 cet homme lucide et habit\u00e9 par la recherche de la v\u00e9rit\u00e9. Il s\u2019y installera en 1970, et y finira ses jours en 2014.<\/span><\/p>\n<p><span style=\"color: #777777; font-family: arial;\">\u00ab <a href=\"https:\/\/www.lemonde.fr\/disparitions\/article\/2014\/08\/12\/mort-du-sinologue-simon-leys_4470353_3382.html\"><span style=\"color: #0000ff;\">Le Monde <\/span><\/a>\u00bb tentera, par un hommage appuy\u00e9, un rattrapage de l&rsquo;aveuglement, 40 ans auparavant : <\/span><\/p>\n<p style=\"margin-left: 28pt;\"><span style=\"color: #c00000; font-family: arial;\">\u00ab Il poss\u00e9dait un go\u00fbt pour le savoir qui soutenait son immense \u00e9rudition ainsi que son \u00e9nergie pour lire, traduire et comprendre. N\u00e9anmoins, conscient de la fragilit\u00e9 de nos connaissances, il m\u00ealait volontiers l&rsquo;humour du sceptique et la modestie du sage. C&rsquo;est sans doute cette lucidit\u00e9 qui lui permit de voir la Chine mao\u00efste sous son v\u00e9ritable visage et de publier, en 1971, le livre le plus percutant sur la R\u00e9volution culturelle, \u00ab Les Habits neufs du pr\u00e9sident Mao \u00bb \u00bb<\/span><\/p>\n<p><span style=\"color: #777777; font-family: arial;\">Je crois que nous pouvons beaucoup apprendre de ce moment d\u2019affrontement entre un homme lucide, sage et mod\u00e9r\u00e9 et une cohorte de gens, pour la plupart class\u00e9s \u00e0 gauche, convaincus de d\u00e9tenir la v\u00e9rit\u00e9 et d\u2019\u00eatre du c\u00f4t\u00e9 du bien, aveugl\u00e9s par leur dogme et leurs certitudes.<\/span><\/p>\n<p><span style=\"color: #777777; font-family: arial;\">Le mao\u00efsme et le stalinisme ne sont plus d\u2019actualit\u00e9s, le trotskysme presque plus, mais il reste encore bien des dogmes et des nouveaux combats dits \u00ab progressistes \u00bb qui aujourd\u2019hui continuent \u00e0 aveugler des femmes et des hommes qui sont certains d\u2019\u00eatre du bon c\u00f4t\u00e9 du combat. Qu\u2019en sera-t-il dans quarante ans ?<\/span><\/p>\n<p><span style=\"color: #777777; font-family: arial;\">Je redonne le lien vers le documentaire : &lt;<a href=\"https:\/\/www.youtube.com\/watch?v=6bOI2B68GsY\"><span style=\"color: #0000ff;\">Leys, l&rsquo;homme qui a d\u00e9shabill\u00e9 Mao<\/span><\/a>&gt;.<br \/>\n<\/span><\/p>\n<p><span style=\"color: #c00000; font-family: arial;\">&lt;1804&gt;<\/span><\/p>\n","protected":false},"excerpt":{"rendered":"<p>\u00ab Leys, l&rsquo;homme qui a d\u00e9shabill\u00e9 Mao \u00bb Documentaire consacr\u00e9 \u00e0 Simon Leys, sinologue belge qui, le premier, a regard\u00e9 la r\u00e9alit\u00e9 du mao\u00efsme en face La mort de Bernard Pivot a conduit \u00e0 mettre la lumi\u00e8re sur certaines de<\/p>\n","protected":false},"author":1,"featured_media":0,"comment_status":"open","ping_status":"closed","sticky":false,"template":"","format":"standard","meta":{"footnotes":""},"categories":[1],"tags":[70,158,9],"class_list":["post-15608","post","type-post","status-publish","format-standard","hentry","category-motdujour","tag-chine","tag-communisme","tag-litterature"],"_links":{"self":[{"href":"https:\/\/lemotdujour.fr\/index.php?rest_route=\/wp\/v2\/posts\/15608","targetHints":{"allow":["GET"]}}],"collection":[{"href":"https:\/\/lemotdujour.fr\/index.php?rest_route=\/wp\/v2\/posts"}],"about":[{"href":"https:\/\/lemotdujour.fr\/index.php?rest_route=\/wp\/v2\/types\/post"}],"author":[{"embeddable":true,"href":"https:\/\/lemotdujour.fr\/index.php?rest_route=\/wp\/v2\/users\/1"}],"replies":[{"embeddable":true,"href":"https:\/\/lemotdujour.fr\/index.php?rest_route=%2Fwp%2Fv2%2Fcomments&post=15608"}],"version-history":[{"count":11,"href":"https:\/\/lemotdujour.fr\/index.php?rest_route=\/wp\/v2\/posts\/15608\/revisions"}],"predecessor-version":[{"id":15626,"href":"https:\/\/lemotdujour.fr\/index.php?rest_route=\/wp\/v2\/posts\/15608\/revisions\/15626"}],"wp:attachment":[{"href":"https:\/\/lemotdujour.fr\/index.php?rest_route=%2Fwp%2Fv2%2Fmedia&parent=15608"}],"wp:term":[{"taxonomy":"category","embeddable":true,"href":"https:\/\/lemotdujour.fr\/index.php?rest_route=%2Fwp%2Fv2%2Fcategories&post=15608"},{"taxonomy":"post_tag","embeddable":true,"href":"https:\/\/lemotdujour.fr\/index.php?rest_route=%2Fwp%2Fv2%2Ftags&post=15608"}],"curies":[{"name":"wp","href":"https:\/\/api.w.org\/{rel}","templated":true}]}}