{"id":15596,"date":"2024-05-07T00:16:00","date_gmt":"2024-05-06T22:16:00","guid":{"rendered":"https:\/\/lemotdujour.fr\/?p=15596"},"modified":"2024-05-06T23:19:23","modified_gmt":"2024-05-06T21:19:23","slug":"mardi-le-7-mai-2024","status":"publish","type":"post","link":"https:\/\/lemotdujour.fr\/?p=15596","title":{"rendered":"Mardi le 7 mai 2024"},"content":{"rendered":"<div class=\"mdjTexte\">\u00ab Je vis avec les mots [\u2026] Mourir c\u2019est abandonner les mots et cela c\u2019est terrible ! \u00bb<\/div>\n<div class=\"mdjAuteur\">Bernard Pivot dans l\u2019\u00e9mission \u00ab L\u2019Invit\u00e9 \u00bb de Patrick Simonin en mars 2021<\/div>\n<p><span style=\"color: #777777; font-family: arial;\">M\u00eame Bernard Pivot est mortel, sa vie s\u2019est arr\u00eat\u00e9e le 6 mai 2024, le lendemain de son 89\u00e8me anniversaire.<\/span><\/p>\n<p><span style=\"color: #777777; font-family: arial;\">Le cr\u00e9ateur et animateur des \u00e9missions de t\u00e9l\u00e9vision qui ont rendu les fran\u00e7ais plus cultiv\u00e9s et instruits : \u00ab <strong>Apostrophes<\/strong> \u00bb (de 1975 \u00e0 1990) et \u00ab<strong> Bouillon de culture<\/strong> \u00bb (de 1991 \u00e0 2001) a fait l\u2019objet de nombreux hommages d\u00e8s l\u2019annonce de sa disparition. <\/span><\/p>\n<p><span style=\"color: #777777; font-family: arial;\">Je privil\u00e9gie une \u00e9mission plus ancienne, en mars 2021, lorsqu\u2019il a \u00e9t\u00e9 invit\u00e9 par <strong>Patrick Simonin<\/strong> pour parler de son avant dernier livre : <a href=\"https:\/\/www.youtube.com\/watch?v=kwBMrkiZi-o\"><span style=\"color: #0000ff;\"><strong>\u00ab \u2026 Mais la vie continue \u00bb<\/strong><\/span><\/a>. Il parle de son grand \u00e2ge et de ce travail difficile et en perp\u00e9tuel \u00e9volution : vieillir.<\/span><\/p>\n<p style=\"margin-left: 28pt;\"><span style=\"color: #c00000; font-family: arial;\">\u00ab Quand on \u00e9crit un livre sur la vieillesse on connait chaque matin le sujet mieux que la veille, et moins bien que le lendemain \u00bb<\/span><\/p>\n<p><span style=\"color: #777777; font-family: arial;\"><img loading=\"lazy\" decoding=\"async\" class=\"alignnone size-full wp-image-15598\" src=\"https:\/\/lemotdujour.fr\/wp-content\/uploads\/2024\/05\/Bernard-Pivot.jpg\" alt=\"\" width=\"1058\" height=\"646\" srcset=\"https:\/\/lemotdujour.fr\/wp-content\/uploads\/2024\/05\/Bernard-Pivot.jpg 1058w, https:\/\/lemotdujour.fr\/wp-content\/uploads\/2024\/05\/Bernard-Pivot-300x183.jpg 300w, https:\/\/lemotdujour.fr\/wp-content\/uploads\/2024\/05\/Bernard-Pivot-1024x625.jpg 1024w, https:\/\/lemotdujour.fr\/wp-content\/uploads\/2024\/05\/Bernard-Pivot-768x469.jpg 768w\" sizes=\"auto, (max-width: 1058px) 100vw, 1058px\" \/>Pour lui, le probl\u00e8me principal devient la sant\u00e9 :<\/span><\/p>\n<p style=\"margin-left: 28pt;\"><span style=\"color: #c00000; font-family: arial;\">\u00ab Les obs\u00e8ques, on s\u2019en fout. L\u2019important est de vivre le plus longtemps possible et en bonne sant\u00e9 ! L\u2019objet principal du livre est la sant\u00e9.<br \/>\nA 80 ans pass\u00e9s, la question \u00ab Comment vas-tu ?\u00bb, ce n\u2019est plus une question de politesse, c\u2019est une question m\u00e9dicale ! \u00bb<\/span><\/p>\n<p><span style=\"color: #777777; font-family: arial;\">On sent dans cette \u00e9mission sa passion intacte pour la vie, vivre au pr\u00e9sent est pour lui une qu\u00eate de tous les instants. Et il insiste sur le privil\u00e8ge acquis de la libert\u00e9, libert\u00e9 de la maitrise du temps et libert\u00e9 de parole :<\/span><\/p>\n<p style=\"margin-left: 28pt;\"><span style=\"color: #c00000; font-family: arial;\">\u00ab Le grand privil\u00e8ge de l\u2019\u00e2ge, par rapport au moment o\u00f9 on est dans la vie active [\u2026] c\u2019est qu\u2019on a la ma\u00eetrise de son temps et de son jugement. \u00bb [\u2026] Si vous avez envie de dire quelque chose vous le dites carr\u00e9ment. A 30 ou 40 vous n\u2019osiez pas. \u00bb<\/span><\/p>\n<p><span style=\"color: #777777; font-family: arial;\">Il insiste beaucoup sur cette libert\u00e9 d\u2019organiser son temps \u00e0 sa guise. <\/span><\/p>\n<p style=\"margin-left: 28pt;\"><span style=\"color: #c00000; font-family: arial;\">\u00ab <\/span><span style=\"color: #c00000; font-family: arial;\">Ce qui est extraordinaire c\u2019est la ma\u00eetrise du temps. Quand vous \u00eates jeune, vous avez toute la vie devant vous, vous avez des d\u00e9cennies devant vous et vous n\u2019avez jamais le temps et quand vous \u00eates vieux vous n\u2019avez plus beaucoup de temps devant vous, les ann\u00e9es sont compt\u00e9es et vous avez tout votre temps. !<br \/>\nAutrement dit \u00e0 long terme on n\u2019a jamais le temps et \u00e0 court terme on a tout son temps. \u00bb<\/span><\/p>\n<p><span style=\"color: #777777; font-family: arial;\">Et puis il parle des mots. Des mots qu\u2019ils a tant aim\u00e9, qui ont \u00e9t\u00e9 la s\u00e8ve de sa vie, les mots qui finissent avec la mort : <\/span><\/p>\n<p style=\"margin-left: 28pt;\"><span style=\"color: #c00000; font-family: arial;\">\u00ab C\u2019est par amour des mots que nous sommes devenus \u00e9crivains ou journalistes. Les mots c\u2019est notre mati\u00e8re premi\u00e8re, ce sont nos amis, nos esclaves, ce sont nos fianc\u00e9s, ce sont nos amants. Nous adorons les mots. [\u2026] Les mots cela peut-\u00eatre du poil \u00e0 gratter, comme cela peut \u00eatre de la barbe \u00e0 papa, cela peut \u00eatre de la cr\u00e8me caramel comme du poivre de cayenne. [\u2026] Les mots sont \u00e0 notre service, \u00e9crire c\u2019est les r\u00e9unir, les assembler, les biffer c\u2019est un plaisir extraordinaire. Moi je vis avec les mots, trop souvent les gens ne se rendent pas compte que les mots font partie de notre vie, de notre atmosph\u00e8re, de notre univers. Mourir c\u2019est abandonner les mots et cela c\u2019est terrible ! \u00bb<\/span><\/p>\n<p><span style=\"color: #777777; font-family: arial;\">Les mots c\u2019est aussi ceux que l\u2019on oublie quand l\u2019\u00e2ge avance. Le mot qu\u2019il aime le plus est \u00ab Aujourd\u2019hui \u00bb en ajoutant qu\u2019il lui plait beaucoup que ce mot comporte une \u00ab apostrophe \u00bb mais surtout parce qu\u2019il d\u00e9signe le pr\u00e9sent qui \u00e9tait si important pour cet amoureux de la vie. <\/span><\/p>\n<p><span style=\"color: #777777; font-family: arial;\">Il avait aussi beaucoup d\u2019humour, il a \u00e9crit dans son livre :\u00a0 <\/span><\/p>\n<p style=\"margin-left: 28pt;\"><span style=\"color: #c00000; font-family: arial;\">\u00ab Rire, \u00e7a fait fuir la mort ! \u00bb<\/span><\/p>\n<p><span style=\"color: #777777; font-family: arial;\">Il faut ajouter, un certain temps\u2026<\/span><\/p>\n<p><span style=\"color: #c00000; font-family: arial;\">&lt;1804&gt;<\/span><\/p>\n","protected":false},"excerpt":{"rendered":"<p>\u00ab Je vis avec les mots [\u2026] Mourir c\u2019est abandonner les mots et cela c\u2019est terrible ! \u00bb Bernard Pivot dans l\u2019\u00e9mission \u00ab L\u2019Invit\u00e9 \u00bb de Patrick Simonin en mars 2021 M\u00eame Bernard Pivot est mortel, sa vie s\u2019est arr\u00eat\u00e9e<\/p>\n","protected":false},"author":1,"featured_media":0,"comment_status":"open","ping_status":"closed","sticky":false,"template":"","format":"standard","meta":{"footnotes":""},"categories":[1],"tags":[15,29,9],"class_list":["post-15596","post","type-post","status-publish","format-standard","hentry","category-motdujour","tag-france","tag-hommage","tag-litterature"],"_links":{"self":[{"href":"https:\/\/lemotdujour.fr\/index.php?rest_route=\/wp\/v2\/posts\/15596","targetHints":{"allow":["GET"]}}],"collection":[{"href":"https:\/\/lemotdujour.fr\/index.php?rest_route=\/wp\/v2\/posts"}],"about":[{"href":"https:\/\/lemotdujour.fr\/index.php?rest_route=\/wp\/v2\/types\/post"}],"author":[{"embeddable":true,"href":"https:\/\/lemotdujour.fr\/index.php?rest_route=\/wp\/v2\/users\/1"}],"replies":[{"embeddable":true,"href":"https:\/\/lemotdujour.fr\/index.php?rest_route=%2Fwp%2Fv2%2Fcomments&post=15596"}],"version-history":[{"count":2,"href":"https:\/\/lemotdujour.fr\/index.php?rest_route=\/wp\/v2\/posts\/15596\/revisions"}],"predecessor-version":[{"id":15599,"href":"https:\/\/lemotdujour.fr\/index.php?rest_route=\/wp\/v2\/posts\/15596\/revisions\/15599"}],"wp:attachment":[{"href":"https:\/\/lemotdujour.fr\/index.php?rest_route=%2Fwp%2Fv2%2Fmedia&parent=15596"}],"wp:term":[{"taxonomy":"category","embeddable":true,"href":"https:\/\/lemotdujour.fr\/index.php?rest_route=%2Fwp%2Fv2%2Fcategories&post=15596"},{"taxonomy":"post_tag","embeddable":true,"href":"https:\/\/lemotdujour.fr\/index.php?rest_route=%2Fwp%2Fv2%2Ftags&post=15596"}],"curies":[{"name":"wp","href":"https:\/\/api.w.org\/{rel}","templated":true}]}}