{"id":15585,"date":"2024-04-29T00:06:00","date_gmt":"2024-04-28T22:06:00","guid":{"rendered":"https:\/\/lemotdujour.fr\/?p=15585"},"modified":"2024-04-28T20:01:20","modified_gmt":"2024-04-28T18:01:20","slug":"lundi-29-avril-2024","status":"publish","type":"post","link":"https:\/\/lemotdujour.fr\/?p=15585","title":{"rendered":"Lundi 29 avril 2024"},"content":{"rendered":"<div class=\"mdjTexte\">\u00ab L&rsquo;\u00e9vocation d&rsquo;une ancienne tradition qui est en r\u00e9alit\u00e9 tr\u00e8s moderne. \u00bb<\/div>\n<div class=\"mdjAuteur\">Max Fisher, journaliste qui rappela que le relais de la flamme olympique est une invention de l\u2019Allemagne nazie<\/div>\n<p><span style=\"color: #777777; font-family: arial;\">Ces derniers jours quand on allume la radio et je suppose la t\u00e9l\u00e9vision (que je ne regarde pas) on nous parle beaucoup de la flamme Olympique. <\/span><\/p>\n<p><span style=\"color: #777777; font-family: arial;\">Actuellement, elle se trouve <a href=\"https:\/\/www.huffingtonpost.fr\/jo-paris-2024\/video\/dans-le-belem-la-flamme-olympique-a-pris-la-direction-de-marseille-nouvelle-etape-vers-les-jo-de-paris-2024-clx1_232443.html\"><span style=\"color: #0000ff;\">sur le navire le BELEM<\/span><\/a> pour faire le trajet d\u2019Ath\u00e8nes \u00e0 Marseille o\u00f9 elle arrivera le 8 mai. Puis elle sera port\u00e9e par de nombreux athl\u00e8tes dans un tr\u00e8s long trajet \u00e0 travers la France, toute la France, c\u2019est \u00e0 dire aussi les d\u00e9partements et territoire d\u2019outre mer. <\/span><\/p>\n<p><span style=\"color: #777777; font-family: arial;\">Un site &lt;<a href=\"https:\/\/olympics.com\/fr\/paris-2024\/relais-de-la-flamme-olympique\/parcours\"><span style=\"color: #0000ff;\">Relais de la flamme olympique : parcours<\/span><\/a>&gt; vous permet d\u2019en conna\u00eetre tous les d\u00e9tails. Un article plus simple de l\u2019hebdomadaire &lt;<a href=\"https:\/\/www.lepoint.fr\/sport\/jo-de-paris-2024-voici-le-parcours-complet-de-la-flamme-olympique-en-france-du-8-mai-au-26-juillet-26-04-2024-2558773_26.php\"><span style=\"color: #0000ff;\">Le Point<\/span><\/a>&gt; donne la liste des villes et les dates. <\/span><\/p>\n<p><span style=\"color: #777777; font-family: arial;\">Lyon et d\u2019autres villes ont refus\u00e9 d\u2019accueillir la flamme pour ne pas s\u2019acquitter des 180 000 euros exig\u00e9s pour que le trajet daigne passer par la m\u00e9tropole lyonnaise. <\/span><\/p>\n<p><span style=\"color: #777777; font-family: arial;\"><img loading=\"lazy\" decoding=\"async\" class=\"wp-image-15587 alignleft\" src=\"https:\/\/lemotdujour.fr\/wp-content\/uploads\/2024\/04\/La-flamme-Olypique01.jpg\" alt=\"\" width=\"423\" height=\"317\" srcset=\"https:\/\/lemotdujour.fr\/wp-content\/uploads\/2024\/04\/La-flamme-Olypique01.jpg 1200w, https:\/\/lemotdujour.fr\/wp-content\/uploads\/2024\/04\/La-flamme-Olypique01-300x225.jpg 300w, https:\/\/lemotdujour.fr\/wp-content\/uploads\/2024\/04\/La-flamme-Olypique01-1024x768.jpg 1024w, https:\/\/lemotdujour.fr\/wp-content\/uploads\/2024\/04\/La-flamme-Olypique01-768x576.jpg 768w\" sizes=\"auto, (max-width: 423px) 100vw, 423px\" \/>Au pr\u00e9alable, il a fallu allumer cette flamme \u00e0 Olympie gr\u00e2ce aux rayons du soleil et l\u2019aide de femmes habill\u00e9es de mani\u00e8re hollywoodienne, dans l\u2019objectif de ressembler \u00e0 des pr\u00eatresses grecques.<\/span><\/p>\n<p><span style=\"color: #777777; font-family: arial;\"> J\u2019esp\u00e8re que les adeptes exacerb\u00e9s des trois monoth\u00e9ismes se rendent compte que nous sommes en pleine c\u00e9l\u00e9bration polyth\u00e9iste. On ne dira jamais assez que le polyth\u00e9isme constitue une invitation \u00e0 la tol\u00e9rance, contrairement au monoth\u00e9isme qui confond croyance et v\u00e9rit\u00e9. <\/span><\/p>\n<p><span style=\"color: #777777; font-family: arial;\">Le polyth\u00e9isme est aussi pragmatique puisque <a href=\"https:\/\/fr.news.yahoo.com\/jo-paris-2024-pourquoi-flamme-130926686.html?guccounter=1&amp;guce_referrer=aHR0cHM6Ly93d3cuZ29vZ2xlLmNvbS8&amp;guce_referrer_sig=AQAAADeS71i4clFzDqqhMUUeqOF1A_dYR5MWCVKAN5DS2q-YgKS9FzvoybnH6XpqD9lqgu3SItYehbuXkHCPT_kf0j1siEZJeTErFUKyy10nQ_nbQl6O8UuM-eH4Vp8XW2BrcErvFxQoaOXf1kDA3ipQTRIsHvLKXn39EuE-sXuENT8B\"><span style=\"color: #0000ff;\">la flamme n\u2019a pas \u00e9t\u00e9 allum\u00e9e par le soleil le jour pr\u00e9vu<\/span>,<\/a> c\u2019est \u00e0 dire mardi 16 avril, parce que les nuages ne l\u2019ont pas permis. Il y avait un plan B, une flamme, allum\u00e9e selon le rite,\u00a0 attendait sagement de pouvoir transmettre le feu.<\/span><\/p>\n<p><span style=\"color: #777777; font-family: arial;\">Mais quelle est cette tradition qui consiste \u00e0 faire parcourir \u00e0 la flamme olympique un si long trajet ?<\/span><\/p>\n<p><span style=\"color: #777777; font-family: arial;\">Il existe m\u00eame une question pr\u00e9alable : Cette tradition de la flamme olympique existait-elle lors des jeux antiques ?<\/span><\/p>\n<p><span style=\"color: #777777; font-family: arial;\">Sur <a href=\"https:\/\/olympics.com\/fr\/paris-2024\/relais-de-la-flamme-olympique\/etapes\/ceremonie-d-allumage\"><span style=\"color: #0000ff;\">le site officiel<\/span><\/a> des jeux olympiques de Paris, les organisateurs pr\u00e9tendent que oui : <\/span><\/p>\n<p style=\"margin-left: 28pt;\"><span style=\"color: #c00000; font-family: arial;\">\u00ab Lors des Jeux Olympiques antiques, la Flamme \u00e9tait g\u00e9n\u00e9r\u00e9e par les rayons du soleil et restait allum\u00e9e pendant toute la dur\u00e9e des Jeux dans un sanctuaire d&rsquo;Olympie, le Prytan\u00e9e. \u00bb. <\/span><\/p>\n<p><span style=\"color: #777777; font-family: arial;\">Ce n\u2019est pas ce qu\u2019affirme <strong>Wikipedia<\/strong> dans son article sur la flamme olympique : <\/span><\/p>\n<p style=\"margin-left: 28pt;\"><span style=\"color: #c00000; font-family: arial;\">\u00ab La flamme olympique n&rsquo;existait pas dans les Jeux olympiques antiques. Elle est apparue pour la premi\u00e8re fois le 28 juillet 1928 lors des Jeux olympiques d&rsquo;\u00e9t\u00e9 de 1928, \u00e0 Amsterdam. \u00bb <\/span><\/p>\n<p><span style=\"color: #777777; font-family: arial;\">La bible fran\u00e7aise en mati\u00e8re de sport : <strong>L\u2019\u00c9quipe <\/strong>pose la question \u00e0 <strong>Vinciane Pirenne-Delforge<\/strong>, professeur au Coll\u00e8ge de France, qui confirme : <span style=\"color: #c00000; font-family: arial;\">\u00ab Pas de flamme olympique dans l&rsquo;Antiquit\u00e9 \u00bb<\/span>. <\/span><\/p>\n<p><span style=\"color: #777777; font-family: arial;\">Une recherche Google donne comme \u00e9l\u00e9ment de rapprochement qu\u2019\u00e0 l&rsquo;\u00e9poque, des torches \u00e9taient allum\u00e9es pour des c\u00e9r\u00e9monies religieuses, en hommage \u00e0 certains Dieux ou durant des comp\u00e9titions sportives, comme des courses de flambeau ! <\/span><\/p>\n<p><span style=\"color: #777777; font-family: arial;\">Voil\u00e0 qui est dit !<\/span><\/p>\n<p><span style=\"color: #777777; font-family: arial;\">Lors de la cr\u00e9ation des jeux olympiques de l\u2019\u00e8re moderne, en 1896 \u00e0 Ath\u00e8nes, il n\u2019a pas \u00e9t\u00e9 question non plus de flamme olympique. <span style=\"color: #777777; font-family: arial;\">Elle est apparue, comme l\u2019\u00e9crit Wikipedia en 1928 \u00e0 Amsterdam. <\/span><\/span><\/p>\n<p><span style=\"color: #777777; font-family: arial;\"><span style=\"color: #777777; font-family: arial;\"><img loading=\"lazy\" decoding=\"async\" class=\" wp-image-15589 alignright\" src=\"https:\/\/lemotdujour.fr\/wp-content\/uploads\/2024\/04\/Le-parcours-de-la-flamme-olympique.jpg\" alt=\"\" width=\"511\" height=\"495\" srcset=\"https:\/\/lemotdujour.fr\/wp-content\/uploads\/2024\/04\/Le-parcours-de-la-flamme-olympique.jpg 699w, https:\/\/lemotdujour.fr\/wp-content\/uploads\/2024\/04\/Le-parcours-de-la-flamme-olympique-300x291.jpg 300w\" sizes=\"auto, (max-width: 511px) 100vw, 511px\" \/>Mais le parcours de la flamme \u00e0\u00a0 travers des villes et des pays a \u00e9t\u00e9 invent\u00e9 par d\u2019autres : les nazis. C\u2019est ce que qu\u2019on peu voir sur <a href=\"https:\/\/encyclopedia.ushmm.org\/content\/fr\/photo\/lighting-the-olympic-flame\"><span style=\"color: #0000ff;\">le<\/span> <span style=\"color: #0000ff;\">M\u00e9morial de l\u2019Holocauste<\/span>.<\/a> Mais un article du journal \u00ab <a href=\"https:\/\/www.lemonde.fr\/big-browser\/article\/2012\/05\/11\/jo-quand-les-nazis-inventaient-le-relais-de-la-flamme-olympique_5987227_4832693.html#\"><span style=\"color: #0000ff;\">Le Monde<\/span><\/a> \u00bb de 2012 nous donne plus de pr\u00e9cision : <\/span><\/span><\/p>\n<p style=\"margin-left: 28pt;\"><span style=\"color: #c00000; font-family: arial;\">\u00ab Le journaliste <strong>Max Fisher<\/strong>, du magazine am\u00e9ricain The Atlantic, rappelle les conditions dans lesquelles est n\u00e9e cette tradition moderne, en 1936, pour les Jeux de Berlin. Le r\u00e9gime nazi avait invent\u00e9 cette ann\u00e9e-l\u00e0 le relais de la flamme, l&rsquo;utilisant comme instrument de propagande.<br \/>\nA l&rsquo;origine, Adolf Hitler ne voulait pas des Jeux, qu&rsquo;il qualifiait d&rsquo;\u00ab invention des juifs et des francs-ma\u00e7ons \u00bb [mais] convaincu par le ministre de la propagande, Joseph Goebbels, en 1934, Hitler en fit une d\u00e9monstration du pouvoir nazi, une \u00e9vocation des racines aryennes du peuple allemand, unifi\u00e9 par \u00ab l&rsquo;esprit combattant \u00bb de ses athl\u00e8tes. Il saisit aussi l&rsquo;occasion de lier symboliquement son r\u00e9gime aux empires de l&rsquo;Antiquit\u00e9 qui lui \u00e9taient chers. La flamme fut utilis\u00e9e pour exprimer la continuit\u00e9 historique naturelle, imagin\u00e9e par le r\u00e9gime nazi, entre son propre essor et l&rsquo;h\u00e9ritage grec, via Rome et le Saint-Empire romain germanique. Cette ann\u00e9e-l\u00e0, les porteurs de flambeau pass\u00e8rent par la Tch\u00e9coslovaquie. La propagande allemande encouragea des heurts entre des membres de la communaut\u00e9 allemande et la majorit\u00e9 tch\u00e8que. Deux ans plus tard, l&rsquo;Allemagne envahissait le pays. [\u2026] L&rsquo;id\u00e9e originale de la torche avait \u00e9t\u00e9 souffl\u00e9e \u00e0 Hitler et Goebbels par un d\u00e9nomm\u00e9 <strong>Carl Diem<\/strong>, patron du Comit\u00e9 olympique du Reich, qui avait men\u00e9 une longue campagne pour obtenir l&rsquo;organisation des jeux en Allemagne. \u00bb. <\/span><\/p>\n<p><span style=\"color: #777777; font-family: arial;\">Le Monde cite <strong>Max Fisher<\/strong>, qui \u00e9crivait que l&rsquo;on peut encore discerner <\/span><span style=\"color: #c00000; font-family: arial;\">\u00ab les \u00e9chos lointains de cette premi\u00e8re c\u00e9r\u00e9monie [\u2026] : les costumes, l&rsquo;orchestration minutieuse, le fer et la flamme, l&rsquo;\u00e9vocation d&rsquo;une ancienne tradition qui est en r\u00e9alit\u00e9 tr\u00e8s moderne \u00bb. <\/span><\/p>\n<p><span style=\"color: #777777; font-family: arial;\">A ce stade, on peut conclure soit que le r\u00e9gime nazi a peut \u00eatre eu des innovations qu\u2019on peut reprendre, soit sentir un certain malaise devant cette antiquit\u00e9 invent\u00e9e de toutes pi\u00e8ces par des monstres du XX\u00e8me si\u00e8cle.<\/span><\/p>\n<p><span style=\"color: #c00000; font-family: arial;\">&lt;1803&gt;<\/span><\/p>\n","protected":false},"excerpt":{"rendered":"<p>\u00ab L&rsquo;\u00e9vocation d&rsquo;une ancienne tradition qui est en r\u00e9alit\u00e9 tr\u00e8s moderne. \u00bb Max Fisher, journaliste qui rappela que le relais de la flamme olympique est une invention de l\u2019Allemagne nazie Ces derniers jours quand on allume la radio et je<\/p>\n","protected":false},"author":1,"featured_media":0,"comment_status":"open","ping_status":"closed","sticky":false,"template":"","format":"standard","meta":{"footnotes":""},"categories":[1],"tags":[17,31],"class_list":["post-15585","post","type-post","status-publish","format-standard","hentry","category-motdujour","tag-histoire","tag-sport"],"_links":{"self":[{"href":"https:\/\/lemotdujour.fr\/index.php?rest_route=\/wp\/v2\/posts\/15585","targetHints":{"allow":["GET"]}}],"collection":[{"href":"https:\/\/lemotdujour.fr\/index.php?rest_route=\/wp\/v2\/posts"}],"about":[{"href":"https:\/\/lemotdujour.fr\/index.php?rest_route=\/wp\/v2\/types\/post"}],"author":[{"embeddable":true,"href":"https:\/\/lemotdujour.fr\/index.php?rest_route=\/wp\/v2\/users\/1"}],"replies":[{"embeddable":true,"href":"https:\/\/lemotdujour.fr\/index.php?rest_route=%2Fwp%2Fv2%2Fcomments&post=15585"}],"version-history":[{"count":5,"href":"https:\/\/lemotdujour.fr\/index.php?rest_route=\/wp\/v2\/posts\/15585\/revisions"}],"predecessor-version":[{"id":15594,"href":"https:\/\/lemotdujour.fr\/index.php?rest_route=\/wp\/v2\/posts\/15585\/revisions\/15594"}],"wp:attachment":[{"href":"https:\/\/lemotdujour.fr\/index.php?rest_route=%2Fwp%2Fv2%2Fmedia&parent=15585"}],"wp:term":[{"taxonomy":"category","embeddable":true,"href":"https:\/\/lemotdujour.fr\/index.php?rest_route=%2Fwp%2Fv2%2Fcategories&post=15585"},{"taxonomy":"post_tag","embeddable":true,"href":"https:\/\/lemotdujour.fr\/index.php?rest_route=%2Fwp%2Fv2%2Ftags&post=15585"}],"curies":[{"name":"wp","href":"https:\/\/api.w.org\/{rel}","templated":true}]}}