{"id":1558,"date":"2015-12-18T01:00:00","date_gmt":"2015-12-17T22:00:00","guid":{"rendered":"http:\/\/lemotdujour.fr\/?p=1558"},"modified":"2017-05-08T13:41:55","modified_gmt":"2017-05-08T11:41:55","slug":"vendredi-18-decembre-2015","status":"publish","type":"post","link":"https:\/\/lemotdujour.fr\/?p=1558","title":{"rendered":"Vendredi 18 d\u00e9cembre 2015"},"content":{"rendered":"<div class=\"mdjDate\">Vendredi 18 d\u00e9cembre 2015<\/div>\n<div class=\"mdjTexte\">\u00abMadeleine project \u00bb<\/div>\n<div class=\"mdjAuteur\">Clara beaudoux<\/div>\n<div class=\"mdjComplements\">Pendant longtemps, l&rsquo;Histoire fut celle des Grands Hommes. On racontait l&rsquo;Histoire en s&rsquo;attachant \u00e0 d\u00e9crire les faits, les gestes, les actions et la pens\u00e9e d&rsquo;Alexandre le Grand, de C\u00e9sar, de Charlemagne etc.<\/div>\n<div class=\"mdjComplements\">L&rsquo;Ecole des Annales cr\u00e9\u00e9e par Lucien Febvre et Marc Bloch, approfondie par Fernand Braudel a conceptualis\u00e9 l&rsquo;Histoire \u00e0 travers tout le reste : les gens qui vivaient en grand nombre \u00e0 c\u00f4t\u00e9 des grands hommes, les m\u0153urs de ces \u00e9poques, la vie quotidienne, c&rsquo;est \u00e0 dire l&rsquo;Histoire v\u00e9cue par le plus grand nombre.<\/div>\n<div class=\"mdjComplements\">Dans cette conception de l&rsquo;Histoire, Alain Corbin a pouss\u00e9 jusqu&rsquo;au point ultime cette volont\u00e9 de s&rsquo;\u00e9loigner de l&rsquo;Histoire des Grands Hommes. Il a choisi au hasard, dans une liste, un nom :\u00a0 Louis-Fran\u00e7ois Pinagot, n\u00e9 en 1798, mort en 1876. Puis il s&rsquo;est mis en qu\u00eate de trouver toutes les informations qu&rsquo;il pourrait trouver sur cet homme ordinaire. Il en a tir\u00e9 un livre<a href=\"http:\/\/www.decitre.fr\/livres\/le-monde-retrouve-de-louis-francois-pinagot-9782081218833.html\"> &lt;Le monde retrouv\u00e9 de Louis-Fran\u00e7ois Pinagot &#8211; Sur les traces d&rsquo;un inconnu (1798-1876)&gt;<\/a>.<\/div>\n<div class=\"mdjComplements\">Sur le site de France Culture, cette enqu\u00eate est d\u00e9crite de la mani\u00e8re suivante : <\/div>\n<div class=\"mdjCiter\">\u00abN\u00e9 en 1798, mort en 1876, Louis-Fran\u00e7ois Pinagot, le sabotier de la Basse-Fr\u00eane, n&rsquo;a jamais pris la parole et ne savait du reste ni lire ni \u00e9crire; il repr\u00e9sente ici le commun des mortels. Un jeu de patience infini se dessille, afin d&rsquo;en reconstituer le destin &#8211; mais eut-il jamais conscience d&rsquo;en avoir un? &#8211; d&rsquo;un Jean Valjean qui n&rsquo;aurait pas vol\u00e9 de pain. Par cette m\u00e9ditation sur la disparition, l&rsquo;auteur entendait modestement inverser le travail des bulldozers aujourd&rsquo;hui \u00e0 l&rsquo;\u0153uvre dans les cimeti\u00e8res de campagne. \u00bb<\/div>\n<div class=\"mdjComplements\">L&rsquo;histoire de Madeleine se rapproche de cette qu\u00eate : retrouver les traces d&rsquo;une inconnue et s&rsquo;y int\u00e9resser. Toutefois l&rsquo;entr\u00e9e dans cette histoire est tr\u00e8s diff\u00e9rente de celle de l&rsquo;Historien.<\/div>\n<div class=\"mdjComplements\">La personne qui va r\u00e9v\u00e9ler Madeleine est une journaliste, Clara Beaudoux, qui a besoin d&rsquo;un appartement pour se loger et qui le trouve. Et puis&#8230; elle raconte : <\/div>\n<div class=\"mdjCiter\">\u00abQuand j&rsquo;ai lou\u00e9 mon appartement, la bonne surprise c&rsquo;est qu&rsquo;il y avait une cave, mais le propri\u00e9taire ne savait pas ce qu&rsquo;il y avait dedans. C&rsquo;\u00e9tait la cave n\u00b016. Il n&rsquo;avait plus la cl\u00e9 non plus. J&rsquo;ai sci\u00e9 le cadenas. <\/div>\n<div class=\"mdjCiter\">La cave \u00e9tait pleine d&rsquo;affaires. Celles de la vieille dame d\u00e9c\u00e9d\u00e9e apr\u00e8s 20 ans dans cet appartement. Dans la bo\u00eete aux lettres, une publicit\u00e9 pour une mutuelle m&rsquo;apprend qu&rsquo;elle s&rsquo;appelait Madeleine. <\/div>\n<div class=\"mdjCiter\">Elle n&rsquo;a pas de descendant, alors je t\u00e9l\u00e9phone \u00e0 l&rsquo;unique lien de cette femme, selon le propri\u00e9taire : son filleul.<\/div>\n<div class=\"mdjCiter\">Au t\u00e9l\u00e9phone il me dit qu&rsquo;il avait mandat\u00e9 une entreprise pour vider l&rsquo;appartement, elle a semble-t-il oubli\u00e9 la cave.<\/div>\n<div class=\"mdjCiter\">Les affaires de sa marraine ne l&rsquo;int\u00e9ressent pas, il me dit d&rsquo;en faire ce que je veux.\u00bb<\/div>\n<div class=\"mdjComplements\">L&rsquo;immense majorit\u00e9 d&rsquo;entre nous, n\u2019auraient eu qu&rsquo;une id\u00e9e en t\u00eate : vider au plus vite cette cave en allant jeter le contenu dans une d\u00e9chetterie.<\/div>\n<div class=\"mdjComplements\">Mais Clara Beaudoux n&rsquo;a pas fait cela :\u00a0 <\/div>\n<div class=\"mdjCiter\"><strong>\u00ab<\/strong>J&rsquo;ai donc une cave pleine des affaires de Madeleine dont personne ne veut. Je vais m&rsquo;y plonger pour tenter d&rsquo;en savoir un peu plus sur elle<strong>.\u00bb<\/strong><\/div>\n<div class=\"mdjComplements\">Madeleine est n\u00e9e il y a un si\u00e8cle le 7 mars 1915, en pleine premi\u00e8re guerre mondiale, et elle est morte en 2011. Elle aurait donc eu 100 ans cette ann\u00e9e. C&rsquo;est une inconnue de l&rsquo;Histoire<\/div>\n<div class=\"mdjComplements\">Mais elle avait rang\u00e9 toute sa vie dans une cave\u00a0: carnet, photos, souvenirs, bijoux, lettres, vieux journaux\u2026 que Madeleine avait class\u00e9, emball\u00e9, \u00e9tiquet\u00e9 dans des enveloppes, des cartons ou des valises. <\/div>\n<div class=\"mdjComplements\">Pour qui\u00a0? Pour quoi\u00a0? La vieille dame n\u2019a pas eu de descendant.<\/div>\n<div class=\"mdjComplements\">A sa mort en 2011, le tr\u00e9sor est rest\u00e9 \u00e0 l\u2019abandon, il aurait pu finir \u00e0 la d\u00e9charge. <\/div>\n<div class=\"mdjComplements\">C&rsquo;est <a href=\"http:\/\/www.franceinter.fr\/emission-le-7h43-madeleineproject\">l&rsquo;\u00e9mission 7h43 de France Inter<\/a> qui m&rsquo;a fait d\u00e9couvrir ce \u00ab\u00a0Madeleine Project\u00a0\u00bb qui a d\u00e9clench\u00e9 un v\u00e9ritable enthousiasme sur les r\u00e9seaux sociaux<\/div>\n<div class=\"mdjComplements\">Et c\u2019est aussi \u00e9mouvant que captivant. <\/div>\n<div class=\"mdjComplements\">Impossible de ne pas \u00eatre happ\u00e9 par cette femme qui fut enseignante \u2013on la voit sur plusieurs photos de classe, \u00e9cole Jean Mac\u00e9 \u00e0 Aubervilliers- qui collectionnait la revue Historia, les guides touristiques sur la Hollande, les crayons \u00e0 papier et les carnets Moleskin, avec des paroles de chansons ou des recettes de cuisine, Madeleine qui semble avoir perdu son fr\u00e8re \u00e0 la guerre en 1941 et un grand amour, Loulou, dont elle a num\u00e9rot\u00e9 toutes les lettres consign\u00e9es dans une valise. Qui \u00e9crivait quantit\u00e9s de cartes postales \u00e0 sa maman, d\u00e9butant par \u00ab\u00a0Ma petite m\u00e8re\u00a0\u00bb. <\/div>\n<div class=\"mdjComplements\">Et beaucoup d\u2019autres choses &#8230; Madeleine est n\u00e9e il y a un si\u00e8cle le 7 mars 1915 et retrouve une deuxi\u00e8me vie sur les r\u00e9seaux sociaux.<\/div>\n<div class=\"mdjComplements\"><a href=\"http:\/\/www.letemps.ch\/societe\/2015\/11\/03\/toute-une-vie-racontee-tweets-c-drole-tres-attachant\">&lt;M\u00eame la Suisse s&rsquo;int\u00e9resse \u00e0 cette histoire&gt;<\/a><\/div>\n<div class=\"mdjComplements\">Le c\u0153ur de ce r\u00e9cit num\u00e9rique se trouve sur Twitter avec le hashtag\u00a0 <a href=\"https:\/\/twitter.com\/hashtag\/madeleineproject?src=hash\"><s>#<\/s><strong>madeleineproject<\/strong><\/a> mais vous trouverez aussi le r\u00e9cit de cette aventure ici &gt;&gt;<a href=\"https:\/\/storify.com\/clarabdx\/madeleineproject\"> https:\/\/storify.com\/clarabdx\/madeleineproject<\/a><\/div>\n","protected":false},"excerpt":{"rendered":"<p>Vendredi 18 d\u00e9cembre 2015 \u00abMadeleine project \u00bb Clara beaudoux Pendant longtemps, l&rsquo;Histoire fut celle des Grands Hommes. On racontait l&rsquo;Histoire en s&rsquo;attachant \u00e0 d\u00e9crire les faits, les gestes, les actions et la pens\u00e9e d&rsquo;Alexandre le Grand, de C\u00e9sar, de Charlemagne<\/p>\n","protected":false},"author":1,"featured_media":0,"comment_status":"closed","ping_status":"closed","sticky":false,"template":"","format":"standard","meta":{"footnotes":""},"categories":[1],"tags":[],"class_list":["post-1558","post","type-post","status-publish","format-standard","hentry","category-motdujour"],"_links":{"self":[{"href":"https:\/\/lemotdujour.fr\/index.php?rest_route=\/wp\/v2\/posts\/1558","targetHints":{"allow":["GET"]}}],"collection":[{"href":"https:\/\/lemotdujour.fr\/index.php?rest_route=\/wp\/v2\/posts"}],"about":[{"href":"https:\/\/lemotdujour.fr\/index.php?rest_route=\/wp\/v2\/types\/post"}],"author":[{"embeddable":true,"href":"https:\/\/lemotdujour.fr\/index.php?rest_route=\/wp\/v2\/users\/1"}],"replies":[{"embeddable":true,"href":"https:\/\/lemotdujour.fr\/index.php?rest_route=%2Fwp%2Fv2%2Fcomments&post=1558"}],"version-history":[{"count":1,"href":"https:\/\/lemotdujour.fr\/index.php?rest_route=\/wp\/v2\/posts\/1558\/revisions"}],"predecessor-version":[{"id":1559,"href":"https:\/\/lemotdujour.fr\/index.php?rest_route=\/wp\/v2\/posts\/1558\/revisions\/1559"}],"wp:attachment":[{"href":"https:\/\/lemotdujour.fr\/index.php?rest_route=%2Fwp%2Fv2%2Fmedia&parent=1558"}],"wp:term":[{"taxonomy":"category","embeddable":true,"href":"https:\/\/lemotdujour.fr\/index.php?rest_route=%2Fwp%2Fv2%2Fcategories&post=1558"},{"taxonomy":"post_tag","embeddable":true,"href":"https:\/\/lemotdujour.fr\/index.php?rest_route=%2Fwp%2Fv2%2Ftags&post=1558"}],"curies":[{"name":"wp","href":"https:\/\/api.w.org\/{rel}","templated":true}]}}