{"id":1554,"date":"2015-12-16T01:00:00","date_gmt":"2015-12-15T22:00:00","guid":{"rendered":"http:\/\/lemotdujour.fr\/?p=1554"},"modified":"2017-05-08T13:41:54","modified_gmt":"2017-05-08T11:41:54","slug":"mercredi-16-decembre-2015","status":"publish","type":"post","link":"https:\/\/lemotdujour.fr\/?p=1554","title":{"rendered":"Mercredi 16 d\u00e9cembre 2015"},"content":{"rendered":"<div class=\"mdjDate\">Mercredi 16 d\u00e9cembre 2015<\/div>\n<div class=\"mdjTexte\">\u00ab L\u00e9on ne veut pas rentrer \u00e0 la maison ! \u00bb<\/div>\n<div class=\"mdjAuteur\">Corine Lesnes <br \/>Correspondante du Monde aux Etats-Unis bas\u00e9e \u00e0 San Francisco<\/div>\n<div class=\"mdjComplements\">Une dizaine de start-up ont cr\u00e9\u00e9 <a href=\"http:\/\/www.lefigaro.fr\/secteur\/high-tech\/start-up\/2015\/05\/27\/32004-20150527ARTFIG00378-les-start-up-a-l-offensive-contre-la-psychose-du-declin-de-la-france.php\">un programme appel\u00e9 \u00ab\u00a0Reviens L\u00e9on\u00a0\u00bb, pour aider les Fran\u00e7ais expatri\u00e9s \u00e0 revenir dans l&rsquo;Hexagone. <\/a><\/div>\n<div class=\"mdjComplements\">Ainsi un site donne une visibilit\u00e9 \u00e0 cette initiative : <a href=\"http:\/\/www.reviensleon.com\/&quot; \\t &quot;_blank\">http:\/\/www.reviensleon.com\/<\/a><\/div>\n<div class=\"mdjComplements\"><a href=\"http:\/\/abonnes.lemonde.fr\/m-actu\/article\/2015\/10\/15\/leon-ne-veut-pas-rentrer-a-la-maison_4789629_4497186.html\">Un article du Monde <\/a>nous explique que pour l&rsquo;instant ce programme n&rsquo;a pas beaucoup de succ\u00e8s. (Article en pi\u00e8ce jointe)<\/div>\n<div class=\"mdjComplements\">Nous apprenons que <em>\u00ab<\/em> Reviens L\u00e9on a \u00e9t\u00e9 lanc\u00e9e en mai par Blablacar et une dizaine d\u2019autres start-up (Captain Train, SigFox, LaFourchette, iAdvize\u2026) pour encourager les expatri\u00e9s \u00e0 rentrer. Th\u00e8me de la campagne\u00a0: la France a <em>\u00ab\u00a0beaucoup chang\u00e9\u00a0\u00bb<\/em>. Fini la morosit\u00e9 hexagonale, <em>\u00ab\u00a0c\u2019est l\u00e0 que \u00e7a se passe\u00a0\u00bb<\/em>\u2026 Le titre est un clin d\u2019\u0153il \u00e0 une publicit\u00e9 de 1986 pour les raviolis\u00a0Panzani. B\u00e9ret sur la t\u00eate, L\u00e9on-le-fermier est irr\u00e9sistiblement attir\u00e9 par la sauce aux herbes de Provence du fabricant de p\u00e2tes. Sa femme tente de s\u2019interposer. <em>\u00ab\u00a0Reviens, L\u00e9on\u00a0!<\/em> crie-t-elle. <em>J\u2019ai les m\u00eames \u00e0 la maison\u00a0!\u00a0\u00bb<\/em><\/div>\n<div class=\"mdjComplements\">Pourquoi un clip aussi franchouillard pour illustrer la modernit\u00e9 de la French Tech\u00a0? <em>\u00ab\u00a0Notre cible, ce sont les personnes exp\u00e9riment\u00e9es, les cadres seniors\u00a0\u00bb<\/em>, explique Diane Prebay, la coordinatrice des relations publiques de Blablacar. Bref, les \u00e9ventuels nostalgiques des ann\u00e9es L\u00e9on. <em>\u00ab\u00a0En France, ce qui nous manque, ce sont ceux qui ont vu des soci\u00e9t\u00e9s passer de la taille de Blablacar \u00e0 dix fois Blablacar, <\/em>ajoute Nicolas Brusson. <em>Ce type de talents, on n\u2019en trouve plus en Europe. Ils sont ici.\u00a0\u00bb<\/em> L\u2019entrepreneur sait de quoi il parle. Il a pass\u00e9 sept ans \u00e0 San\u00a0Francisco, au d\u00e9but des ann\u00e9es 2000. Son ami Fr\u00e9d\u00e9ric Mazzella, cofondateur de Blablacar, a, lui, suivi un master \u00e0 Stanford, au c\u0153ur de la Silicon Valley. <em>\u00ab\u00a0On a fini par revenir, <\/em>sourit Nicolas Brusson.<em> En fait, tous les deux, on est des L\u00e9on.\u00a0\u00bb<\/em> <\/div>\n<div class=\"mdjComplements\">L\u2019association Reviens L\u00e9on est financ\u00e9e pour moiti\u00e9 par les start-up qui participent \u00e0 la campagne (avec une cotisation modul\u00e9e sur le chiffre d\u2019affaires). L\u2019autre moiti\u00e9 provient de fonds publics par l\u2019interm\u00e9diaire de la French Tech, l\u2019initiative du gouvernement fran\u00e7ais pour d\u00e9velopper le num\u00e9rique. Elle propose des offres d\u2019emploi et des aides personnalis\u00e9es aux candidats au retour (grande question\u00a0: seront-ils assujettis \u00e0 l\u2019ISF\u00a0?). En septembre, LVMH a rejoint le groupe initial, dans l\u2019espoir d\u2019attirer vers le luxe des sp\u00e9cialistes du commerce en ligne ou du marketing digital ayant fait leurs classes \u00e0 l\u2019\u00e9tranger.<\/div>\n<div class=\"mdjComplements\">Mais quatre mois apr\u00e8s le lancement, le r\u00e9sultat n\u2019est pas particuli\u00e8rement concluant. Malgr\u00e9 la campagne m\u00e9diatique (et la promesse du fabricant de desserts frais Michel et Augustin de remplir le r\u00e9frig\u00e9rateur des \u00ab\u00a0revenants\u00a0\u00bb pendant trois mois), les candidats au retour ne se bousculent pas. Pas un L\u00e9on ne s\u2019est pr\u00e9sent\u00e9, confirme Diane Prebay, qui chapeaute l\u2019initiative chez Blablacar. <\/div>\n<div class=\"mdjComplements\">Selon UBIFrance, l\u2019agence fran\u00e7aise pour le d\u00e9veloppement international des entreprises, 135\u00a0000\u00a0Fran\u00e7ais ayant une formation \u00e9quivalente \u00e0 un master sont install\u00e9s aux Etats-Unis, dont 40\u00a0000 dans la r\u00e9gion de San Francisco. Pour ces expatri\u00e9s, rentrer ou pas est un dilemme r\u00e9current. Gr\u00e9gory Boutt\u00e9, l\u2019ancien directeur g\u00e9n\u00e9ral d\u2019eBay France, a not\u00e9 deux cat\u00e9gories d\u2019entrepreneurs\u00a0: <em>\u00ab\u00a0Ceux qui ont fui la France et ce qu\u2019ils estiment \u00eatre sa r\u00e9alit\u00e9 dysfonctionnelle. Et ceux qui sont partis pour vivre une exp\u00e9rience int\u00e9ressante ailleurs.\u00a0\u00bb\u00bb<\/em><\/div>\n<div class=\"mdjComplements\">Un interlocuteur pense que c&rsquo;est peut-\u00eatre encore un peu t\u00f4t pour conclure, les L\u00e9ons reviendront peut \u00eatre un peu plus tard.<\/div>\n<div class=\"mdjComplements\">Mais quelle dr\u00f4le d&rsquo;id\u00e9e de donner le nom de \u00ab\u00a0L\u00e9on\u00a0\u00bb \u00e0 ce programme.<\/div>\n","protected":false},"excerpt":{"rendered":"<p>Mercredi 16 d\u00e9cembre 2015 \u00ab L\u00e9on ne veut pas rentrer \u00e0 la maison ! \u00bb Corine Lesnes Correspondante du Monde aux Etats-Unis bas\u00e9e \u00e0 San Francisco Une dizaine de start-up ont cr\u00e9\u00e9 un programme appel\u00e9 \u00ab\u00a0Reviens L\u00e9on\u00a0\u00bb, pour aider les<\/p>\n","protected":false},"author":1,"featured_media":0,"comment_status":"closed","ping_status":"closed","sticky":false,"template":"","format":"standard","meta":{"footnotes":""},"categories":[1],"tags":[],"class_list":["post-1554","post","type-post","status-publish","format-standard","hentry","category-motdujour"],"_links":{"self":[{"href":"https:\/\/lemotdujour.fr\/index.php?rest_route=\/wp\/v2\/posts\/1554","targetHints":{"allow":["GET"]}}],"collection":[{"href":"https:\/\/lemotdujour.fr\/index.php?rest_route=\/wp\/v2\/posts"}],"about":[{"href":"https:\/\/lemotdujour.fr\/index.php?rest_route=\/wp\/v2\/types\/post"}],"author":[{"embeddable":true,"href":"https:\/\/lemotdujour.fr\/index.php?rest_route=\/wp\/v2\/users\/1"}],"replies":[{"embeddable":true,"href":"https:\/\/lemotdujour.fr\/index.php?rest_route=%2Fwp%2Fv2%2Fcomments&post=1554"}],"version-history":[{"count":1,"href":"https:\/\/lemotdujour.fr\/index.php?rest_route=\/wp\/v2\/posts\/1554\/revisions"}],"predecessor-version":[{"id":1555,"href":"https:\/\/lemotdujour.fr\/index.php?rest_route=\/wp\/v2\/posts\/1554\/revisions\/1555"}],"wp:attachment":[{"href":"https:\/\/lemotdujour.fr\/index.php?rest_route=%2Fwp%2Fv2%2Fmedia&parent=1554"}],"wp:term":[{"taxonomy":"category","embeddable":true,"href":"https:\/\/lemotdujour.fr\/index.php?rest_route=%2Fwp%2Fv2%2Fcategories&post=1554"},{"taxonomy":"post_tag","embeddable":true,"href":"https:\/\/lemotdujour.fr\/index.php?rest_route=%2Fwp%2Fv2%2Ftags&post=1554"}],"curies":[{"name":"wp","href":"https:\/\/api.w.org\/{rel}","templated":true}]}}