{"id":1552,"date":"2015-12-15T01:00:00","date_gmt":"2015-12-14T22:00:00","guid":{"rendered":"http:\/\/lemotdujour.fr\/?p=1552"},"modified":"2017-05-08T13:41:53","modified_gmt":"2017-05-08T11:41:53","slug":"mardi-15-decembre-2015","status":"publish","type":"post","link":"https:\/\/lemotdujour.fr\/?p=1552","title":{"rendered":"Mardi 15 d\u00e9cembre 2015"},"content":{"rendered":"<div class=\"mdjDate\">Mardi 15 d\u00e9cembre 2015<\/div>\n<div class=\"mdjTexte\">\u00abPendant ce temps-l\u00e0, nous nous sommes vieux, divis\u00e9s, et [&#8230;] nous ne travaillons plus, nous n&rsquo;avons plus d&rsquo;id\u00e9es. <br \/>La droite est une langue morte ce soir, nous n&rsquo;avons plus d&rsquo;ossature id\u00e9ologique.\u00bb<\/div>\n<div class=\"mdjAuteur\">Jean-Baptiste Blanc, \u00e9lu Les R\u00e9publicains (LR) dans le Vaucluse<\/div>\n<div class=\"mdjComplements\">Mediapart organise le soir des \u00e9lections une soir\u00e9e \u00e9lectorale en vid\u00e9o, film\u00e9e avec des moyens plus l\u00e9gers que la t\u00e9l\u00e9vision et avec des \u00e9changes et des analyses souvent d\u2019un grand int\u00e9r\u00eat.<\/div>\n<div class=\"mdjComplements\">Le 13 d\u00e9cembre ils avaient invit\u00e9 Jean-Baptiste Blanc, vice-pr\u00e9sident Les R\u00e9publicains (LR) au conseil d\u00e9partemental du Vaucluse, un des d\u00e9partements de PACA. Je ne le connaissais pas mais sa description et son analyse de la capacit\u00e9 du Front National de s\u00e9duire l\u2019\u00e9lectorat et de plus en plus de militants politiques de droite me parait du plus grand int\u00e9r\u00eat.<\/div>\n<div class=\"mdjComplements\">Vous trouverez cet \u00e9change ici\u00a0: <a href=\"https:\/\/www.youtube.com\/watch?v=SyMsWS0kp_M\">https:\/\/www.youtube.com\/watch?v=SyMsWS0kp_M<\/a><\/div>\n<div class=\"mdjComplements\">Vous trouverez en pi\u00e8ce jointe les principaux points de son intervention<\/div>\n<div class=\"mdjComplements\">Il dit notamment\u00a0: <\/div>\n<div class=\"mdjCiter\">\u00ab Il y a urgence absolue, ce n\u2019est pas la victoire ce soir qui va changer la donne. Je m\u2019en r\u00e9jouis bien s\u00fbr, que ce front r\u00e9publicain, m\u00eame si c\u2019est un mot tabou, ait fonctionn\u00e9. [\u2026] pour moi le probl\u00e8me est intact : dans mon d\u00e9partement ce soir, Marion Le Pen est encore en t\u00eate, dans ma ville elle gagne 850 voix entre les deux tours, dans les villages aux alentours elle est \u00e0 60. Donc le mal est profond, il est visc\u00e9ral, et il est d\u00e9j\u00e0 tr\u00e8s tard. Donc pour moi c\u2019est une victoire pas en demi-teinte, mais au go\u00fbt amer.<\/div>\n<div class=\"mdjCiter\">Cette critique vaut pour la gauche aussi. Nous sommes des vieux partis, nous sommes vieillissants, divis\u00e9s, nous ne nous sommes pas renouvel\u00e9s, alors qu\u2019en face oui, ils sont en train de faire du RPR ann\u00e9es 1990. Il n\u2019y a qu\u2019\u00e0 voir la page Facebook de Marion Le Pen : 300 000 personnes la suivent et au soir du premier tour 110 000 personnes ont lik\u00e9, \u00e9videmment que des jeunes. Donc les jeunes, les classes populaires, et chez nous les vieux partis divis\u00e9s. C\u2019est quoi, \u00e0 l\u2019\u00e9chelle de PACA ? Des maires, tr\u00e8s implant\u00e9s, tr\u00e8s anciens, \u00e0 Marseille, \u00e0 Aix. Dans mon d\u00e9partement, c\u2019\u00e9tait Marie-Jos\u00e9e Roig [ancienne maire d\u2019Avignon \u2013 ndlr], Thierry Mariani [ancien d\u00e9put\u00e9 du Vaucluse \u2013 ndlr], et depuis plus grand-chose, si ce n\u2019est quelques \u00e9lus, dont je fais modestement partie, qui essayent de survivre, et survivre \u00e0 quelles conditions ? Cela se joue l\u00e0.<\/div>\n<div class=\"mdjCiter\">Alors qui vote pour nous ? Un \u00e9lectorat vieillissant aussi, et c\u2019est bien cela le probl\u00e8me. On fait 16 %, la gauche 17 % dans mon d\u00e9partement, le Vaucluse, qui est un d\u00e9partement tr\u00e8s \u00e0 part. On en a l\u2019image du festival d\u2019Avignon, du Lub\u00e9ron, du Ventoux, une image tr\u00e8s heureuse, tr\u00e8s belle, ce qui est le cas, qui cache la r\u00e9alit\u00e9 : le 7e d\u00e9partement le plus pauvre de France, 20 000 Vauclusiens au RSA, le plus faible taux de dipl\u00f4m\u00e9s en France, etc. Pourquoi ? Parce qu\u2019on a eu une agriculture tr\u00e8s riche, et pas d\u2019apr\u00e8s. L\u2019histoire d\u2019apr\u00e8s, nous ne l\u2019avons pas \u00e9crite. Parce que nous n\u2019avons pas eu de chef, nous ne nous sommes pas renouvel\u00e9s, nous sommes donc vieux, fatigu\u00e9s. Je me souviens de l\u2019ancienne assembl\u00e9e d\u00e9partementale (2008-2014) : sur 24 \u00e9lus, on \u00e9tait deux \u00e0 avoir moins de 50 ans, il y avait trois femmes dont deux d\u2019extr\u00eame droite \u2013 on ne peut pas dire que \u00e7a repr\u00e9sente les femmes \u2013, z\u00e9ro issu de l\u2019immigration \u2013 au moins le probl\u00e8me est r\u00e9gl\u00e9 \u2013, et on devait \u00eatre deux \u00e0 avoir une activit\u00e9 professionnelle. Qu\u2019est-ce que cette assembl\u00e9e d\u00e9partementale-l\u00e0 pouvait avoir comme sens des r\u00e9alit\u00e9s? En quoi \u00e9tait-elle repr\u00e9sentative ? En rien. [&#8230;] C&rsquo;est un peu le Rotary Club<\/div>\n<div class=\"mdjCiter\">[La droitisation], ce n&rsquo;est pas la bonne strat\u00e9gie, la preuve avec les scores que nous faisons. En m\u00eame temps, nous sommes oblig\u00e9s de nous livrer \u00e0 cet exercice parce que nos propres militants, ou le peu qu&rsquo;il en reste, nous ne pouvons les garder que si nous tenons ce discours dur-l\u00e0. Je me souviens aux \u00e9lections d\u00e9partementales avoir pass\u00e9 mon temps \u2013 ce n&rsquo;est pas tr\u00e8s heureux de ma part \u2013, \u00e0 parler de r\u00e9pression de la fraude en ce qui concerne le RSA, l\u00e0 derni\u00e8rement \u00e0 parler de suspension des mesures d&rsquo;accueil des r\u00e9fugi\u00e9s syriens dans les HLM du Vaucluse. Si nous ne faisons pas \u00e7a, nous n&rsquo;avons d\u00e9finitivement plus aucun militant.<\/div>\n<div class=\"mdjCiter\">[\u2026]<\/div>\n<div class=\"mdjCiter\"> \u00ab La nouveaut\u00e9 depuis les \u00e9lections d\u00e9partementales de mars, c&rsquo;est la porosit\u00e9 et une parole publique qui s&rsquo;est lib\u00e9r\u00e9e. Je la niais auparavant, je la constate maintenant fortement : il y a des bataillons de militants et de jeunes trentenaires et quadras qui filent au Front national parce que c&rsquo;est tr\u00e8s attractif. [&#8230;] Comme ils arrivent \u00e0 s\u00e9duire, les vannes sont ouvertes. [&#8230;] Ils ont des mandats, donc ils ont des tribunes, et ils les utilisent. Il y a, au d\u00e9partement, des \u00e9lus Front national extr\u00eamement pr\u00e9sents, qui vont dans tous les dossiers, qui captent la parole en s\u00e9ance publique et qui vont sur le terrain partout : office d\u00e9partemental HLM, les coll\u00e8gues, etc., \u00e0 chaque fois avec un discours extr\u00eamement travaill\u00e9. Tr\u00e8s facile, l\u00e0, d&rsquo;attraper une nouvelle client\u00e8le : des professeurs par-ci, par-l\u00e0, des quadras apparatchiks ex-R\u00e9publicains qui n&rsquo;ont pas trouv\u00e9 de places dans un cabinet ou un conseil municipal, un peu frustr\u00e9s, et qui voient l\u00e0 la possibilit\u00e9 de rebondir. Et comme pendant ce temps-l\u00e0, nous nous sommes vieux, divis\u00e9s, et que nous ne travaillons plus, nous n&rsquo;avons plus d&rsquo;id\u00e9es. La droite est une langue morte ce soir, nous n&rsquo;avons plus d&rsquo;ossature id\u00e9ologique. [&#8230;] Ils sont tr\u00e8s attractifs et nous, nous ne repr\u00e9sentons plus grand-chose. \u00bb<\/div>\n<div class=\"mdjComplements\">Je pense que si un \u00e9lu de gauche parlait avec la m\u00eame libert\u00e9\u00a0 que Jean-Baptiste Blanc, il ne pourrait que dire des choses analogues : nous sommes vieux, ne travaillons plus [les \u00e9lus sont dans la r\u00e9action aux \u00e9v\u00e8nements et dans la strat\u00e9gie \u00e9lectorale], n&rsquo;avons plus d&rsquo;id\u00e9es&#8230;<\/div>\n","protected":false},"excerpt":{"rendered":"<p>Mardi 15 d\u00e9cembre 2015 \u00abPendant ce temps-l\u00e0, nous nous sommes vieux, divis\u00e9s, et [&#8230;] nous ne travaillons plus, nous n&rsquo;avons plus d&rsquo;id\u00e9es. La droite est une langue morte ce soir, nous n&rsquo;avons plus d&rsquo;ossature id\u00e9ologique.\u00bb Jean-Baptiste Blanc, \u00e9lu Les R\u00e9publicains<\/p>\n","protected":false},"author":1,"featured_media":0,"comment_status":"closed","ping_status":"closed","sticky":false,"template":"","format":"standard","meta":{"footnotes":""},"categories":[1],"tags":[],"class_list":["post-1552","post","type-post","status-publish","format-standard","hentry","category-motdujour"],"_links":{"self":[{"href":"https:\/\/lemotdujour.fr\/index.php?rest_route=\/wp\/v2\/posts\/1552","targetHints":{"allow":["GET"]}}],"collection":[{"href":"https:\/\/lemotdujour.fr\/index.php?rest_route=\/wp\/v2\/posts"}],"about":[{"href":"https:\/\/lemotdujour.fr\/index.php?rest_route=\/wp\/v2\/types\/post"}],"author":[{"embeddable":true,"href":"https:\/\/lemotdujour.fr\/index.php?rest_route=\/wp\/v2\/users\/1"}],"replies":[{"embeddable":true,"href":"https:\/\/lemotdujour.fr\/index.php?rest_route=%2Fwp%2Fv2%2Fcomments&post=1552"}],"version-history":[{"count":1,"href":"https:\/\/lemotdujour.fr\/index.php?rest_route=\/wp\/v2\/posts\/1552\/revisions"}],"predecessor-version":[{"id":1553,"href":"https:\/\/lemotdujour.fr\/index.php?rest_route=\/wp\/v2\/posts\/1552\/revisions\/1553"}],"wp:attachment":[{"href":"https:\/\/lemotdujour.fr\/index.php?rest_route=%2Fwp%2Fv2%2Fmedia&parent=1552"}],"wp:term":[{"taxonomy":"category","embeddable":true,"href":"https:\/\/lemotdujour.fr\/index.php?rest_route=%2Fwp%2Fv2%2Fcategories&post=1552"},{"taxonomy":"post_tag","embeddable":true,"href":"https:\/\/lemotdujour.fr\/index.php?rest_route=%2Fwp%2Fv2%2Ftags&post=1552"}],"curies":[{"name":"wp","href":"https:\/\/api.w.org\/{rel}","templated":true}]}}